{"id":6169,"date":"2025-02-26T15:05:42","date_gmt":"2025-02-26T18:05:42","guid":{"rendered":"https:\/\/www.univates.br\/blog\/?p=6169"},"modified":"2025-06-04T15:31:03","modified_gmt":"2025-06-04T18:31:03","slug":"temas-redacao-vestibular-2025","status":"publish","type":"post","link":"https:\/\/www.univates.br\/blog\/temas-redacao-vestibular-2025\/","title":{"rendered":"Tr\u00eas temas que podem cair na reda\u00e7\u00e3o do vestibular em 2025"},"content":{"rendered":"\n<p>Tr\u00eas temas que podem cair na reda\u00e7\u00e3o do vestibular em 2025. Deixe a gente adivinhar: neste ano, voc\u00ea quer estar preparado para escrever sobre qualquer tema atual que surgir na prova, n\u00e3o \u00e9? A reda\u00e7\u00e3o exige que voc\u00ea esteja por dentro das quest\u00f5es mais relevantes da sociedade e, por isso, \u00e9 fundamental se familiarizar com os assuntos que est\u00e3o em debate.<\/p>\n\n\n\n<p>Neste <em>post<\/em>, reunimos tr\u00eas temas* que t\u00eam grandes chances de aparecer nas reda\u00e7\u00f5es dos vestibulares em 2025. Fique atento ao conte\u00fado que preparamos para n\u00e3o ser pego de surpresa e descobrir o que pode ser cobrado! \ud83d\udde3\ufe0f\u270f\ufe0f<\/p>\n\n\n\n<p><em>*Fonte: <\/em><a href=\"https:\/\/www.cnnbrasil.com.br\/educacao\/vestibulares-em-2025-temas-de-redacao-para-treinar\/#goog_rewarded\"><em>Mat\u00e9ria da CNN Brasil<\/em><\/a><em>.&nbsp;<\/em><br><\/p>\n\n\n<div class=\"wp-block-image\">\n<figure class=\"aligncenter size-full\"><img loading=\"lazy\" decoding=\"async\" width=\"5184\" height=\"3456\" src=\"https:\/\/www.univates.br\/blog\/wp-content\/uploads\/2025\/02\/Imagens-posts-blog-2025-02-26T143846.397.jpg\" alt=\"Tr\u00eas temas que podem cair na reda\u00e7\u00e3o do vestibular em 2025.\" class=\"wp-image-6170\"\/><figcaption class=\"wp-element-caption\">Foto: Divulga\u00e7\u00e3o Pexels<\/figcaption><\/figure>\n<\/div>\n\n\n<h2 class=\"wp-block-heading\">1) <strong>Direitos da popula\u00e7\u00e3o idosa no Brasil<\/strong><\/h2>\n\n\n\n<p>Nos \u00faltimos anos, o Brasil tem enfrentado um crescimento da popula\u00e7\u00e3o idosa, o que torna urgente a discuss\u00e3o sobre os direitos dessa parcela da sociedade. O Estatuto do Idoso, embora tenha sido criado para proteger os mais velhos, ainda encontra obst\u00e1culos na implementa\u00e7\u00e3o de pol\u00edticas p\u00fablicas eficazes. Al\u00e9m disso, a press\u00e3o sobre o sistema de sa\u00fade e a falta de infraestrutura adequada para atender essa popula\u00e7\u00e3o vulner\u00e1vel t\u00eam gerado desafios complexos.<\/p>\n\n\n\n<div class=\"wp-block-media-text is-stacked-on-mobile\"><figure class=\"wp-block-media-text__media\"><img loading=\"lazy\" decoding=\"async\" width=\"5184\" height=\"3456\" src=\"https:\/\/www.univates.br\/blog\/wp-content\/uploads\/2025\/02\/Imagens-posts-blog-2025-02-26T144038.923-1.jpg\" alt=\"\" class=\"wp-image-6172 size-full\"\/><\/figure><div class=\"wp-block-media-text__content\">\n<p><\/p>\n\n\n\n<p>Dessa forma, ao abordar o tema na reda\u00e7\u00e3o do vestibular, \u00e9 importante que voc\u00ea reflita sobre como garantir melhores condi\u00e7\u00f5es de vida para os idosos, promovendo o envelhecimento digno e saud\u00e1vel, sem deixar de lado a valoriza\u00e7\u00e3o e o respeito pela contribui\u00e7\u00e3o social que essas pessoas ofereceram ao mundo ao longo de suas vidas.<\/p>\n<\/div><\/div>\n\n\n\n<h2 class=\"wp-block-heading\">2) <strong>Como enfrentar a dissemina\u00e7\u00e3o de <em>fake news<\/em> no Brasil?<\/strong><\/h2>\n\n\n\n<div class=\"wp-block-media-text is-stacked-on-mobile\"><figure class=\"wp-block-media-text__media\"><img loading=\"lazy\" decoding=\"async\" width=\"5184\" height=\"3456\" src=\"https:\/\/www.univates.br\/blog\/wp-content\/uploads\/2025\/02\/Imagens-posts-blog-2025-02-26T144231.647.jpg\" alt=\"\" class=\"wp-image-6175 size-full\"\/><\/figure><div class=\"wp-block-media-text__content\">\n<p><\/p>\n\n\n\n<p>A dissemina\u00e7\u00e3o de <em>fake news<\/em> no Brasil tem afetado a democracia e a opini\u00e3o p\u00fablica, principalmente pelas redes sociais. A responsabilidade das plataformas digitais em controlar a propaga\u00e7\u00e3o de desinforma\u00e7\u00e3o \u00e9 fundamental, mas a solu\u00e7\u00e3o tamb\u00e9m passa pela educa\u00e7\u00e3o midi\u00e1tica, ensinando as pessoas a identificar fontes confi\u00e1veis e a questionar informa\u00e7\u00f5es antes de compartilh\u00e1-las.<\/p>\n<\/div><\/div>\n\n\n\n<p>Esse \u00e9 um tema que pode render muito na reda\u00e7\u00e3o do vestibular. Para abordar o assunto de forma cr\u00edtica e bem estruturada, voc\u00ea deve refletir sobre a responsabilidade compartilhada entre governos, empresas de tecnologia e a sociedade civil na busca por solu\u00e7\u00f5es eficazes. Al\u00e9m disso, voc\u00ea tamb\u00e9m pode sugerir medidas para fortalecer a educa\u00e7\u00e3o midi\u00e1tica nas escolas, a fim de ensinar os jovens a identificar <em>fake news<\/em> e a compreender a import\u00e2ncia de consumir informa\u00e7\u00f5es de fontes seguras e confi\u00e1veis.<\/p>\n\n\n\n<h2 class=\"wp-block-heading\">3) <strong>Como proteger crian\u00e7as e adolescentes na internet?<\/strong><\/h2>\n\n\n\n<p>Ainda falando sobre seguran\u00e7a digital, a prote\u00e7\u00e3o de crian\u00e7as e adolescentes na internet \u00e9 um tema que tem ganhado cada vez mais relev\u00e2ncia, especialmente com o crescimento das redes sociais e plataformas <em>on-line<\/em>. A exposi\u00e7\u00e3o precoce ao ambiente digital pode trazer riscos como, por exemplo, o <em>cyberbullying<\/em>, o contato com conte\u00fado impr\u00f3prio e at\u00e9 mesmo a explora\u00e7\u00e3o sexual. Dessa forma, \u00e9 fundamental que pol\u00edticas p\u00fablicas, a sociedade e as plataformas de internet trabalhem juntos para criar um ambiente mais seguro e saud\u00e1vel para os jovens.<\/p>\n\n\n\n<div class=\"wp-block-media-text is-stacked-on-mobile\"><figure class=\"wp-block-media-text__media\"><img loading=\"lazy\" decoding=\"async\" width=\"5184\" height=\"3456\" src=\"https:\/\/www.univates.br\/blog\/wp-content\/uploads\/2025\/02\/Imagens-posts-blog-2025-02-26T144429.042.jpg\" alt=\"\" class=\"wp-image-6179 size-full\"\/><\/figure><div class=\"wp-block-media-text__content\">\n<p><\/p>\n\n\n\n<p>Ao escrever sobre esse tema na reda\u00e7\u00e3o do vestibular, \u00e9 interessante refletir sobre as medidas que podem ser adotadas para garantir a prote\u00e7\u00e3o dos menores de idade, como o monitoramento das plataformas digitais, o fortalecimento da legisla\u00e7\u00e3o e a promo\u00e7\u00e3o de campanhas educativas para conscientizar pais, escolas e jovens sobre os riscos e as boas pr\u00e1ticas da internet.<\/p>\n<\/div><\/div>\n\n\n\n<h2 class=\"wp-block-heading\"><strong>Conte\u00fados especiais que v\u00e3o ajudar voc\u00ea a se preparar para o vestibular:\u00a0<\/strong><\/h2>\n\n\n\n<p><a href=\"https:\/\/www.univates.br\/blog\/cursinho-pre-vestibular\/\">Quatro motivos para fazer um cursinho pr\u00e9-vestibular<\/a><\/p>\n\n\n\n<p><a href=\"https:\/\/www.univates.br\/blog\/por-que-fazer-simulados\/\">Por que fazer simulados antes do vestibular?<\/a><\/p>\n\n\n\n<p><a href=\"https:\/\/www.univates.br\/blog\/como-fazer-uma-redacao-para-vestibular\/\">Como fazer uma reda\u00e7\u00e3o para vestibular e ingressar na universidade dos sonhos<\/a><\/p>\n\n\n\n<p><a href=\"https:\/\/www.univates.br\/blog\/o-que-todo-vestibulando-deve-saber\/\">O que todo vestibulando deve saber<\/a><\/p>\n\n\n\n<h2 class=\"wp-block-heading\">Fim \ud83d\udc99<\/h2>\n\n\n\n<p>Voc\u00ea n\u00e3o precisa quebrar a cabe\u00e7a para escrever a reda\u00e7\u00e3o do vestibular. Refletindo sobre os temas propostos e apresentando solu\u00e7\u00f5es vi\u00e1veis e criativas para os problemas, voc\u00ea certamente ser\u00e1 capaz de elaborar um texto claro, coeso e atrativo. Mantenha-se atualizado sobre os assuntos que est\u00e3o em debate e treine sua escrita com frequ\u00eancia para arrasar na prova. Boa sorte! \ud83e\udd1e\ud83c\udf40<\/p>\n","protected":false},"excerpt":{"rendered":"<p>Tr\u00eas temas que podem cair na reda\u00e7\u00e3o do vestibular em 2025. Deixe a gente adivinhar: neste ano, voc\u00ea quer estar preparado para escrever sobre qualquer tema atual que surgir na prova, n\u00e3o \u00e9? A reda\u00e7\u00e3o exige que voc\u00ea esteja por\u2026<\/p>\n","protected":false},"author":2,"featured_media":0,"comment_status":"open","ping_status":"open","sticky":false,"template":"","format":"standard","meta":{"_acf_changed":false,"footnotes":""},"categories":[23,67],"class_list":["post-6169","post","type-post","status-publish","format-standard","hentry","category-estudos","category-explore","autor-lais-pontin-matos"],"acf":[],"yoast_head":"<!-- This site is optimized with the Yoast SEO plugin v27.3 - https:\/\/yoast.com\/product\/yoast-seo-wordpress\/ -->\n<title>Tr\u00eas temas que podem cair na reda\u00e7\u00e3o do vestibular em 2025 - Univates Blog<\/title>\n<meta name=\"description\" content=\"Tr\u00eas temas que podem cair na reda\u00e7\u00e3o do vestibular em 2025. Familiarize-se com assuntos que refletem as principais quest\u00f5es da atualidade.\" \/>\n<meta name=\"robots\" content=\"index, follow, max-snippet:-1, max-image-preview:large, max-video-preview:-1\" \/>\n<link rel=\"canonical\" href=\"https:\/\/www.univates.br\/blog\/temas-redacao-vestibular-2025\/\" \/>\n<meta property=\"og:locale\" content=\"pt_BR\" \/>\n<meta property=\"og:type\" content=\"article\" \/>\n<meta property=\"og:title\" content=\"Tr\u00eas temas que podem cair na reda\u00e7\u00e3o do vestibular em 2025 - Univates Blog\" \/>\n<meta property=\"og:description\" content=\"Tr\u00eas temas que podem cair na reda\u00e7\u00e3o do vestibular em 2025. Familiarize-se com assuntos que refletem as principais quest\u00f5es da atualidade.\" \/>\n<meta property=\"og:url\" content=\"https:\/\/www.univates.br\/blog\/temas-redacao-vestibular-2025\/\" \/>\n<meta property=\"og:site_name\" content=\"Univates Blog\" \/>\n<meta property=\"article:published_time\" content=\"2025-02-26T18:05:42+00:00\" \/>\n<meta property=\"article:modified_time\" content=\"2025-06-04T18:31:03+00:00\" \/>\n<meta property=\"og:image\" content=\"https:\/\/www.univates.br\/blog\/wp-content\/uploads\/2025\/02\/Imagens-posts-blog-2025-02-26T143846.397.jpg\" \/>\n<meta name=\"author\" content=\"Marketing Univates\" \/>\n<meta name=\"twitter:card\" content=\"summary_large_image\" \/>\n<meta name=\"twitter:label1\" content=\"Escrito por\" \/>\n\t<meta name=\"twitter:data1\" content=\"Marketing Univates\" \/>\n\t<meta name=\"twitter:label2\" content=\"Est. tempo de leitura\" \/>\n\t<meta name=\"twitter:data2\" content=\"5 minutos\" \/>\n<script type=\"application\/ld+json\" class=\"yoast-schema-graph\">{\"@context\":\"https:\\\/\\\/schema.org\",\"@graph\":[{\"@type\":\"Article\",\"@id\":\"https:\\\/\\\/www.univates.br\\\/blog\\\/temas-redacao-vestibular-2025\\\/#article\",\"isPartOf\":{\"@id\":\"https:\\\/\\\/www.univates.br\\\/blog\\\/temas-redacao-vestibular-2025\\\/\"},\"author\":{\"name\":\"Marketing Univates\",\"@id\":\"https:\\\/\\\/www.univates.br\\\/blog\\\/#\\\/schema\\\/person\\\/15c63917440cc5e70160c247b309af2f\"},\"headline\":\"Tr\u00eas temas que podem cair na reda\u00e7\u00e3o do vestibular em 2025\",\"datePublished\":\"2025-02-26T18:05:42+00:00\",\"dateModified\":\"2025-06-04T18:31:03+00:00\",\"mainEntityOfPage\":{\"@id\":\"https:\\\/\\\/www.univates.br\\\/blog\\\/temas-redacao-vestibular-2025\\\/\"},\"wordCount\":718,\"commentCount\":0,\"image\":{\"@id\":\"https:\\\/\\\/www.univates.br\\\/blog\\\/temas-redacao-vestibular-2025\\\/#primaryimage\"},\"thumbnailUrl\":\"https:\\\/\\\/www.univates.br\\\/blog\\\/wp-content\\\/uploads\\\/2025\\\/02\\\/Imagens-posts-blog-2025-02-26T143846.397.jpg\",\"articleSection\":[\"Estudos\",\"Explore\"],\"inLanguage\":\"pt-BR\",\"potentialAction\":[{\"@type\":\"CommentAction\",\"name\":\"Comment\",\"target\":[\"https:\\\/\\\/www.univates.br\\\/blog\\\/temas-redacao-vestibular-2025\\\/#respond\"]}]},{\"@type\":\"WebPage\",\"@id\":\"https:\\\/\\\/www.univates.br\\\/blog\\\/temas-redacao-vestibular-2025\\\/\",\"url\":\"https:\\\/\\\/www.univates.br\\\/blog\\\/temas-redacao-vestibular-2025\\\/\",\"name\":\"Tr\u00eas temas que podem cair na reda\u00e7\u00e3o do vestibular em 2025 - Univates Blog\",\"isPartOf\":{\"@id\":\"https:\\\/\\\/www.univates.br\\\/blog\\\/#website\"},\"primaryImageOfPage\":{\"@id\":\"https:\\\/\\\/www.univates.br\\\/blog\\\/temas-redacao-vestibular-2025\\\/#primaryimage\"},\"image\":{\"@id\":\"https:\\\/\\\/www.univates.br\\\/blog\\\/temas-redacao-vestibular-2025\\\/#primaryimage\"},\"thumbnailUrl\":\"https:\\\/\\\/www.univates.br\\\/blog\\\/wp-content\\\/uploads\\\/2025\\\/02\\\/Imagens-posts-blog-2025-02-26T143846.397.jpg\",\"datePublished\":\"2025-02-26T18:05:42+00:00\",\"dateModified\":\"2025-06-04T18:31:03+00:00\",\"author\":{\"@id\":\"https:\\\/\\\/www.univates.br\\\/blog\\\/#\\\/schema\\\/person\\\/15c63917440cc5e70160c247b309af2f\"},\"description\":\"Tr\u00eas temas que podem cair na reda\u00e7\u00e3o do vestibular em 2025. Familiarize-se com assuntos que refletem as principais quest\u00f5es da atualidade.\",\"breadcrumb\":{\"@id\":\"https:\\\/\\\/www.univates.br\\\/blog\\\/temas-redacao-vestibular-2025\\\/#breadcrumb\"},\"inLanguage\":\"pt-BR\",\"potentialAction\":[{\"@type\":\"ReadAction\",\"target\":[\"https:\\\/\\\/www.univates.br\\\/blog\\\/temas-redacao-vestibular-2025\\\/\"]}]},{\"@type\":\"ImageObject\",\"inLanguage\":\"pt-BR\",\"@id\":\"https:\\\/\\\/www.univates.br\\\/blog\\\/temas-redacao-vestibular-2025\\\/#primaryimage\",\"url\":\"https:\\\/\\\/www.univates.br\\\/blog\\\/wp-content\\\/uploads\\\/2025\\\/02\\\/Imagens-posts-blog-2025-02-26T143846.397.jpg\",\"contentUrl\":\"https:\\\/\\\/www.univates.br\\\/blog\\\/wp-content\\\/uploads\\\/2025\\\/02\\\/Imagens-posts-blog-2025-02-26T143846.397.jpg\",\"width\":5184,\"height\":3456,\"caption\":\"Foto: Divulga\u00e7\u00e3o\\\/Pexels.\"},{\"@type\":\"BreadcrumbList\",\"@id\":\"https:\\\/\\\/www.univates.br\\\/blog\\\/temas-redacao-vestibular-2025\\\/#breadcrumb\",\"itemListElement\":[{\"@type\":\"ListItem\",\"position\":1,\"name\":\"Home\",\"item\":\"https:\\\/\\\/www.univates.br\\\/blog\\\/\"},{\"@type\":\"ListItem\",\"position\":2,\"name\":\"Tr\u00eas temas que podem cair na reda\u00e7\u00e3o do vestibular em 2025\"}]},{\"@type\":\"WebSite\",\"@id\":\"https:\\\/\\\/www.univates.br\\\/blog\\\/#website\",\"url\":\"https:\\\/\\\/www.univates.br\\\/blog\\\/\",\"name\":\"Univates Blog\",\"description\":\"\",\"potentialAction\":[{\"@type\":\"SearchAction\",\"target\":{\"@type\":\"EntryPoint\",\"urlTemplate\":\"https:\\\/\\\/www.univates.br\\\/blog\\\/?s={search_term_string}\"},\"query-input\":{\"@type\":\"PropertyValueSpecification\",\"valueRequired\":true,\"valueName\":\"search_term_string\"}}],\"inLanguage\":\"pt-BR\"},{\"@type\":\"Person\",\"@id\":\"https:\\\/\\\/www.univates.br\\\/blog\\\/#\\\/schema\\\/person\\\/15c63917440cc5e70160c247b309af2f\",\"name\":\"Marketing Univates\",\"image\":{\"@type\":\"ImageObject\",\"inLanguage\":\"pt-BR\",\"@id\":\"https:\\\/\\\/secure.gravatar.com\\\/avatar\\\/511f9e77a6a3d0cddd9074f69a722364bc7f787e73d4a0da1f727ba62704eda4?s=96&d=mm&r=g\",\"url\":\"https:\\\/\\\/secure.gravatar.com\\\/avatar\\\/511f9e77a6a3d0cddd9074f69a722364bc7f787e73d4a0da1f727ba62704eda4?s=96&d=mm&r=g\",\"contentUrl\":\"https:\\\/\\\/secure.gravatar.com\\\/avatar\\\/511f9e77a6a3d0cddd9074f69a722364bc7f787e73d4a0da1f727ba62704eda4?s=96&d=mm&r=g\",\"caption\":\"Marketing Univates\"},\"sameAs\":[\"http:\\\/\\\/univates.br\"],\"url\":\"https:\\\/\\\/www.univates.br\\\/blog\\\/author\\\/marketing\\\/\"}]}<\/script>\n<!-- \/ Yoast SEO plugin. -->","yoast_head_json":{"title":"Tr\u00eas temas que podem cair na reda\u00e7\u00e3o do vestibular em 2025 - Univates Blog","description":"Tr\u00eas temas que podem cair na reda\u00e7\u00e3o do vestibular em 2025. Familiarize-se com assuntos que refletem as principais quest\u00f5es da atualidade.","robots":{"index":"index","follow":"follow","max-snippet":"max-snippet:-1","max-image-preview":"max-image-preview:large","max-video-preview":"max-video-preview:-1"},"canonical":"https:\/\/www.univates.br\/blog\/temas-redacao-vestibular-2025\/","og_locale":"pt_BR","og_type":"article","og_title":"Tr\u00eas temas que podem cair na reda\u00e7\u00e3o do vestibular em 2025 - Univates Blog","og_description":"Tr\u00eas temas que podem cair na reda\u00e7\u00e3o do vestibular em 2025. Familiarize-se com assuntos que refletem as principais quest\u00f5es da atualidade.","og_url":"https:\/\/www.univates.br\/blog\/temas-redacao-vestibular-2025\/","og_site_name":"Univates Blog","article_published_time":"2025-02-26T18:05:42+00:00","article_modified_time":"2025-06-04T18:31:03+00:00","og_image":[{"url":"https:\/\/www.univates.br\/blog\/wp-content\/uploads\/2025\/02\/Imagens-posts-blog-2025-02-26T143846.397.jpg","type":"","width":"","height":""}],"author":"Marketing Univates","twitter_card":"summary_large_image","twitter_misc":{"Escrito por":"Marketing Univates","Est. tempo de leitura":"5 minutos"},"schema":{"@context":"https:\/\/schema.org","@graph":[{"@type":"Article","@id":"https:\/\/www.univates.br\/blog\/temas-redacao-vestibular-2025\/#article","isPartOf":{"@id":"https:\/\/www.univates.br\/blog\/temas-redacao-vestibular-2025\/"},"author":{"name":"Marketing Univates","@id":"https:\/\/www.univates.br\/blog\/#\/schema\/person\/15c63917440cc5e70160c247b309af2f"},"headline":"Tr\u00eas temas que podem cair na reda\u00e7\u00e3o do vestibular em 2025","datePublished":"2025-02-26T18:05:42+00:00","dateModified":"2025-06-04T18:31:03+00:00","mainEntityOfPage":{"@id":"https:\/\/www.univates.br\/blog\/temas-redacao-vestibular-2025\/"},"wordCount":718,"commentCount":0,"image":{"@id":"https:\/\/www.univates.br\/blog\/temas-redacao-vestibular-2025\/#primaryimage"},"thumbnailUrl":"https:\/\/www.univates.br\/blog\/wp-content\/uploads\/2025\/02\/Imagens-posts-blog-2025-02-26T143846.397.jpg","articleSection":["Estudos","Explore"],"inLanguage":"pt-BR","potentialAction":[{"@type":"CommentAction","name":"Comment","target":["https:\/\/www.univates.br\/blog\/temas-redacao-vestibular-2025\/#respond"]}]},{"@type":"WebPage","@id":"https:\/\/www.univates.br\/blog\/temas-redacao-vestibular-2025\/","url":"https:\/\/www.univates.br\/blog\/temas-redacao-vestibular-2025\/","name":"Tr\u00eas temas que podem cair na reda\u00e7\u00e3o do vestibular em 2025 - Univates Blog","isPartOf":{"@id":"https:\/\/www.univates.br\/blog\/#website"},"primaryImageOfPage":{"@id":"https:\/\/www.univates.br\/blog\/temas-redacao-vestibular-2025\/#primaryimage"},"image":{"@id":"https:\/\/www.univates.br\/blog\/temas-redacao-vestibular-2025\/#primaryimage"},"thumbnailUrl":"https:\/\/www.univates.br\/blog\/wp-content\/uploads\/2025\/02\/Imagens-posts-blog-2025-02-26T143846.397.jpg","datePublished":"2025-02-26T18:05:42+00:00","dateModified":"2025-06-04T18:31:03+00:00","author":{"@id":"https:\/\/www.univates.br\/blog\/#\/schema\/person\/15c63917440cc5e70160c247b309af2f"},"description":"Tr\u00eas temas que podem cair na reda\u00e7\u00e3o do vestibular em 2025. Familiarize-se com assuntos que refletem as principais quest\u00f5es da atualidade.","breadcrumb":{"@id":"https:\/\/www.univates.br\/blog\/temas-redacao-vestibular-2025\/#breadcrumb"},"inLanguage":"pt-BR","potentialAction":[{"@type":"ReadAction","target":["https:\/\/www.univates.br\/blog\/temas-redacao-vestibular-2025\/"]}]},{"@type":"ImageObject","inLanguage":"pt-BR","@id":"https:\/\/www.univates.br\/blog\/temas-redacao-vestibular-2025\/#primaryimage","url":"https:\/\/www.univates.br\/blog\/wp-content\/uploads\/2025\/02\/Imagens-posts-blog-2025-02-26T143846.397.jpg","contentUrl":"https:\/\/www.univates.br\/blog\/wp-content\/uploads\/2025\/02\/Imagens-posts-blog-2025-02-26T143846.397.jpg","width":5184,"height":3456,"caption":"Foto: Divulga\u00e7\u00e3o\/Pexels."},{"@type":"BreadcrumbList","@id":"https:\/\/www.univates.br\/blog\/temas-redacao-vestibular-2025\/#breadcrumb","itemListElement":[{"@type":"ListItem","position":1,"name":"Home","item":"https:\/\/www.univates.br\/blog\/"},{"@type":"ListItem","position":2,"name":"Tr\u00eas temas que podem cair na reda\u00e7\u00e3o do vestibular em 2025"}]},{"@type":"WebSite","@id":"https:\/\/www.univates.br\/blog\/#website","url":"https:\/\/www.univates.br\/blog\/","name":"Univates Blog","description":"","potentialAction":[{"@type":"SearchAction","target":{"@type":"EntryPoint","urlTemplate":"https:\/\/www.univates.br\/blog\/?s={search_term_string}"},"query-input":{"@type":"PropertyValueSpecification","valueRequired":true,"valueName":"search_term_string"}}],"inLanguage":"pt-BR"},{"@type":"Person","@id":"https:\/\/www.univates.br\/blog\/#\/schema\/person\/15c63917440cc5e70160c247b309af2f","name":"Marketing Univates","image":{"@type":"ImageObject","inLanguage":"pt-BR","@id":"https:\/\/secure.gravatar.com\/avatar\/511f9e77a6a3d0cddd9074f69a722364bc7f787e73d4a0da1f727ba62704eda4?s=96&d=mm&r=g","url":"https:\/\/secure.gravatar.com\/avatar\/511f9e77a6a3d0cddd9074f69a722364bc7f787e73d4a0da1f727ba62704eda4?s=96&d=mm&r=g","contentUrl":"https:\/\/secure.gravatar.com\/avatar\/511f9e77a6a3d0cddd9074f69a722364bc7f787e73d4a0da1f727ba62704eda4?s=96&d=mm&r=g","caption":"Marketing Univates"},"sameAs":["http:\/\/univates.br"],"url":"https:\/\/www.univates.br\/blog\/author\/marketing\/"}]}},"_links":{"self":[{"href":"https:\/\/www.univates.br\/blog\/wp-json\/wp\/v2\/posts\/6169","targetHints":{"allow":["GET"]}}],"collection":[{"href":"https:\/\/www.univates.br\/blog\/wp-json\/wp\/v2\/posts"}],"about":[{"href":"https:\/\/www.univates.br\/blog\/wp-json\/wp\/v2\/types\/post"}],"author":[{"embeddable":true,"href":"https:\/\/www.univates.br\/blog\/wp-json\/wp\/v2\/users\/2"}],"replies":[{"embeddable":true,"href":"https:\/\/www.univates.br\/blog\/wp-json\/wp\/v2\/comments?post=6169"}],"version-history":[{"count":18,"href":"https:\/\/www.univates.br\/blog\/wp-json\/wp\/v2\/posts\/6169\/revisions"}],"predecessor-version":[{"id":6624,"href":"https:\/\/www.univates.br\/blog\/wp-json\/wp\/v2\/posts\/6169\/revisions\/6624"}],"wp:attachment":[{"href":"https:\/\/www.univates.br\/blog\/wp-json\/wp\/v2\/media?parent=6169"}],"wp:term":[{"taxonomy":"category","embeddable":true,"href":"https:\/\/www.univates.br\/blog\/wp-json\/wp\/v2\/categories?post=6169"}],"curies":[{"name":"wp","href":"https:\/\/api.w.org\/{rel}","templated":true}]}}