{"id":6269,"date":"2025-03-24T15:08:10","date_gmt":"2025-03-24T18:08:10","guid":{"rendered":"https:\/\/www.univates.br\/blog\/?p=6269"},"modified":"2025-03-24T15:08:11","modified_gmt":"2025-03-24T18:08:11","slug":"quem-pode-fazer-pos-graduacao","status":"publish","type":"post","link":"https:\/\/www.univates.br\/blog\/quem-pode-fazer-pos-graduacao\/","title":{"rendered":"Quem pode fazer p\u00f3s-gradua\u00e7\u00e3o?"},"content":{"rendered":"\n<p>Quem pode fazer p\u00f3s-gradua\u00e7\u00e3o? A faculdade n\u00e3o acaba quando termina! Isso porque, para se destacar no mercado de trabalho, atualizar conhecimentos e crescer na carreira, \u00e9 necess\u00e1rio continuar estudando.<\/p>\n\n\n\n<p>Neste <em>post<\/em>, vamos explicar quem pode realizar uma p\u00f3s-gradua\u00e7\u00e3o, quais s\u00e3o os tipos de cursos dispon\u00edveis no Brasil e como a qualifica\u00e7\u00e3o extra pode impulsionar seu <a href=\"https:\/\/www.univates.br\/blog\/como-ser-promovido-dicas-para-progredir-na-carreira\/\">crescimento profissional<\/a>. Continue atento ao nosso conte\u00fado para descobrir os caminhos para se especializar, se manter atualizado ou at\u00e9 mesmo <a href=\"https:\/\/www.univates.br\/blog\/transicao-de-carreira-o-que-e-e-como-fazer\/\">mudar de profiss\u00e3o<\/a>. \ud83e\udd13\ud83d\ude80<\/p>\n\n\n<div class=\"wp-block-image\">\n<figure class=\"aligncenter size-full\"><img loading=\"lazy\" decoding=\"async\" width=\"5184\" height=\"3456\" src=\"https:\/\/www.univates.br\/blog\/wp-content\/uploads\/2025\/03\/Imagens-posts-blog-2025-03-24T132329.669.jpg\" alt=\"Quem pode fazer p\u00f3s-gradua\u00e7\u00e3o?\" class=\"wp-image-6270\"\/><figcaption class=\"wp-element-caption\">Foto: Divulga\u00e7\u00e3o Pexels<\/figcaption><\/figure>\n<\/div>\n\n\n<h2 class=\"wp-block-heading\"><strong>O que \u00e9 p\u00f3s-gradua\u00e7\u00e3o? Quem pode realiz\u00e1-la?<\/strong><\/h2>\n\n\n\n<p>A p\u00f3s-gradua\u00e7\u00e3o \u00e9 uma etapa do ensino superior destinada a quem j\u00e1 concluiu a gradua\u00e7\u00e3o e deseja aprofundar seus conhecimentos em uma \u00e1rea espec\u00edfica. Dessa forma, ela se torna uma excelente alternativa para aqueles que buscam se destacar no mercado de trabalho, atualizar-se constantemente ou at\u00e9 mesmo mudar de carreira.<\/p>\n\n\n\n<div class=\"wp-block-media-text is-stacked-on-mobile\"><figure class=\"wp-block-media-text__media\"><img loading=\"lazy\" decoding=\"async\" width=\"5184\" height=\"3456\" src=\"https:\/\/www.univates.br\/blog\/wp-content\/uploads\/2025\/03\/Imagens-posts-blog-2025-03-24T132535.616.jpg\" alt=\"\" class=\"wp-image-6272 size-full\"\/><\/figure><div class=\"wp-block-media-text__content\">\n<p>Para ingressar em um curso de p\u00f3s-gradua\u00e7\u00e3o, \u00e9 necess\u00e1rio ter um diploma de n\u00edvel superior, seja de <a href=\"https:\/\/www.univates.br\/blog\/conheca-modalidades-de-curso-superior\/\">bacharelado, tecn\u00f3logo ou licenciatura<\/a>. Al\u00e9m disso, \u00e9 importante considerar seus objetivos profissionais, pois h\u00e1 diferentes tipos de forma\u00e7\u00f5es que atendem a necessidades variadas.<\/p>\n<\/div><\/div>\n\n\n\n<h2 class=\"wp-block-heading\"><strong>Quais s\u00e3o os tipos de p\u00f3s-gradua\u00e7\u00f5es dispon\u00edveis no Brasil?\u00a0<\/strong><\/h2>\n\n\n\n<p>No Brasil, o Minist\u00e9rio da Educa\u00e7\u00e3o (MEC) divide os cursos de p\u00f3s-gradua\u00e7\u00e3o em duas categorias principais: <em>lato sensu<\/em> e <em>stricto sensu<\/em>.<\/p>\n\n\n\n<div class=\"wp-block-media-text is-stacked-on-mobile\"><figure class=\"wp-block-media-text__media\"><img loading=\"lazy\" decoding=\"async\" width=\"5184\" height=\"3456\" src=\"https:\/\/www.univates.br\/blog\/wp-content\/uploads\/2025\/03\/Imagens-posts-blog-2025-03-24T132700.935-1.jpg\" alt=\"\" class=\"wp-image-6275 size-full\"\/><\/figure><div class=\"wp-block-media-text__content\">\n<p><\/p>\n\n\n\n<p>O primeiro grupo engloba especializa\u00e7\u00f5es e <em>Masters of Business Administration<\/em> (MBAs), que s\u00e3o voltados para a aplica\u00e7\u00e3o pr\u00e1tica do conhecimento e o aperfei\u00e7oamento profissional. No segundo grupo est\u00e3o os <a href=\"https:\/\/www.univates.br\/blog\/diferencas-mestrado-doutorado\/\">cursos de mestrado e doutorado<\/a>, mais direcionados para a pesquisa acad\u00eamica e cient\u00edfica.<\/p>\n<\/div><\/div>\n\n\n\n<p><a href=\"https:\/\/www.univates.br\/blog\/rotina-professor-universitario\/\">Como \u00e9 a rotina de um professor universit\u00e1rio?<\/a><\/p>\n\n\n\n<p><a href=\"https:\/\/www.univates.br\/blog\/qual-pos-graduacao-devo-escolher\/\">Qual p\u00f3s-gradua\u00e7\u00e3o devo escolher?<\/a><\/p>\n\n\n\n<p>Saiba que, independentemente do tipo escolhido, investir em uma p\u00f3s-gradua\u00e7\u00e3o pode ser um diferencial na sua trajet\u00f3ria profissional. Afinal, o mercado de trabalho est\u00e1 cada vez mais competitivo e ter uma qualifica\u00e7\u00e3o extra pode abrir novas oportunidades de crescimento e desenvolvimento na carreira.<\/p>\n\n\n\n<h2 class=\"wp-block-heading\"><strong>O perfil dos estudantes de p\u00f3s-gradua\u00e7\u00e3o<\/strong><\/h2>\n\n\n\n<div class=\"wp-block-media-text is-stacked-on-mobile\"><figure class=\"wp-block-media-text__media\"><img loading=\"lazy\" decoding=\"async\" width=\"5184\" height=\"3456\" src=\"https:\/\/www.univates.br\/blog\/wp-content\/uploads\/2025\/03\/Imagens-posts-blog-2025-03-24T132953.661.jpg\" alt=\"\" class=\"wp-image-6278 size-full\"\/><\/figure><div class=\"wp-block-media-text__content\">\n<p><\/p>\n\n\n\n<p>Em geral, os estudantes de p\u00f3s-gradua\u00e7\u00e3o t\u00eam algumas caracter\u00edsticas em comum. Por exemplo: eles buscam aprofundar seus conhecimentos em uma \u00e1rea espec\u00edfica para se destacarem no mercado de trabalho. Al\u00e9m disso, valorizam a atualiza\u00e7\u00e3o constante, pois entendem que o aprendizado n\u00e3o termina quando se formam na gradua\u00e7\u00e3o.<\/p>\n<\/div><\/div>\n\n\n\n<p>Os estudantes de p\u00f3s-gradua\u00e7\u00e3o tamb\u00e9m costumam ser organizados e disciplinados. Isso porque precisam conciliar a vida acad\u00eamica com outras responsabilidades, como o trabalho e os compromissos pessoais. Como a carga hor\u00e1ria dos cursos pode ser intensa e os prazos apertados, ter uma boa gest\u00e3o do tempo \u00e9 essencial para acompanhar as aulas, realizar pesquisas e concluir trabalhos com qualidade.<\/p>\n\n\n\n<p>A p\u00f3s-gradua\u00e7\u00e3o favorece o <a href=\"https:\/\/www.univates.br\/blog\/pensamento-critico-como-desenvolver\/\">desenvolvimento do pensamento cr\u00edtico<\/a>. Por isso, \u00e9 supernormal ver os acad\u00eamicos questionando teorias, analisando diferentes perspectivas e propondo novas abordagens para os temas estudados. Esse h\u00e1bito de reflex\u00e3o os ajuda a desenvolver argumentos mais s\u00f3lidos, aprimorar a capacidade de resolver problemas complexos e produzir conhecimento em suas \u00e1reas de atua\u00e7\u00e3o.<\/p>\n\n\n\n<h2 class=\"wp-block-heading\"><strong>Conhe\u00e7a os cursos de p\u00f3s-gradua\u00e7\u00e3o oferecidos pela Univates\u00a0<\/strong><\/h2>\n\n\n\n<p>Para quem est\u00e1 disposto a continuar buscando conhecimento para crescer profissionalmente, os cursos de p\u00f3s-gradua\u00e7\u00e3o da Univates s\u00e3o excelentes! Eles oferecem uma forma\u00e7\u00e3o de qualidade, com professores altamente capacitados e uma infraestrutura moderna, garantindo uma experi\u00eancia de aprendizado \u00fanica e enriquecedora.<\/p>\n\n\n\n<p>Confira abaixo os cursos oferecidos nas categorias<em> <\/em><a href=\"https:\/\/www.univates.br\/especializacao\"><em>lato<\/em><\/a> e <a href=\"https:\/\/www.univates.br\/mestrado-e-doutorado\"><em>stricto sensu<\/em><\/a>.<\/p>\n\n\n\n<p><strong>\ud83d\udcda LATO SENSU:<\/strong><\/p>\n\n\n\n<p>\ud83e\uddd2 Especializa\u00e7\u00e3o em Educa\u00e7\u00e3o Bil\u00edngue para Crian\u00e7as;&nbsp;<\/p>\n\n\n\n<p>\ud83d\udcbc Especializa\u00e7\u00e3o em Psicologia Organizacional e do Trabalho;&nbsp;<\/p>\n\n\n\n<p>\ud83d\udcb5 MBA em Finan\u00e7as Corporativas;\u00a0<\/p>\n\n\n\n<p>\u2696\ufe0f P\u00f3s-gradua\u00e7\u00e3o EAD na \u00e1rea do Direito.<\/p>\n\n\n\n<p><strong>\ud83d\udcda STRICTO SENSU:\u00a0<\/strong><\/p>\n\n\n\n<p>\ud83c\udf33 Mestrado e Doutorado em Ambiente e Desenvolvimento (PPGAD);&nbsp;<\/p>\n\n\n\n<p>\ud83d\udc68\u200d\ud83c\udfeb Mestrado e Doutorado em Ensino (PPGEnsino);&nbsp;<\/p>\n\n\n\n<p>\ud83d\udda9 Mestrado e Doutorado em Ensino de Ci\u00eancias Exatas (PPGECE);&nbsp;<\/p>\n\n\n\n<p>\ud83d\udd2c Mestrado e Doutorado em Biotecnologia (PPGBiotec);&nbsp;<\/p>\n\n\n\n<p>\ud83d\udc89 Mestrado em Ci\u00eancias M\u00e9dicas (PPGCM);&nbsp;<\/p>\n\n\n\n<p>\ud83c\udf43 Mestrado em Tecnologia e Gest\u00e3o Sustent\u00e1veis (PPGTecG).<\/p>\n\n\n\n<h2 class=\"wp-block-heading\">Fim \ud83d\udc99<\/h2>\n\n\n\n<p>N\u00e3o se esque\u00e7a: o conhecimento \u00e9 algo que ningu\u00e9m pode tirar de voc\u00ea. Por isso, fa\u00e7a um curso de p\u00f3s-gradua\u00e7\u00e3o para se destacar no mercado de trabalho, expandir seus horizontes e alcan\u00e7ar novos patamares na sua carreira. Comece a investir na sua educa\u00e7\u00e3o hoje para colher sucesso e realiza\u00e7\u00f5es no futuro! \ud83c\udf92\u263a\ufe0f<\/p>\n","protected":false},"excerpt":{"rendered":"<p>Quem pode fazer p\u00f3s-gradua\u00e7\u00e3o? A faculdade n\u00e3o acaba quando termina! Isso porque, para se destacar no mercado de trabalho, atualizar conhecimentos e crescer na carreira, \u00e9 necess\u00e1rio continuar estudando. Neste post, vamos explicar quem pode realizar uma p\u00f3s-gradua\u00e7\u00e3o, quais s\u00e3o\u2026<\/p>\n","protected":false},"author":2,"featured_media":0,"comment_status":"open","ping_status":"open","sticky":false,"template":"","format":"standard","meta":{"_acf_changed":false,"footnotes":""},"categories":[33,23,69],"class_list":["post-6269","post","type-post","status-publish","format-standard","hentry","category-carreira","category-estudos","category-pos-graduacao","autor-lais-pontin-matos","area-pos-graduacao"],"acf":[],"yoast_head":"<!-- This site is optimized with the Yoast SEO plugin v27.3 - https:\/\/yoast.com\/product\/yoast-seo-wordpress\/ -->\n<title>Quem pode fazer p\u00f3s-gradua\u00e7\u00e3o? - Univates Blog<\/title>\n<meta name=\"description\" content=\"Quem pode fazer p\u00f3s-gradua\u00e7\u00e3o? Conhe\u00e7a o perfil do estudante que busca especializa\u00e7\u00e3o e crescimento profissional.\" \/>\n<meta name=\"robots\" content=\"index, follow, max-snippet:-1, max-image-preview:large, max-video-preview:-1\" \/>\n<link rel=\"canonical\" href=\"https:\/\/www.univates.br\/blog\/quem-pode-fazer-pos-graduacao\/\" \/>\n<meta property=\"og:locale\" content=\"pt_BR\" \/>\n<meta property=\"og:type\" content=\"article\" \/>\n<meta property=\"og:title\" content=\"Quem pode fazer p\u00f3s-gradua\u00e7\u00e3o? - Univates Blog\" \/>\n<meta property=\"og:description\" content=\"Quem pode fazer p\u00f3s-gradua\u00e7\u00e3o? Conhe\u00e7a o perfil do estudante que busca especializa\u00e7\u00e3o e crescimento profissional.\" \/>\n<meta property=\"og:url\" content=\"https:\/\/www.univates.br\/blog\/quem-pode-fazer-pos-graduacao\/\" \/>\n<meta property=\"og:site_name\" content=\"Univates Blog\" \/>\n<meta property=\"article:published_time\" content=\"2025-03-24T18:08:10+00:00\" \/>\n<meta property=\"article:modified_time\" content=\"2025-03-24T18:08:11+00:00\" \/>\n<meta property=\"og:image\" content=\"https:\/\/www.univates.br\/blog\/wp-content\/uploads\/2025\/03\/Imagens-posts-blog-2025-03-24T132329.669.jpg\" \/>\n<meta name=\"author\" content=\"Marketing Univates\" \/>\n<meta name=\"twitter:card\" content=\"summary_large_image\" \/>\n<meta name=\"twitter:label1\" content=\"Escrito por\" \/>\n\t<meta name=\"twitter:data1\" content=\"Marketing Univates\" \/>\n\t<meta name=\"twitter:label2\" content=\"Est. tempo de leitura\" \/>\n\t<meta name=\"twitter:data2\" content=\"5 minutos\" \/>\n<script type=\"application\/ld+json\" class=\"yoast-schema-graph\">{\"@context\":\"https:\\\/\\\/schema.org\",\"@graph\":[{\"@type\":\"Article\",\"@id\":\"https:\\\/\\\/www.univates.br\\\/blog\\\/quem-pode-fazer-pos-graduacao\\\/#article\",\"isPartOf\":{\"@id\":\"https:\\\/\\\/www.univates.br\\\/blog\\\/quem-pode-fazer-pos-graduacao\\\/\"},\"author\":{\"name\":\"Marketing Univates\",\"@id\":\"https:\\\/\\\/www.univates.br\\\/blog\\\/#\\\/schema\\\/person\\\/15c63917440cc5e70160c247b309af2f\"},\"headline\":\"Quem pode fazer p\u00f3s-gradua\u00e7\u00e3o?\",\"datePublished\":\"2025-03-24T18:08:10+00:00\",\"dateModified\":\"2025-03-24T18:08:11+00:00\",\"mainEntityOfPage\":{\"@id\":\"https:\\\/\\\/www.univates.br\\\/blog\\\/quem-pode-fazer-pos-graduacao\\\/\"},\"wordCount\":759,\"commentCount\":0,\"image\":{\"@id\":\"https:\\\/\\\/www.univates.br\\\/blog\\\/quem-pode-fazer-pos-graduacao\\\/#primaryimage\"},\"thumbnailUrl\":\"https:\\\/\\\/www.univates.br\\\/blog\\\/wp-content\\\/uploads\\\/2025\\\/03\\\/Imagens-posts-blog-2025-03-24T132329.669.jpg\",\"articleSection\":[\"Carreira\",\"Estudos\",\"P\u00f3s-gradua\u00e7\u00e3o\"],\"inLanguage\":\"pt-BR\",\"potentialAction\":[{\"@type\":\"CommentAction\",\"name\":\"Comment\",\"target\":[\"https:\\\/\\\/www.univates.br\\\/blog\\\/quem-pode-fazer-pos-graduacao\\\/#respond\"]}]},{\"@type\":\"WebPage\",\"@id\":\"https:\\\/\\\/www.univates.br\\\/blog\\\/quem-pode-fazer-pos-graduacao\\\/\",\"url\":\"https:\\\/\\\/www.univates.br\\\/blog\\\/quem-pode-fazer-pos-graduacao\\\/\",\"name\":\"Quem pode fazer p\u00f3s-gradua\u00e7\u00e3o? - Univates Blog\",\"isPartOf\":{\"@id\":\"https:\\\/\\\/www.univates.br\\\/blog\\\/#website\"},\"primaryImageOfPage\":{\"@id\":\"https:\\\/\\\/www.univates.br\\\/blog\\\/quem-pode-fazer-pos-graduacao\\\/#primaryimage\"},\"image\":{\"@id\":\"https:\\\/\\\/www.univates.br\\\/blog\\\/quem-pode-fazer-pos-graduacao\\\/#primaryimage\"},\"thumbnailUrl\":\"https:\\\/\\\/www.univates.br\\\/blog\\\/wp-content\\\/uploads\\\/2025\\\/03\\\/Imagens-posts-blog-2025-03-24T132329.669.jpg\",\"datePublished\":\"2025-03-24T18:08:10+00:00\",\"dateModified\":\"2025-03-24T18:08:11+00:00\",\"author\":{\"@id\":\"https:\\\/\\\/www.univates.br\\\/blog\\\/#\\\/schema\\\/person\\\/15c63917440cc5e70160c247b309af2f\"},\"description\":\"Quem pode fazer p\u00f3s-gradua\u00e7\u00e3o? Conhe\u00e7a o perfil do estudante que busca especializa\u00e7\u00e3o e crescimento profissional.\",\"breadcrumb\":{\"@id\":\"https:\\\/\\\/www.univates.br\\\/blog\\\/quem-pode-fazer-pos-graduacao\\\/#breadcrumb\"},\"inLanguage\":\"pt-BR\",\"potentialAction\":[{\"@type\":\"ReadAction\",\"target\":[\"https:\\\/\\\/www.univates.br\\\/blog\\\/quem-pode-fazer-pos-graduacao\\\/\"]}]},{\"@type\":\"ImageObject\",\"inLanguage\":\"pt-BR\",\"@id\":\"https:\\\/\\\/www.univates.br\\\/blog\\\/quem-pode-fazer-pos-graduacao\\\/#primaryimage\",\"url\":\"https:\\\/\\\/www.univates.br\\\/blog\\\/wp-content\\\/uploads\\\/2025\\\/03\\\/Imagens-posts-blog-2025-03-24T132329.669.jpg\",\"contentUrl\":\"https:\\\/\\\/www.univates.br\\\/blog\\\/wp-content\\\/uploads\\\/2025\\\/03\\\/Imagens-posts-blog-2025-03-24T132329.669.jpg\",\"width\":5184,\"height\":3456,\"caption\":\"Foto: Divulga\u00e7\u00e3o\\\/Pexels.\"},{\"@type\":\"BreadcrumbList\",\"@id\":\"https:\\\/\\\/www.univates.br\\\/blog\\\/quem-pode-fazer-pos-graduacao\\\/#breadcrumb\",\"itemListElement\":[{\"@type\":\"ListItem\",\"position\":1,\"name\":\"Home\",\"item\":\"https:\\\/\\\/www.univates.br\\\/blog\\\/\"},{\"@type\":\"ListItem\",\"position\":2,\"name\":\"Quem pode fazer p\u00f3s-gradua\u00e7\u00e3o?\"}]},{\"@type\":\"WebSite\",\"@id\":\"https:\\\/\\\/www.univates.br\\\/blog\\\/#website\",\"url\":\"https:\\\/\\\/www.univates.br\\\/blog\\\/\",\"name\":\"Univates Blog\",\"description\":\"\",\"potentialAction\":[{\"@type\":\"SearchAction\",\"target\":{\"@type\":\"EntryPoint\",\"urlTemplate\":\"https:\\\/\\\/www.univates.br\\\/blog\\\/?s={search_term_string}\"},\"query-input\":{\"@type\":\"PropertyValueSpecification\",\"valueRequired\":true,\"valueName\":\"search_term_string\"}}],\"inLanguage\":\"pt-BR\"},{\"@type\":\"Person\",\"@id\":\"https:\\\/\\\/www.univates.br\\\/blog\\\/#\\\/schema\\\/person\\\/15c63917440cc5e70160c247b309af2f\",\"name\":\"Marketing Univates\",\"image\":{\"@type\":\"ImageObject\",\"inLanguage\":\"pt-BR\",\"@id\":\"https:\\\/\\\/secure.gravatar.com\\\/avatar\\\/511f9e77a6a3d0cddd9074f69a722364bc7f787e73d4a0da1f727ba62704eda4?s=96&d=mm&r=g\",\"url\":\"https:\\\/\\\/secure.gravatar.com\\\/avatar\\\/511f9e77a6a3d0cddd9074f69a722364bc7f787e73d4a0da1f727ba62704eda4?s=96&d=mm&r=g\",\"contentUrl\":\"https:\\\/\\\/secure.gravatar.com\\\/avatar\\\/511f9e77a6a3d0cddd9074f69a722364bc7f787e73d4a0da1f727ba62704eda4?s=96&d=mm&r=g\",\"caption\":\"Marketing Univates\"},\"sameAs\":[\"http:\\\/\\\/univates.br\"],\"url\":\"https:\\\/\\\/www.univates.br\\\/blog\\\/author\\\/marketing\\\/\"}]}<\/script>\n<!-- \/ Yoast SEO plugin. -->","yoast_head_json":{"title":"Quem pode fazer p\u00f3s-gradua\u00e7\u00e3o? - Univates Blog","description":"Quem pode fazer p\u00f3s-gradua\u00e7\u00e3o? Conhe\u00e7a o perfil do estudante que busca especializa\u00e7\u00e3o e crescimento profissional.","robots":{"index":"index","follow":"follow","max-snippet":"max-snippet:-1","max-image-preview":"max-image-preview:large","max-video-preview":"max-video-preview:-1"},"canonical":"https:\/\/www.univates.br\/blog\/quem-pode-fazer-pos-graduacao\/","og_locale":"pt_BR","og_type":"article","og_title":"Quem pode fazer p\u00f3s-gradua\u00e7\u00e3o? - Univates Blog","og_description":"Quem pode fazer p\u00f3s-gradua\u00e7\u00e3o? Conhe\u00e7a o perfil do estudante que busca especializa\u00e7\u00e3o e crescimento profissional.","og_url":"https:\/\/www.univates.br\/blog\/quem-pode-fazer-pos-graduacao\/","og_site_name":"Univates Blog","article_published_time":"2025-03-24T18:08:10+00:00","article_modified_time":"2025-03-24T18:08:11+00:00","og_image":[{"url":"https:\/\/www.univates.br\/blog\/wp-content\/uploads\/2025\/03\/Imagens-posts-blog-2025-03-24T132329.669.jpg","type":"","width":"","height":""}],"author":"Marketing Univates","twitter_card":"summary_large_image","twitter_misc":{"Escrito por":"Marketing Univates","Est. tempo de leitura":"5 minutos"},"schema":{"@context":"https:\/\/schema.org","@graph":[{"@type":"Article","@id":"https:\/\/www.univates.br\/blog\/quem-pode-fazer-pos-graduacao\/#article","isPartOf":{"@id":"https:\/\/www.univates.br\/blog\/quem-pode-fazer-pos-graduacao\/"},"author":{"name":"Marketing Univates","@id":"https:\/\/www.univates.br\/blog\/#\/schema\/person\/15c63917440cc5e70160c247b309af2f"},"headline":"Quem pode fazer p\u00f3s-gradua\u00e7\u00e3o?","datePublished":"2025-03-24T18:08:10+00:00","dateModified":"2025-03-24T18:08:11+00:00","mainEntityOfPage":{"@id":"https:\/\/www.univates.br\/blog\/quem-pode-fazer-pos-graduacao\/"},"wordCount":759,"commentCount":0,"image":{"@id":"https:\/\/www.univates.br\/blog\/quem-pode-fazer-pos-graduacao\/#primaryimage"},"thumbnailUrl":"https:\/\/www.univates.br\/blog\/wp-content\/uploads\/2025\/03\/Imagens-posts-blog-2025-03-24T132329.669.jpg","articleSection":["Carreira","Estudos","P\u00f3s-gradua\u00e7\u00e3o"],"inLanguage":"pt-BR","potentialAction":[{"@type":"CommentAction","name":"Comment","target":["https:\/\/www.univates.br\/blog\/quem-pode-fazer-pos-graduacao\/#respond"]}]},{"@type":"WebPage","@id":"https:\/\/www.univates.br\/blog\/quem-pode-fazer-pos-graduacao\/","url":"https:\/\/www.univates.br\/blog\/quem-pode-fazer-pos-graduacao\/","name":"Quem pode fazer p\u00f3s-gradua\u00e7\u00e3o? - Univates Blog","isPartOf":{"@id":"https:\/\/www.univates.br\/blog\/#website"},"primaryImageOfPage":{"@id":"https:\/\/www.univates.br\/blog\/quem-pode-fazer-pos-graduacao\/#primaryimage"},"image":{"@id":"https:\/\/www.univates.br\/blog\/quem-pode-fazer-pos-graduacao\/#primaryimage"},"thumbnailUrl":"https:\/\/www.univates.br\/blog\/wp-content\/uploads\/2025\/03\/Imagens-posts-blog-2025-03-24T132329.669.jpg","datePublished":"2025-03-24T18:08:10+00:00","dateModified":"2025-03-24T18:08:11+00:00","author":{"@id":"https:\/\/www.univates.br\/blog\/#\/schema\/person\/15c63917440cc5e70160c247b309af2f"},"description":"Quem pode fazer p\u00f3s-gradua\u00e7\u00e3o? Conhe\u00e7a o perfil do estudante que busca especializa\u00e7\u00e3o e crescimento profissional.","breadcrumb":{"@id":"https:\/\/www.univates.br\/blog\/quem-pode-fazer-pos-graduacao\/#breadcrumb"},"inLanguage":"pt-BR","potentialAction":[{"@type":"ReadAction","target":["https:\/\/www.univates.br\/blog\/quem-pode-fazer-pos-graduacao\/"]}]},{"@type":"ImageObject","inLanguage":"pt-BR","@id":"https:\/\/www.univates.br\/blog\/quem-pode-fazer-pos-graduacao\/#primaryimage","url":"https:\/\/www.univates.br\/blog\/wp-content\/uploads\/2025\/03\/Imagens-posts-blog-2025-03-24T132329.669.jpg","contentUrl":"https:\/\/www.univates.br\/blog\/wp-content\/uploads\/2025\/03\/Imagens-posts-blog-2025-03-24T132329.669.jpg","width":5184,"height":3456,"caption":"Foto: Divulga\u00e7\u00e3o\/Pexels."},{"@type":"BreadcrumbList","@id":"https:\/\/www.univates.br\/blog\/quem-pode-fazer-pos-graduacao\/#breadcrumb","itemListElement":[{"@type":"ListItem","position":1,"name":"Home","item":"https:\/\/www.univates.br\/blog\/"},{"@type":"ListItem","position":2,"name":"Quem pode fazer p\u00f3s-gradua\u00e7\u00e3o?"}]},{"@type":"WebSite","@id":"https:\/\/www.univates.br\/blog\/#website","url":"https:\/\/www.univates.br\/blog\/","name":"Univates Blog","description":"","potentialAction":[{"@type":"SearchAction","target":{"@type":"EntryPoint","urlTemplate":"https:\/\/www.univates.br\/blog\/?s={search_term_string}"},"query-input":{"@type":"PropertyValueSpecification","valueRequired":true,"valueName":"search_term_string"}}],"inLanguage":"pt-BR"},{"@type":"Person","@id":"https:\/\/www.univates.br\/blog\/#\/schema\/person\/15c63917440cc5e70160c247b309af2f","name":"Marketing Univates","image":{"@type":"ImageObject","inLanguage":"pt-BR","@id":"https:\/\/secure.gravatar.com\/avatar\/511f9e77a6a3d0cddd9074f69a722364bc7f787e73d4a0da1f727ba62704eda4?s=96&d=mm&r=g","url":"https:\/\/secure.gravatar.com\/avatar\/511f9e77a6a3d0cddd9074f69a722364bc7f787e73d4a0da1f727ba62704eda4?s=96&d=mm&r=g","contentUrl":"https:\/\/secure.gravatar.com\/avatar\/511f9e77a6a3d0cddd9074f69a722364bc7f787e73d4a0da1f727ba62704eda4?s=96&d=mm&r=g","caption":"Marketing Univates"},"sameAs":["http:\/\/univates.br"],"url":"https:\/\/www.univates.br\/blog\/author\/marketing\/"}]}},"_links":{"self":[{"href":"https:\/\/www.univates.br\/blog\/wp-json\/wp\/v2\/posts\/6269","targetHints":{"allow":["GET"]}}],"collection":[{"href":"https:\/\/www.univates.br\/blog\/wp-json\/wp\/v2\/posts"}],"about":[{"href":"https:\/\/www.univates.br\/blog\/wp-json\/wp\/v2\/types\/post"}],"author":[{"embeddable":true,"href":"https:\/\/www.univates.br\/blog\/wp-json\/wp\/v2\/users\/2"}],"replies":[{"embeddable":true,"href":"https:\/\/www.univates.br\/blog\/wp-json\/wp\/v2\/comments?post=6269"}],"version-history":[{"count":9,"href":"https:\/\/www.univates.br\/blog\/wp-json\/wp\/v2\/posts\/6269\/revisions"}],"predecessor-version":[{"id":6283,"href":"https:\/\/www.univates.br\/blog\/wp-json\/wp\/v2\/posts\/6269\/revisions\/6283"}],"wp:attachment":[{"href":"https:\/\/www.univates.br\/blog\/wp-json\/wp\/v2\/media?parent=6269"}],"wp:term":[{"taxonomy":"category","embeddable":true,"href":"https:\/\/www.univates.br\/blog\/wp-json\/wp\/v2\/categories?post=6269"}],"curies":[{"name":"wp","href":"https:\/\/api.w.org\/{rel}","templated":true}]}}