{"id":6439,"date":"2025-05-02T14:31:32","date_gmt":"2025-05-02T17:31:32","guid":{"rendered":"https:\/\/www.univates.br\/blog\/?p=6439"},"modified":"2025-11-12T17:25:28","modified_gmt":"2025-11-12T20:25:28","slug":"melhorar-a-comunicacao","status":"publish","type":"post","link":"https:\/\/www.univates.br\/blog\/melhorar-a-comunicacao\/","title":{"rendered":"Como melhorar a comunica\u00e7\u00e3o?"},"content":{"rendered":"\n<p>Como melhorar a comunica\u00e7\u00e3o? Saber se expressar com clareza, empatia e assertividade \u00e9 superimportante para ter relacionamentos mais saud\u00e1veis, alcan\u00e7ar objetivos acad\u00eamicos e profissionais e evitar mal-entendidos no dia a dia.<\/p>\n\n\n\n<p>Se voc\u00ea sente que suas ideias nem sempre s\u00e3o compreendidas como gostaria, ou quer aprimorar sua forma de se comunicar, sugerimos que continue atento a este <em>post<\/em>. Ele traz dicas que v\u00e3o ajud\u00e1-lo a transmitir suas mensagens de modo muito mais claro e confiante. Confira! \ud83d\udde3\ufe0f\ud83d\udcac<\/p>\n\n\n\n<p><a href=\"https:\/\/www.univates.br\/blog\/soft-skills-o-que-sao\/\"><em>Soft skills<\/em>: exemplos, o que s\u00e3o e qual a import\u00e2ncia<\/a><\/p>\n\n\n<div class=\"wp-block-image\">\n<figure class=\"aligncenter size-full\"><img loading=\"lazy\" decoding=\"async\" width=\"5184\" height=\"3456\" src=\"https:\/\/www.univates.br\/blog\/wp-content\/uploads\/2025\/05\/Imagens-posts-blog-2025-04-30T123130.654.jpg\" alt=\"\" class=\"wp-image-6440\"\/><figcaption class=\"wp-element-caption\">Foto: Divulga\u00e7\u00e3o\/Pexels<\/figcaption><\/figure>\n<\/div>\n\n\n<h2 class=\"wp-block-heading\"><strong>Como <em>habla<\/em>: os benef\u00edcios de uma comunica\u00e7\u00e3o eficaz<\/strong><\/h2>\n\n\n\n<p>A comunica\u00e7\u00e3o eficaz fortalece os relacionamentos interpessoais, pois facilita o entendimento m\u00fatuo e reduz conflitos desnecess\u00e1rios. Al\u00e9m disso, contribui para um ambiente colaborativo no trabalho, em que as ideias fluem com mais liberdade e respeito.<\/p>\n\n\n\n<div class=\"wp-block-media-text is-stacked-on-mobile\"><figure class=\"wp-block-media-text__media\"><img loading=\"lazy\" decoding=\"async\" width=\"5184\" height=\"3456\" src=\"https:\/\/www.univates.br\/blog\/wp-content\/uploads\/2025\/05\/Imagens-posts-blog-2025-04-30T123305.541.jpg\" alt=\"\" class=\"wp-image-6442 size-full\"\/><\/figure><div class=\"wp-block-media-text__content\">\n<p><\/p>\n\n\n\n<p>Quem se expressa com clareza tende a passar mais credibilidade, o que pode abrir portas na vida pessoal, acad\u00eamica e profissional. Quando sabemos ouvir e responder com empatia, criamos conex\u00f5es mais significativas e profundas uns com os outros. Portanto, investir no desenvolvimento da nossa comunica\u00e7\u00e3o \u00e9 um passo fundamental para termos sucesso em diversas \u00e1reas da vida.<\/p>\n<\/div><\/div>\n\n\n\n<h2 class=\"wp-block-heading\"><strong>Oito dicas para se expressar melhor\u00a0<\/strong><\/h2>\n\n\n\n<p>\ud83d\udc44 <strong>Pense antes de falar: <\/strong>antes de se expressar, reflita sobre o que realmente deseja comunicar. Assim, voc\u00ea evita improvisos que podem gerar mal- entendidos;<\/p>\n\n\n\n<p>\ud83d\udc44 <strong>Organize suas ideias: <\/strong>estruture mentalmente (ou at\u00e9 <a href=\"https:\/\/www.univates.br\/blog\/como_fazer_brainstorming\/\">por escrito<\/a>) os principais pontos do que voc\u00ea quer dizer. Dessa forma, sua fala ser\u00e1 muito mais clara e objetiva;<\/p>\n\n\n\n<p>\ud83d\udc44 <strong>Use uma linguagem simples e direta: <\/strong>evite utilizar jarg\u00f5es ou termos t\u00e9cnicos desnecess\u00e1rios em suas conversas. Lembre-se de que o objetivo \u00e9 ser compreendido, e n\u00e3o complicar a comunica\u00e7\u00e3o;<\/p>\n\n\n\n<p>\ud83d\udc44 <strong>Adapte sua comunica\u00e7\u00e3o ao p\u00fablico-alvo: <\/strong>fale de forma diferente com um colega de trabalho, um amigo ou uma crian\u00e7a. Leve em considera\u00e7\u00e3o o contexto e tamb\u00e9m o interlocutor;<\/p>\n\n\n\n<p>\ud83d\udc44 <strong>Preste aten\u00e7\u00e3o na linguagem corporal: <\/strong>gestos, posturas e express\u00f5es faciais complementam a mensagem verbal. Por isso, alinhar o verbal e o n\u00e3o verbal \u00e9 essencial;<\/p>\n\n\n\n<p>\ud83d\udc44 <strong>Ou\u00e7a com aten\u00e7\u00e3o: <\/strong>a boa comunica\u00e7\u00e3o n\u00e3o \u00e9 s\u00f3 falar, mas tamb\u00e9m <a href=\"https:\/\/www.univates.br\/blog\/escuta-ativa\/\">saber ouvir<\/a>. Logo, demonstre interesse pelo que o outro diz e evite interromp\u00ea-lo;<\/p>\n\n\n\n<p>\ud83d\udc44 <strong>Seja assertivo: <\/strong><a href=\"https:\/\/www.univates.br\/blog\/comunicacao-assertiva\/\">expresse suas opini\u00f5es de forma clara e firme<\/a>, sem agressividade. \u00c9 importante saber defender seus pontos de vista sem desrespeitar os outros;<\/p>\n\n\n\n<p>\ud83d\udc44 <strong>Treine com frequ\u00eancia: <\/strong>como qualquer habilidade, a comunica\u00e7\u00e3o melhora com a pr\u00e1tica. Assim, participe de conversas, apresenta\u00e7\u00f5es e debates sempre que poss\u00edvel para fortalecer sua confian\u00e7a e aprender a se adaptar a diversas situa\u00e7\u00f5es.<\/p>\n\n\n<div class=\"wp-block-image\">\n<figure class=\"aligncenter size-full\"><img loading=\"lazy\" decoding=\"async\" width=\"5184\" height=\"3456\" src=\"https:\/\/www.univates.br\/blog\/wp-content\/uploads\/2025\/05\/Imagens-posts-blog-2025-04-30T123633.476.jpg\" alt=\"\" class=\"wp-image-6446\"\/><figcaption class=\"wp-element-caption\">Foto: Divulga\u00e7\u00e3o\/Pexels<\/figcaption><\/figure>\n<\/div>\n\n\n<h2 class=\"wp-block-heading\"><strong>[DICA B\u00d4NUS] Fa\u00e7a um curso de gradua\u00e7\u00e3o para melhorar suas habilidades de comunica\u00e7\u00e3o<\/strong><\/h2>\n\n\n\n<p>\u00c9 claro que deixamos a melhor dica de todas para o final. Voc\u00ea j\u00e1 pensou na possibilidade de fazer uma gradua\u00e7\u00e3o para melhorar suas habilidades de comunica\u00e7\u00e3o? A sugest\u00e3o at\u00e9 pode parecer inusitada, mas garantimos que ningu\u00e9m se arrepende de segui-la!<\/p>\n\n\n\n<p>Os cursos de Comunica\u00e7\u00e3o e Economia Criativa (Jornalismo, <em>Marketing<\/em> e Publicidade e Propaganda) da Univates podem ajudar no desenvolvimento de uma comunica\u00e7\u00e3o mais estrat\u00e9gica e impactante. Eles proporcionam uma forma\u00e7\u00e3o pr\u00e1tica e te\u00f3rica focada em t\u00e9cnicas de express\u00e3o, negocia\u00e7\u00e3o e persuas\u00e3o. Al\u00e9m disso, ensinam os <a href=\"https:\/\/www.univates.br\/blog\/conheca-o-perfil-do-estudante-de-humanas\/\">estudantes<\/a> a entender as necessidades dos p\u00fablicos-alvo e adaptar mensagens de acordo com diferentes contextos.<\/p>\n\n\n\n<p>Saiba mais sobre os cursos de Comunica\u00e7\u00e3o da Univates clicando nos <em>links<\/em> abaixo e descubra como eles podem contribuir para o seu crescimento pessoal e profissional.<\/p>\n\n\n\n<h2 class=\"wp-block-heading\">Jornalismo <\/h2>\n\n\n\n<p>\ud83d\uddde\ufe0f <a href=\"https:\/\/www.univates.br\/graduacao\/jornalismo\">Conhe\u00e7a o curso de Jornalismo da Uni<\/a><\/p>\n\n\n\n<figure class=\"wp-block-embed aligncenter is-type-video is-provider-youtube wp-block-embed-youtube wp-embed-aspect-16-9 wp-has-aspect-ratio\"><div class=\"wp-block-embed__wrapper\">\n<iframe loading=\"lazy\" title=\"Jornalismo Univates\" width=\"500\" height=\"281\" src=\"https:\/\/www.youtube.com\/embed\/LIsYn_N8xJg?feature=oembed\" frameborder=\"0\" allow=\"accelerometer; autoplay; clipboard-write; encrypted-media; gyroscope; picture-in-picture; web-share\" referrerpolicy=\"strict-origin-when-cross-origin\" allowfullscreen><\/iframe>\n<\/div><\/figure>\n\n\n\n<p><a href=\"https:\/\/www.univates.br\/blog\/jornalismo-descubra-como-funciona-uma-emissora-de-radio\/\">Jornalismo: descubra como funciona uma emissora de r\u00e1dio!<\/a><\/p>\n\n\n\n<p><a href=\"https:\/\/www.univates.br\/blog\/como-e-feito-o-jornal-impresso\/\">Como \u00e9 feito o jornal impresso?<\/a><\/p>\n\n\n\n<p><a href=\"https:\/\/www.univates.br\/blog\/onde-posso-trabalhar-depois-de-formado-no-curso-de-jornalismo\/\">Onde posso trabalhar depois de formado no curso de Jornalismo?<\/a><\/p>\n\n\n\n<h2 class=\"wp-block-heading\">Marketing <\/h2>\n\n\n\n<p>\ud83c\udfaf <a href=\"https:\/\/www.univates.br\/graduacao\/ead-marketing\">Conhe\u00e7a o curso de <em>Marketing<\/em> da Uni<\/a><\/p>\n\n\n\n<p><a href=\"https:\/\/www.univates.br\/blog\/profissoes-do-marketing-dig\/\">Conhe\u00e7a 04 profiss\u00f5es do <em>Marketing<\/em> Digital<\/a><\/p>\n\n\n\n<p><a href=\"https:\/\/www.univates.br\/blog\/onde-posso-trabalhar-depois-de-formado-no-curso-de-marketing\/\">Onde posso trabalhar depois de formado no curso de <em>Marketing<\/em>?<\/a><\/p>\n\n\n\n<h2 class=\"wp-block-heading\">Publicidade e Propaganda <\/h2>\n\n\n\n<p>\ud83d\udca1 <a href=\"https:\/\/www.univates.br\/graduacao\/publicidade-e-propaganda\">Conhe\u00e7a o curso de Publicidade e Propaganda da Uni<\/a><\/p>\n\n\n\n<figure class=\"wp-block-embed aligncenter is-type-video is-provider-youtube wp-block-embed-youtube wp-embed-aspect-16-9 wp-has-aspect-ratio\"><div class=\"wp-block-embed__wrapper\">\n<iframe loading=\"lazy\" title=\"Publicidade e Propaganda Univates\" width=\"500\" height=\"281\" src=\"https:\/\/www.youtube.com\/embed\/pPCjvSZtbUk?feature=oembed\" frameborder=\"0\" allow=\"accelerometer; autoplay; clipboard-write; encrypted-media; gyroscope; picture-in-picture; web-share\" referrerpolicy=\"strict-origin-when-cross-origin\" allowfullscreen><\/iframe>\n<\/div><\/figure>\n\n\n\n<p><a href=\"https:\/\/www.univates.br\/blog\/onde-posso-trabalhar-depois-de-formado-no-curso-de-publicidade-e-propaganda\/\">Onde posso trabalhar depois de formado no curso de Publicidade e Propaganda?<\/a><\/p>\n\n\n\n<h2 class=\"wp-block-heading\">Por que estudar na Univates? <\/h2>\n\n\n\n<p>\ud83c\udf93 <a href=\"https:\/\/www.univates.br\/blog\/estudar-na-univates-uma-das-melhores-universidades-do-brasil\/\">Estudar na Univates: conhe\u00e7a a experi\u00eancia de uma das melhores universidades do Brasil<\/a><\/p>\n\n\n\n<p>\ud83c\udf93 <a href=\"https:\/\/www.univates.br\/blog\/por-que-estudar-na-univates-pode-ser-uma-opcao-para-voce\/\">Por que estudar na Univates pode ser uma op\u00e7\u00e3o para voc\u00ea?<\/a><\/p>\n\n\n\n<p>\ud83c\udf93 <a href=\"https:\/\/www.univates.br\/blog\/ja-conhece-os-beneficios-de-ser-aluno-da-nossa-universidade\/\">J\u00e1 conhece os benef\u00edcios de ser aluno da nossa Universidade?<\/a><\/p>\n\n\n<div class=\"wp-block-image\">\n<figure class=\"aligncenter size-full\"><img loading=\"lazy\" decoding=\"async\" width=\"5184\" height=\"3456\" src=\"https:\/\/www.univates.br\/blog\/wp-content\/uploads\/2025\/05\/Imagens-posts-blog-2025-04-30T123755.766-Elise-Bozzetto.jpg\" alt=\"\" class=\"wp-image-6448\"\/><figcaption class=\"wp-element-caption\">Foto: Divulga\u00e7\u00e3o Univates\/Elise Bozzetto<\/figcaption><\/figure>\n<\/div>\n\n\n<h2 class=\"wp-block-heading\">Fim \ud83d\udc99<\/h2>\n\n\n\n<p>A capacidade de se comunicar bem \u00e9 uma das ferramentas mais poderosas que voc\u00ea pode desenvolver. Seja no trabalho, nos estudos ou nas rela\u00e7\u00f5es pessoais, expressar suas ideias com clareza e confian\u00e7a pode abrir portas e criar oportunidades incr\u00edveis. Ingresse hoje mesmo em um curso da Uni para come\u00e7ar a <em>hablar<\/em> com criatividade e seguran\u00e7a! \ud83c\udf93\ud83d\ude0f<\/p>\n","protected":false},"excerpt":{"rendered":"<p>Como melhorar a comunica\u00e7\u00e3o? Saber se expressar com clareza, empatia e assertividade \u00e9 superimportante para ter relacionamentos mais saud\u00e1veis, alcan\u00e7ar objetivos acad\u00eamicos e profissionais e evitar mal-entendidos no dia a dia. Se voc\u00ea sente que suas ideias nem sempre s\u00e3o\u2026<\/p>\n","protected":false},"author":2,"featured_media":0,"comment_status":"open","ping_status":"open","sticky":false,"template":"","format":"standard","meta":{"_acf_changed":false,"footnotes":""},"categories":[11,64],"class_list":["post-6439","post","type-post","status-publish","format-standard","hentry","category-comunicacao","category-comunicacao-e-economia-criativa","autor-lais-pontin-matos","curso-jornalismo","curso-marketing","curso-publicidade-e-propaganda","area-comunicacao-e-economia-criativa"],"acf":[],"yoast_head":"<!-- This site is optimized with the Yoast SEO plugin v27.3 - https:\/\/yoast.com\/product\/yoast-seo-wordpress\/ -->\n<title>Como melhorar a comunica\u00e7\u00e3o? - Univates Blog<\/title>\n<meta name=\"description\" content=\"Como melhorar a comunica\u00e7\u00e3o? Confira dicas para se expressar melhor e transmitir suas ideias de forma eficaz.\" \/>\n<meta name=\"robots\" content=\"index, follow, max-snippet:-1, max-image-preview:large, max-video-preview:-1\" \/>\n<link rel=\"canonical\" href=\"https:\/\/www.univates.br\/blog\/melhorar-a-comunicacao\/\" \/>\n<meta property=\"og:locale\" content=\"pt_BR\" \/>\n<meta property=\"og:type\" content=\"article\" \/>\n<meta property=\"og:title\" content=\"Como melhorar a comunica\u00e7\u00e3o? - Univates Blog\" \/>\n<meta property=\"og:description\" content=\"Como melhorar a comunica\u00e7\u00e3o? Confira dicas para se expressar melhor e transmitir suas ideias de forma eficaz.\" \/>\n<meta property=\"og:url\" content=\"https:\/\/www.univates.br\/blog\/melhorar-a-comunicacao\/\" \/>\n<meta property=\"og:site_name\" content=\"Univates Blog\" \/>\n<meta property=\"article:published_time\" content=\"2025-05-02T17:31:32+00:00\" \/>\n<meta property=\"article:modified_time\" content=\"2025-11-12T20:25:28+00:00\" \/>\n<meta property=\"og:image\" content=\"https:\/\/www.univates.br\/blog\/wp-content\/uploads\/2025\/05\/Imagens-posts-blog-2025-04-30T123130.654.jpg\" \/>\n\t<meta property=\"og:image:width\" content=\"5184\" \/>\n\t<meta property=\"og:image:height\" content=\"3456\" \/>\n\t<meta property=\"og:image:type\" content=\"image\/jpeg\" \/>\n<meta name=\"author\" content=\"Marketing Univates\" \/>\n<meta name=\"twitter:card\" content=\"summary_large_image\" \/>\n<meta name=\"twitter:label1\" content=\"Escrito por\" \/>\n\t<meta name=\"twitter:data1\" content=\"Marketing Univates\" \/>\n\t<meta name=\"twitter:label2\" content=\"Est. tempo de leitura\" \/>\n\t<meta name=\"twitter:data2\" content=\"5 minutos\" \/>\n<script type=\"application\/ld+json\" class=\"yoast-schema-graph\">{\"@context\":\"https:\\\/\\\/schema.org\",\"@graph\":[{\"@type\":\"Article\",\"@id\":\"https:\\\/\\\/www.univates.br\\\/blog\\\/melhorar-a-comunicacao\\\/#article\",\"isPartOf\":{\"@id\":\"https:\\\/\\\/www.univates.br\\\/blog\\\/melhorar-a-comunicacao\\\/\"},\"author\":{\"name\":\"Marketing Univates\",\"@id\":\"https:\\\/\\\/www.univates.br\\\/blog\\\/#\\\/schema\\\/person\\\/15c63917440cc5e70160c247b309af2f\"},\"headline\":\"Como melhorar a comunica\u00e7\u00e3o?\",\"datePublished\":\"2025-05-02T17:31:32+00:00\",\"dateModified\":\"2025-11-12T20:25:28+00:00\",\"mainEntityOfPage\":{\"@id\":\"https:\\\/\\\/www.univates.br\\\/blog\\\/melhorar-a-comunicacao\\\/\"},\"wordCount\":826,\"commentCount\":0,\"image\":{\"@id\":\"https:\\\/\\\/www.univates.br\\\/blog\\\/melhorar-a-comunicacao\\\/#primaryimage\"},\"thumbnailUrl\":\"https:\\\/\\\/www.univates.br\\\/blog\\\/wp-content\\\/uploads\\\/2025\\\/05\\\/Imagens-posts-blog-2025-04-30T123130.654.jpg\",\"articleSection\":[\"Comunica\u00e7\u00e3o\",\"Comunica\u00e7\u00e3o e Economia Criativa\"],\"inLanguage\":\"pt-BR\",\"potentialAction\":[{\"@type\":\"CommentAction\",\"name\":\"Comment\",\"target\":[\"https:\\\/\\\/www.univates.br\\\/blog\\\/melhorar-a-comunicacao\\\/#respond\"]}]},{\"@type\":\"WebPage\",\"@id\":\"https:\\\/\\\/www.univates.br\\\/blog\\\/melhorar-a-comunicacao\\\/\",\"url\":\"https:\\\/\\\/www.univates.br\\\/blog\\\/melhorar-a-comunicacao\\\/\",\"name\":\"Como melhorar a comunica\u00e7\u00e3o? - Univates Blog\",\"isPartOf\":{\"@id\":\"https:\\\/\\\/www.univates.br\\\/blog\\\/#website\"},\"primaryImageOfPage\":{\"@id\":\"https:\\\/\\\/www.univates.br\\\/blog\\\/melhorar-a-comunicacao\\\/#primaryimage\"},\"image\":{\"@id\":\"https:\\\/\\\/www.univates.br\\\/blog\\\/melhorar-a-comunicacao\\\/#primaryimage\"},\"thumbnailUrl\":\"https:\\\/\\\/www.univates.br\\\/blog\\\/wp-content\\\/uploads\\\/2025\\\/05\\\/Imagens-posts-blog-2025-04-30T123130.654.jpg\",\"datePublished\":\"2025-05-02T17:31:32+00:00\",\"dateModified\":\"2025-11-12T20:25:28+00:00\",\"author\":{\"@id\":\"https:\\\/\\\/www.univates.br\\\/blog\\\/#\\\/schema\\\/person\\\/15c63917440cc5e70160c247b309af2f\"},\"description\":\"Como melhorar a comunica\u00e7\u00e3o? Confira dicas para se expressar melhor e transmitir suas ideias de forma eficaz.\",\"breadcrumb\":{\"@id\":\"https:\\\/\\\/www.univates.br\\\/blog\\\/melhorar-a-comunicacao\\\/#breadcrumb\"},\"inLanguage\":\"pt-BR\",\"potentialAction\":[{\"@type\":\"ReadAction\",\"target\":[\"https:\\\/\\\/www.univates.br\\\/blog\\\/melhorar-a-comunicacao\\\/\"]}]},{\"@type\":\"ImageObject\",\"inLanguage\":\"pt-BR\",\"@id\":\"https:\\\/\\\/www.univates.br\\\/blog\\\/melhorar-a-comunicacao\\\/#primaryimage\",\"url\":\"https:\\\/\\\/www.univates.br\\\/blog\\\/wp-content\\\/uploads\\\/2025\\\/05\\\/Imagens-posts-blog-2025-04-30T123130.654.jpg\",\"contentUrl\":\"https:\\\/\\\/www.univates.br\\\/blog\\\/wp-content\\\/uploads\\\/2025\\\/05\\\/Imagens-posts-blog-2025-04-30T123130.654.jpg\",\"width\":5184,\"height\":3456,\"caption\":\"Foto: Divulga\u00e7\u00e3o\\\/Pexels.\"},{\"@type\":\"BreadcrumbList\",\"@id\":\"https:\\\/\\\/www.univates.br\\\/blog\\\/melhorar-a-comunicacao\\\/#breadcrumb\",\"itemListElement\":[{\"@type\":\"ListItem\",\"position\":1,\"name\":\"Home\",\"item\":\"https:\\\/\\\/www.univates.br\\\/blog\\\/\"},{\"@type\":\"ListItem\",\"position\":2,\"name\":\"Como melhorar a comunica\u00e7\u00e3o?\"}]},{\"@type\":\"WebSite\",\"@id\":\"https:\\\/\\\/www.univates.br\\\/blog\\\/#website\",\"url\":\"https:\\\/\\\/www.univates.br\\\/blog\\\/\",\"name\":\"Univates Blog\",\"description\":\"\",\"potentialAction\":[{\"@type\":\"SearchAction\",\"target\":{\"@type\":\"EntryPoint\",\"urlTemplate\":\"https:\\\/\\\/www.univates.br\\\/blog\\\/?s={search_term_string}\"},\"query-input\":{\"@type\":\"PropertyValueSpecification\",\"valueRequired\":true,\"valueName\":\"search_term_string\"}}],\"inLanguage\":\"pt-BR\"},{\"@type\":\"Person\",\"@id\":\"https:\\\/\\\/www.univates.br\\\/blog\\\/#\\\/schema\\\/person\\\/15c63917440cc5e70160c247b309af2f\",\"name\":\"Marketing Univates\",\"image\":{\"@type\":\"ImageObject\",\"inLanguage\":\"pt-BR\",\"@id\":\"https:\\\/\\\/secure.gravatar.com\\\/avatar\\\/511f9e77a6a3d0cddd9074f69a722364bc7f787e73d4a0da1f727ba62704eda4?s=96&d=mm&r=g\",\"url\":\"https:\\\/\\\/secure.gravatar.com\\\/avatar\\\/511f9e77a6a3d0cddd9074f69a722364bc7f787e73d4a0da1f727ba62704eda4?s=96&d=mm&r=g\",\"contentUrl\":\"https:\\\/\\\/secure.gravatar.com\\\/avatar\\\/511f9e77a6a3d0cddd9074f69a722364bc7f787e73d4a0da1f727ba62704eda4?s=96&d=mm&r=g\",\"caption\":\"Marketing Univates\"},\"sameAs\":[\"http:\\\/\\\/univates.br\"],\"url\":\"https:\\\/\\\/www.univates.br\\\/blog\\\/author\\\/marketing\\\/\"}]}<\/script>\n<!-- \/ Yoast SEO plugin. -->","yoast_head_json":{"title":"Como melhorar a comunica\u00e7\u00e3o? - Univates Blog","description":"Como melhorar a comunica\u00e7\u00e3o? Confira dicas para se expressar melhor e transmitir suas ideias de forma eficaz.","robots":{"index":"index","follow":"follow","max-snippet":"max-snippet:-1","max-image-preview":"max-image-preview:large","max-video-preview":"max-video-preview:-1"},"canonical":"https:\/\/www.univates.br\/blog\/melhorar-a-comunicacao\/","og_locale":"pt_BR","og_type":"article","og_title":"Como melhorar a comunica\u00e7\u00e3o? - Univates Blog","og_description":"Como melhorar a comunica\u00e7\u00e3o? Confira dicas para se expressar melhor e transmitir suas ideias de forma eficaz.","og_url":"https:\/\/www.univates.br\/blog\/melhorar-a-comunicacao\/","og_site_name":"Univates Blog","article_published_time":"2025-05-02T17:31:32+00:00","article_modified_time":"2025-11-12T20:25:28+00:00","og_image":[{"width":5184,"height":3456,"url":"https:\/\/www.univates.br\/blog\/wp-content\/uploads\/2025\/05\/Imagens-posts-blog-2025-04-30T123130.654.jpg","type":"image\/jpeg"}],"author":"Marketing Univates","twitter_card":"summary_large_image","twitter_misc":{"Escrito por":"Marketing Univates","Est. tempo de leitura":"5 minutos"},"schema":{"@context":"https:\/\/schema.org","@graph":[{"@type":"Article","@id":"https:\/\/www.univates.br\/blog\/melhorar-a-comunicacao\/#article","isPartOf":{"@id":"https:\/\/www.univates.br\/blog\/melhorar-a-comunicacao\/"},"author":{"name":"Marketing Univates","@id":"https:\/\/www.univates.br\/blog\/#\/schema\/person\/15c63917440cc5e70160c247b309af2f"},"headline":"Como melhorar a comunica\u00e7\u00e3o?","datePublished":"2025-05-02T17:31:32+00:00","dateModified":"2025-11-12T20:25:28+00:00","mainEntityOfPage":{"@id":"https:\/\/www.univates.br\/blog\/melhorar-a-comunicacao\/"},"wordCount":826,"commentCount":0,"image":{"@id":"https:\/\/www.univates.br\/blog\/melhorar-a-comunicacao\/#primaryimage"},"thumbnailUrl":"https:\/\/www.univates.br\/blog\/wp-content\/uploads\/2025\/05\/Imagens-posts-blog-2025-04-30T123130.654.jpg","articleSection":["Comunica\u00e7\u00e3o","Comunica\u00e7\u00e3o e Economia Criativa"],"inLanguage":"pt-BR","potentialAction":[{"@type":"CommentAction","name":"Comment","target":["https:\/\/www.univates.br\/blog\/melhorar-a-comunicacao\/#respond"]}]},{"@type":"WebPage","@id":"https:\/\/www.univates.br\/blog\/melhorar-a-comunicacao\/","url":"https:\/\/www.univates.br\/blog\/melhorar-a-comunicacao\/","name":"Como melhorar a comunica\u00e7\u00e3o? - Univates Blog","isPartOf":{"@id":"https:\/\/www.univates.br\/blog\/#website"},"primaryImageOfPage":{"@id":"https:\/\/www.univates.br\/blog\/melhorar-a-comunicacao\/#primaryimage"},"image":{"@id":"https:\/\/www.univates.br\/blog\/melhorar-a-comunicacao\/#primaryimage"},"thumbnailUrl":"https:\/\/www.univates.br\/blog\/wp-content\/uploads\/2025\/05\/Imagens-posts-blog-2025-04-30T123130.654.jpg","datePublished":"2025-05-02T17:31:32+00:00","dateModified":"2025-11-12T20:25:28+00:00","author":{"@id":"https:\/\/www.univates.br\/blog\/#\/schema\/person\/15c63917440cc5e70160c247b309af2f"},"description":"Como melhorar a comunica\u00e7\u00e3o? Confira dicas para se expressar melhor e transmitir suas ideias de forma eficaz.","breadcrumb":{"@id":"https:\/\/www.univates.br\/blog\/melhorar-a-comunicacao\/#breadcrumb"},"inLanguage":"pt-BR","potentialAction":[{"@type":"ReadAction","target":["https:\/\/www.univates.br\/blog\/melhorar-a-comunicacao\/"]}]},{"@type":"ImageObject","inLanguage":"pt-BR","@id":"https:\/\/www.univates.br\/blog\/melhorar-a-comunicacao\/#primaryimage","url":"https:\/\/www.univates.br\/blog\/wp-content\/uploads\/2025\/05\/Imagens-posts-blog-2025-04-30T123130.654.jpg","contentUrl":"https:\/\/www.univates.br\/blog\/wp-content\/uploads\/2025\/05\/Imagens-posts-blog-2025-04-30T123130.654.jpg","width":5184,"height":3456,"caption":"Foto: Divulga\u00e7\u00e3o\/Pexels."},{"@type":"BreadcrumbList","@id":"https:\/\/www.univates.br\/blog\/melhorar-a-comunicacao\/#breadcrumb","itemListElement":[{"@type":"ListItem","position":1,"name":"Home","item":"https:\/\/www.univates.br\/blog\/"},{"@type":"ListItem","position":2,"name":"Como melhorar a comunica\u00e7\u00e3o?"}]},{"@type":"WebSite","@id":"https:\/\/www.univates.br\/blog\/#website","url":"https:\/\/www.univates.br\/blog\/","name":"Univates Blog","description":"","potentialAction":[{"@type":"SearchAction","target":{"@type":"EntryPoint","urlTemplate":"https:\/\/www.univates.br\/blog\/?s={search_term_string}"},"query-input":{"@type":"PropertyValueSpecification","valueRequired":true,"valueName":"search_term_string"}}],"inLanguage":"pt-BR"},{"@type":"Person","@id":"https:\/\/www.univates.br\/blog\/#\/schema\/person\/15c63917440cc5e70160c247b309af2f","name":"Marketing Univates","image":{"@type":"ImageObject","inLanguage":"pt-BR","@id":"https:\/\/secure.gravatar.com\/avatar\/511f9e77a6a3d0cddd9074f69a722364bc7f787e73d4a0da1f727ba62704eda4?s=96&d=mm&r=g","url":"https:\/\/secure.gravatar.com\/avatar\/511f9e77a6a3d0cddd9074f69a722364bc7f787e73d4a0da1f727ba62704eda4?s=96&d=mm&r=g","contentUrl":"https:\/\/secure.gravatar.com\/avatar\/511f9e77a6a3d0cddd9074f69a722364bc7f787e73d4a0da1f727ba62704eda4?s=96&d=mm&r=g","caption":"Marketing Univates"},"sameAs":["http:\/\/univates.br"],"url":"https:\/\/www.univates.br\/blog\/author\/marketing\/"}]}},"_links":{"self":[{"href":"https:\/\/www.univates.br\/blog\/wp-json\/wp\/v2\/posts\/6439","targetHints":{"allow":["GET"]}}],"collection":[{"href":"https:\/\/www.univates.br\/blog\/wp-json\/wp\/v2\/posts"}],"about":[{"href":"https:\/\/www.univates.br\/blog\/wp-json\/wp\/v2\/types\/post"}],"author":[{"embeddable":true,"href":"https:\/\/www.univates.br\/blog\/wp-json\/wp\/v2\/users\/2"}],"replies":[{"embeddable":true,"href":"https:\/\/www.univates.br\/blog\/wp-json\/wp\/v2\/comments?post=6439"}],"version-history":[{"count":6,"href":"https:\/\/www.univates.br\/blog\/wp-json\/wp\/v2\/posts\/6439\/revisions"}],"predecessor-version":[{"id":6449,"href":"https:\/\/www.univates.br\/blog\/wp-json\/wp\/v2\/posts\/6439\/revisions\/6449"}],"wp:attachment":[{"href":"https:\/\/www.univates.br\/blog\/wp-json\/wp\/v2\/media?parent=6439"}],"wp:term":[{"taxonomy":"category","embeddable":true,"href":"https:\/\/www.univates.br\/blog\/wp-json\/wp\/v2\/categories?post=6439"}],"curies":[{"name":"wp","href":"https:\/\/api.w.org\/{rel}","templated":true}]}}