{"id":6601,"date":"2025-06-04T14:43:05","date_gmt":"2025-06-04T17:43:05","guid":{"rendered":"https:\/\/www.univates.br\/blog\/?p=6601"},"modified":"2025-06-04T14:43:05","modified_gmt":"2025-06-04T17:43:05","slug":"curriculo-primeiro-emprego","status":"publish","type":"post","link":"https:\/\/www.univates.br\/blog\/curriculo-primeiro-emprego\/","title":{"rendered":"O que colocar no curr\u00edculo para conseguir o primeiro emprego?"},"content":{"rendered":"\n<p>O que colocar no curr\u00edculo para conseguir o primeiro emprego? Conseguir o primeiro emprego pode parecer um desafio, especialmente quando <a href=\"https:\/\/www.univates.br\/blog\/emprego-com-pouca-experiencia\/\">voc\u00ea ainda n\u00e3o tem experi\u00eancia profissional<\/a> para apresentar. Mas a boa not\u00edcia \u00e9 que um curr\u00edculo bem estruturado pode abrir portas, mesmo para quem est\u00e1 come\u00e7ando agora.<\/p>\n\n\n\n<p>Neste <em>post<\/em>, vamos mostrar o que incluir no curr\u00edculo, como valorizar suas habilidades, cursos e projetos pessoais e quais estrat\u00e9gias usar para chamar a aten\u00e7\u00e3o dos recrutadores. Siga o fio para aprender a montar o curr\u00edculo que ir\u00e1 coloc\u00e1-lo no mercado de trabalho! \ud83d\udcdd\ud83e\uddf6<\/p>\n\n\n\n<p><a href=\"https:\/\/www.univates.br\/blog\/o-emprego-dos-sonhos-existe-mesmo\/\">O emprego dos sonhos existe mesmo?<\/a><\/p>\n\n\n<div class=\"wp-block-image\">\n<figure class=\"aligncenter size-full\"><img loading=\"lazy\" decoding=\"async\" width=\"5184\" height=\"3456\" src=\"https:\/\/www.univates.br\/blog\/wp-content\/uploads\/2025\/06\/Imagens-posts-blog-2025-06-04T111616.609.jpg\" alt=\"O que colocar no curr\u00edculo para conseguir o primeiro emprego? \" class=\"wp-image-6602\"\/><figcaption class=\"wp-element-caption\">Foto: Divulga\u00e7\u00e3o Pexels<\/figcaption><\/figure>\n<\/div>\n\n\n<h2 class=\"wp-block-heading\">\ud83d\udcbc <strong>Comece adicionando seus dados pessoais<\/strong><\/h2>\n\n\n\n<div class=\"wp-block-media-text is-stacked-on-mobile\"><figure class=\"wp-block-media-text__media\"><img loading=\"lazy\" decoding=\"async\" width=\"5184\" height=\"3456\" src=\"https:\/\/www.univates.br\/blog\/wp-content\/uploads\/2025\/06\/Imagens-posts-blog-2025-06-04T111847.157.jpg\" alt=\"O que colocar no curr\u00edculo para conseguir o primeiro emprego? \" class=\"wp-image-6603 size-full\"\/><\/figure><div class=\"wp-block-media-text__content\">\n<p><\/p>\n\n\n\n<p>Essa \u00e9 a primeira informa\u00e7\u00e3o que o recrutador vai ver no seu curr\u00edculo, por isso os dados devem estar claros e objetivos. Inclua seu nome completo, telefone atualizado, <em>e-mail<\/em> profissional (evite apelidos ou termos informais) e sua cidade e estado de resid\u00eancia. Se voc\u00ea tiver perfis profissionais, como <a href=\"https:\/\/www.univates.br\/blog\/5-dicas-para-bombar-no-linkedin\/\">LinkedIn<\/a> ou um portf\u00f3lio <em>on-line<\/em>, vale a pena adicion\u00e1-los.<\/p>\n<\/div><\/div>\n\n\n\n<h2 class=\"wp-block-heading\">\ud83d\udcbc <strong>Escreva um objetivo profissional direto e alinhado \u00e0 vaga<\/strong><\/h2>\n\n\n\n<p>Mesmo sem experi\u00eancia, um objetivo bem formulado pode fazer a diferen\u00e7a. Utilize esse espa\u00e7o para mostrar sua motiva\u00e7\u00e3o e interesse em aprender. Por exemplo: \u201cBusco minha primeira oportunidade profissional na \u00e1rea administrativa, em que possa aplicar meus <a href=\"https:\/\/www.univates.br\/blog\/vantagens-curso-tecnico\/\">conhecimentos adquiridos no curso t\u00e9cnico<\/a> e desenvolver novas habilidades\u201d. Assim, voc\u00ea demonstra foco e disposi\u00e7\u00e3o para crescer com a empresa.<\/p>\n\n\n\n<h2 class=\"wp-block-heading\">\ud83d\udcbc <strong>Destaque sua forma\u00e7\u00e3o acad\u00eamica<\/strong><\/h2>\n\n\n\n<div class=\"wp-block-media-text is-stacked-on-mobile\"><figure class=\"wp-block-media-text__media\"><img loading=\"lazy\" decoding=\"async\" width=\"5184\" height=\"3456\" src=\"https:\/\/www.univates.br\/blog\/wp-content\/uploads\/2025\/06\/Imagens-posts-blog-2025-06-04T112007.343.jpg\" alt=\"\" class=\"wp-image-6608 size-full\"\/><\/figure><div class=\"wp-block-media-text__content\">\n<p><\/p>\n\n\n\n<p>Como ainda n\u00e3o h\u00e1 experi\u00eancias profissionais anteriores, sua educa\u00e7\u00e3o ganha mais peso. Informe o nome da institui\u00e7\u00e3o, o curso (Ensino M\u00e9dio, T\u00e9cnico ou Superior) e o per\u00edodo em que est\u00e1 ou esteve matriculado. Se estiver cursando, use termos como \u201cem andamento\u201d ou \u201ccursando\u201d para indicar sua situa\u00e7\u00e3o atual. Isso mostra seu comprometimento com o aprendizado.<\/p>\n<\/div><\/div>\n\n\n\n<p><a href=\"https:\/\/www.univates.br\/blog\/qual-a-diferenca-entre-ensino-medio-e-faculdade\/\">Qual a diferen\u00e7a entre Ensino M\u00e9dio e faculdade?<\/a><\/p>\n\n\n\n<p><a href=\"https:\/\/www.univates.br\/blog\/vale-a-pena-fazer-faculdade\/\">Vale a pena fazer faculdade? Saiba os impactos da forma\u00e7\u00e3o na carreira<\/a><\/p>\n\n\n\n<h2 class=\"wp-block-heading\">\ud83d\udcbc <strong>Inclua cursos complementares<\/strong><\/h2>\n\n\n\n<div class=\"wp-block-media-text is-stacked-on-mobile\"><figure class=\"wp-block-media-text__media\"><img loading=\"lazy\" decoding=\"async\" width=\"5184\" height=\"3456\" src=\"https:\/\/www.univates.br\/blog\/wp-content\/uploads\/2025\/06\/Imagens-posts-blog-2025-06-04T112127.724.jpg\" alt=\"\" class=\"wp-image-6611 size-full\"\/><\/figure><div class=\"wp-block-media-text__content\">\n<p><\/p>\n\n\n\n<p>Voc\u00ea participou de algum curso <em>on-line<\/em>, <em>workshop<\/em> ou palestra? Ent\u00e3o adicione essa informa\u00e7\u00e3o no curr\u00edculo. Mesmo <a href=\"https:\/\/www.univates.br\/blog\/onde-encontrar-cursos-gratuitos\/\">cursos gratuitos<\/a>, como de inform\u00e1tica, atendimento ao cliente, Excel ou ingl\u00eas b\u00e1sico, s\u00e3o muito valorizados. Al\u00e9m disso, demonstram que voc\u00ea est\u00e1 se preparando ativamente para o mercado de trabalho.<\/p>\n<\/div><\/div>\n\n\n\n<h2 class=\"wp-block-heading\">\ud83d\udcbc <strong>Valorize seus projetos pessoais e experi\u00eancias informais<\/strong><\/h2>\n\n\n\n<p>J\u00e1 participou de algum <a href=\"https:\/\/www.univates.br\/blog\/por-que-fazer-voluntariado\/\">projeto volunt\u00e1rio<\/a>, ajudou em um neg\u00f3cio da fam\u00edlia ou criou algo por conta pr\u00f3pria? Conte isso no curr\u00edculo! Essas experi\u00eancias, mesmo que n\u00e3o sejam formais, ajudam a mostrar habilidades como responsabilidade, criatividade, proatividade e trabalho em equipe. Utilize descri\u00e7\u00f5es curtas, destacando suas fun\u00e7\u00f5es e aprendizados.<\/p>\n\n\n\n<h2 class=\"wp-block-heading\">\ud83d\udcbc <strong>Liste suas habilidades com foco no que o mercado de trabalho valoriza<\/strong><\/h2>\n\n\n\n<p>Aqui voc\u00ea pode incluir tanto <a href=\"https:\/\/www.univates.br\/blog\/hard-skills\/\">habilidades t\u00e9cnicas<\/a> quanto <a href=\"https:\/\/www.univates.br\/blog\/soft-skills-o-que-sao\/\">comportamentais<\/a>. Por exemplo: \u201cboa comunica\u00e7\u00e3o\u201d, \u201corganiza\u00e7\u00e3o\u201d, \u201cfacilidade para aprender\u201d, \u201cconhecimento em pacote Office\u201d ou \u201catendimento ao p\u00fablico\u201d. Seja honesto e pense no que voc\u00ea realmente sabe fazer (isso ser\u00e1 percebido durante as <a href=\"https:\/\/www.univates.br\/blog\/perguntas-entrevista-de-emprego\/\">entrevistas<\/a>).<\/p>\n\n\n\n<p><a href=\"https:\/\/www.univates.br\/blog\/o-que-falar-em-uma-entrevista-de-emprego\/\">O que falar em uma entrevista de emprego?<\/a><\/p>\n\n\n\n<h2 class=\"wp-block-heading\">\ud83d\udcbc <strong>Adicione idiomas, se tiver algum conhecimento<\/strong><\/h2>\n\n\n\n<div class=\"wp-block-media-text is-stacked-on-mobile\"><figure class=\"wp-block-media-text__media\"><img loading=\"lazy\" decoding=\"async\" width=\"5184\" height=\"3456\" src=\"https:\/\/www.univates.br\/blog\/wp-content\/uploads\/2025\/06\/Imagens-posts-blog-2025-06-04T112242.473.jpg\" alt=\"\" class=\"wp-image-6614 size-full\"\/><\/figure><div class=\"wp-block-media-text__content\">\n<p><\/p>\n\n\n\n<p>Mesmo que seja apenas o b\u00e1sico, mencionar que voc\u00ea tem familiaridade com outro idioma, como <a href=\"https:\/\/www.univates.br\/blog\/como-aprender-ingles\/\">ingl\u00eas<\/a> ou <a href=\"https:\/\/www.univates.br\/blog\/como-aprender-espanhol\/\">espanhol<\/a>, pode contar pontos. Especifique seu n\u00edvel (b\u00e1sico, intermedi\u00e1rio, avan\u00e7ado) e, se tiver feito cursos, mencione-os.<\/p>\n<\/div><\/div>\n\n\n\n<h2 class=\"wp-block-heading\">\ud83d\udcbc <strong>Capriche na apresenta\u00e7\u00e3o visual do curr\u00edculo<\/strong><\/h2>\n\n\n\n<p>Evite polui\u00e7\u00e3o visual, use uma fonte leg\u00edvel (como Arial, Times ou Calibri), mantenha a organiza\u00e7\u00e3o em t\u00f3picos e com espa\u00e7amento adequado. Um curr\u00edculo limpo transmite profissionalismo e facilita a leitura por parte dos recrutadores.<\/p>\n\n\n\n<h2 class=\"wp-block-heading\">Fim \ud83d\udc99<\/h2>\n\n\n\n<p>N\u00e3o deixe a falta de experi\u00eancia impedir voc\u00ea de come\u00e7ar a trabalhar. Lembre-se: todo profissional de destaque j\u00e1 teve um primeiro emprego. Com dedica\u00e7\u00e3o, honestidade e um curr\u00edculo bem feito, voc\u00ea pode dar o pontap\u00e9 inicial na sua carreira. Confie no seu potencial, continue se capacitando e aproveite cada oportunidade para crescer! \ud83e\uddd1\u200d\ud83d\udcbc\ud83d\ude80<\/p>\n","protected":false},"excerpt":{"rendered":"<p>O que colocar no curr\u00edculo para conseguir o primeiro emprego? Conseguir o primeiro emprego pode parecer um desafio, especialmente quando voc\u00ea ainda n\u00e3o tem experi\u00eancia profissional para apresentar. Mas a boa not\u00edcia \u00e9 que um curr\u00edculo bem estruturado pode abrir\u2026<\/p>\n","protected":false},"author":2,"featured_media":0,"comment_status":"open","ping_status":"open","sticky":false,"template":"","format":"standard","meta":{"_acf_changed":false,"footnotes":""},"categories":[33],"class_list":["post-6601","post","type-post","status-publish","format-standard","hentry","category-carreira","autor-lais-pontin-matos"],"acf":[],"yoast_head":"<!-- This site is optimized with the Yoast SEO plugin v27.3 - https:\/\/yoast.com\/product\/yoast-seo-wordpress\/ -->\n<title>O que colocar no curr\u00edculo para conseguir o primeiro emprego? - Univates Blog<\/title>\n<meta name=\"description\" content=\"O que colocar no curr\u00edculo para conseguir o primeiro emprego? Saiba como destacar suas habilidades mesmo sem ter experi\u00eancia profissional.\" \/>\n<meta name=\"robots\" content=\"index, follow, max-snippet:-1, max-image-preview:large, max-video-preview:-1\" \/>\n<link rel=\"canonical\" href=\"https:\/\/www.univates.br\/blog\/curriculo-primeiro-emprego\/\" \/>\n<meta property=\"og:locale\" content=\"pt_BR\" \/>\n<meta property=\"og:type\" content=\"article\" \/>\n<meta property=\"og:title\" content=\"O que colocar no curr\u00edculo para conseguir o primeiro emprego? - Univates Blog\" \/>\n<meta property=\"og:description\" content=\"O que colocar no curr\u00edculo para conseguir o primeiro emprego? Saiba como destacar suas habilidades mesmo sem ter experi\u00eancia profissional.\" \/>\n<meta property=\"og:url\" content=\"https:\/\/www.univates.br\/blog\/curriculo-primeiro-emprego\/\" \/>\n<meta property=\"og:site_name\" content=\"Univates Blog\" \/>\n<meta property=\"article:published_time\" content=\"2025-06-04T17:43:05+00:00\" \/>\n<meta property=\"og:image\" content=\"https:\/\/www.univates.br\/blog\/wp-content\/uploads\/2025\/06\/Imagens-posts-blog-2025-06-04T111616.609.jpg\" \/>\n<meta name=\"author\" content=\"Marketing Univates\" \/>\n<meta name=\"twitter:card\" content=\"summary_large_image\" \/>\n<meta name=\"twitter:label1\" content=\"Escrito por\" \/>\n\t<meta name=\"twitter:data1\" content=\"Marketing Univates\" \/>\n\t<meta name=\"twitter:label2\" content=\"Est. tempo de leitura\" \/>\n\t<meta name=\"twitter:data2\" content=\"5 minutos\" \/>\n<script type=\"application\/ld+json\" class=\"yoast-schema-graph\">{\"@context\":\"https:\\\/\\\/schema.org\",\"@graph\":[{\"@type\":\"Article\",\"@id\":\"https:\\\/\\\/www.univates.br\\\/blog\\\/curriculo-primeiro-emprego\\\/#article\",\"isPartOf\":{\"@id\":\"https:\\\/\\\/www.univates.br\\\/blog\\\/curriculo-primeiro-emprego\\\/\"},\"author\":{\"name\":\"Marketing Univates\",\"@id\":\"https:\\\/\\\/www.univates.br\\\/blog\\\/#\\\/schema\\\/person\\\/15c63917440cc5e70160c247b309af2f\"},\"headline\":\"O que colocar no curr\u00edculo para conseguir o primeiro emprego?\",\"datePublished\":\"2025-06-04T17:43:05+00:00\",\"mainEntityOfPage\":{\"@id\":\"https:\\\/\\\/www.univates.br\\\/blog\\\/curriculo-primeiro-emprego\\\/\"},\"wordCount\":688,\"commentCount\":0,\"image\":{\"@id\":\"https:\\\/\\\/www.univates.br\\\/blog\\\/curriculo-primeiro-emprego\\\/#primaryimage\"},\"thumbnailUrl\":\"https:\\\/\\\/www.univates.br\\\/blog\\\/wp-content\\\/uploads\\\/2025\\\/06\\\/Imagens-posts-blog-2025-06-04T111616.609.jpg\",\"articleSection\":[\"Carreira\"],\"inLanguage\":\"pt-BR\",\"potentialAction\":[{\"@type\":\"CommentAction\",\"name\":\"Comment\",\"target\":[\"https:\\\/\\\/www.univates.br\\\/blog\\\/curriculo-primeiro-emprego\\\/#respond\"]}]},{\"@type\":\"WebPage\",\"@id\":\"https:\\\/\\\/www.univates.br\\\/blog\\\/curriculo-primeiro-emprego\\\/\",\"url\":\"https:\\\/\\\/www.univates.br\\\/blog\\\/curriculo-primeiro-emprego\\\/\",\"name\":\"O que colocar no curr\u00edculo para conseguir o primeiro emprego? - Univates Blog\",\"isPartOf\":{\"@id\":\"https:\\\/\\\/www.univates.br\\\/blog\\\/#website\"},\"primaryImageOfPage\":{\"@id\":\"https:\\\/\\\/www.univates.br\\\/blog\\\/curriculo-primeiro-emprego\\\/#primaryimage\"},\"image\":{\"@id\":\"https:\\\/\\\/www.univates.br\\\/blog\\\/curriculo-primeiro-emprego\\\/#primaryimage\"},\"thumbnailUrl\":\"https:\\\/\\\/www.univates.br\\\/blog\\\/wp-content\\\/uploads\\\/2025\\\/06\\\/Imagens-posts-blog-2025-06-04T111616.609.jpg\",\"datePublished\":\"2025-06-04T17:43:05+00:00\",\"author\":{\"@id\":\"https:\\\/\\\/www.univates.br\\\/blog\\\/#\\\/schema\\\/person\\\/15c63917440cc5e70160c247b309af2f\"},\"description\":\"O que colocar no curr\u00edculo para conseguir o primeiro emprego? Saiba como destacar suas habilidades mesmo sem ter experi\u00eancia profissional.\",\"breadcrumb\":{\"@id\":\"https:\\\/\\\/www.univates.br\\\/blog\\\/curriculo-primeiro-emprego\\\/#breadcrumb\"},\"inLanguage\":\"pt-BR\",\"potentialAction\":[{\"@type\":\"ReadAction\",\"target\":[\"https:\\\/\\\/www.univates.br\\\/blog\\\/curriculo-primeiro-emprego\\\/\"]}]},{\"@type\":\"ImageObject\",\"inLanguage\":\"pt-BR\",\"@id\":\"https:\\\/\\\/www.univates.br\\\/blog\\\/curriculo-primeiro-emprego\\\/#primaryimage\",\"url\":\"https:\\\/\\\/www.univates.br\\\/blog\\\/wp-content\\\/uploads\\\/2025\\\/06\\\/Imagens-posts-blog-2025-06-04T111616.609.jpg\",\"contentUrl\":\"https:\\\/\\\/www.univates.br\\\/blog\\\/wp-content\\\/uploads\\\/2025\\\/06\\\/Imagens-posts-blog-2025-06-04T111616.609.jpg\",\"width\":5184,\"height\":3456,\"caption\":\"Foto: Divulga\u00e7\u00e3o Pexels.\"},{\"@type\":\"BreadcrumbList\",\"@id\":\"https:\\\/\\\/www.univates.br\\\/blog\\\/curriculo-primeiro-emprego\\\/#breadcrumb\",\"itemListElement\":[{\"@type\":\"ListItem\",\"position\":1,\"name\":\"Home\",\"item\":\"https:\\\/\\\/www.univates.br\\\/blog\\\/\"},{\"@type\":\"ListItem\",\"position\":2,\"name\":\"O que colocar no curr\u00edculo para conseguir o primeiro emprego?\"}]},{\"@type\":\"WebSite\",\"@id\":\"https:\\\/\\\/www.univates.br\\\/blog\\\/#website\",\"url\":\"https:\\\/\\\/www.univates.br\\\/blog\\\/\",\"name\":\"Univates Blog\",\"description\":\"\",\"potentialAction\":[{\"@type\":\"SearchAction\",\"target\":{\"@type\":\"EntryPoint\",\"urlTemplate\":\"https:\\\/\\\/www.univates.br\\\/blog\\\/?s={search_term_string}\"},\"query-input\":{\"@type\":\"PropertyValueSpecification\",\"valueRequired\":true,\"valueName\":\"search_term_string\"}}],\"inLanguage\":\"pt-BR\"},{\"@type\":\"Person\",\"@id\":\"https:\\\/\\\/www.univates.br\\\/blog\\\/#\\\/schema\\\/person\\\/15c63917440cc5e70160c247b309af2f\",\"name\":\"Marketing Univates\",\"image\":{\"@type\":\"ImageObject\",\"inLanguage\":\"pt-BR\",\"@id\":\"https:\\\/\\\/secure.gravatar.com\\\/avatar\\\/511f9e77a6a3d0cddd9074f69a722364bc7f787e73d4a0da1f727ba62704eda4?s=96&d=mm&r=g\",\"url\":\"https:\\\/\\\/secure.gravatar.com\\\/avatar\\\/511f9e77a6a3d0cddd9074f69a722364bc7f787e73d4a0da1f727ba62704eda4?s=96&d=mm&r=g\",\"contentUrl\":\"https:\\\/\\\/secure.gravatar.com\\\/avatar\\\/511f9e77a6a3d0cddd9074f69a722364bc7f787e73d4a0da1f727ba62704eda4?s=96&d=mm&r=g\",\"caption\":\"Marketing Univates\"},\"sameAs\":[\"http:\\\/\\\/univates.br\"],\"url\":\"https:\\\/\\\/www.univates.br\\\/blog\\\/author\\\/marketing\\\/\"}]}<\/script>\n<!-- \/ Yoast SEO plugin. -->","yoast_head_json":{"title":"O que colocar no curr\u00edculo para conseguir o primeiro emprego? - Univates Blog","description":"O que colocar no curr\u00edculo para conseguir o primeiro emprego? Saiba como destacar suas habilidades mesmo sem ter experi\u00eancia profissional.","robots":{"index":"index","follow":"follow","max-snippet":"max-snippet:-1","max-image-preview":"max-image-preview:large","max-video-preview":"max-video-preview:-1"},"canonical":"https:\/\/www.univates.br\/blog\/curriculo-primeiro-emprego\/","og_locale":"pt_BR","og_type":"article","og_title":"O que colocar no curr\u00edculo para conseguir o primeiro emprego? - Univates Blog","og_description":"O que colocar no curr\u00edculo para conseguir o primeiro emprego? Saiba como destacar suas habilidades mesmo sem ter experi\u00eancia profissional.","og_url":"https:\/\/www.univates.br\/blog\/curriculo-primeiro-emprego\/","og_site_name":"Univates Blog","article_published_time":"2025-06-04T17:43:05+00:00","og_image":[{"url":"https:\/\/www.univates.br\/blog\/wp-content\/uploads\/2025\/06\/Imagens-posts-blog-2025-06-04T111616.609.jpg","type":"","width":"","height":""}],"author":"Marketing Univates","twitter_card":"summary_large_image","twitter_misc":{"Escrito por":"Marketing Univates","Est. tempo de leitura":"5 minutos"},"schema":{"@context":"https:\/\/schema.org","@graph":[{"@type":"Article","@id":"https:\/\/www.univates.br\/blog\/curriculo-primeiro-emprego\/#article","isPartOf":{"@id":"https:\/\/www.univates.br\/blog\/curriculo-primeiro-emprego\/"},"author":{"name":"Marketing Univates","@id":"https:\/\/www.univates.br\/blog\/#\/schema\/person\/15c63917440cc5e70160c247b309af2f"},"headline":"O que colocar no curr\u00edculo para conseguir o primeiro emprego?","datePublished":"2025-06-04T17:43:05+00:00","mainEntityOfPage":{"@id":"https:\/\/www.univates.br\/blog\/curriculo-primeiro-emprego\/"},"wordCount":688,"commentCount":0,"image":{"@id":"https:\/\/www.univates.br\/blog\/curriculo-primeiro-emprego\/#primaryimage"},"thumbnailUrl":"https:\/\/www.univates.br\/blog\/wp-content\/uploads\/2025\/06\/Imagens-posts-blog-2025-06-04T111616.609.jpg","articleSection":["Carreira"],"inLanguage":"pt-BR","potentialAction":[{"@type":"CommentAction","name":"Comment","target":["https:\/\/www.univates.br\/blog\/curriculo-primeiro-emprego\/#respond"]}]},{"@type":"WebPage","@id":"https:\/\/www.univates.br\/blog\/curriculo-primeiro-emprego\/","url":"https:\/\/www.univates.br\/blog\/curriculo-primeiro-emprego\/","name":"O que colocar no curr\u00edculo para conseguir o primeiro emprego? - Univates Blog","isPartOf":{"@id":"https:\/\/www.univates.br\/blog\/#website"},"primaryImageOfPage":{"@id":"https:\/\/www.univates.br\/blog\/curriculo-primeiro-emprego\/#primaryimage"},"image":{"@id":"https:\/\/www.univates.br\/blog\/curriculo-primeiro-emprego\/#primaryimage"},"thumbnailUrl":"https:\/\/www.univates.br\/blog\/wp-content\/uploads\/2025\/06\/Imagens-posts-blog-2025-06-04T111616.609.jpg","datePublished":"2025-06-04T17:43:05+00:00","author":{"@id":"https:\/\/www.univates.br\/blog\/#\/schema\/person\/15c63917440cc5e70160c247b309af2f"},"description":"O que colocar no curr\u00edculo para conseguir o primeiro emprego? Saiba como destacar suas habilidades mesmo sem ter experi\u00eancia profissional.","breadcrumb":{"@id":"https:\/\/www.univates.br\/blog\/curriculo-primeiro-emprego\/#breadcrumb"},"inLanguage":"pt-BR","potentialAction":[{"@type":"ReadAction","target":["https:\/\/www.univates.br\/blog\/curriculo-primeiro-emprego\/"]}]},{"@type":"ImageObject","inLanguage":"pt-BR","@id":"https:\/\/www.univates.br\/blog\/curriculo-primeiro-emprego\/#primaryimage","url":"https:\/\/www.univates.br\/blog\/wp-content\/uploads\/2025\/06\/Imagens-posts-blog-2025-06-04T111616.609.jpg","contentUrl":"https:\/\/www.univates.br\/blog\/wp-content\/uploads\/2025\/06\/Imagens-posts-blog-2025-06-04T111616.609.jpg","width":5184,"height":3456,"caption":"Foto: Divulga\u00e7\u00e3o Pexels."},{"@type":"BreadcrumbList","@id":"https:\/\/www.univates.br\/blog\/curriculo-primeiro-emprego\/#breadcrumb","itemListElement":[{"@type":"ListItem","position":1,"name":"Home","item":"https:\/\/www.univates.br\/blog\/"},{"@type":"ListItem","position":2,"name":"O que colocar no curr\u00edculo para conseguir o primeiro emprego?"}]},{"@type":"WebSite","@id":"https:\/\/www.univates.br\/blog\/#website","url":"https:\/\/www.univates.br\/blog\/","name":"Univates Blog","description":"","potentialAction":[{"@type":"SearchAction","target":{"@type":"EntryPoint","urlTemplate":"https:\/\/www.univates.br\/blog\/?s={search_term_string}"},"query-input":{"@type":"PropertyValueSpecification","valueRequired":true,"valueName":"search_term_string"}}],"inLanguage":"pt-BR"},{"@type":"Person","@id":"https:\/\/www.univates.br\/blog\/#\/schema\/person\/15c63917440cc5e70160c247b309af2f","name":"Marketing Univates","image":{"@type":"ImageObject","inLanguage":"pt-BR","@id":"https:\/\/secure.gravatar.com\/avatar\/511f9e77a6a3d0cddd9074f69a722364bc7f787e73d4a0da1f727ba62704eda4?s=96&d=mm&r=g","url":"https:\/\/secure.gravatar.com\/avatar\/511f9e77a6a3d0cddd9074f69a722364bc7f787e73d4a0da1f727ba62704eda4?s=96&d=mm&r=g","contentUrl":"https:\/\/secure.gravatar.com\/avatar\/511f9e77a6a3d0cddd9074f69a722364bc7f787e73d4a0da1f727ba62704eda4?s=96&d=mm&r=g","caption":"Marketing Univates"},"sameAs":["http:\/\/univates.br"],"url":"https:\/\/www.univates.br\/blog\/author\/marketing\/"}]}},"_links":{"self":[{"href":"https:\/\/www.univates.br\/blog\/wp-json\/wp\/v2\/posts\/6601","targetHints":{"allow":["GET"]}}],"collection":[{"href":"https:\/\/www.univates.br\/blog\/wp-json\/wp\/v2\/posts"}],"about":[{"href":"https:\/\/www.univates.br\/blog\/wp-json\/wp\/v2\/types\/post"}],"author":[{"embeddable":true,"href":"https:\/\/www.univates.br\/blog\/wp-json\/wp\/v2\/users\/2"}],"replies":[{"embeddable":true,"href":"https:\/\/www.univates.br\/blog\/wp-json\/wp\/v2\/comments?post=6601"}],"version-history":[{"count":11,"href":"https:\/\/www.univates.br\/blog\/wp-json\/wp\/v2\/posts\/6601\/revisions"}],"predecessor-version":[{"id":6617,"href":"https:\/\/www.univates.br\/blog\/wp-json\/wp\/v2\/posts\/6601\/revisions\/6617"}],"wp:attachment":[{"href":"https:\/\/www.univates.br\/blog\/wp-json\/wp\/v2\/media?parent=6601"}],"wp:term":[{"taxonomy":"category","embeddable":true,"href":"https:\/\/www.univates.br\/blog\/wp-json\/wp\/v2\/categories?post=6601"}],"curies":[{"name":"wp","href":"https:\/\/api.w.org\/{rel}","templated":true}]}}