{"id":6729,"date":"2025-07-02T15:08:32","date_gmt":"2025-07-02T18:08:32","guid":{"rendered":"https:\/\/www.univates.br\/blog\/?p=6729"},"modified":"2025-07-02T15:08:32","modified_gmt":"2025-07-02T18:08:32","slug":"saude-mental-dicas","status":"publish","type":"post","link":"https:\/\/www.univates.br\/blog\/saude-mental-dicas\/","title":{"rendered":"O que \u00e9 sa\u00fade mental? Dicas para cuidar da sua!"},"content":{"rendered":"\n<p>O que \u00e9 sa\u00fade mental? Dicas para cuidar da sua! Sabemos que, em meio \u00e0 correria do dia a dia, podemos acabar negligenciando nosso bem-estar emocional, especialmente em ambientes como a faculdade ou o trabalho. Por isso, \u00e9 fundamental entender o que \u00e9 sa\u00fade mental e como ela impacta nossa qualidade de vida, produtividade e relacionamentos.<\/p>\n\n\n\n<p>Neste <em>post<\/em>, reunimos informa\u00e7\u00f5es e dicas para ajudar voc\u00ea a fortalecer sua sa\u00fade emocional e encontrar o equil\u00edbrio necess\u00e1rio para enfrentar os desafios da rotina. Continue lendo o conte\u00fado para aprender a cuidar de quem mais importa: VOC\u00ca! \ud83e\udef5\u2728<\/p>\n\n\n<div class=\"wp-block-image\">\n<figure class=\"aligncenter size-full\"><img loading=\"lazy\" decoding=\"async\" width=\"5184\" height=\"3456\" src=\"https:\/\/www.univates.br\/blog\/wp-content\/uploads\/2025\/07\/Imagens-posts-blog-2025-07-02T111806.952.jpg\" alt=\"O que \u00e9 sa\u00fade mental? Dicas para cuidar da sua! \" class=\"wp-image-6730\"\/><figcaption class=\"wp-element-caption\">Foto: Divulga\u00e7\u00e3o\/Pexels<\/figcaption><\/figure>\n<\/div>\n\n\n<h2 class=\"wp-block-heading\"><strong>O que \u00e9 sa\u00fade mental?\u00a0<\/strong><\/h2>\n\n\n\n<p>Todo mundo fala sobre sa\u00fade mental, mas ser\u00e1 que realmente entendemos o que esse conceito significa? De forma simples, sa\u00fade mental \u00e9 o estado de equil\u00edbrio emocional, psicol\u00f3gico e social de uma pessoa. Ou seja, est\u00e1 relacionada ao modo como lidamos com o estresse, como nos relacionamos com os outros e como tomamos decis\u00f5es em nossa vida cotidiana.<\/p>\n\n\n\n<div class=\"wp-block-media-text is-stacked-on-mobile\"><figure class=\"wp-block-media-text__media\"><img loading=\"lazy\" decoding=\"async\" width=\"5184\" height=\"3456\" src=\"https:\/\/www.univates.br\/blog\/wp-content\/uploads\/2025\/07\/Imagens-posts-blog-2025-07-02T111940.860.jpg\" alt=\"\" class=\"wp-image-6732 size-full\"\/><\/figure><div class=\"wp-block-media-text__content\">\n<p><\/p>\n\n\n\n<p>A sa\u00fade mental n\u00e3o se resume \u00e0 aus\u00eancia de doen\u00e7as psicol\u00f3gicas. Pelo contr\u00e1rio: envolve bem-estar, autoestima, capacidade de enfrentar desafios e manter relacionamentos saud\u00e1veis. Em outras palavras, ter sa\u00fade mental \u00e9 sentir-se bem consigo mesmo e com o mundo ao redor, mesmo diante das dificuldades.<\/p>\n<\/div><\/div>\n\n\n\n<p>Manter esse equil\u00edbrio pode ser, no entanto, desafiador, especialmente em contextos exigentes como o ambiente acad\u00eamico ou o local de trabalho. Por isso, cuidar da sa\u00fade emocional deve ser uma prioridade, n\u00e3o algo a ser lembrado apenas em momentos de crise.\u00a0<\/p>\n\n\n\n<h2 class=\"wp-block-heading\"><strong>Dicas para cuidar da sua sa\u00fade mental\u00a0<\/strong><\/h2>\n\n\n\n<p>Agora que voc\u00ea j\u00e1 sabe o que \u00e9 sa\u00fade mental, confira algumas estrat\u00e9gias para preservar o seu bem-estar.<\/p>\n\n\n\n<p>\ud83d\udcc5 <strong>Estabele\u00e7a uma rotina equilibrada: <\/strong>tente manter hor\u00e1rios regulares para dormir, se alimentar e descansar. Assim, seu corpo e mente conseguem se ajustar melhor aos ciclos naturais, o que contribui para a redu\u00e7\u00e3o do estresse e melhora da disposi\u00e7\u00e3o ao longo do dia;<\/p>\n\n\n\n<p>\u270f\ufe0f <strong>Organize suas tarefas com planejamento: <\/strong>use agendas, <a href=\"https:\/\/www.univates.br\/blog\/aplicativo-para-ajudar-nos-estudos\/\">aplicativos<\/a> ou listas para organizar suas atividades di\u00e1rias. Dessa forma, a sensa\u00e7\u00e3o de sobrecarga tende a diminuir, evitando o estresse causado pelo <a href=\"https:\/\/www.univates.br\/blog\/como-organizar-seu-dia-para-aumentar-sua-produtividade-nos-estudos\/\">ac\u00famulo de responsabilidades<\/a>;<\/p>\n\n\n\n<p>\ud83d\udc85 <strong>Reserve um tempo para voc\u00ea:<\/strong> fazer pausas e dedicar momentos para atividades prazerosas, como <em>hobbies<\/em>, <a href=\"https:\/\/www.univates.br\/blog\/dicas-para-ler-mais\/\">leitura<\/a> ou caminhadas, \u00e9 essencial para recarregar as energias;<\/p>\n\n\n\n<p>\ud83d\ude45\u200d\u2642\ufe0f <strong>Aprenda a dizer \u201cn\u00e3o\u201d: <\/strong>respeitar seus pr\u00f3prios limites \u00e9 um ato de autocuidado. Portanto, evite sobrecargas aceitando mais do que voc\u00ea pode cumprir;<\/p>\n\n\n\n<p>\ud83d\udcac <strong>Fale sobre seus sentimentos: <\/strong>compartilhar o que voc\u00ea sente com pessoas de confian\u00e7a pode aliviar a tens\u00e3o e fortalecer os v\u00ednculos afetivos;<\/p>\n\n\n\n<p>\ud83c\udfcb\ufe0f\u200d\u2640\ufe0f <strong>Exercite-se regularmente: <\/strong>a <a href=\"https:\/\/www.univates.br\/blog\/musculacao\/\">pr\u00e1tica de atividades f\u00edsicas<\/a> contribui significativamente para a libera\u00e7\u00e3o de horm\u00f4nios que promovem bem-estar e reduzem o estresse;<\/p>\n\n\n\n<p>\ud83d\udcf1<strong>Desconecte-se de vez em quando: <\/strong>estar sempre <em>on-line<\/em> pode ser desgastante. Por isso, reserve momentos para se desconectar do celular e das <a href=\"https:\/\/www.univates.br\/blog\/redes-sociais-mais-usadas\/\">redes sociais<\/a> e conectar-se mais consigo mesmo;\u00a0<\/p>\n\n\n\n<p>\ud83e\uddd8\u200d\u2642\ufe0f <strong>Pratique a aten\u00e7\u00e3o plena (<em>mindfulness<\/em>): <\/strong>reserve alguns minutos do seu dia para se <a href=\"https:\/\/www.univates.br\/blog\/mindfulness-o-que-e-e-como-aplicar\/\">concentrar no momento presente<\/a>, observando seus pensamentos e sensa\u00e7\u00f5es sem julgamentos. Essa pr\u00e1tica pode ajudar a <a href=\"https:\/\/www.univates.br\/blog\/como-acalmar-a-ansiedade-antes-de-uma-prova\/\">diminuir a ansiedade <\/a>e <a href=\"https:\/\/www.univates.br\/blog\/como-ter-foco-nos-estudos\/\">melhorar o foco<\/a>;<\/p>\n\n\n\n<p>\ud83d\udcbc <strong>Busque ajuda profissional quando necess\u00e1rio: <\/strong><a href=\"https:\/\/www.univates.br\/blog\/o-que-faz-um-psicoterapeuta-e-o-que-estudar-para-se-tornar-um\/\">psic\u00f3logos e outros profissionais da sa\u00fade mental<\/a> est\u00e3o preparados para ajudar voc\u00ea a lidar com emo\u00e7\u00f5es dif\u00edceis e encontrar caminhos mais saud\u00e1veis.<\/p>\n\n\n\n<p><a href=\"https:\/\/www.univates.br\/blog\/estudos-e-saude-mental-como-equilibrar\/\">Estudos e sa\u00fade mental: como equilibr\u00e1-los para melhorar a aprendizagem?<\/a><\/p>\n\n\n\n<p><a href=\"https:\/\/www.univates.br\/blog\/como-trabalhar-sobre-pressao\/\">Como trabalhar sob press\u00e3o?<\/a><\/p>\n\n\n\n<p><a href=\"https:\/\/www.univates.br\/blog\/burnout-o-que-e-e-como-prevenir-a-doenca\/\">Burnout: o que \u00e9 e como prevenir a doen\u00e7a?<\/a><\/p>\n\n\n\n<p><a href=\"https:\/\/www.univates.br\/blog\/relaxar-apos-escola-trabalho\/\">Como relaxar ap\u00f3s um dia corrido na escola ou no trabalho?<\/a><\/p>\n\n\n<div class=\"wp-block-image\">\n<figure class=\"aligncenter size-full\"><img loading=\"lazy\" decoding=\"async\" width=\"5184\" height=\"3456\" src=\"https:\/\/www.univates.br\/blog\/wp-content\/uploads\/2025\/07\/Imagens-posts-blog-2025-07-02T112056.575.jpg\" alt=\"\" class=\"wp-image-6736\"\/><figcaption class=\"wp-element-caption\">Foto: Divulga\u00e7\u00e3o\/Pexels<\/figcaption><\/figure>\n<\/div>\n\n\n<h2 class=\"wp-block-heading\">Fim \ud83d\udc99<\/h2>\n\n\n\n<p>Cuidar da sa\u00fade mental \u00e9 um investimento que reflete em todas as \u00e1reas da sua vida. Com pequenas mudan\u00e7as na rotina, \u00e9 poss\u00edvel conquistar mais equil\u00edbrio, produtividade e qualidade de vida. Lembre-se: voc\u00ea \u00e9 a sua prioridade, portanto dedique tempo e aten\u00e7\u00e3o para se conhecer, se respeitar e buscar a felicidade! \ud83d\ude0a\ud83d\ude0d<\/p>\n","protected":false},"excerpt":{"rendered":"<p>O que \u00e9 sa\u00fade mental? Dicas para cuidar da sua! Sabemos que, em meio \u00e0 correria do dia a dia, podemos acabar negligenciando nosso bem-estar emocional, especialmente em ambientes como a faculdade ou o trabalho. Por isso, \u00e9 fundamental entender\u2026<\/p>\n","protected":false},"author":2,"featured_media":0,"comment_status":"open","ping_status":"open","sticky":false,"template":"","format":"standard","meta":{"_acf_changed":false,"footnotes":""},"categories":[33,23],"class_list":["post-6729","post","type-post","status-publish","format-standard","hentry","category-carreira","category-estudos","autor-lais-pontin-matos","area-saude"],"acf":[],"yoast_head":"<!-- This site is optimized with the Yoast SEO plugin v27.3 - https:\/\/yoast.com\/product\/yoast-seo-wordpress\/ -->\n<title>O que \u00e9 sa\u00fade mental? Dicas para cuidar da sua! - Univates Blog<\/title>\n<meta name=\"description\" content=\"O que \u00e9 sa\u00fade mental? Dicas para cuidar da sua! Descubra como manter o equil\u00edbrio emocional nos ambientes acad\u00eamico e profissional.\" \/>\n<meta name=\"robots\" content=\"index, follow, max-snippet:-1, max-image-preview:large, max-video-preview:-1\" \/>\n<link rel=\"canonical\" href=\"https:\/\/www.univates.br\/blog\/saude-mental-dicas\/\" \/>\n<meta property=\"og:locale\" content=\"pt_BR\" \/>\n<meta property=\"og:type\" content=\"article\" \/>\n<meta property=\"og:title\" content=\"O que \u00e9 sa\u00fade mental? Dicas para cuidar da sua! - Univates Blog\" \/>\n<meta property=\"og:description\" content=\"O que \u00e9 sa\u00fade mental? Dicas para cuidar da sua! Descubra como manter o equil\u00edbrio emocional nos ambientes acad\u00eamico e profissional.\" \/>\n<meta property=\"og:url\" content=\"https:\/\/www.univates.br\/blog\/saude-mental-dicas\/\" \/>\n<meta property=\"og:site_name\" content=\"Univates Blog\" \/>\n<meta property=\"article:published_time\" content=\"2025-07-02T18:08:32+00:00\" \/>\n<meta property=\"og:image\" content=\"https:\/\/www.univates.br\/blog\/wp-content\/uploads\/2025\/07\/Imagens-posts-blog-2025-07-02T111806.952.jpg\" \/>\n<meta name=\"author\" content=\"Marketing Univates\" \/>\n<meta name=\"twitter:card\" content=\"summary_large_image\" \/>\n<meta name=\"twitter:label1\" content=\"Escrito por\" \/>\n\t<meta name=\"twitter:data1\" content=\"Marketing Univates\" \/>\n\t<meta name=\"twitter:label2\" content=\"Est. tempo de leitura\" \/>\n\t<meta name=\"twitter:data2\" content=\"5 minutos\" \/>\n<script type=\"application\/ld+json\" class=\"yoast-schema-graph\">{\"@context\":\"https:\\\/\\\/schema.org\",\"@graph\":[{\"@type\":\"Article\",\"@id\":\"https:\\\/\\\/www.univates.br\\\/blog\\\/saude-mental-dicas\\\/#article\",\"isPartOf\":{\"@id\":\"https:\\\/\\\/www.univates.br\\\/blog\\\/saude-mental-dicas\\\/\"},\"author\":{\"name\":\"Marketing Univates\",\"@id\":\"https:\\\/\\\/www.univates.br\\\/blog\\\/#\\\/schema\\\/person\\\/15c63917440cc5e70160c247b309af2f\"},\"headline\":\"O que \u00e9 sa\u00fade mental? Dicas para cuidar da sua!\",\"datePublished\":\"2025-07-02T18:08:32+00:00\",\"mainEntityOfPage\":{\"@id\":\"https:\\\/\\\/www.univates.br\\\/blog\\\/saude-mental-dicas\\\/\"},\"wordCount\":677,\"commentCount\":0,\"image\":{\"@id\":\"https:\\\/\\\/www.univates.br\\\/blog\\\/saude-mental-dicas\\\/#primaryimage\"},\"thumbnailUrl\":\"https:\\\/\\\/www.univates.br\\\/blog\\\/wp-content\\\/uploads\\\/2025\\\/07\\\/Imagens-posts-blog-2025-07-02T111806.952.jpg\",\"articleSection\":[\"Carreira\",\"Estudos\"],\"inLanguage\":\"pt-BR\",\"potentialAction\":[{\"@type\":\"CommentAction\",\"name\":\"Comment\",\"target\":[\"https:\\\/\\\/www.univates.br\\\/blog\\\/saude-mental-dicas\\\/#respond\"]}]},{\"@type\":\"WebPage\",\"@id\":\"https:\\\/\\\/www.univates.br\\\/blog\\\/saude-mental-dicas\\\/\",\"url\":\"https:\\\/\\\/www.univates.br\\\/blog\\\/saude-mental-dicas\\\/\",\"name\":\"O que \u00e9 sa\u00fade mental? Dicas para cuidar da sua! - Univates Blog\",\"isPartOf\":{\"@id\":\"https:\\\/\\\/www.univates.br\\\/blog\\\/#website\"},\"primaryImageOfPage\":{\"@id\":\"https:\\\/\\\/www.univates.br\\\/blog\\\/saude-mental-dicas\\\/#primaryimage\"},\"image\":{\"@id\":\"https:\\\/\\\/www.univates.br\\\/blog\\\/saude-mental-dicas\\\/#primaryimage\"},\"thumbnailUrl\":\"https:\\\/\\\/www.univates.br\\\/blog\\\/wp-content\\\/uploads\\\/2025\\\/07\\\/Imagens-posts-blog-2025-07-02T111806.952.jpg\",\"datePublished\":\"2025-07-02T18:08:32+00:00\",\"author\":{\"@id\":\"https:\\\/\\\/www.univates.br\\\/blog\\\/#\\\/schema\\\/person\\\/15c63917440cc5e70160c247b309af2f\"},\"description\":\"O que \u00e9 sa\u00fade mental? Dicas para cuidar da sua! Descubra como manter o equil\u00edbrio emocional nos ambientes acad\u00eamico e profissional.\",\"breadcrumb\":{\"@id\":\"https:\\\/\\\/www.univates.br\\\/blog\\\/saude-mental-dicas\\\/#breadcrumb\"},\"inLanguage\":\"pt-BR\",\"potentialAction\":[{\"@type\":\"ReadAction\",\"target\":[\"https:\\\/\\\/www.univates.br\\\/blog\\\/saude-mental-dicas\\\/\"]}]},{\"@type\":\"ImageObject\",\"inLanguage\":\"pt-BR\",\"@id\":\"https:\\\/\\\/www.univates.br\\\/blog\\\/saude-mental-dicas\\\/#primaryimage\",\"url\":\"https:\\\/\\\/www.univates.br\\\/blog\\\/wp-content\\\/uploads\\\/2025\\\/07\\\/Imagens-posts-blog-2025-07-02T111806.952.jpg\",\"contentUrl\":\"https:\\\/\\\/www.univates.br\\\/blog\\\/wp-content\\\/uploads\\\/2025\\\/07\\\/Imagens-posts-blog-2025-07-02T111806.952.jpg\",\"width\":5184,\"height\":3456,\"caption\":\"Foto: Divulga\u00e7\u00e3o\\\/Pexels.\"},{\"@type\":\"BreadcrumbList\",\"@id\":\"https:\\\/\\\/www.univates.br\\\/blog\\\/saude-mental-dicas\\\/#breadcrumb\",\"itemListElement\":[{\"@type\":\"ListItem\",\"position\":1,\"name\":\"Home\",\"item\":\"https:\\\/\\\/www.univates.br\\\/blog\\\/\"},{\"@type\":\"ListItem\",\"position\":2,\"name\":\"O que \u00e9 sa\u00fade mental? Dicas para cuidar da sua!\"}]},{\"@type\":\"WebSite\",\"@id\":\"https:\\\/\\\/www.univates.br\\\/blog\\\/#website\",\"url\":\"https:\\\/\\\/www.univates.br\\\/blog\\\/\",\"name\":\"Univates Blog\",\"description\":\"\",\"potentialAction\":[{\"@type\":\"SearchAction\",\"target\":{\"@type\":\"EntryPoint\",\"urlTemplate\":\"https:\\\/\\\/www.univates.br\\\/blog\\\/?s={search_term_string}\"},\"query-input\":{\"@type\":\"PropertyValueSpecification\",\"valueRequired\":true,\"valueName\":\"search_term_string\"}}],\"inLanguage\":\"pt-BR\"},{\"@type\":\"Person\",\"@id\":\"https:\\\/\\\/www.univates.br\\\/blog\\\/#\\\/schema\\\/person\\\/15c63917440cc5e70160c247b309af2f\",\"name\":\"Marketing Univates\",\"image\":{\"@type\":\"ImageObject\",\"inLanguage\":\"pt-BR\",\"@id\":\"https:\\\/\\\/secure.gravatar.com\\\/avatar\\\/511f9e77a6a3d0cddd9074f69a722364bc7f787e73d4a0da1f727ba62704eda4?s=96&d=mm&r=g\",\"url\":\"https:\\\/\\\/secure.gravatar.com\\\/avatar\\\/511f9e77a6a3d0cddd9074f69a722364bc7f787e73d4a0da1f727ba62704eda4?s=96&d=mm&r=g\",\"contentUrl\":\"https:\\\/\\\/secure.gravatar.com\\\/avatar\\\/511f9e77a6a3d0cddd9074f69a722364bc7f787e73d4a0da1f727ba62704eda4?s=96&d=mm&r=g\",\"caption\":\"Marketing Univates\"},\"sameAs\":[\"http:\\\/\\\/univates.br\"],\"url\":\"https:\\\/\\\/www.univates.br\\\/blog\\\/author\\\/marketing\\\/\"}]}<\/script>\n<!-- \/ Yoast SEO plugin. -->","yoast_head_json":{"title":"O que \u00e9 sa\u00fade mental? Dicas para cuidar da sua! - Univates Blog","description":"O que \u00e9 sa\u00fade mental? Dicas para cuidar da sua! Descubra como manter o equil\u00edbrio emocional nos ambientes acad\u00eamico e profissional.","robots":{"index":"index","follow":"follow","max-snippet":"max-snippet:-1","max-image-preview":"max-image-preview:large","max-video-preview":"max-video-preview:-1"},"canonical":"https:\/\/www.univates.br\/blog\/saude-mental-dicas\/","og_locale":"pt_BR","og_type":"article","og_title":"O que \u00e9 sa\u00fade mental? Dicas para cuidar da sua! - Univates Blog","og_description":"O que \u00e9 sa\u00fade mental? Dicas para cuidar da sua! Descubra como manter o equil\u00edbrio emocional nos ambientes acad\u00eamico e profissional.","og_url":"https:\/\/www.univates.br\/blog\/saude-mental-dicas\/","og_site_name":"Univates Blog","article_published_time":"2025-07-02T18:08:32+00:00","og_image":[{"url":"https:\/\/www.univates.br\/blog\/wp-content\/uploads\/2025\/07\/Imagens-posts-blog-2025-07-02T111806.952.jpg","type":"","width":"","height":""}],"author":"Marketing Univates","twitter_card":"summary_large_image","twitter_misc":{"Escrito por":"Marketing Univates","Est. tempo de leitura":"5 minutos"},"schema":{"@context":"https:\/\/schema.org","@graph":[{"@type":"Article","@id":"https:\/\/www.univates.br\/blog\/saude-mental-dicas\/#article","isPartOf":{"@id":"https:\/\/www.univates.br\/blog\/saude-mental-dicas\/"},"author":{"name":"Marketing Univates","@id":"https:\/\/www.univates.br\/blog\/#\/schema\/person\/15c63917440cc5e70160c247b309af2f"},"headline":"O que \u00e9 sa\u00fade mental? Dicas para cuidar da sua!","datePublished":"2025-07-02T18:08:32+00:00","mainEntityOfPage":{"@id":"https:\/\/www.univates.br\/blog\/saude-mental-dicas\/"},"wordCount":677,"commentCount":0,"image":{"@id":"https:\/\/www.univates.br\/blog\/saude-mental-dicas\/#primaryimage"},"thumbnailUrl":"https:\/\/www.univates.br\/blog\/wp-content\/uploads\/2025\/07\/Imagens-posts-blog-2025-07-02T111806.952.jpg","articleSection":["Carreira","Estudos"],"inLanguage":"pt-BR","potentialAction":[{"@type":"CommentAction","name":"Comment","target":["https:\/\/www.univates.br\/blog\/saude-mental-dicas\/#respond"]}]},{"@type":"WebPage","@id":"https:\/\/www.univates.br\/blog\/saude-mental-dicas\/","url":"https:\/\/www.univates.br\/blog\/saude-mental-dicas\/","name":"O que \u00e9 sa\u00fade mental? Dicas para cuidar da sua! - Univates Blog","isPartOf":{"@id":"https:\/\/www.univates.br\/blog\/#website"},"primaryImageOfPage":{"@id":"https:\/\/www.univates.br\/blog\/saude-mental-dicas\/#primaryimage"},"image":{"@id":"https:\/\/www.univates.br\/blog\/saude-mental-dicas\/#primaryimage"},"thumbnailUrl":"https:\/\/www.univates.br\/blog\/wp-content\/uploads\/2025\/07\/Imagens-posts-blog-2025-07-02T111806.952.jpg","datePublished":"2025-07-02T18:08:32+00:00","author":{"@id":"https:\/\/www.univates.br\/blog\/#\/schema\/person\/15c63917440cc5e70160c247b309af2f"},"description":"O que \u00e9 sa\u00fade mental? Dicas para cuidar da sua! Descubra como manter o equil\u00edbrio emocional nos ambientes acad\u00eamico e profissional.","breadcrumb":{"@id":"https:\/\/www.univates.br\/blog\/saude-mental-dicas\/#breadcrumb"},"inLanguage":"pt-BR","potentialAction":[{"@type":"ReadAction","target":["https:\/\/www.univates.br\/blog\/saude-mental-dicas\/"]}]},{"@type":"ImageObject","inLanguage":"pt-BR","@id":"https:\/\/www.univates.br\/blog\/saude-mental-dicas\/#primaryimage","url":"https:\/\/www.univates.br\/blog\/wp-content\/uploads\/2025\/07\/Imagens-posts-blog-2025-07-02T111806.952.jpg","contentUrl":"https:\/\/www.univates.br\/blog\/wp-content\/uploads\/2025\/07\/Imagens-posts-blog-2025-07-02T111806.952.jpg","width":5184,"height":3456,"caption":"Foto: Divulga\u00e7\u00e3o\/Pexels."},{"@type":"BreadcrumbList","@id":"https:\/\/www.univates.br\/blog\/saude-mental-dicas\/#breadcrumb","itemListElement":[{"@type":"ListItem","position":1,"name":"Home","item":"https:\/\/www.univates.br\/blog\/"},{"@type":"ListItem","position":2,"name":"O que \u00e9 sa\u00fade mental? Dicas para cuidar da sua!"}]},{"@type":"WebSite","@id":"https:\/\/www.univates.br\/blog\/#website","url":"https:\/\/www.univates.br\/blog\/","name":"Univates Blog","description":"","potentialAction":[{"@type":"SearchAction","target":{"@type":"EntryPoint","urlTemplate":"https:\/\/www.univates.br\/blog\/?s={search_term_string}"},"query-input":{"@type":"PropertyValueSpecification","valueRequired":true,"valueName":"search_term_string"}}],"inLanguage":"pt-BR"},{"@type":"Person","@id":"https:\/\/www.univates.br\/blog\/#\/schema\/person\/15c63917440cc5e70160c247b309af2f","name":"Marketing Univates","image":{"@type":"ImageObject","inLanguage":"pt-BR","@id":"https:\/\/secure.gravatar.com\/avatar\/511f9e77a6a3d0cddd9074f69a722364bc7f787e73d4a0da1f727ba62704eda4?s=96&d=mm&r=g","url":"https:\/\/secure.gravatar.com\/avatar\/511f9e77a6a3d0cddd9074f69a722364bc7f787e73d4a0da1f727ba62704eda4?s=96&d=mm&r=g","contentUrl":"https:\/\/secure.gravatar.com\/avatar\/511f9e77a6a3d0cddd9074f69a722364bc7f787e73d4a0da1f727ba62704eda4?s=96&d=mm&r=g","caption":"Marketing Univates"},"sameAs":["http:\/\/univates.br"],"url":"https:\/\/www.univates.br\/blog\/author\/marketing\/"}]}},"_links":{"self":[{"href":"https:\/\/www.univates.br\/blog\/wp-json\/wp\/v2\/posts\/6729","targetHints":{"allow":["GET"]}}],"collection":[{"href":"https:\/\/www.univates.br\/blog\/wp-json\/wp\/v2\/posts"}],"about":[{"href":"https:\/\/www.univates.br\/blog\/wp-json\/wp\/v2\/types\/post"}],"author":[{"embeddable":true,"href":"https:\/\/www.univates.br\/blog\/wp-json\/wp\/v2\/users\/2"}],"replies":[{"embeddable":true,"href":"https:\/\/www.univates.br\/blog\/wp-json\/wp\/v2\/comments?post=6729"}],"version-history":[{"count":6,"href":"https:\/\/www.univates.br\/blog\/wp-json\/wp\/v2\/posts\/6729\/revisions"}],"predecessor-version":[{"id":6738,"href":"https:\/\/www.univates.br\/blog\/wp-json\/wp\/v2\/posts\/6729\/revisions\/6738"}],"wp:attachment":[{"href":"https:\/\/www.univates.br\/blog\/wp-json\/wp\/v2\/media?parent=6729"}],"wp:term":[{"taxonomy":"category","embeddable":true,"href":"https:\/\/www.univates.br\/blog\/wp-json\/wp\/v2\/categories?post=6729"}],"curies":[{"name":"wp","href":"https:\/\/api.w.org\/{rel}","templated":true}]}}