{"id":6749,"date":"2025-07-10T13:31:28","date_gmt":"2025-07-10T16:31:28","guid":{"rendered":"https:\/\/www.univates.br\/blog\/?p=6749"},"modified":"2025-07-10T13:31:28","modified_gmt":"2025-07-10T16:31:28","slug":"quando-fazer-academia","status":"publish","type":"post","link":"https:\/\/www.univates.br\/blog\/quando-fazer-academia\/","title":{"rendered":"Com quantos anos algu\u00e9m pode come\u00e7ar a fazer academia?"},"content":{"rendered":"\n<p>Com quantos anos algu\u00e9m pode come\u00e7ar a fazer academia? Ser\u00e1 que existe uma idade ideal para iniciar a pr\u00e1tica de exerc\u00edcios? \u00c9 poss\u00edvel treinar na adolesc\u00eancia, sem riscos \u00e0 sa\u00fade e ao desenvolvimento?<\/p>\n\n\n\n<p>Neste <em>post<\/em>, vamos responder a essas e outras d\u00favidas que voc\u00ea provavelmente deve ter tido se j\u00e1 pensou em cuidar do corpo em algum momento. Fique por aqui para obter informa\u00e7\u00f5es sobre sa\u00fade, bem-estar e evolu\u00e7\u00e3o f\u00edsica em cada fase da vida. \ud83c\udfcb\ufe0f\u200d\u2642\ufe0f\ud83c\udfa7<\/p>\n\n\n<div class=\"wp-block-image\">\n<figure class=\"aligncenter size-full\"><img loading=\"lazy\" decoding=\"async\" width=\"5184\" height=\"3456\" src=\"https:\/\/www.univates.br\/blog\/wp-content\/uploads\/2025\/07\/Imagens-posts-blog-2025-07-09T133121.214.jpg\" alt=\"Com quantos anos algu\u00e9m pode come\u00e7ar a fazer academia? \" class=\"wp-image-6750\"\/><figcaption class=\"wp-element-caption\">Foto: Divulga\u00e7\u00e3o\/Pexels<\/figcaption><\/figure>\n<\/div>\n\n\n<h2 class=\"wp-block-heading\"><strong>Com quantos anos algu\u00e9m pode come\u00e7ar a fazer academia?<\/strong><\/h2>\n\n\n\n<div class=\"wp-block-media-text is-stacked-on-mobile\"><figure class=\"wp-block-media-text__media\"><img loading=\"lazy\" decoding=\"async\" width=\"5184\" height=\"3456\" src=\"https:\/\/www.univates.br\/blog\/wp-content\/uploads\/2025\/07\/Imagens-posts-blog-2025-07-09T133304.426.jpg\" alt=\"\" class=\"wp-image-6751 size-full\"\/><\/figure><div class=\"wp-block-media-text__content\">\n<p><\/p>\n\n\n\n<p>Est\u00e1 \u00e9 uma d\u00favida supercomum, especialmente entre quem quer cuidar da sa\u00fade desde cedo ou retomar a pr\u00e1tica de exerc\u00edcios. \u00c9 importante entender que n\u00e3o existe idade \u00fanica e ideal para todos: o in\u00edcio da atividade f\u00edsica depende de diversos fatores, como o desenvolvimento f\u00edsico, a orienta\u00e7\u00e3o adequada e os objetivos pessoais de cada um.<\/p>\n<\/div><\/div>\n\n\n\n<p>Treinar na adolesc\u00eancia, por exemplo, \u00e9 mais seguro do que se imagina. Isso porque, nessa fase, o corpo est\u00e1 em desenvolvimento e a pr\u00e1tica regular de exerc\u00edcios pode ajudar a fortalecer ossos, m\u00fasculos e articula\u00e7\u00f5es, al\u00e9m de melhorar a postura e a coordena\u00e7\u00e3o motora. \u00c9 fundamental que os treinos dos adolescentes sejam supervisionados por profissionais qualificados, que saibam adaptar os exerc\u00edcios \u00e0s necessidades e limita\u00e7\u00f5es de cada jovem, evitando cargas excessivas que possam comprometer o crescimento.<\/p>\n\n\n\n<p>Adultos que come\u00e7am a praticar atividades f\u00edsicas tamb\u00e9m podem colher in\u00fameros benef\u00edcios. Com o avan\u00e7o da idade, o corpo naturalmente perde massa muscular, flexibilidade e densidade \u00f3ssea. A boa not\u00edcia \u00e9 que os exerc\u00edcios podem retardar esses processos, promovendo mais qualidade de vida e autonomia. Al\u00e9m disso, a atividade f\u00edsica ajuda a controlar o peso, reduzir o risco de doen\u00e7as cr\u00f4nicas, <a href=\"https:\/\/www.univates.br\/blog\/saude-mental-dicas\/\">melhorar a sa\u00fade mental<\/a> e aumentar a disposi\u00e7\u00e3o no dia a dia.<\/p>\n\n\n\n<p>Em resumo: independentemente da idade, o importante \u00e9 come\u00e7ar a praticar atividade f\u00edsica de forma gradual, respeitando os limites do seu corpo e sempre buscando a orienta\u00e7\u00e3o de profissionais para garantir a seguran\u00e7a e a efic\u00e1cia dos treinos.<\/p>\n\n\n\n<p><a href=\"https:\/\/www.univates.br\/blog\/musculacao\/\">Muscula\u00e7\u00e3o: o que \u00e9 e benef\u00edcios da pr\u00e1tica para a sa\u00fade<\/a><\/p>\n\n\n\n<p><a href=\"https:\/\/www.univates.br\/blog\/tudo-sobre-pilates\/\">Aula de Pilates: como funciona e quem pode administr\u00e1-la?<\/a><\/p>\n\n\n\n<h2 class=\"wp-block-heading\"><strong>Benef\u00edcios de treinar na academia<\/strong><\/h2>\n\n\n\n<p>\ud83d\udcaa <strong>Melhora da sa\u00fade cardiovascular: <\/strong>al\u00e9m de fortalecer o cora\u00e7\u00e3o, os exerc\u00edcios ajudam a controlar a press\u00e3o arterial e o colesterol, prevenindo doen\u00e7as;<\/p>\n\n\n\n<p>\ud83d\udcaa <strong>Aumento da massa muscular: <\/strong>com o tempo, os treinos regulares contribuem para o ganho de for\u00e7a e resist\u00eancia, o que \u00e9 essencial para a funcionalidade do corpo;\u00a0<\/p>\n\n\n\n<p>\ud83d\udcaa <strong>Controle do peso corporal: <\/strong>a atividade f\u00edsica auxilia na queima de calorias e no equil\u00edbrio do metabolismo;<\/p>\n\n\n\n<p>\ud83d\udcaa <strong>Melhora da postura e flexibilidade: <\/strong>quem se exercita regularmente t\u00eam menos les\u00f5es no corpo e sente menos dores, especialmente na coluna e nas articula\u00e7\u00f5es. O fortalecimento muscular e o alongamento promovem mais equil\u00edbrio e mobilidade;<\/p>\n\n\n\n<p>\ud83d\udcaa <strong>Aumento da disposi\u00e7\u00e3o e energia: <\/strong>a pr\u00e1tica regular de exerc\u00edcios f\u00edsicos estimula a libera\u00e7\u00e3o de endorfinas e outros neurotransmissores que melhoram o humor e reduzem o cansa\u00e7o. Com o tempo, o corpo se torna mais eficiente no uso de energia, proporcionando mais vitalidade para as atividades di\u00e1rias;<\/p>\n\n\n\n<p>\ud83d\udcaa <strong>Socializa\u00e7\u00e3o e motiva\u00e7\u00e3o:<\/strong> por fim, a academia pode ser um ambiente para conhecer pessoas e manter a motiva\u00e7\u00e3o nos treinos.<\/p>\n\n\n<div class=\"wp-block-image\">\n<figure class=\"aligncenter size-full\"><img loading=\"lazy\" decoding=\"async\" width=\"5184\" height=\"3456\" src=\"https:\/\/www.univates.br\/blog\/wp-content\/uploads\/2025\/07\/Imagens-posts-blog-2025-07-09T133446.350.jpg\" alt=\"\" class=\"wp-image-6754\"\/><figcaption class=\"wp-element-caption\">Foto: Divulga\u00e7\u00e3o\/Pexels<\/figcaption><\/figure>\n<\/div>\n\n\n<h2 class=\"wp-block-heading\"><strong>Voc\u00ea j\u00e1 conhece a academia de muscula\u00e7\u00e3o da Univates?<\/strong><\/h2>\n\n\n\n<p>Se ainda n\u00e3o, estamos aqui para apresentar esse espa\u00e7o incr\u00edvel. Localizada no Pr\u00e9dio 14, a academia \u00e9 ideal tanto para iniciantes quanto para pessoas que j\u00e1 treinam h\u00e1 mais tempo. Como o local fica no <em>campus<\/em> da Uni, muita gente aproveita para treinar antes ou depois das aulas e otimizar a rotina no dia a dia.<\/p>\n\n\n\n<p>A academia tamb\u00e9m \u00e9 um dos espa\u00e7os preferidos dos acad\u00eamicos do <a href=\"https:\/\/www.univates.br\/blog\/por-que-estudar-educacao-fisica-na-nossa-universidade\/\">curso de Educa\u00e7\u00e3o F\u00edsica<\/a>. Eles utilizam o local para colocar em pr\u00e1tica os conhecimentos adquiridos em sala de aula, realizando atividades supervisionadas por professores experientes. Isso garante um ambiente de aprendizado din\u00e2mico, no qual teoria e pr\u00e1tica caminham juntas, beneficiando tanto os alunos quanto os frequentadores da academia.<\/p>\n\n\n\n<p><a href=\"https:\/\/www.univates.br\/blog\/conheca-o-complexo-esportivo-da-univates\/\">Conhe\u00e7a o Complexo Esportivo da Univates<\/a><\/p>\n\n\n<div class=\"wp-block-image\">\n<figure class=\"aligncenter size-full\"><img loading=\"lazy\" decoding=\"async\" width=\"5184\" height=\"3456\" src=\"https:\/\/www.univates.br\/blog\/wp-content\/uploads\/2025\/07\/Imagens-posts-blog-2025-07-09T133637.552-Elise-Bozzetto.jpg\" alt=\"\" class=\"wp-image-6756\"\/><figcaption class=\"wp-element-caption\">Foto: Divulga\u00e7\u00e3o Univates\/Elise Bozzetto<\/figcaption><\/figure>\n<\/div>\n\n\n<h2 class=\"wp-block-heading\">Fim \ud83d\udc99<\/h2>\n\n\n\n<p>N\u00e3o importa sua idade ou n\u00edvel de experi\u00eancia: o essencial \u00e9 dar o primeiro passo. Ao come\u00e7ar a frequentar a academia, voc\u00ea vai notar mudan\u00e7as no seu corpo, na sua mente e no seu estilo de vida. Lembre-se de que nunca \u00e9 tarde demais para focar em voc\u00ea e se tornar sua melhor vers\u00e3o! \ud83c\udfc3\ud83d\udeb4\u200d\u2640\ufe0f<\/p>\n","protected":false},"excerpt":{"rendered":"<p>Com quantos anos algu\u00e9m pode come\u00e7ar a fazer academia? Ser\u00e1 que existe uma idade ideal para iniciar a pr\u00e1tica de exerc\u00edcios? \u00c9 poss\u00edvel treinar na adolesc\u00eancia, sem riscos \u00e0 sa\u00fade e ao desenvolvimento? Neste post, vamos responder a essas e\u2026<\/p>\n","protected":false},"author":2,"featured_media":0,"comment_status":"open","ping_status":"open","sticky":false,"template":"","format":"standard","meta":{"_acf_changed":false,"footnotes":""},"categories":[7],"class_list":["post-6749","post","type-post","status-publish","format-standard","hentry","category-univates","autor-lais-pontin-matos","curso-educacao-fisica","area-saude"],"acf":[],"yoast_head":"<!-- This site is optimized with the Yoast SEO plugin v27.3 - https:\/\/yoast.com\/product\/yoast-seo-wordpress\/ -->\n<title>Com quantos anos algu\u00e9m pode come\u00e7ar a fazer academia? - Univates Blog<\/title>\n<meta name=\"description\" content=\"Com quantos anos algu\u00e9m pode come\u00e7ar a fazer academia? Descubra se existe idade ideal para iniciar a pr\u00e1tica de exerc\u00edcios f\u00edsicos.\" \/>\n<meta name=\"robots\" content=\"index, follow, max-snippet:-1, max-image-preview:large, max-video-preview:-1\" \/>\n<link rel=\"canonical\" href=\"https:\/\/www.univates.br\/blog\/quando-fazer-academia\/\" \/>\n<meta property=\"og:locale\" content=\"pt_BR\" \/>\n<meta property=\"og:type\" content=\"article\" \/>\n<meta property=\"og:title\" content=\"Com quantos anos algu\u00e9m pode come\u00e7ar a fazer academia? - Univates Blog\" \/>\n<meta property=\"og:description\" content=\"Com quantos anos algu\u00e9m pode come\u00e7ar a fazer academia? Descubra se existe idade ideal para iniciar a pr\u00e1tica de exerc\u00edcios f\u00edsicos.\" \/>\n<meta property=\"og:url\" content=\"https:\/\/www.univates.br\/blog\/quando-fazer-academia\/\" \/>\n<meta property=\"og:site_name\" content=\"Univates Blog\" \/>\n<meta property=\"article:published_time\" content=\"2025-07-10T16:31:28+00:00\" \/>\n<meta property=\"og:image\" content=\"https:\/\/www.univates.br\/blog\/wp-content\/uploads\/2025\/07\/Imagens-posts-blog-2025-07-09T133121.214.jpg\" \/>\n<meta name=\"author\" content=\"Marketing Univates\" \/>\n<meta name=\"twitter:card\" content=\"summary_large_image\" \/>\n<meta name=\"twitter:label1\" content=\"Escrito por\" \/>\n\t<meta name=\"twitter:data1\" content=\"Marketing Univates\" \/>\n\t<meta name=\"twitter:label2\" content=\"Est. tempo de leitura\" \/>\n\t<meta name=\"twitter:data2\" content=\"5 minutos\" \/>\n<script type=\"application\/ld+json\" class=\"yoast-schema-graph\">{\"@context\":\"https:\\\/\\\/schema.org\",\"@graph\":[{\"@type\":\"Article\",\"@id\":\"https:\\\/\\\/www.univates.br\\\/blog\\\/quando-fazer-academia\\\/#article\",\"isPartOf\":{\"@id\":\"https:\\\/\\\/www.univates.br\\\/blog\\\/quando-fazer-academia\\\/\"},\"author\":{\"name\":\"Marketing Univates\",\"@id\":\"https:\\\/\\\/www.univates.br\\\/blog\\\/#\\\/schema\\\/person\\\/15c63917440cc5e70160c247b309af2f\"},\"headline\":\"Com quantos anos algu\u00e9m pode come\u00e7ar a fazer academia?\",\"datePublished\":\"2025-07-10T16:31:28+00:00\",\"mainEntityOfPage\":{\"@id\":\"https:\\\/\\\/www.univates.br\\\/blog\\\/quando-fazer-academia\\\/\"},\"wordCount\":815,\"commentCount\":0,\"image\":{\"@id\":\"https:\\\/\\\/www.univates.br\\\/blog\\\/quando-fazer-academia\\\/#primaryimage\"},\"thumbnailUrl\":\"https:\\\/\\\/www.univates.br\\\/blog\\\/wp-content\\\/uploads\\\/2025\\\/07\\\/Imagens-posts-blog-2025-07-09T133121.214.jpg\",\"articleSection\":[\"Univates\"],\"inLanguage\":\"pt-BR\",\"potentialAction\":[{\"@type\":\"CommentAction\",\"name\":\"Comment\",\"target\":[\"https:\\\/\\\/www.univates.br\\\/blog\\\/quando-fazer-academia\\\/#respond\"]}]},{\"@type\":\"WebPage\",\"@id\":\"https:\\\/\\\/www.univates.br\\\/blog\\\/quando-fazer-academia\\\/\",\"url\":\"https:\\\/\\\/www.univates.br\\\/blog\\\/quando-fazer-academia\\\/\",\"name\":\"Com quantos anos algu\u00e9m pode come\u00e7ar a fazer academia? - Univates Blog\",\"isPartOf\":{\"@id\":\"https:\\\/\\\/www.univates.br\\\/blog\\\/#website\"},\"primaryImageOfPage\":{\"@id\":\"https:\\\/\\\/www.univates.br\\\/blog\\\/quando-fazer-academia\\\/#primaryimage\"},\"image\":{\"@id\":\"https:\\\/\\\/www.univates.br\\\/blog\\\/quando-fazer-academia\\\/#primaryimage\"},\"thumbnailUrl\":\"https:\\\/\\\/www.univates.br\\\/blog\\\/wp-content\\\/uploads\\\/2025\\\/07\\\/Imagens-posts-blog-2025-07-09T133121.214.jpg\",\"datePublished\":\"2025-07-10T16:31:28+00:00\",\"author\":{\"@id\":\"https:\\\/\\\/www.univates.br\\\/blog\\\/#\\\/schema\\\/person\\\/15c63917440cc5e70160c247b309af2f\"},\"description\":\"Com quantos anos algu\u00e9m pode come\u00e7ar a fazer academia? Descubra se existe idade ideal para iniciar a pr\u00e1tica de exerc\u00edcios f\u00edsicos.\",\"breadcrumb\":{\"@id\":\"https:\\\/\\\/www.univates.br\\\/blog\\\/quando-fazer-academia\\\/#breadcrumb\"},\"inLanguage\":\"pt-BR\",\"potentialAction\":[{\"@type\":\"ReadAction\",\"target\":[\"https:\\\/\\\/www.univates.br\\\/blog\\\/quando-fazer-academia\\\/\"]}]},{\"@type\":\"ImageObject\",\"inLanguage\":\"pt-BR\",\"@id\":\"https:\\\/\\\/www.univates.br\\\/blog\\\/quando-fazer-academia\\\/#primaryimage\",\"url\":\"https:\\\/\\\/www.univates.br\\\/blog\\\/wp-content\\\/uploads\\\/2025\\\/07\\\/Imagens-posts-blog-2025-07-09T133121.214.jpg\",\"contentUrl\":\"https:\\\/\\\/www.univates.br\\\/blog\\\/wp-content\\\/uploads\\\/2025\\\/07\\\/Imagens-posts-blog-2025-07-09T133121.214.jpg\",\"width\":5184,\"height\":3456,\"caption\":\"Foto: Divulga\u00e7\u00e3o\\\/Pexels.\"},{\"@type\":\"BreadcrumbList\",\"@id\":\"https:\\\/\\\/www.univates.br\\\/blog\\\/quando-fazer-academia\\\/#breadcrumb\",\"itemListElement\":[{\"@type\":\"ListItem\",\"position\":1,\"name\":\"Home\",\"item\":\"https:\\\/\\\/www.univates.br\\\/blog\\\/\"},{\"@type\":\"ListItem\",\"position\":2,\"name\":\"Com quantos anos algu\u00e9m pode come\u00e7ar a fazer academia?\"}]},{\"@type\":\"WebSite\",\"@id\":\"https:\\\/\\\/www.univates.br\\\/blog\\\/#website\",\"url\":\"https:\\\/\\\/www.univates.br\\\/blog\\\/\",\"name\":\"Univates Blog\",\"description\":\"\",\"potentialAction\":[{\"@type\":\"SearchAction\",\"target\":{\"@type\":\"EntryPoint\",\"urlTemplate\":\"https:\\\/\\\/www.univates.br\\\/blog\\\/?s={search_term_string}\"},\"query-input\":{\"@type\":\"PropertyValueSpecification\",\"valueRequired\":true,\"valueName\":\"search_term_string\"}}],\"inLanguage\":\"pt-BR\"},{\"@type\":\"Person\",\"@id\":\"https:\\\/\\\/www.univates.br\\\/blog\\\/#\\\/schema\\\/person\\\/15c63917440cc5e70160c247b309af2f\",\"name\":\"Marketing Univates\",\"image\":{\"@type\":\"ImageObject\",\"inLanguage\":\"pt-BR\",\"@id\":\"https:\\\/\\\/secure.gravatar.com\\\/avatar\\\/511f9e77a6a3d0cddd9074f69a722364bc7f787e73d4a0da1f727ba62704eda4?s=96&d=mm&r=g\",\"url\":\"https:\\\/\\\/secure.gravatar.com\\\/avatar\\\/511f9e77a6a3d0cddd9074f69a722364bc7f787e73d4a0da1f727ba62704eda4?s=96&d=mm&r=g\",\"contentUrl\":\"https:\\\/\\\/secure.gravatar.com\\\/avatar\\\/511f9e77a6a3d0cddd9074f69a722364bc7f787e73d4a0da1f727ba62704eda4?s=96&d=mm&r=g\",\"caption\":\"Marketing Univates\"},\"sameAs\":[\"http:\\\/\\\/univates.br\"],\"url\":\"https:\\\/\\\/www.univates.br\\\/blog\\\/author\\\/marketing\\\/\"}]}<\/script>\n<!-- \/ Yoast SEO plugin. -->","yoast_head_json":{"title":"Com quantos anos algu\u00e9m pode come\u00e7ar a fazer academia? - Univates Blog","description":"Com quantos anos algu\u00e9m pode come\u00e7ar a fazer academia? Descubra se existe idade ideal para iniciar a pr\u00e1tica de exerc\u00edcios f\u00edsicos.","robots":{"index":"index","follow":"follow","max-snippet":"max-snippet:-1","max-image-preview":"max-image-preview:large","max-video-preview":"max-video-preview:-1"},"canonical":"https:\/\/www.univates.br\/blog\/quando-fazer-academia\/","og_locale":"pt_BR","og_type":"article","og_title":"Com quantos anos algu\u00e9m pode come\u00e7ar a fazer academia? - Univates Blog","og_description":"Com quantos anos algu\u00e9m pode come\u00e7ar a fazer academia? Descubra se existe idade ideal para iniciar a pr\u00e1tica de exerc\u00edcios f\u00edsicos.","og_url":"https:\/\/www.univates.br\/blog\/quando-fazer-academia\/","og_site_name":"Univates Blog","article_published_time":"2025-07-10T16:31:28+00:00","og_image":[{"url":"https:\/\/www.univates.br\/blog\/wp-content\/uploads\/2025\/07\/Imagens-posts-blog-2025-07-09T133121.214.jpg","type":"","width":"","height":""}],"author":"Marketing Univates","twitter_card":"summary_large_image","twitter_misc":{"Escrito por":"Marketing Univates","Est. tempo de leitura":"5 minutos"},"schema":{"@context":"https:\/\/schema.org","@graph":[{"@type":"Article","@id":"https:\/\/www.univates.br\/blog\/quando-fazer-academia\/#article","isPartOf":{"@id":"https:\/\/www.univates.br\/blog\/quando-fazer-academia\/"},"author":{"name":"Marketing Univates","@id":"https:\/\/www.univates.br\/blog\/#\/schema\/person\/15c63917440cc5e70160c247b309af2f"},"headline":"Com quantos anos algu\u00e9m pode come\u00e7ar a fazer academia?","datePublished":"2025-07-10T16:31:28+00:00","mainEntityOfPage":{"@id":"https:\/\/www.univates.br\/blog\/quando-fazer-academia\/"},"wordCount":815,"commentCount":0,"image":{"@id":"https:\/\/www.univates.br\/blog\/quando-fazer-academia\/#primaryimage"},"thumbnailUrl":"https:\/\/www.univates.br\/blog\/wp-content\/uploads\/2025\/07\/Imagens-posts-blog-2025-07-09T133121.214.jpg","articleSection":["Univates"],"inLanguage":"pt-BR","potentialAction":[{"@type":"CommentAction","name":"Comment","target":["https:\/\/www.univates.br\/blog\/quando-fazer-academia\/#respond"]}]},{"@type":"WebPage","@id":"https:\/\/www.univates.br\/blog\/quando-fazer-academia\/","url":"https:\/\/www.univates.br\/blog\/quando-fazer-academia\/","name":"Com quantos anos algu\u00e9m pode come\u00e7ar a fazer academia? - Univates Blog","isPartOf":{"@id":"https:\/\/www.univates.br\/blog\/#website"},"primaryImageOfPage":{"@id":"https:\/\/www.univates.br\/blog\/quando-fazer-academia\/#primaryimage"},"image":{"@id":"https:\/\/www.univates.br\/blog\/quando-fazer-academia\/#primaryimage"},"thumbnailUrl":"https:\/\/www.univates.br\/blog\/wp-content\/uploads\/2025\/07\/Imagens-posts-blog-2025-07-09T133121.214.jpg","datePublished":"2025-07-10T16:31:28+00:00","author":{"@id":"https:\/\/www.univates.br\/blog\/#\/schema\/person\/15c63917440cc5e70160c247b309af2f"},"description":"Com quantos anos algu\u00e9m pode come\u00e7ar a fazer academia? Descubra se existe idade ideal para iniciar a pr\u00e1tica de exerc\u00edcios f\u00edsicos.","breadcrumb":{"@id":"https:\/\/www.univates.br\/blog\/quando-fazer-academia\/#breadcrumb"},"inLanguage":"pt-BR","potentialAction":[{"@type":"ReadAction","target":["https:\/\/www.univates.br\/blog\/quando-fazer-academia\/"]}]},{"@type":"ImageObject","inLanguage":"pt-BR","@id":"https:\/\/www.univates.br\/blog\/quando-fazer-academia\/#primaryimage","url":"https:\/\/www.univates.br\/blog\/wp-content\/uploads\/2025\/07\/Imagens-posts-blog-2025-07-09T133121.214.jpg","contentUrl":"https:\/\/www.univates.br\/blog\/wp-content\/uploads\/2025\/07\/Imagens-posts-blog-2025-07-09T133121.214.jpg","width":5184,"height":3456,"caption":"Foto: Divulga\u00e7\u00e3o\/Pexels."},{"@type":"BreadcrumbList","@id":"https:\/\/www.univates.br\/blog\/quando-fazer-academia\/#breadcrumb","itemListElement":[{"@type":"ListItem","position":1,"name":"Home","item":"https:\/\/www.univates.br\/blog\/"},{"@type":"ListItem","position":2,"name":"Com quantos anos algu\u00e9m pode come\u00e7ar a fazer academia?"}]},{"@type":"WebSite","@id":"https:\/\/www.univates.br\/blog\/#website","url":"https:\/\/www.univates.br\/blog\/","name":"Univates Blog","description":"","potentialAction":[{"@type":"SearchAction","target":{"@type":"EntryPoint","urlTemplate":"https:\/\/www.univates.br\/blog\/?s={search_term_string}"},"query-input":{"@type":"PropertyValueSpecification","valueRequired":true,"valueName":"search_term_string"}}],"inLanguage":"pt-BR"},{"@type":"Person","@id":"https:\/\/www.univates.br\/blog\/#\/schema\/person\/15c63917440cc5e70160c247b309af2f","name":"Marketing Univates","image":{"@type":"ImageObject","inLanguage":"pt-BR","@id":"https:\/\/secure.gravatar.com\/avatar\/511f9e77a6a3d0cddd9074f69a722364bc7f787e73d4a0da1f727ba62704eda4?s=96&d=mm&r=g","url":"https:\/\/secure.gravatar.com\/avatar\/511f9e77a6a3d0cddd9074f69a722364bc7f787e73d4a0da1f727ba62704eda4?s=96&d=mm&r=g","contentUrl":"https:\/\/secure.gravatar.com\/avatar\/511f9e77a6a3d0cddd9074f69a722364bc7f787e73d4a0da1f727ba62704eda4?s=96&d=mm&r=g","caption":"Marketing Univates"},"sameAs":["http:\/\/univates.br"],"url":"https:\/\/www.univates.br\/blog\/author\/marketing\/"}]}},"_links":{"self":[{"href":"https:\/\/www.univates.br\/blog\/wp-json\/wp\/v2\/posts\/6749","targetHints":{"allow":["GET"]}}],"collection":[{"href":"https:\/\/www.univates.br\/blog\/wp-json\/wp\/v2\/posts"}],"about":[{"href":"https:\/\/www.univates.br\/blog\/wp-json\/wp\/v2\/types\/post"}],"author":[{"embeddable":true,"href":"https:\/\/www.univates.br\/blog\/wp-json\/wp\/v2\/users\/2"}],"replies":[{"embeddable":true,"href":"https:\/\/www.univates.br\/blog\/wp-json\/wp\/v2\/comments?post=6749"}],"version-history":[{"count":6,"href":"https:\/\/www.univates.br\/blog\/wp-json\/wp\/v2\/posts\/6749\/revisions"}],"predecessor-version":[{"id":6759,"href":"https:\/\/www.univates.br\/blog\/wp-json\/wp\/v2\/posts\/6749\/revisions\/6759"}],"wp:attachment":[{"href":"https:\/\/www.univates.br\/blog\/wp-json\/wp\/v2\/media?parent=6749"}],"wp:term":[{"taxonomy":"category","embeddable":true,"href":"https:\/\/www.univates.br\/blog\/wp-json\/wp\/v2\/categories?post=6749"}],"curies":[{"name":"wp","href":"https:\/\/api.w.org\/{rel}","templated":true}]}}