{"id":6801,"date":"2025-08-08T11:23:27","date_gmt":"2025-08-08T14:23:27","guid":{"rendered":"https:\/\/www.univates.br\/blog\/?p=6801"},"modified":"2026-03-10T12:12:13","modified_gmt":"2026-03-10T15:12:13","slug":"o-que-faz-um-arquiteto","status":"publish","type":"post","link":"https:\/\/www.univates.br\/blog\/o-que-faz-um-arquiteto\/","title":{"rendered":"O que faz um arquiteto?"},"content":{"rendered":"\n<p>O que faz um arquiteto? Muito mais do que desenhar plantas ou idealizar constru\u00e7\u00f5es, esse profissional \u00e9 respons\u00e1vel por transformar ideias em espa\u00e7os funcionais, seguros e, \u00e9 claro, bonitos. O arquiteto e urbanista atua desde o planejamento at\u00e9 a execu\u00e7\u00e3o de obras, considerando aspectos t\u00e9cnicos, ambientais e sociais.<\/p>\n\n\n\n<p>Quer entender melhor as responsabilidades e fun\u00e7\u00f5es desse profissional? Ent\u00e3o continue atento ao <em>post<\/em> que preparamos. Al\u00e9m de informa\u00e7\u00f5es sobre mercado de trabalho, nosso conte\u00fado tamb\u00e9m traz detalhes a respeito do curso de Arquitetura e Urbanismo da Univates. Siga o fio para ficar por dentro de tudo o que envolve essa carreira repleta de possibilidades e desafios! \ud83c\udfe0\ud83d\udcd0<\/p>\n\n\n<div class=\"wp-block-image\">\n<figure class=\"aligncenter size-full\"><img loading=\"lazy\" decoding=\"async\" width=\"5184\" height=\"3456\" src=\"https:\/\/www.univates.br\/blog\/wp-content\/uploads\/2025\/08\/Imagens-posts-blog-2025-07-23T123726.621.jpg\" alt=\"\" class=\"wp-image-6803\"\/><figcaption class=\"wp-element-caption\">Foto: Divulga\u00e7\u00e3o\/Pexels<\/figcaption><\/figure>\n<\/div>\n\n\n<h2 class=\"wp-block-heading\"><strong>O que faz um arquiteto e urbanista?&nbsp;<\/strong><\/h2>\n\n\n\n<p>Como j\u00e1 adiantamos, o trabalho do arquiteto e urbanista vai muito al\u00e9m do desenho de plantas ou da est\u00e9tica das constru\u00e7\u00f5es. Esse profissional atua de forma integrada em diversas etapas de um projeto, desde a concep\u00e7\u00e3o da ideia at\u00e9 a entrega final da obra. Ou seja, ele participa ativamente do planejamento e da elabora\u00e7\u00e3o de projetos arquitet\u00f4nicos, da an\u00e1lise de viabilidade t\u00e9cnica e financeira e, por fim, da coordena\u00e7\u00e3o de equipes envolvidas na constru\u00e7\u00e3o. Ufa, n\u00e3o \u00e9 pouca coisa, n\u00e3o!<\/p>\n\n\n\n<p>O arquiteto precisa considerar fatores como conforto, acessibilidade, <a href=\"https:\/\/www.univates.br\/blog\/construcoes-sustentaveis\/\">sustentabilidade<\/a> e integra\u00e7\u00e3o com o ambiente ao seu redor. Isso significa que ele n\u00e3o projeta apenas edifica\u00e7\u00f5es, mas tamb\u00e9m espa\u00e7os urbanos, como pra\u00e7as, ruas e bairros inteiros, sempre pensando no bem-estar coletivo e no desenvolvimento das cidades.<\/p>\n\n\n\n<div class=\"wp-block-media-text is-stacked-on-mobile\"><figure class=\"wp-block-media-text__media\"><img loading=\"lazy\" decoding=\"async\" width=\"5184\" height=\"3456\" src=\"https:\/\/www.univates.br\/blog\/wp-content\/uploads\/2025\/08\/Imagens-posts-blog-2025-07-23T123553.232.jpg\" alt=\"\" class=\"wp-image-6805 size-full\"\/><\/figure><div class=\"wp-block-media-text__content\">\n<p><\/p>\n\n\n\n<p>A atua\u00e7\u00e3o do arquiteto tamb\u00e9m envolve conhecimentos em legisla\u00e7\u00e3o, normas t\u00e9cnicas e gest\u00e3o de obras, o que torna a profiss\u00e3o ainda mais estrat\u00e9gica e multidisciplinar. Considerando tudo o que vimos at\u00e9 aqui, podemos afirmar com seguran\u00e7a que o arquiteto e urbanista \u00e9 pe\u00e7a fundamental na constru\u00e7\u00e3o de espa\u00e7os mais humanos, organizados e eficientes.&nbsp;<br><\/p>\n<\/div><\/div>\n\n\n\n<p><a href=\"https:\/\/www.univates.br\/blog\/arquitetos-e-cavernas-voce-sabe-qual-a-relacao-entre-eles\/\">Arquitetos e cavernas: voc\u00ea sabe qual a rela\u00e7\u00e3o entre eles?<\/a><\/p>\n\n\n\n<h2 class=\"wp-block-heading\"><strong>Onde um arquiteto pode trabalhar?&nbsp;<\/strong><\/h2>\n\n\n\n<p>\ud83d\udc77\u200d\u2642\ufe0f Em escrit\u00f3rios de arquitetura, desenvolvendo projetos residenciais, comerciais, industriais e institucionais;<\/p>\n\n\n\n<p>\ud83d\udc77\u200d\u2642\ufe0f Em construtoras e incorporadoras, atuando na elabora\u00e7\u00e3o e no acompanhamento de projetos e obras;<\/p>\n\n\n\n<p>\ud83d\udc77\u200d\u2642\ufe0f Em \u00f3rg\u00e3os p\u00fablicos, realizando o planejamento urbano, a preserva\u00e7\u00e3o do patrim\u00f4nio hist\u00f3rico e o licenciamento e fiscaliza\u00e7\u00e3o de obras;<\/p>\n\n\n\n<p>\ud83d\udc77\u200d\u2642\ufe0f Em empresas de <em>design<\/em> de interiores, realizando projetos de ambienta\u00e7\u00e3o, <em>layout<\/em> e funcionalidade de espa\u00e7os internos;<\/p>\n\n\n\n<p>\ud83d\udc77\u200d\u2642\ufe0f De forma aut\u00f4noma, executando projetos independentes, com flexibilidade de atua\u00e7\u00e3o (clique <a href=\"https:\/\/www.univates.br\/blog\/sera-que-voce-leva-jeito-para-empreender\/\">aqui<\/a> para descobrir se voc\u00ea leva jeito para empreender e montar seu pr\u00f3prio neg\u00f3cio).<\/p>\n\n\n\n<p><a href=\"https:\/\/www.univates.br\/blog\/onde-posso-trabalhar-depois-de-formado-no-curso-de-arquitetura-e-urbanismo\/\">Onde posso trabalhar depois de formado no curso de Arquitetura e Urbanismo?<\/a><\/p>\n\n\n<div class=\"wp-block-image\">\n<figure class=\"aligncenter size-full\"><img loading=\"lazy\" decoding=\"async\" width=\"5184\" height=\"3456\" src=\"https:\/\/www.univates.br\/blog\/wp-content\/uploads\/2025\/08\/Imagens-posts-blog-2025-07-23T123855.343.jpg\" alt=\"\" class=\"wp-image-6809\"\/><figcaption class=\"wp-element-caption\">Foto: Divulga\u00e7\u00e3o\/Pexels<\/figcaption><\/figure>\n<\/div>\n\n\n<h2 class=\"wp-block-heading\"><strong>O que arquiteto faz: soft skills do arquiteto\u00a0<\/strong><\/h2>\n\n\n\n<p>As principais soft skills do arquiteto envolvem compet\u00eancias comportamentais que permitem transformar ideias em projetos eficientes, colaborativos e execut\u00e1veis.&nbsp;<\/p>\n\n\n\n<p>Al\u00e9m do dom\u00ednio t\u00e9cnico, o arquiteto precisa desenvolver habilidades que o ajudem a lidar com clientes, equipes e processos complexos do in\u00edcio ao fim da obra.&nbsp;<\/p>\n\n\n\n<p>Entre as mais importantes est\u00e3o:<\/p>\n\n\n\n<ul class=\"wp-block-list\">\n<li>comunica\u00e7\u00e3o clara para apresentar ideias e alinhar expectativas com clientes e equipes;<\/li>\n\n\n\n<li>criatividade e pensamento cr\u00edtico, essenciais para propor solu\u00e7\u00f5es funcionais e inovadoras;<\/li>\n\n\n\n<li>gest\u00e3o de tempo, garantindo prazos realistas e organiza\u00e7\u00e3o de m\u00faltiplos projetos;<\/li>\n\n\n\n<li>trabalho em equipe, j\u00e1 que o arquiteto atua com engenheiros, designers, fornecedores e gestores;<\/li>\n\n\n\n<li>adaptabilidade para ajustar projetos conforme normas, or\u00e7amento e demandas do cliente;<\/li>\n\n\n\n<li>resolu\u00e7\u00e3o de problemas, fundamental para decis\u00f5es r\u00e1pidas durante o processo construtivo;<\/li>\n\n\n\n<li>empatia para entender necessidades do cliente e criar espa\u00e7os realmente funcionais.<\/li>\n<\/ul>\n\n\n\n<p>Portanto, al\u00e9m de entender o que o arquiteto faz, \u00e9 importante conhecer tamb\u00e9m as habilidades que esse profissional precisa desenvolver, al\u00e9m do repert\u00f3rio t\u00e9cnico, para se tornar completo.<\/p>\n\n\n\n<h2 class=\"wp-block-heading\"><strong>O curso de Arquitetura e Urbanismo da Univates: m\u00e3o na massa e foco no mercado de trabalho<\/strong><\/h2>\n\n\n\n<p>No <a href=\"https:\/\/www.univates.br\/graduacao\/arquitetura-e-urbanismo\">curso de Arquitetura e Urbanismo da Uni<\/a>, voc\u00ea ter\u00e1 a oportunidade de participar de viv\u00eancias e projetos regionais que simulam a profiss\u00e3o, al\u00e9m de realizar viagens e visitas t\u00e9cnicas que certamente ampliar\u00e3o sua vis\u00e3o sobre o campo da arquitetura e do desenvolvimento urbano. Voc\u00ea ser\u00e1 preparado para se tornar um profissional que pensa as cidades e compreende seu papel como agente de mudan\u00e7a social. Legal, n\u00e3o \u00e9?<\/p>\n\n\n\n<div class=\"wp-block-media-text is-stacked-on-mobile\"><figure class=\"wp-block-media-text__media\"><img loading=\"lazy\" decoding=\"async\" width=\"5184\" height=\"3456\" src=\"https:\/\/www.univates.br\/blog\/wp-content\/uploads\/2025\/08\/Imagens-posts-blog-2025-07-23T124027.048-Divulgacao-Univates-Vitoria-Giovanella.jpg\" alt=\"\" class=\"wp-image-6811 size-full\"\/><\/figure><div class=\"wp-block-media-text__content\">\n<p><\/p>\n\n\n\n<p>O curso tem uma infraestrutura de encher os olhos. No Escrit\u00f3rio Modelo de Arquitetura e nos Laborat\u00f3rios de Conforto Ambiental, de Tecnologias da Constru\u00e7\u00e3o, Instala\u00e7\u00f5es El\u00e9tricas e Instala\u00e7\u00f5es Hidrossanit\u00e1rias, por exemplo, voc\u00ea poder\u00e1 colocar em pr\u00e1tica os conhecimentos adquiridos em sala de aula, desenvolvendo projetos reais e solu\u00e7\u00f5es inovadoras para os desafios da constru\u00e7\u00e3o e do planejamento urbano. <\/p>\n<\/div><\/div>\n\n\n\n<p>Esses espa\u00e7os incentivam a experimenta\u00e7\u00e3o, a pesquisa aplicada e a integra\u00e7\u00e3o entre teoria e pr\u00e1tica, preparando os estudantes para ingressar no mercado de trabalho com muita seguran\u00e7a e autonomia.<\/p>\n\n\n\n<p>Saiba mais sobre o curso de Arquitetura e Urbanismo da Univates clicando <a href=\"https:\/\/www.univates.br\/blog\/quatro-curiosidades-sobre-o-curso-de-arquitetura-e-urbanismo\/\">aqui<\/a> e dando <em>play<\/em> no v\u00eddeo abaixo.<\/p>\n\n\n\n<figure class=\"wp-block-embed is-type-video is-provider-youtube wp-block-embed-youtube wp-embed-aspect-16-9 wp-has-aspect-ratio\"><div class=\"wp-block-embed__wrapper\">\n<iframe loading=\"lazy\" title=\"Arquitetura Univates\" width=\"500\" height=\"281\" src=\"https:\/\/www.youtube.com\/embed\/7tfCdXFTY2E?feature=oembed\" frameborder=\"0\" allow=\"accelerometer; autoplay; clipboard-write; encrypted-media; gyroscope; picture-in-picture; web-share\" referrerpolicy=\"strict-origin-when-cross-origin\" allowfullscreen><\/iframe>\n<\/div><\/figure>\n\n\n\n<h2 class=\"wp-block-heading\">Fim \ud83d\udc99<\/h2>\n\n\n\n<p>Se sua paix\u00e3o \u00e9 criar espa\u00e7os que impactam a vida das pessoas, ingresse j\u00e1 no curso de Arquitetura e Urbanismo da Univates. Estamos preparados para ajudar voc\u00ea a transformar seu talento em conhecimento pr\u00e1tico e desenvolver suas habilidades. Conte com a gente para construir seu futuro! \ud83d\udc77\u200d\u2640\ufe0f\ud83d\ude80<\/p>\n","protected":false},"excerpt":{"rendered":"<p>O que faz um arquiteto? Muito mais do que desenhar plantas ou idealizar constru\u00e7\u00f5es, esse profissional \u00e9 respons\u00e1vel por transformar ideias em espa\u00e7os funcionais, seguros e, \u00e9 claro, bonitos. O arquiteto e urbanista atua desde o planejamento at\u00e9 a execu\u00e7\u00e3o\u2026<\/p>\n","protected":false},"author":2,"featured_media":0,"comment_status":"open","ping_status":"open","sticky":false,"template":"","format":"standard","meta":{"_acf_changed":false,"footnotes":""},"categories":[7],"class_list":["post-6801","post","type-post","status-publish","format-standard","hentry","category-univates","autor-lais-pontin-matos","curso-arquitetura","area-arquitetura-e-engenharias"],"acf":[],"yoast_head":"<!-- This site is optimized with the Yoast SEO plugin v27.3 - https:\/\/yoast.com\/product\/yoast-seo-wordpress\/ -->\n<title>O que faz um arquiteto? - Univates Blog<\/title>\n<meta name=\"description\" content=\"O que faz um arquiteto? Saiba mais sobre as atribui\u00e7\u00f5es do profissional que planeja, projeta e coordena constru\u00e7\u00f5es. Entenda o que arquiteto faz!\" \/>\n<meta name=\"robots\" content=\"index, follow, max-snippet:-1, max-image-preview:large, max-video-preview:-1\" \/>\n<link rel=\"canonical\" href=\"https:\/\/www.univates.br\/blog\/o-que-faz-um-arquiteto\/\" \/>\n<meta property=\"og:locale\" content=\"pt_BR\" \/>\n<meta property=\"og:type\" content=\"article\" \/>\n<meta property=\"og:title\" content=\"O que faz um arquiteto? - Univates Blog\" \/>\n<meta property=\"og:description\" content=\"O que faz um arquiteto? Saiba mais sobre as atribui\u00e7\u00f5es do profissional que planeja, projeta e coordena constru\u00e7\u00f5es. Entenda o que arquiteto faz!\" \/>\n<meta property=\"og:url\" content=\"https:\/\/www.univates.br\/blog\/o-que-faz-um-arquiteto\/\" \/>\n<meta property=\"og:site_name\" content=\"Univates Blog\" \/>\n<meta property=\"article:published_time\" content=\"2025-08-08T14:23:27+00:00\" \/>\n<meta property=\"article:modified_time\" content=\"2026-03-10T15:12:13+00:00\" \/>\n<meta property=\"og:image\" content=\"https:\/\/www.univates.br\/blog\/wp-content\/uploads\/2025\/08\/Imagens-posts-blog-2025-07-23T123726.621.jpg\" \/>\n\t<meta property=\"og:image:width\" content=\"5184\" \/>\n\t<meta property=\"og:image:height\" content=\"3456\" \/>\n\t<meta property=\"og:image:type\" content=\"image\/jpeg\" \/>\n<meta name=\"author\" content=\"Marketing Univates\" \/>\n<meta name=\"twitter:card\" content=\"summary_large_image\" \/>\n<meta name=\"twitter:label1\" content=\"Escrito por\" \/>\n\t<meta name=\"twitter:data1\" content=\"Marketing Univates\" \/>\n\t<meta name=\"twitter:label2\" content=\"Est. tempo de leitura\" \/>\n\t<meta name=\"twitter:data2\" content=\"6 minutos\" \/>\n<script type=\"application\/ld+json\" class=\"yoast-schema-graph\">{\"@context\":\"https:\\\/\\\/schema.org\",\"@graph\":[{\"@type\":\"Article\",\"@id\":\"https:\\\/\\\/www.univates.br\\\/blog\\\/o-que-faz-um-arquiteto\\\/#article\",\"isPartOf\":{\"@id\":\"https:\\\/\\\/www.univates.br\\\/blog\\\/o-que-faz-um-arquiteto\\\/\"},\"author\":{\"name\":\"Marketing Univates\",\"@id\":\"https:\\\/\\\/www.univates.br\\\/blog\\\/#\\\/schema\\\/person\\\/15c63917440cc5e70160c247b309af2f\"},\"headline\":\"O que faz um arquiteto?\",\"datePublished\":\"2025-08-08T14:23:27+00:00\",\"dateModified\":\"2026-03-10T15:12:13+00:00\",\"mainEntityOfPage\":{\"@id\":\"https:\\\/\\\/www.univates.br\\\/blog\\\/o-que-faz-um-arquiteto\\\/\"},\"wordCount\":938,\"commentCount\":0,\"image\":{\"@id\":\"https:\\\/\\\/www.univates.br\\\/blog\\\/o-que-faz-um-arquiteto\\\/#primaryimage\"},\"thumbnailUrl\":\"https:\\\/\\\/www.univates.br\\\/blog\\\/wp-content\\\/uploads\\\/2025\\\/08\\\/Imagens-posts-blog-2025-07-23T123726.621.jpg\",\"articleSection\":[\"Univates\"],\"inLanguage\":\"pt-BR\",\"potentialAction\":[{\"@type\":\"CommentAction\",\"name\":\"Comment\",\"target\":[\"https:\\\/\\\/www.univates.br\\\/blog\\\/o-que-faz-um-arquiteto\\\/#respond\"]}]},{\"@type\":\"WebPage\",\"@id\":\"https:\\\/\\\/www.univates.br\\\/blog\\\/o-que-faz-um-arquiteto\\\/\",\"url\":\"https:\\\/\\\/www.univates.br\\\/blog\\\/o-que-faz-um-arquiteto\\\/\",\"name\":\"O que faz um arquiteto? - Univates Blog\",\"isPartOf\":{\"@id\":\"https:\\\/\\\/www.univates.br\\\/blog\\\/#website\"},\"primaryImageOfPage\":{\"@id\":\"https:\\\/\\\/www.univates.br\\\/blog\\\/o-que-faz-um-arquiteto\\\/#primaryimage\"},\"image\":{\"@id\":\"https:\\\/\\\/www.univates.br\\\/blog\\\/o-que-faz-um-arquiteto\\\/#primaryimage\"},\"thumbnailUrl\":\"https:\\\/\\\/www.univates.br\\\/blog\\\/wp-content\\\/uploads\\\/2025\\\/08\\\/Imagens-posts-blog-2025-07-23T123726.621.jpg\",\"datePublished\":\"2025-08-08T14:23:27+00:00\",\"dateModified\":\"2026-03-10T15:12:13+00:00\",\"author\":{\"@id\":\"https:\\\/\\\/www.univates.br\\\/blog\\\/#\\\/schema\\\/person\\\/15c63917440cc5e70160c247b309af2f\"},\"description\":\"O que faz um arquiteto? Saiba mais sobre as atribui\u00e7\u00f5es do profissional que planeja, projeta e coordena constru\u00e7\u00f5es. Entenda o que arquiteto faz!\",\"breadcrumb\":{\"@id\":\"https:\\\/\\\/www.univates.br\\\/blog\\\/o-que-faz-um-arquiteto\\\/#breadcrumb\"},\"inLanguage\":\"pt-BR\",\"potentialAction\":[{\"@type\":\"ReadAction\",\"target\":[\"https:\\\/\\\/www.univates.br\\\/blog\\\/o-que-faz-um-arquiteto\\\/\"]}]},{\"@type\":\"ImageObject\",\"inLanguage\":\"pt-BR\",\"@id\":\"https:\\\/\\\/www.univates.br\\\/blog\\\/o-que-faz-um-arquiteto\\\/#primaryimage\",\"url\":\"https:\\\/\\\/www.univates.br\\\/blog\\\/wp-content\\\/uploads\\\/2025\\\/08\\\/Imagens-posts-blog-2025-07-23T123726.621.jpg\",\"contentUrl\":\"https:\\\/\\\/www.univates.br\\\/blog\\\/wp-content\\\/uploads\\\/2025\\\/08\\\/Imagens-posts-blog-2025-07-23T123726.621.jpg\",\"width\":5184,\"height\":3456,\"caption\":\"Foto: Divulga\u00e7\u00e3o\\\/Pexels.\"},{\"@type\":\"BreadcrumbList\",\"@id\":\"https:\\\/\\\/www.univates.br\\\/blog\\\/o-que-faz-um-arquiteto\\\/#breadcrumb\",\"itemListElement\":[{\"@type\":\"ListItem\",\"position\":1,\"name\":\"Home\",\"item\":\"https:\\\/\\\/www.univates.br\\\/blog\\\/\"},{\"@type\":\"ListItem\",\"position\":2,\"name\":\"O que faz um arquiteto?\"}]},{\"@type\":\"WebSite\",\"@id\":\"https:\\\/\\\/www.univates.br\\\/blog\\\/#website\",\"url\":\"https:\\\/\\\/www.univates.br\\\/blog\\\/\",\"name\":\"Univates Blog\",\"description\":\"\",\"potentialAction\":[{\"@type\":\"SearchAction\",\"target\":{\"@type\":\"EntryPoint\",\"urlTemplate\":\"https:\\\/\\\/www.univates.br\\\/blog\\\/?s={search_term_string}\"},\"query-input\":{\"@type\":\"PropertyValueSpecification\",\"valueRequired\":true,\"valueName\":\"search_term_string\"}}],\"inLanguage\":\"pt-BR\"},{\"@type\":\"Person\",\"@id\":\"https:\\\/\\\/www.univates.br\\\/blog\\\/#\\\/schema\\\/person\\\/15c63917440cc5e70160c247b309af2f\",\"name\":\"Marketing Univates\",\"image\":{\"@type\":\"ImageObject\",\"inLanguage\":\"pt-BR\",\"@id\":\"https:\\\/\\\/secure.gravatar.com\\\/avatar\\\/511f9e77a6a3d0cddd9074f69a722364bc7f787e73d4a0da1f727ba62704eda4?s=96&d=mm&r=g\",\"url\":\"https:\\\/\\\/secure.gravatar.com\\\/avatar\\\/511f9e77a6a3d0cddd9074f69a722364bc7f787e73d4a0da1f727ba62704eda4?s=96&d=mm&r=g\",\"contentUrl\":\"https:\\\/\\\/secure.gravatar.com\\\/avatar\\\/511f9e77a6a3d0cddd9074f69a722364bc7f787e73d4a0da1f727ba62704eda4?s=96&d=mm&r=g\",\"caption\":\"Marketing Univates\"},\"sameAs\":[\"http:\\\/\\\/univates.br\"],\"url\":\"https:\\\/\\\/www.univates.br\\\/blog\\\/author\\\/marketing\\\/\"}]}<\/script>\n<!-- \/ Yoast SEO plugin. -->","yoast_head_json":{"title":"O que faz um arquiteto? - Univates Blog","description":"O que faz um arquiteto? Saiba mais sobre as atribui\u00e7\u00f5es do profissional que planeja, projeta e coordena constru\u00e7\u00f5es. Entenda o que arquiteto faz!","robots":{"index":"index","follow":"follow","max-snippet":"max-snippet:-1","max-image-preview":"max-image-preview:large","max-video-preview":"max-video-preview:-1"},"canonical":"https:\/\/www.univates.br\/blog\/o-que-faz-um-arquiteto\/","og_locale":"pt_BR","og_type":"article","og_title":"O que faz um arquiteto? - Univates Blog","og_description":"O que faz um arquiteto? Saiba mais sobre as atribui\u00e7\u00f5es do profissional que planeja, projeta e coordena constru\u00e7\u00f5es. Entenda o que arquiteto faz!","og_url":"https:\/\/www.univates.br\/blog\/o-que-faz-um-arquiteto\/","og_site_name":"Univates Blog","article_published_time":"2025-08-08T14:23:27+00:00","article_modified_time":"2026-03-10T15:12:13+00:00","og_image":[{"width":5184,"height":3456,"url":"https:\/\/www.univates.br\/blog\/wp-content\/uploads\/2025\/08\/Imagens-posts-blog-2025-07-23T123726.621.jpg","type":"image\/jpeg"}],"author":"Marketing Univates","twitter_card":"summary_large_image","twitter_misc":{"Escrito por":"Marketing Univates","Est. tempo de leitura":"6 minutos"},"schema":{"@context":"https:\/\/schema.org","@graph":[{"@type":"Article","@id":"https:\/\/www.univates.br\/blog\/o-que-faz-um-arquiteto\/#article","isPartOf":{"@id":"https:\/\/www.univates.br\/blog\/o-que-faz-um-arquiteto\/"},"author":{"name":"Marketing Univates","@id":"https:\/\/www.univates.br\/blog\/#\/schema\/person\/15c63917440cc5e70160c247b309af2f"},"headline":"O que faz um arquiteto?","datePublished":"2025-08-08T14:23:27+00:00","dateModified":"2026-03-10T15:12:13+00:00","mainEntityOfPage":{"@id":"https:\/\/www.univates.br\/blog\/o-que-faz-um-arquiteto\/"},"wordCount":938,"commentCount":0,"image":{"@id":"https:\/\/www.univates.br\/blog\/o-que-faz-um-arquiteto\/#primaryimage"},"thumbnailUrl":"https:\/\/www.univates.br\/blog\/wp-content\/uploads\/2025\/08\/Imagens-posts-blog-2025-07-23T123726.621.jpg","articleSection":["Univates"],"inLanguage":"pt-BR","potentialAction":[{"@type":"CommentAction","name":"Comment","target":["https:\/\/www.univates.br\/blog\/o-que-faz-um-arquiteto\/#respond"]}]},{"@type":"WebPage","@id":"https:\/\/www.univates.br\/blog\/o-que-faz-um-arquiteto\/","url":"https:\/\/www.univates.br\/blog\/o-que-faz-um-arquiteto\/","name":"O que faz um arquiteto? - Univates Blog","isPartOf":{"@id":"https:\/\/www.univates.br\/blog\/#website"},"primaryImageOfPage":{"@id":"https:\/\/www.univates.br\/blog\/o-que-faz-um-arquiteto\/#primaryimage"},"image":{"@id":"https:\/\/www.univates.br\/blog\/o-que-faz-um-arquiteto\/#primaryimage"},"thumbnailUrl":"https:\/\/www.univates.br\/blog\/wp-content\/uploads\/2025\/08\/Imagens-posts-blog-2025-07-23T123726.621.jpg","datePublished":"2025-08-08T14:23:27+00:00","dateModified":"2026-03-10T15:12:13+00:00","author":{"@id":"https:\/\/www.univates.br\/blog\/#\/schema\/person\/15c63917440cc5e70160c247b309af2f"},"description":"O que faz um arquiteto? Saiba mais sobre as atribui\u00e7\u00f5es do profissional que planeja, projeta e coordena constru\u00e7\u00f5es. Entenda o que arquiteto faz!","breadcrumb":{"@id":"https:\/\/www.univates.br\/blog\/o-que-faz-um-arquiteto\/#breadcrumb"},"inLanguage":"pt-BR","potentialAction":[{"@type":"ReadAction","target":["https:\/\/www.univates.br\/blog\/o-que-faz-um-arquiteto\/"]}]},{"@type":"ImageObject","inLanguage":"pt-BR","@id":"https:\/\/www.univates.br\/blog\/o-que-faz-um-arquiteto\/#primaryimage","url":"https:\/\/www.univates.br\/blog\/wp-content\/uploads\/2025\/08\/Imagens-posts-blog-2025-07-23T123726.621.jpg","contentUrl":"https:\/\/www.univates.br\/blog\/wp-content\/uploads\/2025\/08\/Imagens-posts-blog-2025-07-23T123726.621.jpg","width":5184,"height":3456,"caption":"Foto: Divulga\u00e7\u00e3o\/Pexels."},{"@type":"BreadcrumbList","@id":"https:\/\/www.univates.br\/blog\/o-que-faz-um-arquiteto\/#breadcrumb","itemListElement":[{"@type":"ListItem","position":1,"name":"Home","item":"https:\/\/www.univates.br\/blog\/"},{"@type":"ListItem","position":2,"name":"O que faz um arquiteto?"}]},{"@type":"WebSite","@id":"https:\/\/www.univates.br\/blog\/#website","url":"https:\/\/www.univates.br\/blog\/","name":"Univates Blog","description":"","potentialAction":[{"@type":"SearchAction","target":{"@type":"EntryPoint","urlTemplate":"https:\/\/www.univates.br\/blog\/?s={search_term_string}"},"query-input":{"@type":"PropertyValueSpecification","valueRequired":true,"valueName":"search_term_string"}}],"inLanguage":"pt-BR"},{"@type":"Person","@id":"https:\/\/www.univates.br\/blog\/#\/schema\/person\/15c63917440cc5e70160c247b309af2f","name":"Marketing Univates","image":{"@type":"ImageObject","inLanguage":"pt-BR","@id":"https:\/\/secure.gravatar.com\/avatar\/511f9e77a6a3d0cddd9074f69a722364bc7f787e73d4a0da1f727ba62704eda4?s=96&d=mm&r=g","url":"https:\/\/secure.gravatar.com\/avatar\/511f9e77a6a3d0cddd9074f69a722364bc7f787e73d4a0da1f727ba62704eda4?s=96&d=mm&r=g","contentUrl":"https:\/\/secure.gravatar.com\/avatar\/511f9e77a6a3d0cddd9074f69a722364bc7f787e73d4a0da1f727ba62704eda4?s=96&d=mm&r=g","caption":"Marketing Univates"},"sameAs":["http:\/\/univates.br"],"url":"https:\/\/www.univates.br\/blog\/author\/marketing\/"}]}},"_links":{"self":[{"href":"https:\/\/www.univates.br\/blog\/wp-json\/wp\/v2\/posts\/6801","targetHints":{"allow":["GET"]}}],"collection":[{"href":"https:\/\/www.univates.br\/blog\/wp-json\/wp\/v2\/posts"}],"about":[{"href":"https:\/\/www.univates.br\/blog\/wp-json\/wp\/v2\/types\/post"}],"author":[{"embeddable":true,"href":"https:\/\/www.univates.br\/blog\/wp-json\/wp\/v2\/users\/2"}],"replies":[{"embeddable":true,"href":"https:\/\/www.univates.br\/blog\/wp-json\/wp\/v2\/comments?post=6801"}],"version-history":[{"count":11,"href":"https:\/\/www.univates.br\/blog\/wp-json\/wp\/v2\/posts\/6801\/revisions"}],"predecessor-version":[{"id":7380,"href":"https:\/\/www.univates.br\/blog\/wp-json\/wp\/v2\/posts\/6801\/revisions\/7380"}],"wp:attachment":[{"href":"https:\/\/www.univates.br\/blog\/wp-json\/wp\/v2\/media?parent=6801"}],"wp:term":[{"taxonomy":"category","embeddable":true,"href":"https:\/\/www.univates.br\/blog\/wp-json\/wp\/v2\/categories?post=6801"}],"curies":[{"name":"wp","href":"https:\/\/api.w.org\/{rel}","templated":true}]}}