{"id":682,"date":"2022-05-05T17:16:00","date_gmt":"2022-05-05T20:16:00","guid":{"rendered":"https:\/\/desenvolvimento.bravo.st\/univatesblog\/?p=682"},"modified":"2023-12-20T14:28:06","modified_gmt":"2023-12-20T17:28:06","slug":"onde-posso-trabalhar-depois-de-formado-no-curso-de-design","status":"publish","type":"post","link":"https:\/\/www.univates.br\/blog\/onde-posso-trabalhar-depois-de-formado-no-curso-de-design\/","title":{"rendered":"Onde posso trabalhar depois de formado no curso de Design?"},"content":{"rendered":"\n<div class=\"wp-block-media-text alignwide is-stacked-on-mobile\"><figure class=\"wp-block-media-text__media\"><img loading=\"lazy\" decoding=\"async\" width=\"291\" height=\"194\" src=\"https:\/\/desenvolvimento.bravo.st\/univatesblog\/wp-content\/uploads\/2022\/05\/20140514134920_lab_design1_1603822371.2662.jpg\" alt=\"\" class=\"wp-image-683 size-full\" srcset=\"https:\/\/www.univates.br\/blog\/wp-content\/uploads\/2022\/05\/20140514134920_lab_design1_1603822371.2662.jpg 291w, https:\/\/www.univates.br\/blog\/wp-content\/uploads\/2022\/05\/20140514134920_lab_design1_1603822371.2662-150x100.jpg 150w\" sizes=\"auto, (max-width: 291px) 100vw, 291px\" \/><\/figure><div class=\"wp-block-media-text__content\">\n<p>Precisando de ajuda para descobrir onde voc\u00ea poder\u00e1&nbsp;<strong>trabalhar<\/strong>&nbsp;depois de formado no curso de&nbsp;<em><strong><a href=\"https:\/\/www.univates.br\/graduacao\/design\">Design<\/a><\/strong><\/em>? Se sim, n\u00e3o deixe de ler este&nbsp;<em>post<\/em>, que re\u00fane, al\u00e9m das principais atribui\u00e7\u00f5es dos diplomados, informa\u00e7\u00f5es sobre como anda o&nbsp;<strong>mercado de trabalho<\/strong>&nbsp;da \u00e1rea. Fique ligado:&nbsp;<\/p>\n\n\n\n<p><em>(Foto: Elise Bozzetto)<\/em><\/p>\n<\/div><\/div>\n\n\n\n<p>Ao se formar no curso de&nbsp;<em><strong>Design<\/strong><\/em>, voc\u00ea estar\u00e1 habilitado para pesquisar e desenvolver solu\u00e7\u00f5es a fim de atender \u00e0s mais diversas necessidades humanas, sejam elas artefatos, m\u00f3veis, pe\u00e7as gr\u00e1ficas, identidades visuais,&nbsp;<em>websites<\/em>, aplicativos e sistemas de embalagens e de sinaliza\u00e7\u00f5es. Tamb\u00e9m poder\u00e1 conceber um sistema-produto-servi\u00e7o e a modelagem de novos neg\u00f3cios. J\u00e1 pensou&nbsp;<strong>trabalhar<\/strong>&nbsp;desenhando a experi\u00eancia das empresas do futuro? Irado, n\u00e3o \u00e9?&nbsp;<\/p>\n\n\n\n<p>Como&nbsp;<em><strong>designer<\/strong><\/em>&nbsp;\u00e9 poss\u00edvel atuar em est\u00fadios de&nbsp;<em><strong>design<\/strong><\/em>, ag\u00eancias de publicidade e empresas (nos setores de&nbsp;<em>marketing<\/em>&nbsp;ou desenvolvimento de produtos e embalagens, por exemplo). Voc\u00ea tamb\u00e9m ter\u00e1 oportunidade de&nbsp;<strong>trabalhar<\/strong>&nbsp;com&nbsp;<em>webdesign<\/em>, fotografia, dire\u00e7\u00e3o de arte, produ\u00e7\u00e3o de v\u00eddeo de anima\u00e7\u00e3o e no ramo acad\u00eamico, no \u00e2mbito de pesquisa em&nbsp;<em><strong>design<\/strong><\/em>. Se seu desejo \u00e9 empreender, que tal abrir um neg\u00f3cio pr\u00f3prio para prestar servi\u00e7os mais tradicionais ou sugerir novos modelos de&nbsp;<em>business*<\/em>?<\/p>\n\n\n\n<p><a href=\"https:\/\/www.univates.br\/blog\/\/post\/estou-formadoa-e-agora-conheca-historias-de-sucesso-que-podem-te-inspirar\">Estou formado(a), e agora? Conhe\u00e7a hist\u00f3rias de sucesso que podem te inspirar!<\/a><\/p>\n\n\n\n<h2 class=\"wp-block-heading\">B\u00d4NUS: conhe\u00e7a o curso de Design<\/h2>\n\n\n\n<p>D\u00ea&nbsp;<em>play<\/em>&nbsp;no v\u00eddeo abaixo para entender como funciona o curso de&nbsp;<em><strong>Design<\/strong><\/em>:&nbsp;<\/p>\n\n\n\n<figure class=\"wp-block-embed is-type-video is-provider-youtube wp-block-embed-youtube wp-embed-aspect-16-9 wp-has-aspect-ratio\"><div class=\"wp-block-embed__wrapper\">\n<iframe loading=\"lazy\" title=\"Design Univates\" width=\"500\" height=\"281\" src=\"https:\/\/www.youtube.com\/embed\/ppHAg3acifw?feature=oembed\" frameborder=\"0\" allow=\"accelerometer; autoplay; clipboard-write; encrypted-media; gyroscope; picture-in-picture; web-share\" referrerpolicy=\"strict-origin-when-cross-origin\" allowfullscreen><\/iframe>\n<\/div><\/figure>\n\n\n\n<p><a href=\"https:\/\/www.univates.br\/blog\/\/post\/confira-cinco-dicas-para-ser-mais-criativo\">Confira cinco dicas para ser mais criativo\u00a0<\/a><\/p>\n\n\n\n<p><a href=\"https:\/\/www.univates.br\/blog\/\/post\/aluno-de-design-cria-proposta-de-sinalizacao-para-deficientes-visuais\">Aluno de Design cria proposta de sinaliza\u00e7\u00e3o para deficientes visuais\u00a0<\/a><\/p>\n\n\n\n<p><a href=\"https:\/\/www.univates.br\/blog\/\/post\/cerveja-alema-tem-identidade-visual-criada-por-professores-e-alunos-da-nossa-universidade\">Cerveja alem\u00e3 tem identidade visual criada por professores e alunos da nossa Universidade<\/a><\/p>\n\n\n\n<p><a href=\"https:\/\/www.univates.br\/blog\/\/post\/design-e-sustentabilidade-uma-iniciativa-que-da-certo\">Design e sustentabilidade: uma iniciativa que d\u00e1 certo\u00a0<\/a><\/p>\n\n\n\n<p><a href=\"https:\/\/www.univates.br\/blog\/\/post\/design-um-presente-inclusivo\">Design: um presente inclusivo\u00a0<\/a><\/p>\n\n\n\n<p><a href=\"https:\/\/www.univates.br\/blog\/\/post\/9-livros-de-design-para-voce-curtir\">9 livros de Design para voc\u00ea curtir<\/a><a href=\"https:\/\/www.univates.br\/blog\/\/post\/28676-onde-posso-trabalhar-depois-de-formado-no-curso-de-design#popup\"><\/a><\/p>\n","protected":false},"excerpt":{"rendered":"<p>Precisando de ajuda para descobrir onde voc\u00ea poder\u00e1&nbsp;trabalhar&nbsp;depois de formado no curso de&nbsp;Design? Se sim, n\u00e3o deixe de ler este&nbsp;post, que re\u00fane, al\u00e9m das principais atribui\u00e7\u00f5es dos diplomados, informa\u00e7\u00f5es sobre como anda o&nbsp;mercado de trabalho&nbsp;da \u00e1rea. Fique ligado:&nbsp; (Foto: Elise\u2026<\/p>\n","protected":false},"author":2,"featured_media":0,"comment_status":"open","ping_status":"open","sticky":false,"template":"","format":"standard","meta":{"_acf_changed":false,"footnotes":""},"categories":[33,64],"class_list":["post-682","post","type-post","status-publish","format-standard","hentry","category-carreira","category-comunicacao-e-economia-criativa","autor-lais-pontin-matos","curso-design","area-comunicacao-e-economia-criativa"],"acf":[],"yoast_head":"<!-- This site is optimized with the Yoast SEO plugin v27.3 - https:\/\/yoast.com\/product\/yoast-seo-wordpress\/ -->\n<title>Onde posso trabalhar depois de formado no curso de Design? - Univates Blog<\/title>\n<meta name=\"robots\" content=\"index, follow, max-snippet:-1, max-image-preview:large, max-video-preview:-1\" \/>\n<link rel=\"canonical\" href=\"https:\/\/www.univates.br\/blog\/onde-posso-trabalhar-depois-de-formado-no-curso-de-design\/\" \/>\n<meta property=\"og:locale\" content=\"pt_BR\" \/>\n<meta property=\"og:type\" content=\"article\" \/>\n<meta property=\"og:title\" content=\"Onde posso trabalhar depois de formado no curso de Design? - Univates Blog\" \/>\n<meta property=\"og:description\" content=\"Precisando de ajuda para descobrir onde voc\u00ea poder\u00e1&nbsp;trabalhar&nbsp;depois de formado no curso de&nbsp;Design? Se sim, n\u00e3o deixe de ler este&nbsp;post, que re\u00fane, al\u00e9m das principais atribui\u00e7\u00f5es dos diplomados, informa\u00e7\u00f5es sobre como anda o&nbsp;mercado de trabalho&nbsp;da \u00e1rea. Fique ligado:&nbsp; (Foto: Elise\u2026\" \/>\n<meta property=\"og:url\" content=\"https:\/\/www.univates.br\/blog\/onde-posso-trabalhar-depois-de-formado-no-curso-de-design\/\" \/>\n<meta property=\"og:site_name\" content=\"Univates Blog\" \/>\n<meta property=\"article:published_time\" content=\"2022-05-05T20:16:00+00:00\" \/>\n<meta property=\"article:modified_time\" content=\"2023-12-20T17:28:06+00:00\" \/>\n<meta property=\"og:image\" content=\"https:\/\/desenvolvimento.bravo.st\/univatesblog\/wp-content\/uploads\/2022\/05\/20140514134920_lab_design1_1603822371.2662.jpg\" \/>\n<meta name=\"author\" content=\"Marketing Univates\" \/>\n<meta name=\"twitter:card\" content=\"summary_large_image\" \/>\n<meta name=\"twitter:label1\" content=\"Escrito por\" \/>\n\t<meta name=\"twitter:data1\" content=\"Marketing Univates\" \/>\n\t<meta name=\"twitter:label2\" content=\"Est. tempo de leitura\" \/>\n\t<meta name=\"twitter:data2\" content=\"2 minutos\" \/>\n<script type=\"application\/ld+json\" class=\"yoast-schema-graph\">{\"@context\":\"https:\\\/\\\/schema.org\",\"@graph\":[{\"@type\":\"Article\",\"@id\":\"https:\\\/\\\/www.univates.br\\\/blog\\\/onde-posso-trabalhar-depois-de-formado-no-curso-de-design\\\/#article\",\"isPartOf\":{\"@id\":\"https:\\\/\\\/www.univates.br\\\/blog\\\/onde-posso-trabalhar-depois-de-formado-no-curso-de-design\\\/\"},\"author\":{\"name\":\"Marketing Univates\",\"@id\":\"https:\\\/\\\/www.univates.br\\\/blog\\\/#\\\/schema\\\/person\\\/15c63917440cc5e70160c247b309af2f\"},\"headline\":\"Onde posso trabalhar depois de formado no curso de Design?\",\"datePublished\":\"2022-05-05T20:16:00+00:00\",\"dateModified\":\"2023-12-20T17:28:06+00:00\",\"mainEntityOfPage\":{\"@id\":\"https:\\\/\\\/www.univates.br\\\/blog\\\/onde-posso-trabalhar-depois-de-formado-no-curso-de-design\\\/\"},\"wordCount\":341,\"commentCount\":0,\"image\":{\"@id\":\"https:\\\/\\\/www.univates.br\\\/blog\\\/onde-posso-trabalhar-depois-de-formado-no-curso-de-design\\\/#primaryimage\"},\"thumbnailUrl\":\"https:\\\/\\\/desenvolvimento.bravo.st\\\/univatesblog\\\/wp-content\\\/uploads\\\/2022\\\/05\\\/20140514134920_lab_design1_1603822371.2662.jpg\",\"articleSection\":[\"Carreira\",\"Comunica\u00e7\u00e3o e Economia Criativa\"],\"inLanguage\":\"pt-BR\",\"potentialAction\":[{\"@type\":\"CommentAction\",\"name\":\"Comment\",\"target\":[\"https:\\\/\\\/www.univates.br\\\/blog\\\/onde-posso-trabalhar-depois-de-formado-no-curso-de-design\\\/#respond\"]}]},{\"@type\":\"WebPage\",\"@id\":\"https:\\\/\\\/www.univates.br\\\/blog\\\/onde-posso-trabalhar-depois-de-formado-no-curso-de-design\\\/\",\"url\":\"https:\\\/\\\/www.univates.br\\\/blog\\\/onde-posso-trabalhar-depois-de-formado-no-curso-de-design\\\/\",\"name\":\"Onde posso trabalhar depois de formado no curso de Design? - Univates Blog\",\"isPartOf\":{\"@id\":\"https:\\\/\\\/www.univates.br\\\/blog\\\/#website\"},\"primaryImageOfPage\":{\"@id\":\"https:\\\/\\\/www.univates.br\\\/blog\\\/onde-posso-trabalhar-depois-de-formado-no-curso-de-design\\\/#primaryimage\"},\"image\":{\"@id\":\"https:\\\/\\\/www.univates.br\\\/blog\\\/onde-posso-trabalhar-depois-de-formado-no-curso-de-design\\\/#primaryimage\"},\"thumbnailUrl\":\"https:\\\/\\\/desenvolvimento.bravo.st\\\/univatesblog\\\/wp-content\\\/uploads\\\/2022\\\/05\\\/20140514134920_lab_design1_1603822371.2662.jpg\",\"datePublished\":\"2022-05-05T20:16:00+00:00\",\"dateModified\":\"2023-12-20T17:28:06+00:00\",\"author\":{\"@id\":\"https:\\\/\\\/www.univates.br\\\/blog\\\/#\\\/schema\\\/person\\\/15c63917440cc5e70160c247b309af2f\"},\"breadcrumb\":{\"@id\":\"https:\\\/\\\/www.univates.br\\\/blog\\\/onde-posso-trabalhar-depois-de-formado-no-curso-de-design\\\/#breadcrumb\"},\"inLanguage\":\"pt-BR\",\"potentialAction\":[{\"@type\":\"ReadAction\",\"target\":[\"https:\\\/\\\/www.univates.br\\\/blog\\\/onde-posso-trabalhar-depois-de-formado-no-curso-de-design\\\/\"]}]},{\"@type\":\"ImageObject\",\"inLanguage\":\"pt-BR\",\"@id\":\"https:\\\/\\\/www.univates.br\\\/blog\\\/onde-posso-trabalhar-depois-de-formado-no-curso-de-design\\\/#primaryimage\",\"url\":\"https:\\\/\\\/desenvolvimento.bravo.st\\\/univatesblog\\\/wp-content\\\/uploads\\\/2022\\\/05\\\/20140514134920_lab_design1_1603822371.2662.jpg\",\"contentUrl\":\"https:\\\/\\\/desenvolvimento.bravo.st\\\/univatesblog\\\/wp-content\\\/uploads\\\/2022\\\/05\\\/20140514134920_lab_design1_1603822371.2662.jpg\"},{\"@type\":\"BreadcrumbList\",\"@id\":\"https:\\\/\\\/www.univates.br\\\/blog\\\/onde-posso-trabalhar-depois-de-formado-no-curso-de-design\\\/#breadcrumb\",\"itemListElement\":[{\"@type\":\"ListItem\",\"position\":1,\"name\":\"Home\",\"item\":\"https:\\\/\\\/www.univates.br\\\/blog\\\/\"},{\"@type\":\"ListItem\",\"position\":2,\"name\":\"Onde posso trabalhar depois de formado no curso de Design?\"}]},{\"@type\":\"WebSite\",\"@id\":\"https:\\\/\\\/www.univates.br\\\/blog\\\/#website\",\"url\":\"https:\\\/\\\/www.univates.br\\\/blog\\\/\",\"name\":\"Univates Blog\",\"description\":\"\",\"potentialAction\":[{\"@type\":\"SearchAction\",\"target\":{\"@type\":\"EntryPoint\",\"urlTemplate\":\"https:\\\/\\\/www.univates.br\\\/blog\\\/?s={search_term_string}\"},\"query-input\":{\"@type\":\"PropertyValueSpecification\",\"valueRequired\":true,\"valueName\":\"search_term_string\"}}],\"inLanguage\":\"pt-BR\"},{\"@type\":\"Person\",\"@id\":\"https:\\\/\\\/www.univates.br\\\/blog\\\/#\\\/schema\\\/person\\\/15c63917440cc5e70160c247b309af2f\",\"name\":\"Marketing Univates\",\"image\":{\"@type\":\"ImageObject\",\"inLanguage\":\"pt-BR\",\"@id\":\"https:\\\/\\\/secure.gravatar.com\\\/avatar\\\/511f9e77a6a3d0cddd9074f69a722364bc7f787e73d4a0da1f727ba62704eda4?s=96&d=mm&r=g\",\"url\":\"https:\\\/\\\/secure.gravatar.com\\\/avatar\\\/511f9e77a6a3d0cddd9074f69a722364bc7f787e73d4a0da1f727ba62704eda4?s=96&d=mm&r=g\",\"contentUrl\":\"https:\\\/\\\/secure.gravatar.com\\\/avatar\\\/511f9e77a6a3d0cddd9074f69a722364bc7f787e73d4a0da1f727ba62704eda4?s=96&d=mm&r=g\",\"caption\":\"Marketing Univates\"},\"sameAs\":[\"http:\\\/\\\/univates.br\"],\"url\":\"https:\\\/\\\/www.univates.br\\\/blog\\\/author\\\/marketing\\\/\"}]}<\/script>\n<!-- \/ Yoast SEO plugin. -->","yoast_head_json":{"title":"Onde posso trabalhar depois de formado no curso de Design? - Univates Blog","robots":{"index":"index","follow":"follow","max-snippet":"max-snippet:-1","max-image-preview":"max-image-preview:large","max-video-preview":"max-video-preview:-1"},"canonical":"https:\/\/www.univates.br\/blog\/onde-posso-trabalhar-depois-de-formado-no-curso-de-design\/","og_locale":"pt_BR","og_type":"article","og_title":"Onde posso trabalhar depois de formado no curso de Design? - Univates Blog","og_description":"Precisando de ajuda para descobrir onde voc\u00ea poder\u00e1&nbsp;trabalhar&nbsp;depois de formado no curso de&nbsp;Design? Se sim, n\u00e3o deixe de ler este&nbsp;post, que re\u00fane, al\u00e9m das principais atribui\u00e7\u00f5es dos diplomados, informa\u00e7\u00f5es sobre como anda o&nbsp;mercado de trabalho&nbsp;da \u00e1rea. Fique ligado:&nbsp; (Foto: Elise\u2026","og_url":"https:\/\/www.univates.br\/blog\/onde-posso-trabalhar-depois-de-formado-no-curso-de-design\/","og_site_name":"Univates Blog","article_published_time":"2022-05-05T20:16:00+00:00","article_modified_time":"2023-12-20T17:28:06+00:00","og_image":[{"url":"https:\/\/desenvolvimento.bravo.st\/univatesblog\/wp-content\/uploads\/2022\/05\/20140514134920_lab_design1_1603822371.2662.jpg","type":"","width":"","height":""}],"author":"Marketing Univates","twitter_card":"summary_large_image","twitter_misc":{"Escrito por":"Marketing Univates","Est. tempo de leitura":"2 minutos"},"schema":{"@context":"https:\/\/schema.org","@graph":[{"@type":"Article","@id":"https:\/\/www.univates.br\/blog\/onde-posso-trabalhar-depois-de-formado-no-curso-de-design\/#article","isPartOf":{"@id":"https:\/\/www.univates.br\/blog\/onde-posso-trabalhar-depois-de-formado-no-curso-de-design\/"},"author":{"name":"Marketing Univates","@id":"https:\/\/www.univates.br\/blog\/#\/schema\/person\/15c63917440cc5e70160c247b309af2f"},"headline":"Onde posso trabalhar depois de formado no curso de Design?","datePublished":"2022-05-05T20:16:00+00:00","dateModified":"2023-12-20T17:28:06+00:00","mainEntityOfPage":{"@id":"https:\/\/www.univates.br\/blog\/onde-posso-trabalhar-depois-de-formado-no-curso-de-design\/"},"wordCount":341,"commentCount":0,"image":{"@id":"https:\/\/www.univates.br\/blog\/onde-posso-trabalhar-depois-de-formado-no-curso-de-design\/#primaryimage"},"thumbnailUrl":"https:\/\/desenvolvimento.bravo.st\/univatesblog\/wp-content\/uploads\/2022\/05\/20140514134920_lab_design1_1603822371.2662.jpg","articleSection":["Carreira","Comunica\u00e7\u00e3o e Economia Criativa"],"inLanguage":"pt-BR","potentialAction":[{"@type":"CommentAction","name":"Comment","target":["https:\/\/www.univates.br\/blog\/onde-posso-trabalhar-depois-de-formado-no-curso-de-design\/#respond"]}]},{"@type":"WebPage","@id":"https:\/\/www.univates.br\/blog\/onde-posso-trabalhar-depois-de-formado-no-curso-de-design\/","url":"https:\/\/www.univates.br\/blog\/onde-posso-trabalhar-depois-de-formado-no-curso-de-design\/","name":"Onde posso trabalhar depois de formado no curso de Design? - Univates Blog","isPartOf":{"@id":"https:\/\/www.univates.br\/blog\/#website"},"primaryImageOfPage":{"@id":"https:\/\/www.univates.br\/blog\/onde-posso-trabalhar-depois-de-formado-no-curso-de-design\/#primaryimage"},"image":{"@id":"https:\/\/www.univates.br\/blog\/onde-posso-trabalhar-depois-de-formado-no-curso-de-design\/#primaryimage"},"thumbnailUrl":"https:\/\/desenvolvimento.bravo.st\/univatesblog\/wp-content\/uploads\/2022\/05\/20140514134920_lab_design1_1603822371.2662.jpg","datePublished":"2022-05-05T20:16:00+00:00","dateModified":"2023-12-20T17:28:06+00:00","author":{"@id":"https:\/\/www.univates.br\/blog\/#\/schema\/person\/15c63917440cc5e70160c247b309af2f"},"breadcrumb":{"@id":"https:\/\/www.univates.br\/blog\/onde-posso-trabalhar-depois-de-formado-no-curso-de-design\/#breadcrumb"},"inLanguage":"pt-BR","potentialAction":[{"@type":"ReadAction","target":["https:\/\/www.univates.br\/blog\/onde-posso-trabalhar-depois-de-formado-no-curso-de-design\/"]}]},{"@type":"ImageObject","inLanguage":"pt-BR","@id":"https:\/\/www.univates.br\/blog\/onde-posso-trabalhar-depois-de-formado-no-curso-de-design\/#primaryimage","url":"https:\/\/desenvolvimento.bravo.st\/univatesblog\/wp-content\/uploads\/2022\/05\/20140514134920_lab_design1_1603822371.2662.jpg","contentUrl":"https:\/\/desenvolvimento.bravo.st\/univatesblog\/wp-content\/uploads\/2022\/05\/20140514134920_lab_design1_1603822371.2662.jpg"},{"@type":"BreadcrumbList","@id":"https:\/\/www.univates.br\/blog\/onde-posso-trabalhar-depois-de-formado-no-curso-de-design\/#breadcrumb","itemListElement":[{"@type":"ListItem","position":1,"name":"Home","item":"https:\/\/www.univates.br\/blog\/"},{"@type":"ListItem","position":2,"name":"Onde posso trabalhar depois de formado no curso de Design?"}]},{"@type":"WebSite","@id":"https:\/\/www.univates.br\/blog\/#website","url":"https:\/\/www.univates.br\/blog\/","name":"Univates Blog","description":"","potentialAction":[{"@type":"SearchAction","target":{"@type":"EntryPoint","urlTemplate":"https:\/\/www.univates.br\/blog\/?s={search_term_string}"},"query-input":{"@type":"PropertyValueSpecification","valueRequired":true,"valueName":"search_term_string"}}],"inLanguage":"pt-BR"},{"@type":"Person","@id":"https:\/\/www.univates.br\/blog\/#\/schema\/person\/15c63917440cc5e70160c247b309af2f","name":"Marketing Univates","image":{"@type":"ImageObject","inLanguage":"pt-BR","@id":"https:\/\/secure.gravatar.com\/avatar\/511f9e77a6a3d0cddd9074f69a722364bc7f787e73d4a0da1f727ba62704eda4?s=96&d=mm&r=g","url":"https:\/\/secure.gravatar.com\/avatar\/511f9e77a6a3d0cddd9074f69a722364bc7f787e73d4a0da1f727ba62704eda4?s=96&d=mm&r=g","contentUrl":"https:\/\/secure.gravatar.com\/avatar\/511f9e77a6a3d0cddd9074f69a722364bc7f787e73d4a0da1f727ba62704eda4?s=96&d=mm&r=g","caption":"Marketing Univates"},"sameAs":["http:\/\/univates.br"],"url":"https:\/\/www.univates.br\/blog\/author\/marketing\/"}]}},"_links":{"self":[{"href":"https:\/\/www.univates.br\/blog\/wp-json\/wp\/v2\/posts\/682","targetHints":{"allow":["GET"]}}],"collection":[{"href":"https:\/\/www.univates.br\/blog\/wp-json\/wp\/v2\/posts"}],"about":[{"href":"https:\/\/www.univates.br\/blog\/wp-json\/wp\/v2\/types\/post"}],"author":[{"embeddable":true,"href":"https:\/\/www.univates.br\/blog\/wp-json\/wp\/v2\/users\/2"}],"replies":[{"embeddable":true,"href":"https:\/\/www.univates.br\/blog\/wp-json\/wp\/v2\/comments?post=682"}],"version-history":[{"count":12,"href":"https:\/\/www.univates.br\/blog\/wp-json\/wp\/v2\/posts\/682\/revisions"}],"predecessor-version":[{"id":4633,"href":"https:\/\/www.univates.br\/blog\/wp-json\/wp\/v2\/posts\/682\/revisions\/4633"}],"wp:attachment":[{"href":"https:\/\/www.univates.br\/blog\/wp-json\/wp\/v2\/media?parent=682"}],"wp:term":[{"taxonomy":"category","embeddable":true,"href":"https:\/\/www.univates.br\/blog\/wp-json\/wp\/v2\/categories?post=682"}],"curies":[{"name":"wp","href":"https:\/\/api.w.org\/{rel}","templated":true}]}}