{"id":6937,"date":"2025-09-08T17:02:32","date_gmt":"2025-09-08T20:02:32","guid":{"rendered":"https:\/\/www.univates.br\/blog\/?p=6937"},"modified":"2025-09-08T17:13:07","modified_gmt":"2025-09-08T20:13:07","slug":"curso-de-fonoaudiologia","status":"publish","type":"post","link":"https:\/\/www.univates.br\/blog\/curso-de-fonoaudiologia\/","title":{"rendered":"Conhe\u00e7a o curso de Fonoaudiologia da Univates"},"content":{"rendered":"\n<p>Conhe\u00e7a o <a href=\"https:\/\/materiais.univates.br\/semi-fonoaudiologia\">curso de Fonoaudiologia da Univates<\/a>*. E a\u00ed, voc\u00ea se interessa por sa\u00fade, comunica\u00e7\u00e3o e deseja atuar na melhoria da qualidade de vida das pessoas? Ent\u00e3o a nova gradua\u00e7\u00e3o da nossa Universidade pode ser a escolha certa para o seu futuro.<\/p>\n\n\n\n<p>Neste <em>post<\/em>, vamos contar tudo o que voc\u00ea precisa saber sobre o curso, apresentar informa\u00e7\u00f5es sobre carreira e, \u00e9 claro, explicar como a Uni prepara seus estudantes para os desafios do mercado de trabalho. Continue por aqui para descobrir por que voc\u00ea pode se dar bem em uma das profiss\u00f5es mais importantes da \u00e1rea da sa\u00fade! \ud83d\udde3\ufe0f\ud83d\udc42<\/p>\n\n\n\n<p><em>*O curso ser\u00e1 ofertado ap\u00f3s autoriza\u00e7\u00e3o do Minist\u00e9rio da Educa\u00e7\u00e3o (MEC).&nbsp;<\/em><\/p>\n\n\n<div class=\"wp-block-image\">\n<figure class=\"aligncenter size-full\"><img loading=\"lazy\" decoding=\"async\" width=\"5184\" height=\"3456\" src=\"https:\/\/www.univates.br\/blog\/wp-content\/uploads\/2025\/09\/Imagens-posts-blog-2025-09-08T134941.216.jpg\" alt=\"Conhe\u00e7a o curso de Fonoaudiologia da Univates.\" class=\"wp-image-6938\"\/><figcaption class=\"wp-element-caption\">Foto: Divulga\u00e7\u00e3o Pexels<\/figcaption><\/figure>\n<\/div>\n\n\n<h2 class=\"wp-block-heading\"><strong>O que faz o fonoaudi\u00f3logo? Onde ele pode trabalhar?&nbsp;<\/strong><\/h2>\n\n\n\n<p>Antes de falarmos especificamente sobre o curso de Fonoaudiologia, vamos entender melhor o papel do fonoaudi\u00f3logo. De forma geral, esse profissional \u00e9 respons\u00e1vel por prevenir, avaliar, diagnosticar e tratar dist\u00farbios relacionados \u00e0 comunica\u00e7\u00e3o humana, como linguagem, voz, audi\u00e7\u00e3o e motricidade oral. Sua atua\u00e7\u00e3o est\u00e1 ligada \u00e0 sa\u00fade e ao bem-estar das pessoas em diferentes fases da vida, desde beb\u00eas at\u00e9 idosos.<\/p>\n\n\n\n<div class=\"wp-block-media-text is-stacked-on-mobile\"><figure class=\"wp-block-media-text__media\"><img loading=\"lazy\" decoding=\"async\" width=\"5184\" height=\"3456\" src=\"https:\/\/www.univates.br\/blog\/wp-content\/uploads\/2025\/09\/Imagens-posts-blog-2025-09-08T135143.331.jpg\" alt=\"\" class=\"wp-image-6940 size-full\"\/><\/figure><div class=\"wp-block-media-text__content\">\n<p><\/p>\n\n\n\n<p>O campo de trabalho do fonoaudi\u00f3logo \u00e9 bastante amplo. Isso porque o mercado est\u00e1 em expans\u00e3o, especialmente devido ao crescimento da preocupa\u00e7\u00e3o com a qualidade de vida, ao envelhecimento da popula\u00e7\u00e3o e aos avan\u00e7os tecnol\u00f3gicos na sa\u00fade. Assim, esse profissional encontra oportunidades em diversas \u00e1reas, como cl\u00ednicas especializadas, hospitais, escolas, centros de reabilita\u00e7\u00e3o, empresas e at\u00e9 no setor p\u00fablico.<\/p>\n<\/div><\/div>\n\n\n\n<p>O fonoaudi\u00f3logo tamb\u00e9m pode atuar em <a href=\"https:\/\/www.univates.br\/blog\/como-ser-pesquisador-no-br\/\">pesquisas<\/a>, <a href=\"https:\/\/www.univates.br\/blog\/rotina-professor-universitario\/\">doc\u00eancia<\/a> e em programas de sa\u00fade p\u00fablica, contribuindo para a promo\u00e7\u00e3o da sa\u00fade comunicativa da popula\u00e7\u00e3o.<\/p>\n\n\n\n<p>Como vimos, a carreira oferece um leque de possibilidades para quem busca uma profiss\u00e3o que alia ci\u00eancia, cuidado e comunica\u00e7\u00e3o. Se voc\u00ea se identifica com o desafio de ajudar as pessoas a superar dificuldades e melhorar sua qualidade de vida, n\u00e3o hesite em cursar Fonoaudiologia.<\/p>\n\n\n\n<h2 class=\"wp-block-heading\"><strong>O curso de Fonoaudiologia da Univates&nbsp;<\/strong><\/h2>\n\n\n\n<div class=\"wp-block-media-text is-stacked-on-mobile\"><figure class=\"wp-block-media-text__media\"><img loading=\"lazy\" decoding=\"async\" width=\"5184\" height=\"3456\" src=\"https:\/\/www.univates.br\/blog\/wp-content\/uploads\/2025\/09\/Imagens-posts-blog-2025-09-08T135530.831-Vitoria-Giovanella.jpg\" alt=\"\" class=\"wp-image-6943 size-full\"\/><\/figure><div class=\"wp-block-media-text__content\">\n<p><\/p>\n\n\n\n<p>Talvez voc\u00ea esteja se perguntando onde deve fazer seu curso de Fonoaudiologia. N\u00f3s temos a resposta: aqui na nossa Universidade, \u00e9 claro! Com dura\u00e7\u00e3o de quatro anos, a <a href=\"https:\/\/www.univates.br\/blog\/o-que-e-um-curso-semipresencial\/\">gradua\u00e7\u00e3o semipresencial da Univates<\/a> (ou seja, que combina atividades presenciais e <em>on-line<\/em>) oferece flexibilidade para quem precisa conciliar os estudos com outras responsabilidades, sem abrir m\u00e3o da qualidade da forma\u00e7\u00e3o.<\/p>\n<\/div><\/div>\n\n\n\n<p>O curso de Fonoaudiologia da Uni foi pensado para formar profissionais focados no cuidado da comunica\u00e7\u00e3o humana, com vis\u00e3o global e ra\u00edzes na comunidade do Vale do Taquari. Com \u00eanfase em tecnologia, pesquisa e responsabilidade social, a gradua\u00e7\u00e3o prepara os estudantes para que eles se tornem agentes de transforma\u00e7\u00e3o em sa\u00fade e sejam capazes de atuar com os reais desafios da comunica\u00e7\u00e3o humana.<\/p>\n\n\n\n<p>Preencha o <a href=\"https:\/\/materiais.univates.br\/semi-fonoaudiologia\">formul\u00e1rio<\/a> para obter mais informa\u00e7\u00f5es sobre o novo curso da Univates.&nbsp;<\/p>\n\n\n\n<h2 class=\"wp-block-heading\"><strong>Diferenciais que s\u00f3 a Uni tem<\/strong><\/h2>\n\n\n\n<p>\u2728 <strong>Qualidade de ensino: <\/strong>s\u00e3o mais de 55 anos de experi\u00eancia em educa\u00e7\u00e3o superior;<\/p>\n\n\n\n<p>\u2728 <strong>Profissionais e materiais: <\/strong>f\u00e1cil acesso a professores, monitores e suporte t\u00e9cnico para auxiliar no esclarecimento de d\u00favidas. Materiais exclusivos elaborados por profissionais da Univates;<\/p>\n\n\n\n<p>\u2728 <strong>Infraestrutura de qualidade: <\/strong>infraestrutura diferenciada, excelente localiza\u00e7\u00e3o e acessibilidade;<\/p>\n\n\n\n<p>\u2728 <strong>Ambiente virtual: <\/strong>ambiente<em> on-line<\/em> pensado para facilitar o acesso aos materiais de estudo.<\/p>\n\n\n\n<p><a href=\"https:\/\/www.univates.br\/blog\/estudar-na-univates-uma-das-melhores-universidades-do-brasil\/\">Estudar na Univates: conhe\u00e7a a experi\u00eancia de uma das melhores universidades do Brasil<\/a><\/p>\n\n\n\n<p><a href=\"https:\/\/www.univates.br\/blog\/por-que-estudar-na-univates-pode-ser-uma-opcao-para-voce\/\">Por que estudar na Univates pode ser uma op\u00e7\u00e3o para voc\u00ea?<\/a><\/p>\n\n\n\n<p><a href=\"https:\/\/www.univates.br\/blog\/ja-conhece-os-beneficios-de-ser-aluno-da-nossa-universidade\/\">J\u00e1 conhece os benef\u00edcios de ser aluno da nossa Universidade?<\/a><\/p>\n\n\n<div class=\"wp-block-image\">\n<figure class=\"aligncenter size-full\"><img loading=\"lazy\" decoding=\"async\" width=\"5184\" height=\"3456\" src=\"https:\/\/www.univates.br\/blog\/wp-content\/uploads\/2025\/09\/Imagens-posts-blog-2025-09-08T135743.072-Lucas-George-Wendt.jpg\" alt=\"\" class=\"wp-image-6947\"\/><figcaption class=\"wp-element-caption\">Foto: Divulga\u00e7\u00e3o Univates\/Lucas George Wendt<\/figcaption><\/figure>\n<\/div>\n\n\n<h2 class=\"wp-block-heading\">Fim \ud83d\udc99<\/h2>\n\n\n\n<p>O curso de Fonoaudiologia da Univates vem a\u00ed! Se voc\u00ea deseja construir uma carreira s\u00f3lida, humana e com prop\u00f3sito, esta \u00e9 a sua chance de transformar vidas (come\u00e7ando pela sua). Ao escolher a Uni, voc\u00ea ter\u00e1 acesso a uma forma\u00e7\u00e3o de excel\u00eancia, com professores qualificados, infraestrutura moderna e um ambiente que estimula o aprendizado e o desenvolvimento de habilidades. Bora aproveitar tudo o que podemos oferecer? #vemserfono #vemserUnivates \ud83c\udf93\ud83c\udf92<\/p>\n","protected":false},"excerpt":{"rendered":"<p>Conhe\u00e7a o curso de Fonoaudiologia da Univates*. E a\u00ed, voc\u00ea se interessa por sa\u00fade, comunica\u00e7\u00e3o e deseja atuar na melhoria da qualidade de vida das pessoas? Ent\u00e3o a nova gradua\u00e7\u00e3o da nossa Universidade pode ser a escolha certa para o\u2026<\/p>\n","protected":false},"author":2,"featured_media":0,"comment_status":"open","ping_status":"open","sticky":false,"template":"","format":"standard","meta":{"_acf_changed":false,"footnotes":""},"categories":[23,7],"class_list":["post-6937","post","type-post","status-publish","format-standard","hentry","category-estudos","category-univates","autor-lais-pontin-matos","area-saude"],"acf":[],"yoast_head":"<!-- This site is optimized with the Yoast SEO plugin v27.3 - https:\/\/yoast.com\/product\/yoast-seo-wordpress\/ -->\n<title>Conhe\u00e7a o curso de Fonoaudiologia da Univates - Univates Blog<\/title>\n<meta name=\"description\" content=\"Conhe\u00e7a o curso de Fonoaudiologia da Univates. Saiba mais sobre a gradua\u00e7\u00e3o que forma profissionais focados no cuidado da comunica\u00e7\u00e3o humana.\" \/>\n<meta name=\"robots\" content=\"index, follow, max-snippet:-1, max-image-preview:large, max-video-preview:-1\" \/>\n<link rel=\"canonical\" href=\"https:\/\/www.univates.br\/blog\/curso-de-fonoaudiologia\/\" \/>\n<meta property=\"og:locale\" content=\"pt_BR\" \/>\n<meta property=\"og:type\" content=\"article\" \/>\n<meta property=\"og:title\" content=\"Conhe\u00e7a o curso de Fonoaudiologia da Univates - Univates Blog\" \/>\n<meta property=\"og:description\" content=\"Conhe\u00e7a o curso de Fonoaudiologia da Univates. Saiba mais sobre a gradua\u00e7\u00e3o que forma profissionais focados no cuidado da comunica\u00e7\u00e3o humana.\" \/>\n<meta property=\"og:url\" content=\"https:\/\/www.univates.br\/blog\/curso-de-fonoaudiologia\/\" \/>\n<meta property=\"og:site_name\" content=\"Univates Blog\" \/>\n<meta property=\"article:published_time\" content=\"2025-09-08T20:02:32+00:00\" \/>\n<meta property=\"article:modified_time\" content=\"2025-09-08T20:13:07+00:00\" \/>\n<meta property=\"og:image\" content=\"https:\/\/www.univates.br\/blog\/wp-content\/uploads\/2025\/09\/Imagens-posts-blog-2025-09-08T134941.216.jpg\" \/>\n<meta name=\"author\" content=\"Marketing Univates\" \/>\n<meta name=\"twitter:card\" content=\"summary_large_image\" \/>\n<meta name=\"twitter:label1\" content=\"Escrito por\" \/>\n\t<meta name=\"twitter:data1\" content=\"Marketing Univates\" \/>\n\t<meta name=\"twitter:label2\" content=\"Est. tempo de leitura\" \/>\n\t<meta name=\"twitter:data2\" content=\"5 minutos\" \/>\n<script type=\"application\/ld+json\" class=\"yoast-schema-graph\">{\"@context\":\"https:\\\/\\\/schema.org\",\"@graph\":[{\"@type\":\"Article\",\"@id\":\"https:\\\/\\\/www.univates.br\\\/blog\\\/curso-de-fonoaudiologia\\\/#article\",\"isPartOf\":{\"@id\":\"https:\\\/\\\/www.univates.br\\\/blog\\\/curso-de-fonoaudiologia\\\/\"},\"author\":{\"name\":\"Marketing Univates\",\"@id\":\"https:\\\/\\\/www.univates.br\\\/blog\\\/#\\\/schema\\\/person\\\/15c63917440cc5e70160c247b309af2f\"},\"headline\":\"Conhe\u00e7a o curso de Fonoaudiologia da Univates\",\"datePublished\":\"2025-09-08T20:02:32+00:00\",\"dateModified\":\"2025-09-08T20:13:07+00:00\",\"mainEntityOfPage\":{\"@id\":\"https:\\\/\\\/www.univates.br\\\/blog\\\/curso-de-fonoaudiologia\\\/\"},\"wordCount\":702,\"commentCount\":0,\"image\":{\"@id\":\"https:\\\/\\\/www.univates.br\\\/blog\\\/curso-de-fonoaudiologia\\\/#primaryimage\"},\"thumbnailUrl\":\"https:\\\/\\\/www.univates.br\\\/blog\\\/wp-content\\\/uploads\\\/2025\\\/09\\\/Imagens-posts-blog-2025-09-08T134941.216.jpg\",\"articleSection\":[\"Estudos\",\"Univates\"],\"inLanguage\":\"pt-BR\",\"potentialAction\":[{\"@type\":\"CommentAction\",\"name\":\"Comment\",\"target\":[\"https:\\\/\\\/www.univates.br\\\/blog\\\/curso-de-fonoaudiologia\\\/#respond\"]}]},{\"@type\":\"WebPage\",\"@id\":\"https:\\\/\\\/www.univates.br\\\/blog\\\/curso-de-fonoaudiologia\\\/\",\"url\":\"https:\\\/\\\/www.univates.br\\\/blog\\\/curso-de-fonoaudiologia\\\/\",\"name\":\"Conhe\u00e7a o curso de Fonoaudiologia da Univates - Univates Blog\",\"isPartOf\":{\"@id\":\"https:\\\/\\\/www.univates.br\\\/blog\\\/#website\"},\"primaryImageOfPage\":{\"@id\":\"https:\\\/\\\/www.univates.br\\\/blog\\\/curso-de-fonoaudiologia\\\/#primaryimage\"},\"image\":{\"@id\":\"https:\\\/\\\/www.univates.br\\\/blog\\\/curso-de-fonoaudiologia\\\/#primaryimage\"},\"thumbnailUrl\":\"https:\\\/\\\/www.univates.br\\\/blog\\\/wp-content\\\/uploads\\\/2025\\\/09\\\/Imagens-posts-blog-2025-09-08T134941.216.jpg\",\"datePublished\":\"2025-09-08T20:02:32+00:00\",\"dateModified\":\"2025-09-08T20:13:07+00:00\",\"author\":{\"@id\":\"https:\\\/\\\/www.univates.br\\\/blog\\\/#\\\/schema\\\/person\\\/15c63917440cc5e70160c247b309af2f\"},\"description\":\"Conhe\u00e7a o curso de Fonoaudiologia da Univates. Saiba mais sobre a gradua\u00e7\u00e3o que forma profissionais focados no cuidado da comunica\u00e7\u00e3o humana.\",\"breadcrumb\":{\"@id\":\"https:\\\/\\\/www.univates.br\\\/blog\\\/curso-de-fonoaudiologia\\\/#breadcrumb\"},\"inLanguage\":\"pt-BR\",\"potentialAction\":[{\"@type\":\"ReadAction\",\"target\":[\"https:\\\/\\\/www.univates.br\\\/blog\\\/curso-de-fonoaudiologia\\\/\"]}]},{\"@type\":\"ImageObject\",\"inLanguage\":\"pt-BR\",\"@id\":\"https:\\\/\\\/www.univates.br\\\/blog\\\/curso-de-fonoaudiologia\\\/#primaryimage\",\"url\":\"https:\\\/\\\/www.univates.br\\\/blog\\\/wp-content\\\/uploads\\\/2025\\\/09\\\/Imagens-posts-blog-2025-09-08T134941.216.jpg\",\"contentUrl\":\"https:\\\/\\\/www.univates.br\\\/blog\\\/wp-content\\\/uploads\\\/2025\\\/09\\\/Imagens-posts-blog-2025-09-08T134941.216.jpg\",\"width\":5184,\"height\":3456,\"caption\":\"Foto: Divulga\u00e7\u00e3o Pexels.\"},{\"@type\":\"BreadcrumbList\",\"@id\":\"https:\\\/\\\/www.univates.br\\\/blog\\\/curso-de-fonoaudiologia\\\/#breadcrumb\",\"itemListElement\":[{\"@type\":\"ListItem\",\"position\":1,\"name\":\"Home\",\"item\":\"https:\\\/\\\/www.univates.br\\\/blog\\\/\"},{\"@type\":\"ListItem\",\"position\":2,\"name\":\"Conhe\u00e7a o curso de Fonoaudiologia da Univates\"}]},{\"@type\":\"WebSite\",\"@id\":\"https:\\\/\\\/www.univates.br\\\/blog\\\/#website\",\"url\":\"https:\\\/\\\/www.univates.br\\\/blog\\\/\",\"name\":\"Univates Blog\",\"description\":\"\",\"potentialAction\":[{\"@type\":\"SearchAction\",\"target\":{\"@type\":\"EntryPoint\",\"urlTemplate\":\"https:\\\/\\\/www.univates.br\\\/blog\\\/?s={search_term_string}\"},\"query-input\":{\"@type\":\"PropertyValueSpecification\",\"valueRequired\":true,\"valueName\":\"search_term_string\"}}],\"inLanguage\":\"pt-BR\"},{\"@type\":\"Person\",\"@id\":\"https:\\\/\\\/www.univates.br\\\/blog\\\/#\\\/schema\\\/person\\\/15c63917440cc5e70160c247b309af2f\",\"name\":\"Marketing Univates\",\"image\":{\"@type\":\"ImageObject\",\"inLanguage\":\"pt-BR\",\"@id\":\"https:\\\/\\\/secure.gravatar.com\\\/avatar\\\/511f9e77a6a3d0cddd9074f69a722364bc7f787e73d4a0da1f727ba62704eda4?s=96&d=mm&r=g\",\"url\":\"https:\\\/\\\/secure.gravatar.com\\\/avatar\\\/511f9e77a6a3d0cddd9074f69a722364bc7f787e73d4a0da1f727ba62704eda4?s=96&d=mm&r=g\",\"contentUrl\":\"https:\\\/\\\/secure.gravatar.com\\\/avatar\\\/511f9e77a6a3d0cddd9074f69a722364bc7f787e73d4a0da1f727ba62704eda4?s=96&d=mm&r=g\",\"caption\":\"Marketing Univates\"},\"sameAs\":[\"http:\\\/\\\/univates.br\"],\"url\":\"https:\\\/\\\/www.univates.br\\\/blog\\\/author\\\/marketing\\\/\"}]}<\/script>\n<!-- \/ Yoast SEO plugin. -->","yoast_head_json":{"title":"Conhe\u00e7a o curso de Fonoaudiologia da Univates - Univates Blog","description":"Conhe\u00e7a o curso de Fonoaudiologia da Univates. Saiba mais sobre a gradua\u00e7\u00e3o que forma profissionais focados no cuidado da comunica\u00e7\u00e3o humana.","robots":{"index":"index","follow":"follow","max-snippet":"max-snippet:-1","max-image-preview":"max-image-preview:large","max-video-preview":"max-video-preview:-1"},"canonical":"https:\/\/www.univates.br\/blog\/curso-de-fonoaudiologia\/","og_locale":"pt_BR","og_type":"article","og_title":"Conhe\u00e7a o curso de Fonoaudiologia da Univates - Univates Blog","og_description":"Conhe\u00e7a o curso de Fonoaudiologia da Univates. Saiba mais sobre a gradua\u00e7\u00e3o que forma profissionais focados no cuidado da comunica\u00e7\u00e3o humana.","og_url":"https:\/\/www.univates.br\/blog\/curso-de-fonoaudiologia\/","og_site_name":"Univates Blog","article_published_time":"2025-09-08T20:02:32+00:00","article_modified_time":"2025-09-08T20:13:07+00:00","og_image":[{"url":"https:\/\/www.univates.br\/blog\/wp-content\/uploads\/2025\/09\/Imagens-posts-blog-2025-09-08T134941.216.jpg","type":"","width":"","height":""}],"author":"Marketing Univates","twitter_card":"summary_large_image","twitter_misc":{"Escrito por":"Marketing Univates","Est. tempo de leitura":"5 minutos"},"schema":{"@context":"https:\/\/schema.org","@graph":[{"@type":"Article","@id":"https:\/\/www.univates.br\/blog\/curso-de-fonoaudiologia\/#article","isPartOf":{"@id":"https:\/\/www.univates.br\/blog\/curso-de-fonoaudiologia\/"},"author":{"name":"Marketing Univates","@id":"https:\/\/www.univates.br\/blog\/#\/schema\/person\/15c63917440cc5e70160c247b309af2f"},"headline":"Conhe\u00e7a o curso de Fonoaudiologia da Univates","datePublished":"2025-09-08T20:02:32+00:00","dateModified":"2025-09-08T20:13:07+00:00","mainEntityOfPage":{"@id":"https:\/\/www.univates.br\/blog\/curso-de-fonoaudiologia\/"},"wordCount":702,"commentCount":0,"image":{"@id":"https:\/\/www.univates.br\/blog\/curso-de-fonoaudiologia\/#primaryimage"},"thumbnailUrl":"https:\/\/www.univates.br\/blog\/wp-content\/uploads\/2025\/09\/Imagens-posts-blog-2025-09-08T134941.216.jpg","articleSection":["Estudos","Univates"],"inLanguage":"pt-BR","potentialAction":[{"@type":"CommentAction","name":"Comment","target":["https:\/\/www.univates.br\/blog\/curso-de-fonoaudiologia\/#respond"]}]},{"@type":"WebPage","@id":"https:\/\/www.univates.br\/blog\/curso-de-fonoaudiologia\/","url":"https:\/\/www.univates.br\/blog\/curso-de-fonoaudiologia\/","name":"Conhe\u00e7a o curso de Fonoaudiologia da Univates - Univates Blog","isPartOf":{"@id":"https:\/\/www.univates.br\/blog\/#website"},"primaryImageOfPage":{"@id":"https:\/\/www.univates.br\/blog\/curso-de-fonoaudiologia\/#primaryimage"},"image":{"@id":"https:\/\/www.univates.br\/blog\/curso-de-fonoaudiologia\/#primaryimage"},"thumbnailUrl":"https:\/\/www.univates.br\/blog\/wp-content\/uploads\/2025\/09\/Imagens-posts-blog-2025-09-08T134941.216.jpg","datePublished":"2025-09-08T20:02:32+00:00","dateModified":"2025-09-08T20:13:07+00:00","author":{"@id":"https:\/\/www.univates.br\/blog\/#\/schema\/person\/15c63917440cc5e70160c247b309af2f"},"description":"Conhe\u00e7a o curso de Fonoaudiologia da Univates. Saiba mais sobre a gradua\u00e7\u00e3o que forma profissionais focados no cuidado da comunica\u00e7\u00e3o humana.","breadcrumb":{"@id":"https:\/\/www.univates.br\/blog\/curso-de-fonoaudiologia\/#breadcrumb"},"inLanguage":"pt-BR","potentialAction":[{"@type":"ReadAction","target":["https:\/\/www.univates.br\/blog\/curso-de-fonoaudiologia\/"]}]},{"@type":"ImageObject","inLanguage":"pt-BR","@id":"https:\/\/www.univates.br\/blog\/curso-de-fonoaudiologia\/#primaryimage","url":"https:\/\/www.univates.br\/blog\/wp-content\/uploads\/2025\/09\/Imagens-posts-blog-2025-09-08T134941.216.jpg","contentUrl":"https:\/\/www.univates.br\/blog\/wp-content\/uploads\/2025\/09\/Imagens-posts-blog-2025-09-08T134941.216.jpg","width":5184,"height":3456,"caption":"Foto: Divulga\u00e7\u00e3o Pexels."},{"@type":"BreadcrumbList","@id":"https:\/\/www.univates.br\/blog\/curso-de-fonoaudiologia\/#breadcrumb","itemListElement":[{"@type":"ListItem","position":1,"name":"Home","item":"https:\/\/www.univates.br\/blog\/"},{"@type":"ListItem","position":2,"name":"Conhe\u00e7a o curso de Fonoaudiologia da Univates"}]},{"@type":"WebSite","@id":"https:\/\/www.univates.br\/blog\/#website","url":"https:\/\/www.univates.br\/blog\/","name":"Univates Blog","description":"","potentialAction":[{"@type":"SearchAction","target":{"@type":"EntryPoint","urlTemplate":"https:\/\/www.univates.br\/blog\/?s={search_term_string}"},"query-input":{"@type":"PropertyValueSpecification","valueRequired":true,"valueName":"search_term_string"}}],"inLanguage":"pt-BR"},{"@type":"Person","@id":"https:\/\/www.univates.br\/blog\/#\/schema\/person\/15c63917440cc5e70160c247b309af2f","name":"Marketing Univates","image":{"@type":"ImageObject","inLanguage":"pt-BR","@id":"https:\/\/secure.gravatar.com\/avatar\/511f9e77a6a3d0cddd9074f69a722364bc7f787e73d4a0da1f727ba62704eda4?s=96&d=mm&r=g","url":"https:\/\/secure.gravatar.com\/avatar\/511f9e77a6a3d0cddd9074f69a722364bc7f787e73d4a0da1f727ba62704eda4?s=96&d=mm&r=g","contentUrl":"https:\/\/secure.gravatar.com\/avatar\/511f9e77a6a3d0cddd9074f69a722364bc7f787e73d4a0da1f727ba62704eda4?s=96&d=mm&r=g","caption":"Marketing Univates"},"sameAs":["http:\/\/univates.br"],"url":"https:\/\/www.univates.br\/blog\/author\/marketing\/"}]}},"_links":{"self":[{"href":"https:\/\/www.univates.br\/blog\/wp-json\/wp\/v2\/posts\/6937","targetHints":{"allow":["GET"]}}],"collection":[{"href":"https:\/\/www.univates.br\/blog\/wp-json\/wp\/v2\/posts"}],"about":[{"href":"https:\/\/www.univates.br\/blog\/wp-json\/wp\/v2\/types\/post"}],"author":[{"embeddable":true,"href":"https:\/\/www.univates.br\/blog\/wp-json\/wp\/v2\/users\/2"}],"replies":[{"embeddable":true,"href":"https:\/\/www.univates.br\/blog\/wp-json\/wp\/v2\/comments?post=6937"}],"version-history":[{"count":7,"href":"https:\/\/www.univates.br\/blog\/wp-json\/wp\/v2\/posts\/6937\/revisions"}],"predecessor-version":[{"id":6949,"href":"https:\/\/www.univates.br\/blog\/wp-json\/wp\/v2\/posts\/6937\/revisions\/6949"}],"wp:attachment":[{"href":"https:\/\/www.univates.br\/blog\/wp-json\/wp\/v2\/media?parent=6937"}],"wp:term":[{"taxonomy":"category","embeddable":true,"href":"https:\/\/www.univates.br\/blog\/wp-json\/wp\/v2\/categories?post=6937"}],"curies":[{"name":"wp","href":"https:\/\/api.w.org\/{rel}","templated":true}]}}