{"id":6968,"date":"2025-09-15T17:10:59","date_gmt":"2025-09-15T20:10:59","guid":{"rendered":"https:\/\/www.univates.br\/blog\/?p=6968"},"modified":"2025-09-15T17:10:59","modified_gmt":"2025-09-15T20:10:59","slug":"beneficios-do-exercicio-fisico","status":"publish","type":"post","link":"https:\/\/www.univates.br\/blog\/beneficios-do-exercicio-fisico\/","title":{"rendered":"Benef\u00edcios do exerc\u00edcio f\u00edsico para a sa\u00fade"},"content":{"rendered":"\n<p>Benef\u00edcios do exerc\u00edcio f\u00edsico para a sa\u00fade. Voc\u00ea sabia que exercitar-se n\u00e3o \u00e9 s\u00f3 quest\u00e3o de apar\u00eancia? A atividade f\u00edsica regular pode transformar sua sa\u00fade, melhorar seu humor e aumentar sua disposi\u00e7\u00e3o no dia a dia.<\/p>\n\n\n\n<p>Neste <em>post<\/em>, vamos descobrir como o exerc\u00edcio f\u00edsico pode ser um grande aliado na preven\u00e7\u00e3o de doen\u00e7as, no fortalecimento do nosso corpo e na nossa evolu\u00e7\u00e3o pessoal. Dar o primeiro passo (literalmente) rumo a uma vida mais ativa pode ser bem mais simples do que voc\u00ea imagina. Lembre-se de que os benef\u00edcios s\u00e3o para a mente, o corpo e o cora\u00e7\u00e3o. \ud83e\udde0\ud83d\udcaa\u2764\ufe0f<\/p>\n\n\n\n<p><a href=\"https:\/\/www.univates.br\/blog\/quando-fazer-academia\/\">Com quantos anos algu\u00e9m pode come\u00e7ar a fazer academia?<\/a><\/p>\n\n\n<div class=\"wp-block-image\">\n<figure class=\"aligncenter size-full\"><img loading=\"lazy\" decoding=\"async\" width=\"5184\" height=\"3456\" src=\"https:\/\/www.univates.br\/blog\/wp-content\/uploads\/2025\/09\/Imagens-posts-blog-2025-09-15T104849.360-Elise.jpg\" alt=\"\" class=\"wp-image-6969\"\/><figcaption class=\"wp-element-caption\">Foto: Divulga\u00e7\u00e3o Univates\/Elise Bozzetto<\/figcaption><\/figure>\n<\/div>\n\n\n<h2 class=\"wp-block-heading\">\ud83c\udfcb\ud83c\udffd <strong>Preven\u00e7\u00e3o de doen\u00e7as\u00a0<\/strong><\/h2>\n\n\n\n<p>Vamos come\u00e7ar pelo que talvez todo mundo j\u00e1 saiba: a pr\u00e1tica regular de exerc\u00edcios f\u00edsicos reduz o risco de doen\u00e7as cr\u00f4nicas, como diabetes tipo 2, hipertens\u00e3o e problemas cardiovasculares.<\/p>\n\n\n\n<div class=\"wp-block-media-text is-stacked-on-mobile\"><figure class=\"wp-block-media-text__media\"><img loading=\"lazy\" decoding=\"async\" width=\"5184\" height=\"3456\" src=\"https:\/\/www.univates.br\/blog\/wp-content\/uploads\/2025\/09\/Imagens-posts-blog-2025-09-15T105036.542-Elise.jpg\" alt=\"\" class=\"wp-image-6971 size-full\"\/><\/figure><div class=\"wp-block-media-text__content\">\n<p><\/p>\n\n\n\n<p>Al\u00e9m disso, movimentar-se ajuda a fortalecer o sistema imunol\u00f3gico, tornando o corpo mais resistente a inflama\u00e7\u00f5es e infec\u00e7\u00f5es. Ou seja, exercitar-se \u00e9 uma forma poderosa de cuidar da sa\u00fade em longo prazo.<\/p>\n<\/div><\/div>\n\n\n\n<h2 class=\"wp-block-heading\">\ud83c\udfcb\ud83c\udffd <strong>Fortalecimento do corpo<\/strong><\/h2>\n\n\n\n<p>Al\u00e9m de prevenir doen\u00e7as, o exerc\u00edcio f\u00edsico contribui para o fortalecimento muscular e \u00f3sseo. Com o tempo, atividades como <a href=\"https:\/\/www.univates.br\/blog\/musculacao\/\">muscula\u00e7\u00e3o<\/a>, <a href=\"https:\/\/www.univates.br\/blog\/tudo-sobre-pilates\/\">Pilates<\/a>, corrida ou at\u00e9 mesmo caminhadas regulares aumentam a resist\u00eancia f\u00edsica, melhoram a postura e reduzem o risco de les\u00f5es. Como resultado, tarefas do dia a dia (subir escadas, carregar sacolas) tornam-se mais f\u00e1ceis.<\/p>\n\n\n\n<h2 class=\"wp-block-heading\">\ud83c\udfcb\ud83c\udffd <strong>Controle do peso corporal e de dores cr\u00f4nicas<\/strong><\/h2>\n\n\n\n<div class=\"wp-block-media-text is-stacked-on-mobile\"><figure class=\"wp-block-media-text__media\"><img loading=\"lazy\" decoding=\"async\" width=\"5184\" height=\"3456\" src=\"https:\/\/www.univates.br\/blog\/wp-content\/uploads\/2025\/09\/Imagens-posts-blog-2025-09-15T105249.593-Elise.jpg\" alt=\"\" class=\"wp-image-6974 size-full\"\/><\/figure><div class=\"wp-block-media-text__content\">\n<p><\/p>\n\n\n\n<p>A pr\u00e1tica regular de exerc\u00edcios ajuda no controle do peso, pois aumenta o gasto cal\u00f3rico e acelera o metabolismo. Combinada a uma <a href=\"https:\/\/www.univates.br\/blog\/lanche-saudavel\/\">alimenta\u00e7\u00e3o equilibrada<\/a>, a atividade f\u00edsica \u00e9 uma aliada para manter o peso ideal, prevenir a obesidade e reduzir o risco de problemas articulares e dores cr\u00f4nicas.<\/p>\n<\/div><\/div>\n\n\n\n<h2 class=\"wp-block-heading\">\ud83c\udfcb\ud83c\udffd <strong>Evolu\u00e7\u00e3o pessoal e bem-estar mental<\/strong><\/h2>\n\n\n\n<div class=\"wp-block-media-text is-stacked-on-mobile\"><figure class=\"wp-block-media-text__media\"><img loading=\"lazy\" decoding=\"async\" width=\"5184\" height=\"3456\" src=\"https:\/\/www.univates.br\/blog\/wp-content\/uploads\/2025\/09\/Imagens-posts-blog-2025-09-15T105810.823-Elise.jpg\" alt=\"\" class=\"wp-image-6977 size-full\"\/><\/figure><div class=\"wp-block-media-text__content\">\n<p><\/p>\n\n\n\n<p>Mais do que mudan\u00e7as f\u00edsicas, o exerc\u00edcio promove transforma\u00e7\u00f5es internas. Isso porque, durante a atividade f\u00edsica, o corpo libera endorfinas, subst\u00e2ncias respons\u00e1veis pela sensa\u00e7\u00e3o de bem-estar e redu\u00e7\u00e3o do estresse.<\/p>\n<\/div><\/div>\n\n\n\n<p>Com o tempo, voc\u00ea pode perceber melhoras na autoestima, no foco e at\u00e9 na qualidade do sono. Assim, podemos dizer que se movimentar \u00e9 tamb\u00e9m um ato de <a href=\"https:\/\/www.univates.br\/blog\/saude-mental-dicas\/\">autocuidado<\/a> e desenvolvimento pessoal.<\/p>\n\n\n\n<h2 class=\"wp-block-heading\">\ud83c\udfcb\ud83c\udffd <strong>Mais energia e disposi\u00e7\u00e3o no dia a dia<\/strong><\/h2>\n\n\n\n<p>Outro benef\u00edcio da pr\u00e1tica regular de exerc\u00edcios f\u00edsicos \u00e9 o aumento da energia ao longo do dia. Pode parecer contradit\u00f3rio, mas gastar energia se movimentando ajuda o corpo a ter ainda mais disposi\u00e7\u00e3o para enfrentar as tarefas cotidianas.<\/p>\n\n\n\n<p>Isso acontece porque o exerc\u00edcio melhora a circula\u00e7\u00e3o sangu\u00ednea, otimiza a oxigena\u00e7\u00e3o dos tecidos e estimula o metabolismo. Como resultado, voc\u00ea se sente <a href=\"https:\/\/www.univates.br\/blog\/rotina-produtiva-na-semana\/\">mais ativo, produtivo e motivado<\/a>.<\/p>\n\n\n\n<h2 class=\"wp-block-heading\"><strong>Saiba como se tornar um promotor da sa\u00fade, do bem-estar e da qualidade de vida\u00a0<\/strong><\/h2>\n\n\n\n<p>Voc\u00ea se interessou pelos benef\u00edcios do exerc\u00edcio f\u00edsico e quer aprofundar seus conhecimentos para ajudar outras pessoas a conquistarem um estilo de vida mais saud\u00e1vel? Ent\u00e3o sugerimos que fa\u00e7a o curso de Educa\u00e7\u00e3o F\u00edsica (bacharelado ou licenciatura) da Univates.<\/p>\n\n\n\n<p>Conforme a \u00faltima avalia\u00e7\u00e3o realizada pelo Minist\u00e9rio da Educa\u00e7\u00e3o (MEC), o curso de <a href=\"https:\/\/www.univates.br\/graduacao\/educacao-fisica\">Educa\u00e7\u00e3o F\u00edsica &#8211; bacharelado<\/a> da Uni \u00e9 o melhor do Rio Grande do Sul. Isso mesmo! Aliando teoria e pr\u00e1tica, a gradua\u00e7\u00e3o forma profissionais que atendem com excel\u00eancia \u00e0s demandas e aos interesses de uma sociedade saud\u00e1vel, humanizada e sempre em movimento.\u00a0<\/p>\n\n\n\n<p><a href=\"https:\/\/www.univates.br\/blog\/onde-posso-trabalhar-depois-de-formado-no-curso-educacao-fisica-bacharelado\/\">Onde posso trabalhar depois de formado no curso de Educa\u00e7\u00e3o F\u00edsica &#8211; bacharelado?<\/a><\/p>\n\n\n\n<p>O curso de <a href=\"https:\/\/www.univates.br\/graduacao\/educacao-fisica-licenciatura\">Educa\u00e7\u00e3o F\u00edsica &#8211; licenciatura<\/a> \u00e9 a escolha certa para quem deseja atuar na forma\u00e7\u00e3o de crian\u00e7as e jovens, promovendo a sa\u00fade, o desenvolvimento motor e o aprendizado por meio da pr\u00e1tica esportiva e de atividades corporais.<\/p>\n\n\n\n<p><a href=\"https:\/\/www.univates.br\/blog\/onde-posso-trabalhar-depois-de-formado-no-curso-de-educacao-fisica-licenciatura\/\">Onde posso trabalhar depois de formado no curso de Educa\u00e7\u00e3o F\u00edsica &#8211; licenciatura?<\/a><\/p>\n\n\n\n<p><a href=\"https:\/\/www.univates.br\/blog\/conheca-o-complexo-esportivo-da-univates\/\">Conhe\u00e7a o Complexo Esportivo da Univates<\/a><\/p>\n\n\n<div class=\"wp-block-image\">\n<figure class=\"aligncenter size-full\"><img loading=\"lazy\" decoding=\"async\" width=\"5184\" height=\"3456\" src=\"https:\/\/www.univates.br\/blog\/wp-content\/uploads\/2025\/09\/Imagens-posts-blog-2025-09-15T110055.900-Elise.jpg\" alt=\"\" class=\"wp-image-6980\"\/><figcaption class=\"wp-element-caption\">Complexo Esportivo da Univates. Foto: Divulga\u00e7\u00e3o Univates\/Elise Bozzetto <\/figcaption><\/figure>\n<\/div>\n\n\n<h2 class=\"wp-block-heading\">Fim \ud83d\udc99<\/h2>\n\n\n\n<p>O maior investimento que podemos fazer na vida \u00e9 em sa\u00fade (na nossa e na daqueles que amamos). Cuidar do corpo e da mente por meio do exerc\u00edcio f\u00edsico \u00e9 um gesto de amor pr\u00f3prio e respeito \u00e0 vida. Movimente-se e permita-se viver com muito mais energia, vitalidade e equil\u00edbrio! \ud83d\udd0b\ud83d\udca5\ud83d\ude0e<\/p>\n","protected":false},"excerpt":{"rendered":"<p>Benef\u00edcios do exerc\u00edcio f\u00edsico para a sa\u00fade. Voc\u00ea sabia que exercitar-se n\u00e3o \u00e9 s\u00f3 quest\u00e3o de apar\u00eancia? A atividade f\u00edsica regular pode transformar sua sa\u00fade, melhorar seu humor e aumentar sua disposi\u00e7\u00e3o no dia a dia. Neste post, vamos descobrir\u2026<\/p>\n","protected":false},"author":2,"featured_media":0,"comment_status":"open","ping_status":"open","sticky":false,"template":"","format":"standard","meta":{"_acf_changed":false,"footnotes":""},"categories":[23],"class_list":["post-6968","post","type-post","status-publish","format-standard","hentry","category-estudos","autor-lais-pontin-matos","curso-educacao-fisica","area-saude"],"acf":[],"yoast_head":"<!-- This site is optimized with the Yoast SEO plugin v27.3 - https:\/\/yoast.com\/product\/yoast-seo-wordpress\/ -->\n<title>Benef\u00edcios do exerc\u00edcio f\u00edsico para a sa\u00fade - Univates Blog<\/title>\n<meta name=\"description\" content=\"Benef\u00edcios do exerc\u00edcio f\u00edsico para a sa\u00fade. A regra \u00e9 simples: movimente-se para prevenir, fortalecer e evoluir!\" \/>\n<meta name=\"robots\" content=\"index, follow, max-snippet:-1, max-image-preview:large, max-video-preview:-1\" \/>\n<link rel=\"canonical\" href=\"https:\/\/www.univates.br\/blog\/beneficios-do-exercicio-fisico\/\" \/>\n<meta property=\"og:locale\" content=\"pt_BR\" \/>\n<meta property=\"og:type\" content=\"article\" \/>\n<meta property=\"og:title\" content=\"Benef\u00edcios do exerc\u00edcio f\u00edsico para a sa\u00fade - Univates Blog\" \/>\n<meta property=\"og:description\" content=\"Benef\u00edcios do exerc\u00edcio f\u00edsico para a sa\u00fade. A regra \u00e9 simples: movimente-se para prevenir, fortalecer e evoluir!\" \/>\n<meta property=\"og:url\" content=\"https:\/\/www.univates.br\/blog\/beneficios-do-exercicio-fisico\/\" \/>\n<meta property=\"og:site_name\" content=\"Univates Blog\" \/>\n<meta property=\"article:published_time\" content=\"2025-09-15T20:10:59+00:00\" \/>\n<meta property=\"og:image\" content=\"https:\/\/www.univates.br\/blog\/wp-content\/uploads\/2025\/09\/Imagens-posts-blog-2025-09-15T104849.360-Elise.jpg\" \/>\n\t<meta property=\"og:image:width\" content=\"5184\" \/>\n\t<meta property=\"og:image:height\" content=\"3456\" \/>\n\t<meta property=\"og:image:type\" content=\"image\/jpeg\" \/>\n<meta name=\"author\" content=\"Marketing Univates\" \/>\n<meta name=\"twitter:card\" content=\"summary_large_image\" \/>\n<meta name=\"twitter:label1\" content=\"Escrito por\" \/>\n\t<meta name=\"twitter:data1\" content=\"Marketing Univates\" \/>\n\t<meta name=\"twitter:label2\" content=\"Est. tempo de leitura\" \/>\n\t<meta name=\"twitter:data2\" content=\"5 minutos\" \/>\n<script type=\"application\/ld+json\" class=\"yoast-schema-graph\">{\"@context\":\"https:\\\/\\\/schema.org\",\"@graph\":[{\"@type\":\"Article\",\"@id\":\"https:\\\/\\\/www.univates.br\\\/blog\\\/beneficios-do-exercicio-fisico\\\/#article\",\"isPartOf\":{\"@id\":\"https:\\\/\\\/www.univates.br\\\/blog\\\/beneficios-do-exercicio-fisico\\\/\"},\"author\":{\"name\":\"Marketing Univates\",\"@id\":\"https:\\\/\\\/www.univates.br\\\/blog\\\/#\\\/schema\\\/person\\\/15c63917440cc5e70160c247b309af2f\"},\"headline\":\"Benef\u00edcios do exerc\u00edcio f\u00edsico para a sa\u00fade\",\"datePublished\":\"2025-09-15T20:10:59+00:00\",\"mainEntityOfPage\":{\"@id\":\"https:\\\/\\\/www.univates.br\\\/blog\\\/beneficios-do-exercicio-fisico\\\/\"},\"wordCount\":777,\"commentCount\":0,\"image\":{\"@id\":\"https:\\\/\\\/www.univates.br\\\/blog\\\/beneficios-do-exercicio-fisico\\\/#primaryimage\"},\"thumbnailUrl\":\"https:\\\/\\\/www.univates.br\\\/blog\\\/wp-content\\\/uploads\\\/2025\\\/09\\\/Imagens-posts-blog-2025-09-15T104849.360-Elise.jpg\",\"articleSection\":[\"Estudos\"],\"inLanguage\":\"pt-BR\",\"potentialAction\":[{\"@type\":\"CommentAction\",\"name\":\"Comment\",\"target\":[\"https:\\\/\\\/www.univates.br\\\/blog\\\/beneficios-do-exercicio-fisico\\\/#respond\"]}]},{\"@type\":\"WebPage\",\"@id\":\"https:\\\/\\\/www.univates.br\\\/blog\\\/beneficios-do-exercicio-fisico\\\/\",\"url\":\"https:\\\/\\\/www.univates.br\\\/blog\\\/beneficios-do-exercicio-fisico\\\/\",\"name\":\"Benef\u00edcios do exerc\u00edcio f\u00edsico para a sa\u00fade - Univates Blog\",\"isPartOf\":{\"@id\":\"https:\\\/\\\/www.univates.br\\\/blog\\\/#website\"},\"primaryImageOfPage\":{\"@id\":\"https:\\\/\\\/www.univates.br\\\/blog\\\/beneficios-do-exercicio-fisico\\\/#primaryimage\"},\"image\":{\"@id\":\"https:\\\/\\\/www.univates.br\\\/blog\\\/beneficios-do-exercicio-fisico\\\/#primaryimage\"},\"thumbnailUrl\":\"https:\\\/\\\/www.univates.br\\\/blog\\\/wp-content\\\/uploads\\\/2025\\\/09\\\/Imagens-posts-blog-2025-09-15T104849.360-Elise.jpg\",\"datePublished\":\"2025-09-15T20:10:59+00:00\",\"author\":{\"@id\":\"https:\\\/\\\/www.univates.br\\\/blog\\\/#\\\/schema\\\/person\\\/15c63917440cc5e70160c247b309af2f\"},\"description\":\"Benef\u00edcios do exerc\u00edcio f\u00edsico para a sa\u00fade. A regra \u00e9 simples: movimente-se para prevenir, fortalecer e evoluir!\",\"breadcrumb\":{\"@id\":\"https:\\\/\\\/www.univates.br\\\/blog\\\/beneficios-do-exercicio-fisico\\\/#breadcrumb\"},\"inLanguage\":\"pt-BR\",\"potentialAction\":[{\"@type\":\"ReadAction\",\"target\":[\"https:\\\/\\\/www.univates.br\\\/blog\\\/beneficios-do-exercicio-fisico\\\/\"]}]},{\"@type\":\"ImageObject\",\"inLanguage\":\"pt-BR\",\"@id\":\"https:\\\/\\\/www.univates.br\\\/blog\\\/beneficios-do-exercicio-fisico\\\/#primaryimage\",\"url\":\"https:\\\/\\\/www.univates.br\\\/blog\\\/wp-content\\\/uploads\\\/2025\\\/09\\\/Imagens-posts-blog-2025-09-15T104849.360-Elise.jpg\",\"contentUrl\":\"https:\\\/\\\/www.univates.br\\\/blog\\\/wp-content\\\/uploads\\\/2025\\\/09\\\/Imagens-posts-blog-2025-09-15T104849.360-Elise.jpg\",\"width\":5184,\"height\":3456,\"caption\":\"Foto: Divulga\u00e7\u00e3o Univates\\\/Elise Bozzetto\"},{\"@type\":\"BreadcrumbList\",\"@id\":\"https:\\\/\\\/www.univates.br\\\/blog\\\/beneficios-do-exercicio-fisico\\\/#breadcrumb\",\"itemListElement\":[{\"@type\":\"ListItem\",\"position\":1,\"name\":\"Home\",\"item\":\"https:\\\/\\\/www.univates.br\\\/blog\\\/\"},{\"@type\":\"ListItem\",\"position\":2,\"name\":\"Benef\u00edcios do exerc\u00edcio f\u00edsico para a sa\u00fade\"}]},{\"@type\":\"WebSite\",\"@id\":\"https:\\\/\\\/www.univates.br\\\/blog\\\/#website\",\"url\":\"https:\\\/\\\/www.univates.br\\\/blog\\\/\",\"name\":\"Univates Blog\",\"description\":\"\",\"potentialAction\":[{\"@type\":\"SearchAction\",\"target\":{\"@type\":\"EntryPoint\",\"urlTemplate\":\"https:\\\/\\\/www.univates.br\\\/blog\\\/?s={search_term_string}\"},\"query-input\":{\"@type\":\"PropertyValueSpecification\",\"valueRequired\":true,\"valueName\":\"search_term_string\"}}],\"inLanguage\":\"pt-BR\"},{\"@type\":\"Person\",\"@id\":\"https:\\\/\\\/www.univates.br\\\/blog\\\/#\\\/schema\\\/person\\\/15c63917440cc5e70160c247b309af2f\",\"name\":\"Marketing Univates\",\"image\":{\"@type\":\"ImageObject\",\"inLanguage\":\"pt-BR\",\"@id\":\"https:\\\/\\\/secure.gravatar.com\\\/avatar\\\/511f9e77a6a3d0cddd9074f69a722364bc7f787e73d4a0da1f727ba62704eda4?s=96&d=mm&r=g\",\"url\":\"https:\\\/\\\/secure.gravatar.com\\\/avatar\\\/511f9e77a6a3d0cddd9074f69a722364bc7f787e73d4a0da1f727ba62704eda4?s=96&d=mm&r=g\",\"contentUrl\":\"https:\\\/\\\/secure.gravatar.com\\\/avatar\\\/511f9e77a6a3d0cddd9074f69a722364bc7f787e73d4a0da1f727ba62704eda4?s=96&d=mm&r=g\",\"caption\":\"Marketing Univates\"},\"sameAs\":[\"http:\\\/\\\/univates.br\"],\"url\":\"https:\\\/\\\/www.univates.br\\\/blog\\\/author\\\/marketing\\\/\"}]}<\/script>\n<!-- \/ Yoast SEO plugin. -->","yoast_head_json":{"title":"Benef\u00edcios do exerc\u00edcio f\u00edsico para a sa\u00fade - Univates Blog","description":"Benef\u00edcios do exerc\u00edcio f\u00edsico para a sa\u00fade. A regra \u00e9 simples: movimente-se para prevenir, fortalecer e evoluir!","robots":{"index":"index","follow":"follow","max-snippet":"max-snippet:-1","max-image-preview":"max-image-preview:large","max-video-preview":"max-video-preview:-1"},"canonical":"https:\/\/www.univates.br\/blog\/beneficios-do-exercicio-fisico\/","og_locale":"pt_BR","og_type":"article","og_title":"Benef\u00edcios do exerc\u00edcio f\u00edsico para a sa\u00fade - Univates Blog","og_description":"Benef\u00edcios do exerc\u00edcio f\u00edsico para a sa\u00fade. A regra \u00e9 simples: movimente-se para prevenir, fortalecer e evoluir!","og_url":"https:\/\/www.univates.br\/blog\/beneficios-do-exercicio-fisico\/","og_site_name":"Univates Blog","article_published_time":"2025-09-15T20:10:59+00:00","og_image":[{"width":5184,"height":3456,"url":"https:\/\/www.univates.br\/blog\/wp-content\/uploads\/2025\/09\/Imagens-posts-blog-2025-09-15T104849.360-Elise.jpg","type":"image\/jpeg"}],"author":"Marketing Univates","twitter_card":"summary_large_image","twitter_misc":{"Escrito por":"Marketing Univates","Est. tempo de leitura":"5 minutos"},"schema":{"@context":"https:\/\/schema.org","@graph":[{"@type":"Article","@id":"https:\/\/www.univates.br\/blog\/beneficios-do-exercicio-fisico\/#article","isPartOf":{"@id":"https:\/\/www.univates.br\/blog\/beneficios-do-exercicio-fisico\/"},"author":{"name":"Marketing Univates","@id":"https:\/\/www.univates.br\/blog\/#\/schema\/person\/15c63917440cc5e70160c247b309af2f"},"headline":"Benef\u00edcios do exerc\u00edcio f\u00edsico para a sa\u00fade","datePublished":"2025-09-15T20:10:59+00:00","mainEntityOfPage":{"@id":"https:\/\/www.univates.br\/blog\/beneficios-do-exercicio-fisico\/"},"wordCount":777,"commentCount":0,"image":{"@id":"https:\/\/www.univates.br\/blog\/beneficios-do-exercicio-fisico\/#primaryimage"},"thumbnailUrl":"https:\/\/www.univates.br\/blog\/wp-content\/uploads\/2025\/09\/Imagens-posts-blog-2025-09-15T104849.360-Elise.jpg","articleSection":["Estudos"],"inLanguage":"pt-BR","potentialAction":[{"@type":"CommentAction","name":"Comment","target":["https:\/\/www.univates.br\/blog\/beneficios-do-exercicio-fisico\/#respond"]}]},{"@type":"WebPage","@id":"https:\/\/www.univates.br\/blog\/beneficios-do-exercicio-fisico\/","url":"https:\/\/www.univates.br\/blog\/beneficios-do-exercicio-fisico\/","name":"Benef\u00edcios do exerc\u00edcio f\u00edsico para a sa\u00fade - Univates Blog","isPartOf":{"@id":"https:\/\/www.univates.br\/blog\/#website"},"primaryImageOfPage":{"@id":"https:\/\/www.univates.br\/blog\/beneficios-do-exercicio-fisico\/#primaryimage"},"image":{"@id":"https:\/\/www.univates.br\/blog\/beneficios-do-exercicio-fisico\/#primaryimage"},"thumbnailUrl":"https:\/\/www.univates.br\/blog\/wp-content\/uploads\/2025\/09\/Imagens-posts-blog-2025-09-15T104849.360-Elise.jpg","datePublished":"2025-09-15T20:10:59+00:00","author":{"@id":"https:\/\/www.univates.br\/blog\/#\/schema\/person\/15c63917440cc5e70160c247b309af2f"},"description":"Benef\u00edcios do exerc\u00edcio f\u00edsico para a sa\u00fade. A regra \u00e9 simples: movimente-se para prevenir, fortalecer e evoluir!","breadcrumb":{"@id":"https:\/\/www.univates.br\/blog\/beneficios-do-exercicio-fisico\/#breadcrumb"},"inLanguage":"pt-BR","potentialAction":[{"@type":"ReadAction","target":["https:\/\/www.univates.br\/blog\/beneficios-do-exercicio-fisico\/"]}]},{"@type":"ImageObject","inLanguage":"pt-BR","@id":"https:\/\/www.univates.br\/blog\/beneficios-do-exercicio-fisico\/#primaryimage","url":"https:\/\/www.univates.br\/blog\/wp-content\/uploads\/2025\/09\/Imagens-posts-blog-2025-09-15T104849.360-Elise.jpg","contentUrl":"https:\/\/www.univates.br\/blog\/wp-content\/uploads\/2025\/09\/Imagens-posts-blog-2025-09-15T104849.360-Elise.jpg","width":5184,"height":3456,"caption":"Foto: Divulga\u00e7\u00e3o Univates\/Elise Bozzetto"},{"@type":"BreadcrumbList","@id":"https:\/\/www.univates.br\/blog\/beneficios-do-exercicio-fisico\/#breadcrumb","itemListElement":[{"@type":"ListItem","position":1,"name":"Home","item":"https:\/\/www.univates.br\/blog\/"},{"@type":"ListItem","position":2,"name":"Benef\u00edcios do exerc\u00edcio f\u00edsico para a sa\u00fade"}]},{"@type":"WebSite","@id":"https:\/\/www.univates.br\/blog\/#website","url":"https:\/\/www.univates.br\/blog\/","name":"Univates Blog","description":"","potentialAction":[{"@type":"SearchAction","target":{"@type":"EntryPoint","urlTemplate":"https:\/\/www.univates.br\/blog\/?s={search_term_string}"},"query-input":{"@type":"PropertyValueSpecification","valueRequired":true,"valueName":"search_term_string"}}],"inLanguage":"pt-BR"},{"@type":"Person","@id":"https:\/\/www.univates.br\/blog\/#\/schema\/person\/15c63917440cc5e70160c247b309af2f","name":"Marketing Univates","image":{"@type":"ImageObject","inLanguage":"pt-BR","@id":"https:\/\/secure.gravatar.com\/avatar\/511f9e77a6a3d0cddd9074f69a722364bc7f787e73d4a0da1f727ba62704eda4?s=96&d=mm&r=g","url":"https:\/\/secure.gravatar.com\/avatar\/511f9e77a6a3d0cddd9074f69a722364bc7f787e73d4a0da1f727ba62704eda4?s=96&d=mm&r=g","contentUrl":"https:\/\/secure.gravatar.com\/avatar\/511f9e77a6a3d0cddd9074f69a722364bc7f787e73d4a0da1f727ba62704eda4?s=96&d=mm&r=g","caption":"Marketing Univates"},"sameAs":["http:\/\/univates.br"],"url":"https:\/\/www.univates.br\/blog\/author\/marketing\/"}]}},"_links":{"self":[{"href":"https:\/\/www.univates.br\/blog\/wp-json\/wp\/v2\/posts\/6968","targetHints":{"allow":["GET"]}}],"collection":[{"href":"https:\/\/www.univates.br\/blog\/wp-json\/wp\/v2\/posts"}],"about":[{"href":"https:\/\/www.univates.br\/blog\/wp-json\/wp\/v2\/types\/post"}],"author":[{"embeddable":true,"href":"https:\/\/www.univates.br\/blog\/wp-json\/wp\/v2\/users\/2"}],"replies":[{"embeddable":true,"href":"https:\/\/www.univates.br\/blog\/wp-json\/wp\/v2\/comments?post=6968"}],"version-history":[{"count":9,"href":"https:\/\/www.univates.br\/blog\/wp-json\/wp\/v2\/posts\/6968\/revisions"}],"predecessor-version":[{"id":6982,"href":"https:\/\/www.univates.br\/blog\/wp-json\/wp\/v2\/posts\/6968\/revisions\/6982"}],"wp:attachment":[{"href":"https:\/\/www.univates.br\/blog\/wp-json\/wp\/v2\/media?parent=6968"}],"wp:term":[{"taxonomy":"category","embeddable":true,"href":"https:\/\/www.univates.br\/blog\/wp-json\/wp\/v2\/categories?post=6968"}],"curies":[{"name":"wp","href":"https:\/\/api.w.org\/{rel}","templated":true}]}}