{"id":7011,"date":"2025-09-24T17:09:34","date_gmt":"2025-09-24T20:09:34","guid":{"rendered":"https:\/\/www.univates.br\/blog\/?p=7011"},"modified":"2025-09-24T17:18:40","modified_gmt":"2025-09-24T20:18:40","slug":"educacao-inclusiva","status":"publish","type":"post","link":"https:\/\/www.univates.br\/blog\/educacao-inclusiva\/","title":{"rendered":"O que \u00e9 educa\u00e7\u00e3o inclusiva?"},"content":{"rendered":"\n<p>O que \u00e9 educa\u00e7\u00e3o inclusiva? Mesmo que voc\u00ea ainda n\u00e3o atue em sala de aula, esse \u00e9 um tema que merece sua aten\u00e7\u00e3o. Garantir que todos os estudantes (com ou sem defici\u00eancia, de diferentes origens e realidades) tenham acesso a uma aprendizagem de qualidade \u00e9 um dos maiores desafios da educa\u00e7\u00e3o atual.<\/p>\n\n\n\n<p>Lendo este <em>post<\/em>, voc\u00ea vai entender o que \u00e9 incluir de verdade, transformando o ambiente escolar em um espa\u00e7o mais acess\u00edvel, respeitoso e acolhedor para todos. Venha com a gente conhecer formas de promover a inclus\u00e3o e fazer a diferen\u00e7a na vida dos seus futuros alunos! \ud83d\udc69\u200d\ud83c\udfeb\ud83d\udcd6<\/p>\n\n\n\n<p><a href=\"https:\/\/www.univates.br\/blog\/5-motivos-para-fazer-uma-licenciatura\/\">5 motivos para fazer uma licenciatura<\/a><\/p>\n\n\n\n<p><a href=\"https:\/\/www.univates.br\/blog\/filmes-sobre-educacao\/\">Cinco filmes que falam sobre educa\u00e7\u00e3o<\/a><\/p>\n\n\n<div class=\"wp-block-image\">\n<figure class=\"aligncenter size-full\"><img loading=\"lazy\" decoding=\"async\" width=\"5184\" height=\"3456\" src=\"https:\/\/www.univates.br\/blog\/wp-content\/uploads\/2025\/09\/Imagens-posts-blog-2025-09-24T112150.758.jpg\" alt=\"\" class=\"wp-image-7012\"\/><figcaption class=\"wp-element-caption\">Foto: Divulga\u00e7\u00e3o\/Pexels.<\/figcaption><\/figure>\n<\/div>\n\n\n<h2 class=\"wp-block-heading\"><strong>O que \u00e9 educa\u00e7\u00e3o inclusiva?<\/strong><\/h2>\n\n\n\n<p>Bem, antes de mais nada, precisamos compreender que educa\u00e7\u00e3o inclusiva vai muito al\u00e9m de simplesmente colocar todos os alunos em uma mesma sala de aula. Na verdade, trata-se de reconhecer e valorizar as diferen\u00e7as individuais, garantindo que cada estudante tenha as condi\u00e7\u00f5es necess\u00e1rias para aprender e se desenvolver.<\/p>\n\n\n\n<div class=\"wp-block-media-text is-stacked-on-mobile\"><figure class=\"wp-block-media-text__media\"><img loading=\"lazy\" decoding=\"async\" width=\"5184\" height=\"3456\" src=\"https:\/\/www.univates.br\/blog\/wp-content\/uploads\/2025\/09\/Imagens-posts-blog-2025-09-24T112342.931.jpg\" alt=\"\" class=\"wp-image-7013 size-full\"\/><\/figure><div class=\"wp-block-media-text__content\">\n<p><\/p>\n\n\n\n<p>\u00c9 fundamental que a escola esteja preparada para receber a diversidade. Com isso, queremos dizer que n\u00e3o basta apenas acomodar os alunos no mesmo espa\u00e7o f\u00edsico. \u00c9 preciso, tamb\u00e9m, promover adapta\u00e7\u00f5es no curr\u00edculo, nos m\u00e9todos de ensino e nos <a href=\"https:\/\/www.univates.br\/blog\/metodologias-ativas-o-que-sao-e-como-ajudam-a-melhorar-a-educacao\/\">recursos pedag\u00f3gicos<\/a>, para atender \u00e0s necessidades espec\u00edficas de cada estudante.<\/p>\n<\/div><\/div>\n\n\n\n<p>\u00c9 essencial que toda a comunidade escolar (professores, funcion\u00e1rios, familiares e alunos) desenvolva uma cultura de respeito, empatia e colabora\u00e7\u00e3o. Dessa forma, o ambiente se torna favor\u00e1vel ao aprendizado e bem-estar de todos.<\/p>\n\n\n\n<p>A educa\u00e7\u00e3o inclusiva requer um compromisso coletivo para <a href=\"https:\/\/www.univates.br\/blog\/acessibilidade-e-inclusao\/\">eliminar barreiras materiais e atitudinais<\/a> (obst\u00e1culos f\u00edsicos), garantindo que todos os estudantes tenham as mesmas oportunidades de explorar seu potencial.<\/p>\n\n\n\n<h2 class=\"wp-block-heading\"><strong>Formas simples, mas eficazes de promover a inclus\u00e3o na escola\u00a0<\/strong><\/h2>\n\n\n\n<p>Quando voc\u00ea se formar e come\u00e7ar a atuar no ambiente escolar, poder\u00e1 aplicar diversas estrat\u00e9gias para facilitar a vida dos seus alunos. Confira algumas a\u00e7\u00f5es que, apesar de simples, s\u00e3o supereficazes para garantir a inclus\u00e3o e o acolhimento de todos.<\/p>\n\n\n\n<p>\ud83e\udd1d Adapte os materiais did\u00e1ticos para diferentes necessidades, usando recursos visuais, \u00e1udio e tecnologia assistiva (produtos, equipamentos, <em>softwares<\/em> etc. que auxiliam no acesso, na comunica\u00e7\u00e3o e na aprendizagem dos estudantes com defici\u00eancia);<\/p>\n\n\n\n<p>\ud83e\udd1d Diversifique as atividades para contemplar diferentes tipos de aprendizagem e habilidades;<\/p>\n\n\n\n<p>\ud83e\udd1d Incentive o respeito e a empatia entre os alunos, promovendo a valoriza\u00e7\u00e3o da diversidade;<\/p>\n\n\n\n<p>\ud83e\udd1d Busque forma\u00e7\u00e3o cont\u00ednua para se atualizar sobre pr\u00e1ticas inclusivas. Compartilhe os conhecimentos com seus colegas;<\/p>\n\n\n\n<p>\ud83e\udd1d Fortale\u00e7a a parceria com as fam\u00edlias, envolvendo-as no processo educativo e no desenvolvimento dos alunos;<\/p>\n\n\n\n<p>\ud83e\udd1d Ofere\u00e7a suporte individualizado e fique atento \u00e0s necessidades espec\u00edficas de cada estudante.<\/p>\n\n\n\n<p><a href=\"https:\/\/www.univates.br\/blog\/plano-de-aula\/\">Plano de aula: o que \u00e9 e como fazer?<\/a><\/p>\n\n\n\n<p><em>Lembre-se: como professor, seu papel \u00e9 ser um agente de transforma\u00e7\u00e3o, criando um ambiente onde todos os alunos se sintam valorizados, respeitados e motivados a aprender. Por meio das suas atitudes, voc\u00ea pode promover a inclus\u00e3o verdadeira, combater preconceitos e estimular a colabora\u00e7\u00e3o entre os estudantes.<\/em><\/p>\n\n\n<div class=\"wp-block-image\">\n<figure class=\"aligncenter size-full\"><img loading=\"lazy\" decoding=\"async\" width=\"5184\" height=\"3456\" src=\"https:\/\/www.univates.br\/blog\/wp-content\/uploads\/2025\/09\/Imagens-posts-blog-2025-09-24T112518.259.jpg\" alt=\"\" class=\"wp-image-7018\"\/><figcaption class=\"wp-element-caption\">Foto: Divulga\u00e7\u00e3o\/Pexels.<\/figcaption><\/figure>\n<\/div>\n\n\n<h2 class=\"wp-block-heading\">Fim \ud83d\udc99<\/h2>\n\n\n\n<p>Na teoria, a inclus\u00e3o \u00e9 um direito de todos, mas, na pr\u00e1tica, ela depende do compromisso e das a\u00e7\u00f5es de cada um para se tornar realidade. Seja voc\u00ea o profissional que promove mudan\u00e7as, acolhe as diferen\u00e7as e transforma a sociedade em um lugar melhor! <strong>\ud83d\udcab\ud83d\udc96<\/strong><\/p>\n","protected":false},"excerpt":{"rendered":"<p>O que \u00e9 educa\u00e7\u00e3o inclusiva? Mesmo que voc\u00ea ainda n\u00e3o atue em sala de aula, esse \u00e9 um tema que merece sua aten\u00e7\u00e3o. Garantir que todos os estudantes (com ou sem defici\u00eancia, de diferentes origens e realidades) tenham acesso a\u2026<\/p>\n","protected":false},"author":2,"featured_media":0,"comment_status":"open","ping_status":"open","sticky":false,"template":"","format":"standard","meta":{"_acf_changed":false,"footnotes":""},"categories":[23,31],"class_list":["post-7011","post","type-post","status-publish","format-standard","hentry","category-estudos","category-licenciatura","autor-lais-pontin-matos","curso-ciencias-biologicas","curso-educacao-fisica","curso-historia","curso-letras","curso-pedagogia","area-licenciaturas"],"acf":[],"yoast_head":"<!-- This site is optimized with the Yoast SEO plugin v27.3 - https:\/\/yoast.com\/product\/yoast-seo-wordpress\/ -->\n<title>O que \u00e9 educa\u00e7\u00e3o inclusiva? - Univates Blog<\/title>\n<meta name=\"description\" content=\"O que \u00e9 educa\u00e7\u00e3o inclusiva? Conhe\u00e7a formas de tornar o ambiente escolar mais acess\u00edvel e acolhedor para todos os alunos.\" \/>\n<meta name=\"robots\" content=\"index, follow, max-snippet:-1, max-image-preview:large, max-video-preview:-1\" \/>\n<link rel=\"canonical\" href=\"https:\/\/www.univates.br\/blog\/educacao-inclusiva\/\" \/>\n<meta property=\"og:locale\" content=\"pt_BR\" \/>\n<meta property=\"og:type\" content=\"article\" \/>\n<meta property=\"og:title\" content=\"O que \u00e9 educa\u00e7\u00e3o inclusiva? - Univates Blog\" \/>\n<meta property=\"og:description\" content=\"O que \u00e9 educa\u00e7\u00e3o inclusiva? Conhe\u00e7a formas de tornar o ambiente escolar mais acess\u00edvel e acolhedor para todos os alunos.\" \/>\n<meta property=\"og:url\" content=\"https:\/\/www.univates.br\/blog\/educacao-inclusiva\/\" \/>\n<meta property=\"og:site_name\" content=\"Univates Blog\" \/>\n<meta property=\"article:published_time\" content=\"2025-09-24T20:09:34+00:00\" \/>\n<meta property=\"article:modified_time\" content=\"2025-09-24T20:18:40+00:00\" \/>\n<meta property=\"og:image\" content=\"https:\/\/www.univates.br\/blog\/wp-content\/uploads\/2025\/09\/Imagens-posts-blog-2025-09-24T112150.758.jpg\" \/>\n\t<meta property=\"og:image:width\" content=\"5184\" \/>\n\t<meta property=\"og:image:height\" content=\"3456\" \/>\n\t<meta property=\"og:image:type\" content=\"image\/jpeg\" \/>\n<meta name=\"author\" content=\"Marketing Univates\" \/>\n<meta name=\"twitter:card\" content=\"summary_large_image\" \/>\n<meta name=\"twitter:label1\" content=\"Escrito por\" \/>\n\t<meta name=\"twitter:data1\" content=\"Marketing Univates\" \/>\n\t<meta name=\"twitter:label2\" content=\"Est. tempo de leitura\" \/>\n\t<meta name=\"twitter:data2\" content=\"4 minutos\" \/>\n<script type=\"application\/ld+json\" class=\"yoast-schema-graph\">{\"@context\":\"https:\\\/\\\/schema.org\",\"@graph\":[{\"@type\":\"Article\",\"@id\":\"https:\\\/\\\/www.univates.br\\\/blog\\\/educacao-inclusiva\\\/#article\",\"isPartOf\":{\"@id\":\"https:\\\/\\\/www.univates.br\\\/blog\\\/educacao-inclusiva\\\/\"},\"author\":{\"name\":\"Marketing Univates\",\"@id\":\"https:\\\/\\\/www.univates.br\\\/blog\\\/#\\\/schema\\\/person\\\/15c63917440cc5e70160c247b309af2f\"},\"headline\":\"O que \u00e9 educa\u00e7\u00e3o inclusiva?\",\"datePublished\":\"2025-09-24T20:09:34+00:00\",\"dateModified\":\"2025-09-24T20:18:40+00:00\",\"mainEntityOfPage\":{\"@id\":\"https:\\\/\\\/www.univates.br\\\/blog\\\/educacao-inclusiva\\\/\"},\"wordCount\":578,\"commentCount\":0,\"image\":{\"@id\":\"https:\\\/\\\/www.univates.br\\\/blog\\\/educacao-inclusiva\\\/#primaryimage\"},\"thumbnailUrl\":\"https:\\\/\\\/www.univates.br\\\/blog\\\/wp-content\\\/uploads\\\/2025\\\/09\\\/Imagens-posts-blog-2025-09-24T112150.758.jpg\",\"articleSection\":[\"Estudos\",\"Licenciatura\"],\"inLanguage\":\"pt-BR\",\"potentialAction\":[{\"@type\":\"CommentAction\",\"name\":\"Comment\",\"target\":[\"https:\\\/\\\/www.univates.br\\\/blog\\\/educacao-inclusiva\\\/#respond\"]}]},{\"@type\":\"WebPage\",\"@id\":\"https:\\\/\\\/www.univates.br\\\/blog\\\/educacao-inclusiva\\\/\",\"url\":\"https:\\\/\\\/www.univates.br\\\/blog\\\/educacao-inclusiva\\\/\",\"name\":\"O que \u00e9 educa\u00e7\u00e3o inclusiva? - Univates Blog\",\"isPartOf\":{\"@id\":\"https:\\\/\\\/www.univates.br\\\/blog\\\/#website\"},\"primaryImageOfPage\":{\"@id\":\"https:\\\/\\\/www.univates.br\\\/blog\\\/educacao-inclusiva\\\/#primaryimage\"},\"image\":{\"@id\":\"https:\\\/\\\/www.univates.br\\\/blog\\\/educacao-inclusiva\\\/#primaryimage\"},\"thumbnailUrl\":\"https:\\\/\\\/www.univates.br\\\/blog\\\/wp-content\\\/uploads\\\/2025\\\/09\\\/Imagens-posts-blog-2025-09-24T112150.758.jpg\",\"datePublished\":\"2025-09-24T20:09:34+00:00\",\"dateModified\":\"2025-09-24T20:18:40+00:00\",\"author\":{\"@id\":\"https:\\\/\\\/www.univates.br\\\/blog\\\/#\\\/schema\\\/person\\\/15c63917440cc5e70160c247b309af2f\"},\"description\":\"O que \u00e9 educa\u00e7\u00e3o inclusiva? Conhe\u00e7a formas de tornar o ambiente escolar mais acess\u00edvel e acolhedor para todos os alunos.\",\"breadcrumb\":{\"@id\":\"https:\\\/\\\/www.univates.br\\\/blog\\\/educacao-inclusiva\\\/#breadcrumb\"},\"inLanguage\":\"pt-BR\",\"potentialAction\":[{\"@type\":\"ReadAction\",\"target\":[\"https:\\\/\\\/www.univates.br\\\/blog\\\/educacao-inclusiva\\\/\"]}]},{\"@type\":\"ImageObject\",\"inLanguage\":\"pt-BR\",\"@id\":\"https:\\\/\\\/www.univates.br\\\/blog\\\/educacao-inclusiva\\\/#primaryimage\",\"url\":\"https:\\\/\\\/www.univates.br\\\/blog\\\/wp-content\\\/uploads\\\/2025\\\/09\\\/Imagens-posts-blog-2025-09-24T112150.758.jpg\",\"contentUrl\":\"https:\\\/\\\/www.univates.br\\\/blog\\\/wp-content\\\/uploads\\\/2025\\\/09\\\/Imagens-posts-blog-2025-09-24T112150.758.jpg\",\"width\":5184,\"height\":3456,\"caption\":\"Foto: Divulga\u00e7\u00e3o\\\/Pexels.\"},{\"@type\":\"BreadcrumbList\",\"@id\":\"https:\\\/\\\/www.univates.br\\\/blog\\\/educacao-inclusiva\\\/#breadcrumb\",\"itemListElement\":[{\"@type\":\"ListItem\",\"position\":1,\"name\":\"Home\",\"item\":\"https:\\\/\\\/www.univates.br\\\/blog\\\/\"},{\"@type\":\"ListItem\",\"position\":2,\"name\":\"O que \u00e9 educa\u00e7\u00e3o inclusiva?\"}]},{\"@type\":\"WebSite\",\"@id\":\"https:\\\/\\\/www.univates.br\\\/blog\\\/#website\",\"url\":\"https:\\\/\\\/www.univates.br\\\/blog\\\/\",\"name\":\"Univates Blog\",\"description\":\"\",\"potentialAction\":[{\"@type\":\"SearchAction\",\"target\":{\"@type\":\"EntryPoint\",\"urlTemplate\":\"https:\\\/\\\/www.univates.br\\\/blog\\\/?s={search_term_string}\"},\"query-input\":{\"@type\":\"PropertyValueSpecification\",\"valueRequired\":true,\"valueName\":\"search_term_string\"}}],\"inLanguage\":\"pt-BR\"},{\"@type\":\"Person\",\"@id\":\"https:\\\/\\\/www.univates.br\\\/blog\\\/#\\\/schema\\\/person\\\/15c63917440cc5e70160c247b309af2f\",\"name\":\"Marketing Univates\",\"image\":{\"@type\":\"ImageObject\",\"inLanguage\":\"pt-BR\",\"@id\":\"https:\\\/\\\/secure.gravatar.com\\\/avatar\\\/511f9e77a6a3d0cddd9074f69a722364bc7f787e73d4a0da1f727ba62704eda4?s=96&d=mm&r=g\",\"url\":\"https:\\\/\\\/secure.gravatar.com\\\/avatar\\\/511f9e77a6a3d0cddd9074f69a722364bc7f787e73d4a0da1f727ba62704eda4?s=96&d=mm&r=g\",\"contentUrl\":\"https:\\\/\\\/secure.gravatar.com\\\/avatar\\\/511f9e77a6a3d0cddd9074f69a722364bc7f787e73d4a0da1f727ba62704eda4?s=96&d=mm&r=g\",\"caption\":\"Marketing Univates\"},\"sameAs\":[\"http:\\\/\\\/univates.br\"],\"url\":\"https:\\\/\\\/www.univates.br\\\/blog\\\/author\\\/marketing\\\/\"}]}<\/script>\n<!-- \/ Yoast SEO plugin. -->","yoast_head_json":{"title":"O que \u00e9 educa\u00e7\u00e3o inclusiva? - Univates Blog","description":"O que \u00e9 educa\u00e7\u00e3o inclusiva? Conhe\u00e7a formas de tornar o ambiente escolar mais acess\u00edvel e acolhedor para todos os alunos.","robots":{"index":"index","follow":"follow","max-snippet":"max-snippet:-1","max-image-preview":"max-image-preview:large","max-video-preview":"max-video-preview:-1"},"canonical":"https:\/\/www.univates.br\/blog\/educacao-inclusiva\/","og_locale":"pt_BR","og_type":"article","og_title":"O que \u00e9 educa\u00e7\u00e3o inclusiva? - Univates Blog","og_description":"O que \u00e9 educa\u00e7\u00e3o inclusiva? Conhe\u00e7a formas de tornar o ambiente escolar mais acess\u00edvel e acolhedor para todos os alunos.","og_url":"https:\/\/www.univates.br\/blog\/educacao-inclusiva\/","og_site_name":"Univates Blog","article_published_time":"2025-09-24T20:09:34+00:00","article_modified_time":"2025-09-24T20:18:40+00:00","og_image":[{"width":5184,"height":3456,"url":"https:\/\/www.univates.br\/blog\/wp-content\/uploads\/2025\/09\/Imagens-posts-blog-2025-09-24T112150.758.jpg","type":"image\/jpeg"}],"author":"Marketing Univates","twitter_card":"summary_large_image","twitter_misc":{"Escrito por":"Marketing Univates","Est. tempo de leitura":"4 minutos"},"schema":{"@context":"https:\/\/schema.org","@graph":[{"@type":"Article","@id":"https:\/\/www.univates.br\/blog\/educacao-inclusiva\/#article","isPartOf":{"@id":"https:\/\/www.univates.br\/blog\/educacao-inclusiva\/"},"author":{"name":"Marketing Univates","@id":"https:\/\/www.univates.br\/blog\/#\/schema\/person\/15c63917440cc5e70160c247b309af2f"},"headline":"O que \u00e9 educa\u00e7\u00e3o inclusiva?","datePublished":"2025-09-24T20:09:34+00:00","dateModified":"2025-09-24T20:18:40+00:00","mainEntityOfPage":{"@id":"https:\/\/www.univates.br\/blog\/educacao-inclusiva\/"},"wordCount":578,"commentCount":0,"image":{"@id":"https:\/\/www.univates.br\/blog\/educacao-inclusiva\/#primaryimage"},"thumbnailUrl":"https:\/\/www.univates.br\/blog\/wp-content\/uploads\/2025\/09\/Imagens-posts-blog-2025-09-24T112150.758.jpg","articleSection":["Estudos","Licenciatura"],"inLanguage":"pt-BR","potentialAction":[{"@type":"CommentAction","name":"Comment","target":["https:\/\/www.univates.br\/blog\/educacao-inclusiva\/#respond"]}]},{"@type":"WebPage","@id":"https:\/\/www.univates.br\/blog\/educacao-inclusiva\/","url":"https:\/\/www.univates.br\/blog\/educacao-inclusiva\/","name":"O que \u00e9 educa\u00e7\u00e3o inclusiva? - Univates Blog","isPartOf":{"@id":"https:\/\/www.univates.br\/blog\/#website"},"primaryImageOfPage":{"@id":"https:\/\/www.univates.br\/blog\/educacao-inclusiva\/#primaryimage"},"image":{"@id":"https:\/\/www.univates.br\/blog\/educacao-inclusiva\/#primaryimage"},"thumbnailUrl":"https:\/\/www.univates.br\/blog\/wp-content\/uploads\/2025\/09\/Imagens-posts-blog-2025-09-24T112150.758.jpg","datePublished":"2025-09-24T20:09:34+00:00","dateModified":"2025-09-24T20:18:40+00:00","author":{"@id":"https:\/\/www.univates.br\/blog\/#\/schema\/person\/15c63917440cc5e70160c247b309af2f"},"description":"O que \u00e9 educa\u00e7\u00e3o inclusiva? Conhe\u00e7a formas de tornar o ambiente escolar mais acess\u00edvel e acolhedor para todos os alunos.","breadcrumb":{"@id":"https:\/\/www.univates.br\/blog\/educacao-inclusiva\/#breadcrumb"},"inLanguage":"pt-BR","potentialAction":[{"@type":"ReadAction","target":["https:\/\/www.univates.br\/blog\/educacao-inclusiva\/"]}]},{"@type":"ImageObject","inLanguage":"pt-BR","@id":"https:\/\/www.univates.br\/blog\/educacao-inclusiva\/#primaryimage","url":"https:\/\/www.univates.br\/blog\/wp-content\/uploads\/2025\/09\/Imagens-posts-blog-2025-09-24T112150.758.jpg","contentUrl":"https:\/\/www.univates.br\/blog\/wp-content\/uploads\/2025\/09\/Imagens-posts-blog-2025-09-24T112150.758.jpg","width":5184,"height":3456,"caption":"Foto: Divulga\u00e7\u00e3o\/Pexels."},{"@type":"BreadcrumbList","@id":"https:\/\/www.univates.br\/blog\/educacao-inclusiva\/#breadcrumb","itemListElement":[{"@type":"ListItem","position":1,"name":"Home","item":"https:\/\/www.univates.br\/blog\/"},{"@type":"ListItem","position":2,"name":"O que \u00e9 educa\u00e7\u00e3o inclusiva?"}]},{"@type":"WebSite","@id":"https:\/\/www.univates.br\/blog\/#website","url":"https:\/\/www.univates.br\/blog\/","name":"Univates Blog","description":"","potentialAction":[{"@type":"SearchAction","target":{"@type":"EntryPoint","urlTemplate":"https:\/\/www.univates.br\/blog\/?s={search_term_string}"},"query-input":{"@type":"PropertyValueSpecification","valueRequired":true,"valueName":"search_term_string"}}],"inLanguage":"pt-BR"},{"@type":"Person","@id":"https:\/\/www.univates.br\/blog\/#\/schema\/person\/15c63917440cc5e70160c247b309af2f","name":"Marketing Univates","image":{"@type":"ImageObject","inLanguage":"pt-BR","@id":"https:\/\/secure.gravatar.com\/avatar\/511f9e77a6a3d0cddd9074f69a722364bc7f787e73d4a0da1f727ba62704eda4?s=96&d=mm&r=g","url":"https:\/\/secure.gravatar.com\/avatar\/511f9e77a6a3d0cddd9074f69a722364bc7f787e73d4a0da1f727ba62704eda4?s=96&d=mm&r=g","contentUrl":"https:\/\/secure.gravatar.com\/avatar\/511f9e77a6a3d0cddd9074f69a722364bc7f787e73d4a0da1f727ba62704eda4?s=96&d=mm&r=g","caption":"Marketing Univates"},"sameAs":["http:\/\/univates.br"],"url":"https:\/\/www.univates.br\/blog\/author\/marketing\/"}]}},"_links":{"self":[{"href":"https:\/\/www.univates.br\/blog\/wp-json\/wp\/v2\/posts\/7011","targetHints":{"allow":["GET"]}}],"collection":[{"href":"https:\/\/www.univates.br\/blog\/wp-json\/wp\/v2\/posts"}],"about":[{"href":"https:\/\/www.univates.br\/blog\/wp-json\/wp\/v2\/types\/post"}],"author":[{"embeddable":true,"href":"https:\/\/www.univates.br\/blog\/wp-json\/wp\/v2\/users\/2"}],"replies":[{"embeddable":true,"href":"https:\/\/www.univates.br\/blog\/wp-json\/wp\/v2\/comments?post=7011"}],"version-history":[{"count":6,"href":"https:\/\/www.univates.br\/blog\/wp-json\/wp\/v2\/posts\/7011\/revisions"}],"predecessor-version":[{"id":7020,"href":"https:\/\/www.univates.br\/blog\/wp-json\/wp\/v2\/posts\/7011\/revisions\/7020"}],"wp:attachment":[{"href":"https:\/\/www.univates.br\/blog\/wp-json\/wp\/v2\/media?parent=7011"}],"wp:term":[{"taxonomy":"category","embeddable":true,"href":"https:\/\/www.univates.br\/blog\/wp-json\/wp\/v2\/categories?post=7011"}],"curies":[{"name":"wp","href":"https:\/\/api.w.org\/{rel}","templated":true}]}}