{"id":7034,"date":"2025-10-01T16:54:02","date_gmt":"2025-10-01T19:54:02","guid":{"rendered":"https:\/\/www.univates.br\/blog\/?p=7034"},"modified":"2026-04-06T17:15:46","modified_gmt":"2026-04-06T20:15:46","slug":"duracao-curso-nutricao","status":"publish","type":"post","link":"https:\/\/www.univates.br\/blog\/duracao-curso-nutricao\/","title":{"rendered":"Quantos anos dura o curso de Nutri\u00e7\u00e3o?"},"content":{"rendered":"\n<p>Quantos anos dura o curso de Nutri\u00e7\u00e3o? Voc\u00ea \u00e9 apaixonado por <a href=\"https:\/\/www.univates.br\/blog\/lanche-saudavel\/\">alimenta\u00e7\u00e3o saud\u00e1vel<\/a>, qualidade de vida e deseja ajudar outras pessoas a se sentirem melhor por meio de escolhas alimentares conscientes? Ent\u00e3o a <a href=\"https:\/\/www.univates.br\/graduacao\/nutricao\">gradua\u00e7\u00e3o em Nutri\u00e7\u00e3o<\/a> pode ser o <em>match<\/em> perfeito para a sua carreira!<\/p>\n\n\n\n<p>Neste post, reunimos as principais informa\u00e7\u00f5es sobre o curso de Nutri\u00e7\u00e3o da Univates para voc\u00ea decidir se realmente quer seguir esse caminho e transformar sua paix\u00e3o em profiss\u00e3o. Descubra a dura\u00e7\u00e3o do curso Nutri\u00e7\u00e3o, o que se estuda e as oportunidades que o esperam no mercado de trabalho. Vamos nessa?<\/p>\n\n\n<div class=\"wp-block-image\">\n<figure class=\"aligncenter size-full\"><img loading=\"lazy\" decoding=\"async\" width=\"5184\" height=\"3456\" src=\"https:\/\/www.univates.br\/blog\/wp-content\/uploads\/2025\/10\/Imagens-posts-blog-2025-10-01T125803.285-Rodrigo-Balbueno.jpg\" alt=\"\" class=\"wp-image-7035\"\/><figcaption class=\"wp-element-caption\">Foto: Divulga\u00e7\u00e3o Univates\/Rodrigo Balbueno.<\/figcaption><\/figure>\n<\/div>\n\n\n<h2 class=\"wp-block-heading\"><strong>O curso de Nutri\u00e7\u00e3o da Uni<\/strong><\/h2>\n\n\n\n<div class=\"wp-block-media-text is-stacked-on-mobile\"><figure class=\"wp-block-media-text__media\"><img loading=\"lazy\" decoding=\"async\" width=\"5184\" height=\"3456\" src=\"https:\/\/www.univates.br\/blog\/wp-content\/uploads\/2025\/10\/Imagens-posts-blog-2025-10-01T130013.722-Rodrigo-Balbueno.jpg\" alt=\"\" class=\"wp-image-7036 size-full\"\/><\/figure><div class=\"wp-block-media-text__content\">\n<p><\/p>\n\n\n\n<p>A Univates acredita que atender \u00e0s necessidades nutricionais individuais e coletivas, baseando-se em valores como respeito e empatia, \u00e9 superimportante. Por isso, oferece um curso que forma profissionais comprometidos em nutrir os caminhos da transforma\u00e7\u00e3o.<\/p>\n<\/div><\/div>\n\n\n\n<p>Por meio de viv\u00eancias pr\u00e1ticas, de <a href=\"https:\/\/www.univates.br\/blog\/o-que-e-projeto-de-extensao\/\" target=\"_blank\" rel=\"noreferrer noopener\">projetos de extens\u00e3o<\/a> e de pesquisas com a comunidade, a gradua\u00e7\u00e3o oferece a oportunidade de uma forma\u00e7\u00e3o completa, que une teoria e pr\u00e1tica desde os primeiros semestres.<\/p>\n\n\n\n<h2 class=\"wp-block-heading\">Quantos anos \u00e9 a faculdade de nutri\u00e7\u00e3o?<\/h2>\n\n\n\n<p>A faculdade de Nutri\u00e7\u00e3o dura <strong>4 anos (8 semestres)<\/strong> no formato presencial. O curso conta com cerca de 3.335h de carga hor\u00e1ria, incluindo disciplinas te\u00f3ricas, aulas pr\u00e1ticas e est\u00e1gio obrigat\u00f3rio para aprova\u00e7\u00e3o.<\/p>\n\n\n\n<h2 class=\"wp-block-heading\">Faculdade de Nutri\u00e7\u00e3o: o que estuda?<\/h2>\n\n\n\n<p>Na faculdade de Nutri\u00e7\u00e3o se estuda a <strong>elabora\u00e7\u00e3o de dietas e planos alimentares, avalia\u00e7\u00e3o do estado nutricional de pacientes e a composi\u00e7\u00e3o dos alimentos<\/strong>. O curso tamb\u00e9m abrange seguran\u00e7a alimentar, controle de qualidade e \u00e1reas como nutri\u00e7\u00e3o cl\u00ednica, esportiva e coletiva, com foco na atua\u00e7\u00e3o profissional.<\/p>\n\n\n\n<p>Os alunos s\u00e3o preparados para desenvolver a\u00e7\u00f5es de preven\u00e7\u00e3o de doen\u00e7as, bem como de promo\u00e7\u00e3o, prote\u00e7\u00e3o e reabilita\u00e7\u00e3o da sa\u00fade, respeitando as caracter\u00edsticas individuais dos pacientes e aplicando as melhores pr\u00e1ticas nas \u00e1reas de aten\u00e7\u00e3o diet\u00e9tica, seguran\u00e7a alimentar e nutricional.<\/p>\n\n\n\n<p>Dessa forma, os acad\u00eamicos saem da Universidade com uma vis\u00e3o interdisciplinar, humanista, \u00e9tica e cr\u00edtica da profiss\u00e3o.<\/p>\n\n\n\n<p>D\u00ea <em>play<\/em> no v\u00eddeo abaixo para saber mais sobre o curso de Nutri\u00e7\u00e3o da Uni:&nbsp;<\/p>\n\n\n\n<figure class=\"wp-block-embed aligncenter is-type-video is-provider-youtube wp-block-embed-youtube wp-embed-aspect-16-9 wp-has-aspect-ratio\"><div class=\"wp-block-embed__wrapper\">\n<iframe loading=\"lazy\" title=\"Nutri\u00e7\u00e3o Univates\" width=\"500\" height=\"281\" src=\"https:\/\/www.youtube.com\/embed\/t4hQoYq7oAM?feature=oembed\" frameborder=\"0\" allow=\"accelerometer; autoplay; clipboard-write; encrypted-media; gyroscope; picture-in-picture; web-share\" referrerpolicy=\"strict-origin-when-cross-origin\" allowfullscreen><\/iframe>\n<\/div><\/figure>\n\n\n\n<p><a href=\"https:\/\/www.univates.br\/blog\/por-que-estudar-nutricao-na-nossa-universidade\/\">Por que estudar Nutri\u00e7\u00e3o na nossa Universidade?<\/a><\/p>\n\n\n\n<h2 class=\"wp-block-heading\">Mat\u00e9rias de Nutri\u00e7\u00e3o<\/h2>\n\n\n\n<p>A grade curricular do curso de Nutri\u00e7\u00e3o da Uni \u00e9 composta por disciplinas muito legais. Saiba o que voc\u00ea vai aprender estudando Nutri\u00e7\u00e3o com a gente:<\/p>\n\n\n\n<ul class=\"wp-block-list\">\n<li><a href=\"https:\/\/www.univates.br\/blog\/como-e-uma-pratica-de-anatomia-na-graduacao\/\" target=\"_blank\" rel=\"noreferrer noopener\"><strong>Anatomia e fisiologia humana<\/strong><\/a>: estudo dos \u00f3rg\u00e3os e sistemas que comp\u00f5em o corpo humano;<\/li>\n\n\n\n<li><strong>Nutri\u00e7\u00e3o humana<\/strong>: estudo da \u00e9tica, da legisla\u00e7\u00e3o profissional do nutricionista e de conceitos b\u00e1sicos de Nutri\u00e7\u00e3o;<\/li>\n\n\n\n<li><strong>Primeiros socorros:<\/strong> estudo dos princ\u00edpios gerais dos primeiros socorros e das t\u00e9cnicas que possibilitam prestar um atendimento preciso, r\u00e1pido e seguro em situa\u00e7\u00f5es de urg\u00eancia e emerg\u00eancia;<\/li>\n\n\n\n<li><strong>Avalia\u00e7\u00e3o nutricional<\/strong>: realiza\u00e7\u00e3o de atividades pr\u00e1ticas de avalia\u00e7\u00e3o nutricional nos ciclos da vida.<\/li>\n<\/ul>\n\n\n\n<p>Para saber mais, confira a <a href=\"https:\/\/www.univates.br\/graduacao\/nutricao\/disciplinas\" target=\"_blank\" rel=\"noreferrer noopener\">grade curricular completa do curso de Nutri\u00e7\u00e3o<\/a> da Univates.<\/p>\n\n\n\n<h2 class=\"wp-block-heading\"><strong>A carreira do nutricionista&nbsp;<\/strong><\/h2>\n\n\n\n<p>Como nutricionista, voc\u00ea poder\u00e1 atuar no setor p\u00fablico ou privado, em hospitais, consult\u00f3rios, escolas, restaurantes, confeitarias e ind\u00fastrias.<\/p>\n\n\n\n<p>O trabalho aut\u00f4nomo tamb\u00e9m \u00e9 uma op\u00e7\u00e3o: muitos profissionais abrem o <a href=\"https:\/\/www.univates.br\/blog\/sera-que-voce-leva-jeito-para-empreender\/\">pr\u00f3prio neg\u00f3cio<\/a> e atuam como<em> personal diet<\/em> de pessoas que buscam acompanhamento personalizado para alcan\u00e7ar seus objetivos de sa\u00fade.<\/p>\n\n\n\n<p><a href=\"https:\/\/www.univates.br\/blog\/onde-posso-trabalhar-depois-de-formado-no-curso-de-nutricao\/\">Onde posso trabalhar depois de formado no curso de Nutri\u00e7\u00e3o?<\/a><\/p>\n\n\n\n<p><a href=\"https:\/\/www.univates.br\/blog\/univates-diferenciais-e-impacto-na-carreira-dos-alunos\/\">Univates: conhe\u00e7a os diferenciais da Institui\u00e7\u00e3o e o impacto na carreira dos alunos<\/a><\/p>\n\n\n<div class=\"wp-block-image\">\n<figure class=\"aligncenter size-full\"><img loading=\"lazy\" decoding=\"async\" width=\"5184\" height=\"3456\" src=\"https:\/\/www.univates.br\/blog\/wp-content\/uploads\/2025\/10\/Imagens-posts-blog-2025-10-01T130256.410.jpg\" alt=\"\" class=\"wp-image-7043\"\/><figcaption class=\"wp-element-caption\">Divulga\u00e7\u00e3o Univates\/Rodrigo Balbueno.<\/figcaption><\/figure>\n<\/div>\n\n\n<p><a href=\"https:\/\/www.univates.br\/blog\/estudar-na-univates-uma-das-melhores-universidades-do-brasil\/\">Estudar na Univates: conhe\u00e7a a experi\u00eancia de uma das melhores universidades do Brasil<\/a><\/p>\n\n\n\n<p><a href=\"https:\/\/www.univates.br\/blog\/por-que-estudar-na-univates-pode-ser-uma-opcao-para-voce\/\">Por que estudar na Univates pode ser uma op\u00e7\u00e3o para voc\u00ea?<\/a><\/p>\n\n\n\n<p><a href=\"https:\/\/www.univates.br\/blog\/ja-conhece-os-beneficios-de-ser-aluno-da-nossa-universidade\/\">J\u00e1 conhece os benef\u00edcios de ser aluno da nossa Universidade?<\/a><\/p>\n\n\n\n<h2 class=\"wp-block-heading\">Fim \ud83d\udc99<\/h2>\n\n\n\n<p>Se voc\u00ea se identificou com o curso de Nutri\u00e7\u00e3o da Univates, n\u00e3o perca mais tempo: venha estudar em uma das melhores universidades do Brasil e se preparar para um futuro repleto de oportunidades saud\u00e1veis e gostosas. Fa\u00e7a a diferen\u00e7a na vida das pessoas promovendo sa\u00fade e bem-estar por meio da alimenta\u00e7\u00e3o consciente e respons\u00e1vel. Seja o profissional que transforma realidades e inspira bons h\u00e1bitos por onde passar! \ud83d\udc69\u200d\u2695\ufe0f\ud83c\udf4e<\/p>\n","protected":false},"excerpt":{"rendered":"<p>Quantos anos dura o curso de Nutri\u00e7\u00e3o? Voc\u00ea \u00e9 apaixonado por alimenta\u00e7\u00e3o saud\u00e1vel, qualidade de vida e deseja ajudar outras pessoas a se sentirem melhor por meio de escolhas alimentares conscientes? Ent\u00e3o a gradua\u00e7\u00e3o em Nutri\u00e7\u00e3o pode ser o match\u2026<\/p>\n","protected":false},"author":2,"featured_media":0,"comment_status":"open","ping_status":"open","sticky":false,"template":"","format":"standard","meta":{"_acf_changed":false,"footnotes":""},"categories":[23,7],"class_list":["post-7034","post","type-post","status-publish","format-standard","hentry","category-estudos","category-univates","autor-lais-pontin-matos","curso-nutricao","area-saude"],"acf":[],"yoast_head":"<!-- This site is optimized with the Yoast SEO plugin v27.3 - https:\/\/yoast.com\/product\/yoast-seo-wordpress\/ -->\n<title>Quantos anos dura o curso de Nutri\u00e7\u00e3o? - Univates Blog<\/title>\n<meta name=\"description\" content=\"Quantos anos dura o curso de Nutri\u00e7\u00e3o? Saiba mais sobre a gradua\u00e7\u00e3o que forma profissionais que promovem a sa\u00fade por meio da alimenta\u00e7\u00e3o.\" \/>\n<meta name=\"robots\" content=\"index, follow, max-snippet:-1, max-image-preview:large, max-video-preview:-1\" \/>\n<link rel=\"canonical\" href=\"https:\/\/www.univates.br\/blog\/duracao-curso-nutricao\/\" \/>\n<meta property=\"og:locale\" content=\"pt_BR\" \/>\n<meta property=\"og:type\" content=\"article\" \/>\n<meta property=\"og:title\" content=\"Quantos anos dura o curso de Nutri\u00e7\u00e3o? - Univates Blog\" \/>\n<meta property=\"og:description\" content=\"Quantos anos dura o curso de Nutri\u00e7\u00e3o? Saiba mais sobre a gradua\u00e7\u00e3o que forma profissionais que promovem a sa\u00fade por meio da alimenta\u00e7\u00e3o.\" \/>\n<meta property=\"og:url\" content=\"https:\/\/www.univates.br\/blog\/duracao-curso-nutricao\/\" \/>\n<meta property=\"og:site_name\" content=\"Univates Blog\" \/>\n<meta property=\"article:published_time\" content=\"2025-10-01T19:54:02+00:00\" \/>\n<meta property=\"article:modified_time\" content=\"2026-04-06T20:15:46+00:00\" \/>\n<meta property=\"og:image\" content=\"https:\/\/www.univates.br\/blog\/wp-content\/uploads\/2025\/10\/Imagens-posts-blog-2025-10-01T125803.285-Rodrigo-Balbueno.jpg\" \/>\n\t<meta property=\"og:image:width\" content=\"5184\" \/>\n\t<meta property=\"og:image:height\" content=\"3456\" \/>\n\t<meta property=\"og:image:type\" content=\"image\/jpeg\" \/>\n<meta name=\"author\" content=\"Marketing Univates\" \/>\n<meta name=\"twitter:card\" content=\"summary_large_image\" \/>\n<meta name=\"twitter:label1\" content=\"Escrito por\" \/>\n\t<meta name=\"twitter:data1\" content=\"Marketing Univates\" \/>\n\t<meta name=\"twitter:label2\" content=\"Est. tempo de leitura\" \/>\n\t<meta name=\"twitter:data2\" content=\"5 minutos\" \/>\n<script type=\"application\/ld+json\" class=\"yoast-schema-graph\">{\"@context\":\"https:\\\/\\\/schema.org\",\"@graph\":[{\"@type\":\"Article\",\"@id\":\"https:\\\/\\\/www.univates.br\\\/blog\\\/duracao-curso-nutricao\\\/#article\",\"isPartOf\":{\"@id\":\"https:\\\/\\\/www.univates.br\\\/blog\\\/duracao-curso-nutricao\\\/\"},\"author\":{\"name\":\"Marketing Univates\",\"@id\":\"https:\\\/\\\/www.univates.br\\\/blog\\\/#\\\/schema\\\/person\\\/15c63917440cc5e70160c247b309af2f\"},\"headline\":\"Quantos anos dura o curso de Nutri\u00e7\u00e3o?\",\"datePublished\":\"2025-10-01T19:54:02+00:00\",\"dateModified\":\"2026-04-06T20:15:46+00:00\",\"mainEntityOfPage\":{\"@id\":\"https:\\\/\\\/www.univates.br\\\/blog\\\/duracao-curso-nutricao\\\/\"},\"wordCount\":757,\"commentCount\":0,\"image\":{\"@id\":\"https:\\\/\\\/www.univates.br\\\/blog\\\/duracao-curso-nutricao\\\/#primaryimage\"},\"thumbnailUrl\":\"https:\\\/\\\/www.univates.br\\\/blog\\\/wp-content\\\/uploads\\\/2025\\\/10\\\/Imagens-posts-blog-2025-10-01T125803.285-Rodrigo-Balbueno.jpg\",\"articleSection\":[\"Estudos\",\"Univates\"],\"inLanguage\":\"pt-BR\",\"potentialAction\":[{\"@type\":\"CommentAction\",\"name\":\"Comment\",\"target\":[\"https:\\\/\\\/www.univates.br\\\/blog\\\/duracao-curso-nutricao\\\/#respond\"]}]},{\"@type\":\"WebPage\",\"@id\":\"https:\\\/\\\/www.univates.br\\\/blog\\\/duracao-curso-nutricao\\\/\",\"url\":\"https:\\\/\\\/www.univates.br\\\/blog\\\/duracao-curso-nutricao\\\/\",\"name\":\"Quantos anos dura o curso de Nutri\u00e7\u00e3o? - Univates Blog\",\"isPartOf\":{\"@id\":\"https:\\\/\\\/www.univates.br\\\/blog\\\/#website\"},\"primaryImageOfPage\":{\"@id\":\"https:\\\/\\\/www.univates.br\\\/blog\\\/duracao-curso-nutricao\\\/#primaryimage\"},\"image\":{\"@id\":\"https:\\\/\\\/www.univates.br\\\/blog\\\/duracao-curso-nutricao\\\/#primaryimage\"},\"thumbnailUrl\":\"https:\\\/\\\/www.univates.br\\\/blog\\\/wp-content\\\/uploads\\\/2025\\\/10\\\/Imagens-posts-blog-2025-10-01T125803.285-Rodrigo-Balbueno.jpg\",\"datePublished\":\"2025-10-01T19:54:02+00:00\",\"dateModified\":\"2026-04-06T20:15:46+00:00\",\"author\":{\"@id\":\"https:\\\/\\\/www.univates.br\\\/blog\\\/#\\\/schema\\\/person\\\/15c63917440cc5e70160c247b309af2f\"},\"description\":\"Quantos anos dura o curso de Nutri\u00e7\u00e3o? Saiba mais sobre a gradua\u00e7\u00e3o que forma profissionais que promovem a sa\u00fade por meio da alimenta\u00e7\u00e3o.\",\"breadcrumb\":{\"@id\":\"https:\\\/\\\/www.univates.br\\\/blog\\\/duracao-curso-nutricao\\\/#breadcrumb\"},\"inLanguage\":\"pt-BR\",\"potentialAction\":[{\"@type\":\"ReadAction\",\"target\":[\"https:\\\/\\\/www.univates.br\\\/blog\\\/duracao-curso-nutricao\\\/\"]}]},{\"@type\":\"ImageObject\",\"inLanguage\":\"pt-BR\",\"@id\":\"https:\\\/\\\/www.univates.br\\\/blog\\\/duracao-curso-nutricao\\\/#primaryimage\",\"url\":\"https:\\\/\\\/www.univates.br\\\/blog\\\/wp-content\\\/uploads\\\/2025\\\/10\\\/Imagens-posts-blog-2025-10-01T125803.285-Rodrigo-Balbueno.jpg\",\"contentUrl\":\"https:\\\/\\\/www.univates.br\\\/blog\\\/wp-content\\\/uploads\\\/2025\\\/10\\\/Imagens-posts-blog-2025-10-01T125803.285-Rodrigo-Balbueno.jpg\",\"width\":5184,\"height\":3456,\"caption\":\"Foto: Divulga\u00e7\u00e3o Univates\\\/Rodrigo Balbueno.\"},{\"@type\":\"BreadcrumbList\",\"@id\":\"https:\\\/\\\/www.univates.br\\\/blog\\\/duracao-curso-nutricao\\\/#breadcrumb\",\"itemListElement\":[{\"@type\":\"ListItem\",\"position\":1,\"name\":\"Home\",\"item\":\"https:\\\/\\\/www.univates.br\\\/blog\\\/\"},{\"@type\":\"ListItem\",\"position\":2,\"name\":\"Quantos anos dura o curso de Nutri\u00e7\u00e3o?\"}]},{\"@type\":\"WebSite\",\"@id\":\"https:\\\/\\\/www.univates.br\\\/blog\\\/#website\",\"url\":\"https:\\\/\\\/www.univates.br\\\/blog\\\/\",\"name\":\"Univates Blog\",\"description\":\"\",\"potentialAction\":[{\"@type\":\"SearchAction\",\"target\":{\"@type\":\"EntryPoint\",\"urlTemplate\":\"https:\\\/\\\/www.univates.br\\\/blog\\\/?s={search_term_string}\"},\"query-input\":{\"@type\":\"PropertyValueSpecification\",\"valueRequired\":true,\"valueName\":\"search_term_string\"}}],\"inLanguage\":\"pt-BR\"},{\"@type\":\"Person\",\"@id\":\"https:\\\/\\\/www.univates.br\\\/blog\\\/#\\\/schema\\\/person\\\/15c63917440cc5e70160c247b309af2f\",\"name\":\"Marketing Univates\",\"image\":{\"@type\":\"ImageObject\",\"inLanguage\":\"pt-BR\",\"@id\":\"https:\\\/\\\/secure.gravatar.com\\\/avatar\\\/511f9e77a6a3d0cddd9074f69a722364bc7f787e73d4a0da1f727ba62704eda4?s=96&d=mm&r=g\",\"url\":\"https:\\\/\\\/secure.gravatar.com\\\/avatar\\\/511f9e77a6a3d0cddd9074f69a722364bc7f787e73d4a0da1f727ba62704eda4?s=96&d=mm&r=g\",\"contentUrl\":\"https:\\\/\\\/secure.gravatar.com\\\/avatar\\\/511f9e77a6a3d0cddd9074f69a722364bc7f787e73d4a0da1f727ba62704eda4?s=96&d=mm&r=g\",\"caption\":\"Marketing Univates\"},\"sameAs\":[\"http:\\\/\\\/univates.br\"],\"url\":\"https:\\\/\\\/www.univates.br\\\/blog\\\/author\\\/marketing\\\/\"}]}<\/script>\n<!-- \/ Yoast SEO plugin. -->","yoast_head_json":{"title":"Quantos anos dura o curso de Nutri\u00e7\u00e3o? - Univates Blog","description":"Quantos anos dura o curso de Nutri\u00e7\u00e3o? Saiba mais sobre a gradua\u00e7\u00e3o que forma profissionais que promovem a sa\u00fade por meio da alimenta\u00e7\u00e3o.","robots":{"index":"index","follow":"follow","max-snippet":"max-snippet:-1","max-image-preview":"max-image-preview:large","max-video-preview":"max-video-preview:-1"},"canonical":"https:\/\/www.univates.br\/blog\/duracao-curso-nutricao\/","og_locale":"pt_BR","og_type":"article","og_title":"Quantos anos dura o curso de Nutri\u00e7\u00e3o? - Univates Blog","og_description":"Quantos anos dura o curso de Nutri\u00e7\u00e3o? Saiba mais sobre a gradua\u00e7\u00e3o que forma profissionais que promovem a sa\u00fade por meio da alimenta\u00e7\u00e3o.","og_url":"https:\/\/www.univates.br\/blog\/duracao-curso-nutricao\/","og_site_name":"Univates Blog","article_published_time":"2025-10-01T19:54:02+00:00","article_modified_time":"2026-04-06T20:15:46+00:00","og_image":[{"width":5184,"height":3456,"url":"https:\/\/www.univates.br\/blog\/wp-content\/uploads\/2025\/10\/Imagens-posts-blog-2025-10-01T125803.285-Rodrigo-Balbueno.jpg","type":"image\/jpeg"}],"author":"Marketing Univates","twitter_card":"summary_large_image","twitter_misc":{"Escrito por":"Marketing Univates","Est. tempo de leitura":"5 minutos"},"schema":{"@context":"https:\/\/schema.org","@graph":[{"@type":"Article","@id":"https:\/\/www.univates.br\/blog\/duracao-curso-nutricao\/#article","isPartOf":{"@id":"https:\/\/www.univates.br\/blog\/duracao-curso-nutricao\/"},"author":{"name":"Marketing Univates","@id":"https:\/\/www.univates.br\/blog\/#\/schema\/person\/15c63917440cc5e70160c247b309af2f"},"headline":"Quantos anos dura o curso de Nutri\u00e7\u00e3o?","datePublished":"2025-10-01T19:54:02+00:00","dateModified":"2026-04-06T20:15:46+00:00","mainEntityOfPage":{"@id":"https:\/\/www.univates.br\/blog\/duracao-curso-nutricao\/"},"wordCount":757,"commentCount":0,"image":{"@id":"https:\/\/www.univates.br\/blog\/duracao-curso-nutricao\/#primaryimage"},"thumbnailUrl":"https:\/\/www.univates.br\/blog\/wp-content\/uploads\/2025\/10\/Imagens-posts-blog-2025-10-01T125803.285-Rodrigo-Balbueno.jpg","articleSection":["Estudos","Univates"],"inLanguage":"pt-BR","potentialAction":[{"@type":"CommentAction","name":"Comment","target":["https:\/\/www.univates.br\/blog\/duracao-curso-nutricao\/#respond"]}]},{"@type":"WebPage","@id":"https:\/\/www.univates.br\/blog\/duracao-curso-nutricao\/","url":"https:\/\/www.univates.br\/blog\/duracao-curso-nutricao\/","name":"Quantos anos dura o curso de Nutri\u00e7\u00e3o? - Univates Blog","isPartOf":{"@id":"https:\/\/www.univates.br\/blog\/#website"},"primaryImageOfPage":{"@id":"https:\/\/www.univates.br\/blog\/duracao-curso-nutricao\/#primaryimage"},"image":{"@id":"https:\/\/www.univates.br\/blog\/duracao-curso-nutricao\/#primaryimage"},"thumbnailUrl":"https:\/\/www.univates.br\/blog\/wp-content\/uploads\/2025\/10\/Imagens-posts-blog-2025-10-01T125803.285-Rodrigo-Balbueno.jpg","datePublished":"2025-10-01T19:54:02+00:00","dateModified":"2026-04-06T20:15:46+00:00","author":{"@id":"https:\/\/www.univates.br\/blog\/#\/schema\/person\/15c63917440cc5e70160c247b309af2f"},"description":"Quantos anos dura o curso de Nutri\u00e7\u00e3o? Saiba mais sobre a gradua\u00e7\u00e3o que forma profissionais que promovem a sa\u00fade por meio da alimenta\u00e7\u00e3o.","breadcrumb":{"@id":"https:\/\/www.univates.br\/blog\/duracao-curso-nutricao\/#breadcrumb"},"inLanguage":"pt-BR","potentialAction":[{"@type":"ReadAction","target":["https:\/\/www.univates.br\/blog\/duracao-curso-nutricao\/"]}]},{"@type":"ImageObject","inLanguage":"pt-BR","@id":"https:\/\/www.univates.br\/blog\/duracao-curso-nutricao\/#primaryimage","url":"https:\/\/www.univates.br\/blog\/wp-content\/uploads\/2025\/10\/Imagens-posts-blog-2025-10-01T125803.285-Rodrigo-Balbueno.jpg","contentUrl":"https:\/\/www.univates.br\/blog\/wp-content\/uploads\/2025\/10\/Imagens-posts-blog-2025-10-01T125803.285-Rodrigo-Balbueno.jpg","width":5184,"height":3456,"caption":"Foto: Divulga\u00e7\u00e3o Univates\/Rodrigo Balbueno."},{"@type":"BreadcrumbList","@id":"https:\/\/www.univates.br\/blog\/duracao-curso-nutricao\/#breadcrumb","itemListElement":[{"@type":"ListItem","position":1,"name":"Home","item":"https:\/\/www.univates.br\/blog\/"},{"@type":"ListItem","position":2,"name":"Quantos anos dura o curso de Nutri\u00e7\u00e3o?"}]},{"@type":"WebSite","@id":"https:\/\/www.univates.br\/blog\/#website","url":"https:\/\/www.univates.br\/blog\/","name":"Univates Blog","description":"","potentialAction":[{"@type":"SearchAction","target":{"@type":"EntryPoint","urlTemplate":"https:\/\/www.univates.br\/blog\/?s={search_term_string}"},"query-input":{"@type":"PropertyValueSpecification","valueRequired":true,"valueName":"search_term_string"}}],"inLanguage":"pt-BR"},{"@type":"Person","@id":"https:\/\/www.univates.br\/blog\/#\/schema\/person\/15c63917440cc5e70160c247b309af2f","name":"Marketing Univates","image":{"@type":"ImageObject","inLanguage":"pt-BR","@id":"https:\/\/secure.gravatar.com\/avatar\/511f9e77a6a3d0cddd9074f69a722364bc7f787e73d4a0da1f727ba62704eda4?s=96&d=mm&r=g","url":"https:\/\/secure.gravatar.com\/avatar\/511f9e77a6a3d0cddd9074f69a722364bc7f787e73d4a0da1f727ba62704eda4?s=96&d=mm&r=g","contentUrl":"https:\/\/secure.gravatar.com\/avatar\/511f9e77a6a3d0cddd9074f69a722364bc7f787e73d4a0da1f727ba62704eda4?s=96&d=mm&r=g","caption":"Marketing Univates"},"sameAs":["http:\/\/univates.br"],"url":"https:\/\/www.univates.br\/blog\/author\/marketing\/"}]}},"_links":{"self":[{"href":"https:\/\/www.univates.br\/blog\/wp-json\/wp\/v2\/posts\/7034","targetHints":{"allow":["GET"]}}],"collection":[{"href":"https:\/\/www.univates.br\/blog\/wp-json\/wp\/v2\/posts"}],"about":[{"href":"https:\/\/www.univates.br\/blog\/wp-json\/wp\/v2\/types\/post"}],"author":[{"embeddable":true,"href":"https:\/\/www.univates.br\/blog\/wp-json\/wp\/v2\/users\/2"}],"replies":[{"embeddable":true,"href":"https:\/\/www.univates.br\/blog\/wp-json\/wp\/v2\/comments?post=7034"}],"version-history":[{"count":10,"href":"https:\/\/www.univates.br\/blog\/wp-json\/wp\/v2\/posts\/7034\/revisions"}],"predecessor-version":[{"id":7421,"href":"https:\/\/www.univates.br\/blog\/wp-json\/wp\/v2\/posts\/7034\/revisions\/7421"}],"wp:attachment":[{"href":"https:\/\/www.univates.br\/blog\/wp-json\/wp\/v2\/media?parent=7034"}],"wp:term":[{"taxonomy":"category","embeddable":true,"href":"https:\/\/www.univates.br\/blog\/wp-json\/wp\/v2\/categories?post=7034"}],"curies":[{"name":"wp","href":"https:\/\/api.w.org\/{rel}","templated":true}]}}