{"id":7128,"date":"2025-11-10T15:45:51","date_gmt":"2025-11-10T18:45:51","guid":{"rendered":"https:\/\/www.univates.br\/blog\/?p=7128"},"modified":"2026-02-05T10:38:25","modified_gmt":"2026-02-05T13:38:25","slug":"mercado-de-trabalho-atual","status":"publish","type":"post","link":"https:\/\/www.univates.br\/blog\/mercado-de-trabalho-atual\/","title":{"rendered":"Como se destacar no mercado de trabalho atual?"},"content":{"rendered":"\n<p>Como se destacar no mercado de trabalho atual? Voc\u00ea provavelmente deseja crescer na carreira, conquistar novas oportunidades e se tornar um profissional valorizado, n\u00e3o \u00e9? \u00c9 sempre bom lembrar que, no cen\u00e1rio din\u00e2mico e competitivo de hoje, n\u00e3o basta apenas ter um curr\u00edculo recheado de experi\u00eancias valiosas, \u00e9 preciso, tamb\u00e9m, desenvolver habilidades t\u00e9cnicas e comportamentais, adaptar-se \u00e0s mudan\u00e7as e estar em constante evolu\u00e7\u00e3o.<\/p>\n\n\n\n<p>Neste <em>post<\/em>, trazemos dicas pr\u00e1ticas que v\u00e3o ajudar voc\u00ea a impulsionar sua trajet\u00f3ria profissional e se destacar em meio \u00e0 concorr\u00eancia. Leia nosso conte\u00fado para descobrir como se posicionar de forma estrat\u00e9gica no mercado de trabalho atual e conquistar o <a href=\"https:\/\/www.univates.br\/blog\/o-emprego-dos-sonhos-existe-mesmo\/\">emprego dos seus sonhos<\/a>! \ud83c\udfaf\ud83d\ude80<\/p>\n\n\n\n<p><a href=\"https:\/\/www.univates.br\/blog\/desvendando-o-mercado-de-trabalho-para-recem-formados\/\">Desvendando o mercado de trabalho para rec\u00e9m-formados<\/a><\/p>\n\n\n<div class=\"wp-block-image\">\n<figure class=\"aligncenter size-full\"><img loading=\"lazy\" decoding=\"async\" width=\"5184\" height=\"3456\" src=\"https:\/\/www.univates.br\/blog\/wp-content\/uploads\/2025\/11\/Imagens-posts-blog-2025-11-10T133645.741.jpg\" alt=\"\" class=\"wp-image-7129\"\/><figcaption class=\"wp-element-caption\">Foto: Divulga\u00e7\u00e3o\/Pexels.<\/figcaption><\/figure>\n<\/div>\n\n\n<h2 class=\"wp-block-heading\">\ud83d\udcbc <strong>Conhe\u00e7a e valorize suas habilidades<\/strong><\/h2>\n\n\n\n<div class=\"wp-block-media-text is-stacked-on-mobile\"><figure class=\"wp-block-media-text__media\"><img loading=\"lazy\" decoding=\"async\" width=\"5184\" height=\"3456\" src=\"https:\/\/www.univates.br\/blog\/wp-content\/uploads\/2025\/11\/Imagens-posts-blog-2025-11-10T133825.874.jpg\" alt=\"\" class=\"wp-image-7130 size-full\"\/><\/figure><div class=\"wp-block-media-text__content\">\n<p>Identifique quais s\u00e3o suas principais habilidades e como elas podem contribuir para os objetivos da empresa ou do setor em que voc\u00ea atua. Procure destacar essas compet\u00eancias no seu <a href=\"https:\/\/www.univates.br\/blog\/o-que-colocar-no-curriculo\/\">curr\u00edculo<\/a>, na sua rede profissional e no dia a dia do trabalho.<\/p>\n<\/div><\/div>\n\n\n\n<p>Busque alinhar suas habilidades aos valores e \u00e0s metas da organiza\u00e7\u00e3o, mostrando de forma pr\u00e1tica e clara como seu trabalho gera resultados. Essa conex\u00e3o entre o que voc\u00ea sabe fazer e o que a empresa precisa fortalece sua imagem profissional e aumenta suas <a href=\"https:\/\/www.univates.br\/blog\/como-ser-promovido-dicas-para-progredir-na-carreira\/\">chances de crescimento<\/a>.<\/p>\n\n\n\n<p><a href=\"https:\/\/www.univates.br\/blog\/hard-skills\/\"><em>Hard skills<\/em>: o que s\u00e3o, qual sua import\u00e2ncia e exemplos<\/a><\/p>\n\n\n\n<p><a href=\"https:\/\/www.univates.br\/blog\/soft-skills-o-que-sao\/\"><em>Soft skills<\/em>: exemplos, o que s\u00e3o e import\u00e2ncia<\/a><\/p>\n\n\n\n<h2 class=\"wp-block-heading\">\ud83d\udcbc <strong>Construa e fortale\u00e7a seu <em>networking<\/em><\/strong><\/h2>\n\n\n\n<p>Ah, o <a href=\"https:\/\/www.univates.br\/blog\/o-que-e-networking-e-para-que-ele-serve\/\"><em>networking<\/em><\/a><em>\u2026<\/em> Ele vai muito al\u00e9m de apenas conhecer pessoas e trocar cart\u00f5es de visita. Trata-se de construir relacionamentos genu\u00ednos, baseados em confian\u00e7a, colabora\u00e7\u00e3o e troca de experi\u00eancias. Por isso, mantenha contato com colegas de profiss\u00e3o, participe de eventos e esteja presente em plataformas como o <a href=\"https:\/\/www.univates.br\/blog\/5-dicas-para-bombar-no-linkedin\/\">LinkedIn<\/a>.<\/p>\n\n\n\n<p>Lembre-se de que boas conex\u00f5es s\u00e3o uma via de m\u00e3o dupla. Portanto, ofere\u00e7a ajuda, compartilhe conhecimento e esteja aberto a aprender com os outros. Com o tempo, seu c\u00edrculo de relacionamentos pode abrir portas, gerar novas oportunidades e impulsionar seu crescimento na carreira.<\/p>\n\n\n\n<h2 class=\"wp-block-heading\">\ud83d\udcbc <strong>Desenvolva sua comunica\u00e7\u00e3o<\/strong><\/h2>\n\n\n\n<div class=\"wp-block-media-text is-stacked-on-mobile\"><figure class=\"wp-block-media-text__media\"><img loading=\"lazy\" decoding=\"async\" width=\"5184\" height=\"3456\" src=\"https:\/\/www.univates.br\/blog\/wp-content\/uploads\/2025\/11\/Imagens-posts-blog-2025-11-10T133950.406.jpg\" alt=\"\" class=\"wp-image-7133 size-full\"\/><\/figure><div class=\"wp-block-media-text__content\">\n<p><\/p>\n\n\n\n<p><a href=\"https:\/\/www.univates.br\/blog\/melhorar-a-comunicacao\/\">Saber se comunicar de maneira clara e eficaz<\/a> \u00e9 fundamental para se destacar no mercado de trabalho atual. Al\u00e9m da comunica\u00e7\u00e3o verbal, voc\u00ea deve aprimorar suas <a href=\"https:\/\/www.univates.br\/blog\/escrita-criativa-o-que-e-e-como-desenvolver\/\">habilidades de escrita<\/a> e <a href=\"https:\/\/www.univates.br\/blog\/escuta-ativa\/\">escuta ativa<\/a>, adaptando suas mensagens a p\u00fablicos e contextos diversos. Assim, suas ideias ser\u00e3o compreendidas mais facilmente, evitando mal-entendidos e fortalecendo seus relacionamentos profissionais.<\/p>\n<\/div><\/div>\n\n\n\n<p>Com o tempo, a <a href=\"https:\/\/www.univates.br\/blog\/comunicacao-assertiva\/\">comunica\u00e7\u00e3o eficaz<\/a> melhora a colabora\u00e7\u00e3o e a produtividade. Al\u00e9m disso, tamb\u00e9m fortalece a credibilidade, facilita a resolu\u00e7\u00e3o de conflitos e aumenta sua visibilidade na empresa, abrindo portas para novas oportunidades na sua carreira.<\/p>\n\n\n\n<h2 class=\"wp-block-heading\">\ud83d\udcbc <strong>Invista em aprendizado cont\u00ednuo<\/strong><\/h2>\n\n\n\n<p>N\u00e3o \u00e9 segredo para ningu\u00e9m que o mercado de trabalho est\u00e1 sempre em transforma\u00e7\u00e3o. Por isso, manter-se atualizado deve ser sua prioridade n\u00famero um, caso voc\u00ea queira aproveitar novas oportunidades e se destacar na sua profiss\u00e3o.<\/p>\n\n\n\n<div class=\"wp-block-media-text is-stacked-on-mobile\"><figure class=\"wp-block-media-text__media\"><img loading=\"lazy\" decoding=\"async\" width=\"5184\" height=\"3456\" src=\"https:\/\/www.univates.br\/blog\/wp-content\/uploads\/2025\/11\/Imagens-posts-blog-2025-11-10T134121.234.jpg\" alt=\"\" class=\"wp-image-7136 size-full\"\/><\/figure><div class=\"wp-block-media-text__content\">\n<p><\/p>\n\n\n\n<p>Participe de <a href=\"https:\/\/www.univates.br\/blog\/onde-encontrar-cursos-gratuitos\/\">cursos<\/a>, <em>workshops<\/em>, palestras e treinamentos. Acompanhe as tend\u00eancias e as novas tecnologias da sua \u00e1rea. Lembre-se de que, por meio do estudo, voc\u00ea consegue aprimorar suas compet\u00eancias, aumentar sua capacidade de se adaptar \u00e0s mudan\u00e7as, resolver desafios com mais efici\u00eancia e se tornar uma refer\u00eancia no seu ramo de atua\u00e7\u00e3o.<\/p>\n<\/div><\/div>\n\n\n\n<h2 class=\"wp-block-heading\"><strong>Construa a carreira dos seus sonhos com a ajuda da Univates<\/strong><\/h2>\n\n\n\n<p>Estudar em uma universidade de ponta far\u00e1 toda a diferen\u00e7a na sua trajet\u00f3ria profissional. Na Uni, voc\u00ea encontrar\u00e1 os melhores <a href=\"https:\/\/www.univates.br\/blog\/melhor-curso-tecnico\/\">cursos t\u00e9cnicos<\/a>, de <a href=\"https:\/\/www.univates.br\/blog\/o-que-avaliar-para-escolher-curso-de-graduacao-ideal\/\">gradua\u00e7\u00e3o<\/a> e <a href=\"https:\/\/www.univates.br\/blog\/quem-pode-fazer-pos-graduacao\/\">p\u00f3s-gradua\u00e7\u00e3o<\/a>, pensados para alinhar teoria e pr\u00e1tica de modo eficiente.<\/p>\n\n\n\n<p>Com professores qualificados, laborat\u00f3rios modernos e oportunidades de est\u00e1gios e projetos em parceria com empresas do Vale do Taquari, voc\u00ea desenvolver\u00e1 compet\u00eancias essenciais para se destacar no mercado de trabalho atual. Al\u00e9m disso, ter\u00e1 a chance de ampliar seu <em>networking<\/em>, participar de atividades pr\u00e1ticas e se manter atualizado com as tend\u00eancias da sua \u00e1rea, construindo uma carreira s\u00f3lida e repleta de grandes realiza\u00e7\u00f5es.<\/p>\n\n\n\n<p>Veja s\u00f3 por que estudar na Univates pode transformar sua carreira e seu futuro:<\/p>\n\n\n\n<p><a href=\"https:\/\/www.univates.br\/blog\/estudar-na-univates-uma-das-melhores-universidades-do-brasil\/\">Estudar na Univates: conhe\u00e7a a experi\u00eancia de uma das melhores universidades do Brasil<\/a><\/p>\n\n\n\n<p><a href=\"https:\/\/www.univates.br\/blog\/por-que-estudar-na-univates-pode-ser-uma-opcao-para-voce\/\">Por que estudar na Univates pode ser uma op\u00e7\u00e3o para voc\u00ea?<\/a><\/p>\n\n\n\n<p><a href=\"https:\/\/www.univates.br\/blog\/ja-conhece-os-beneficios-de-ser-aluno-da-nossa-universidade\/\">J\u00e1 conhece os benef\u00edcios de ser aluno da nossa Universidade?<\/a><\/p>\n\n\n<div class=\"wp-block-image\">\n<figure class=\"aligncenter size-full\"><img loading=\"lazy\" decoding=\"async\" width=\"5184\" height=\"3456\" src=\"https:\/\/www.univates.br\/blog\/wp-content\/uploads\/2025\/11\/Imagens-posts-blog-2025-11-10T134251.447.jpg\" alt=\"\" class=\"wp-image-7139\"\/><figcaption class=\"wp-element-caption\">Foto: Divulga\u00e7\u00e3o\/Univates.<\/figcaption><\/figure>\n<\/div>\n\n\n<h2 class=\"wp-block-heading\">Fim \ud83d\udc99<\/h2>\n\n\n\n<p>O mercado de trabalho atual est\u00e1 cada vez mais competitivo, mas isso n\u00e3o \u00e9 desculpa para se limitar. Quem busca se aprimorar constantemente, desenvolver habilidades estrat\u00e9gicas e construir relacionamentos s\u00f3lidos tem mais chances de se destacar e alcan\u00e7ar seus objetivos. Conhe\u00e7a os cursos da Univates, escolha aquele que mais combina com voc\u00ea e deixe sua marca no mercado, construindo uma carreira de sucesso e realizando todas as suas aspira\u00e7\u00f5es profissionais! \ud83c\udf92\ud83c\udf93<\/p>\n\n\n\n<p>Veja tamb\u00e9m: <a href=\"https:\/\/www.univates.br\/tecnicos\/servicos-juridicos\" target=\"_blank\" rel=\"noreferrer noopener\">Curso T\u00e9cnico Servi\u00e7os Jur\u00eddicos<\/a> | <a href=\"https:\/\/www.univates.br\/blog\/o-que-e-networking-e-para-que-ele-serve\/\" target=\"_blank\" rel=\"noreferrer noopener\">O que \u00e9 networking<\/a><\/p>\n","protected":false},"excerpt":{"rendered":"<p>Como se destacar no mercado de trabalho atual? Voc\u00ea provavelmente deseja crescer na carreira, conquistar novas oportunidades e se tornar um profissional valorizado, n\u00e3o \u00e9? \u00c9 sempre bom lembrar que, no cen\u00e1rio din\u00e2mico e competitivo de hoje, n\u00e3o basta apenas\u2026<\/p>\n","protected":false},"author":2,"featured_media":0,"comment_status":"open","ping_status":"open","sticky":false,"template":"","format":"standard","meta":{"_acf_changed":false,"footnotes":""},"categories":[33,7],"class_list":["post-7128","post","type-post","status-publish","format-standard","hentry","category-carreira","category-univates","autor-lais-pontin-matos"],"acf":[],"yoast_head":"<!-- This site is optimized with the Yoast SEO plugin v27.3 - https:\/\/yoast.com\/product\/yoast-seo-wordpress\/ -->\n<title>Como se destacar no mercado de trabalho atual? - Univates Blog<\/title>\n<meta name=\"description\" content=\"Como se destacar no mercado de trabalho atual? Confira dicas para se adaptar \u00e0s exig\u00eancias do mundo profissional.\" \/>\n<meta name=\"robots\" content=\"index, follow, max-snippet:-1, max-image-preview:large, max-video-preview:-1\" \/>\n<link rel=\"canonical\" href=\"https:\/\/www.univates.br\/blog\/mercado-de-trabalho-atual\/\" \/>\n<meta property=\"og:locale\" content=\"pt_BR\" \/>\n<meta property=\"og:type\" content=\"article\" \/>\n<meta property=\"og:title\" content=\"Como se destacar no mercado de trabalho atual? - Univates Blog\" \/>\n<meta property=\"og:description\" content=\"Como se destacar no mercado de trabalho atual? Confira dicas para se adaptar \u00e0s exig\u00eancias do mundo profissional.\" \/>\n<meta property=\"og:url\" content=\"https:\/\/www.univates.br\/blog\/mercado-de-trabalho-atual\/\" \/>\n<meta property=\"og:site_name\" content=\"Univates Blog\" \/>\n<meta property=\"article:published_time\" content=\"2025-11-10T18:45:51+00:00\" \/>\n<meta property=\"article:modified_time\" content=\"2026-02-05T13:38:25+00:00\" \/>\n<meta property=\"og:image\" content=\"https:\/\/www.univates.br\/blog\/wp-content\/uploads\/2025\/11\/Imagens-posts-blog-2025-11-10T133645.741.jpg\" \/>\n\t<meta property=\"og:image:width\" content=\"5184\" \/>\n\t<meta property=\"og:image:height\" content=\"3456\" \/>\n\t<meta property=\"og:image:type\" content=\"image\/jpeg\" \/>\n<meta name=\"author\" content=\"Marketing Univates\" \/>\n<meta name=\"twitter:card\" content=\"summary_large_image\" \/>\n<meta name=\"twitter:label1\" content=\"Escrito por\" \/>\n\t<meta name=\"twitter:data1\" content=\"Marketing Univates\" \/>\n\t<meta name=\"twitter:label2\" content=\"Est. tempo de leitura\" \/>\n\t<meta name=\"twitter:data2\" content=\"6 minutos\" \/>\n<script type=\"application\/ld+json\" class=\"yoast-schema-graph\">{\"@context\":\"https:\\\/\\\/schema.org\",\"@graph\":[{\"@type\":\"Article\",\"@id\":\"https:\\\/\\\/www.univates.br\\\/blog\\\/mercado-de-trabalho-atual\\\/#article\",\"isPartOf\":{\"@id\":\"https:\\\/\\\/www.univates.br\\\/blog\\\/mercado-de-trabalho-atual\\\/\"},\"author\":{\"name\":\"Marketing Univates\",\"@id\":\"https:\\\/\\\/www.univates.br\\\/blog\\\/#\\\/schema\\\/person\\\/15c63917440cc5e70160c247b309af2f\"},\"headline\":\"Como se destacar no mercado de trabalho atual?\",\"datePublished\":\"2025-11-10T18:45:51+00:00\",\"dateModified\":\"2026-02-05T13:38:25+00:00\",\"mainEntityOfPage\":{\"@id\":\"https:\\\/\\\/www.univates.br\\\/blog\\\/mercado-de-trabalho-atual\\\/\"},\"wordCount\":844,\"commentCount\":0,\"image\":{\"@id\":\"https:\\\/\\\/www.univates.br\\\/blog\\\/mercado-de-trabalho-atual\\\/#primaryimage\"},\"thumbnailUrl\":\"https:\\\/\\\/www.univates.br\\\/blog\\\/wp-content\\\/uploads\\\/2025\\\/11\\\/Imagens-posts-blog-2025-11-10T133645.741.jpg\",\"articleSection\":[\"Carreira\",\"Univates\"],\"inLanguage\":\"pt-BR\",\"potentialAction\":[{\"@type\":\"CommentAction\",\"name\":\"Comment\",\"target\":[\"https:\\\/\\\/www.univates.br\\\/blog\\\/mercado-de-trabalho-atual\\\/#respond\"]}]},{\"@type\":\"WebPage\",\"@id\":\"https:\\\/\\\/www.univates.br\\\/blog\\\/mercado-de-trabalho-atual\\\/\",\"url\":\"https:\\\/\\\/www.univates.br\\\/blog\\\/mercado-de-trabalho-atual\\\/\",\"name\":\"Como se destacar no mercado de trabalho atual? - Univates Blog\",\"isPartOf\":{\"@id\":\"https:\\\/\\\/www.univates.br\\\/blog\\\/#website\"},\"primaryImageOfPage\":{\"@id\":\"https:\\\/\\\/www.univates.br\\\/blog\\\/mercado-de-trabalho-atual\\\/#primaryimage\"},\"image\":{\"@id\":\"https:\\\/\\\/www.univates.br\\\/blog\\\/mercado-de-trabalho-atual\\\/#primaryimage\"},\"thumbnailUrl\":\"https:\\\/\\\/www.univates.br\\\/blog\\\/wp-content\\\/uploads\\\/2025\\\/11\\\/Imagens-posts-blog-2025-11-10T133645.741.jpg\",\"datePublished\":\"2025-11-10T18:45:51+00:00\",\"dateModified\":\"2026-02-05T13:38:25+00:00\",\"author\":{\"@id\":\"https:\\\/\\\/www.univates.br\\\/blog\\\/#\\\/schema\\\/person\\\/15c63917440cc5e70160c247b309af2f\"},\"description\":\"Como se destacar no mercado de trabalho atual? Confira dicas para se adaptar \u00e0s exig\u00eancias do mundo profissional.\",\"breadcrumb\":{\"@id\":\"https:\\\/\\\/www.univates.br\\\/blog\\\/mercado-de-trabalho-atual\\\/#breadcrumb\"},\"inLanguage\":\"pt-BR\",\"potentialAction\":[{\"@type\":\"ReadAction\",\"target\":[\"https:\\\/\\\/www.univates.br\\\/blog\\\/mercado-de-trabalho-atual\\\/\"]}]},{\"@type\":\"ImageObject\",\"inLanguage\":\"pt-BR\",\"@id\":\"https:\\\/\\\/www.univates.br\\\/blog\\\/mercado-de-trabalho-atual\\\/#primaryimage\",\"url\":\"https:\\\/\\\/www.univates.br\\\/blog\\\/wp-content\\\/uploads\\\/2025\\\/11\\\/Imagens-posts-blog-2025-11-10T133645.741.jpg\",\"contentUrl\":\"https:\\\/\\\/www.univates.br\\\/blog\\\/wp-content\\\/uploads\\\/2025\\\/11\\\/Imagens-posts-blog-2025-11-10T133645.741.jpg\",\"width\":5184,\"height\":3456,\"caption\":\"Foto: Divulga\u00e7\u00e3o\\\/Pexels.\"},{\"@type\":\"BreadcrumbList\",\"@id\":\"https:\\\/\\\/www.univates.br\\\/blog\\\/mercado-de-trabalho-atual\\\/#breadcrumb\",\"itemListElement\":[{\"@type\":\"ListItem\",\"position\":1,\"name\":\"Home\",\"item\":\"https:\\\/\\\/www.univates.br\\\/blog\\\/\"},{\"@type\":\"ListItem\",\"position\":2,\"name\":\"Como se destacar no mercado de trabalho atual?\"}]},{\"@type\":\"WebSite\",\"@id\":\"https:\\\/\\\/www.univates.br\\\/blog\\\/#website\",\"url\":\"https:\\\/\\\/www.univates.br\\\/blog\\\/\",\"name\":\"Univates Blog\",\"description\":\"\",\"potentialAction\":[{\"@type\":\"SearchAction\",\"target\":{\"@type\":\"EntryPoint\",\"urlTemplate\":\"https:\\\/\\\/www.univates.br\\\/blog\\\/?s={search_term_string}\"},\"query-input\":{\"@type\":\"PropertyValueSpecification\",\"valueRequired\":true,\"valueName\":\"search_term_string\"}}],\"inLanguage\":\"pt-BR\"},{\"@type\":\"Person\",\"@id\":\"https:\\\/\\\/www.univates.br\\\/blog\\\/#\\\/schema\\\/person\\\/15c63917440cc5e70160c247b309af2f\",\"name\":\"Marketing Univates\",\"image\":{\"@type\":\"ImageObject\",\"inLanguage\":\"pt-BR\",\"@id\":\"https:\\\/\\\/secure.gravatar.com\\\/avatar\\\/511f9e77a6a3d0cddd9074f69a722364bc7f787e73d4a0da1f727ba62704eda4?s=96&d=mm&r=g\",\"url\":\"https:\\\/\\\/secure.gravatar.com\\\/avatar\\\/511f9e77a6a3d0cddd9074f69a722364bc7f787e73d4a0da1f727ba62704eda4?s=96&d=mm&r=g\",\"contentUrl\":\"https:\\\/\\\/secure.gravatar.com\\\/avatar\\\/511f9e77a6a3d0cddd9074f69a722364bc7f787e73d4a0da1f727ba62704eda4?s=96&d=mm&r=g\",\"caption\":\"Marketing Univates\"},\"sameAs\":[\"http:\\\/\\\/univates.br\"],\"url\":\"https:\\\/\\\/www.univates.br\\\/blog\\\/author\\\/marketing\\\/\"}]}<\/script>\n<!-- \/ Yoast SEO plugin. -->","yoast_head_json":{"title":"Como se destacar no mercado de trabalho atual? - Univates Blog","description":"Como se destacar no mercado de trabalho atual? Confira dicas para se adaptar \u00e0s exig\u00eancias do mundo profissional.","robots":{"index":"index","follow":"follow","max-snippet":"max-snippet:-1","max-image-preview":"max-image-preview:large","max-video-preview":"max-video-preview:-1"},"canonical":"https:\/\/www.univates.br\/blog\/mercado-de-trabalho-atual\/","og_locale":"pt_BR","og_type":"article","og_title":"Como se destacar no mercado de trabalho atual? - Univates Blog","og_description":"Como se destacar no mercado de trabalho atual? Confira dicas para se adaptar \u00e0s exig\u00eancias do mundo profissional.","og_url":"https:\/\/www.univates.br\/blog\/mercado-de-trabalho-atual\/","og_site_name":"Univates Blog","article_published_time":"2025-11-10T18:45:51+00:00","article_modified_time":"2026-02-05T13:38:25+00:00","og_image":[{"width":5184,"height":3456,"url":"https:\/\/www.univates.br\/blog\/wp-content\/uploads\/2025\/11\/Imagens-posts-blog-2025-11-10T133645.741.jpg","type":"image\/jpeg"}],"author":"Marketing Univates","twitter_card":"summary_large_image","twitter_misc":{"Escrito por":"Marketing Univates","Est. tempo de leitura":"6 minutos"},"schema":{"@context":"https:\/\/schema.org","@graph":[{"@type":"Article","@id":"https:\/\/www.univates.br\/blog\/mercado-de-trabalho-atual\/#article","isPartOf":{"@id":"https:\/\/www.univates.br\/blog\/mercado-de-trabalho-atual\/"},"author":{"name":"Marketing Univates","@id":"https:\/\/www.univates.br\/blog\/#\/schema\/person\/15c63917440cc5e70160c247b309af2f"},"headline":"Como se destacar no mercado de trabalho atual?","datePublished":"2025-11-10T18:45:51+00:00","dateModified":"2026-02-05T13:38:25+00:00","mainEntityOfPage":{"@id":"https:\/\/www.univates.br\/blog\/mercado-de-trabalho-atual\/"},"wordCount":844,"commentCount":0,"image":{"@id":"https:\/\/www.univates.br\/blog\/mercado-de-trabalho-atual\/#primaryimage"},"thumbnailUrl":"https:\/\/www.univates.br\/blog\/wp-content\/uploads\/2025\/11\/Imagens-posts-blog-2025-11-10T133645.741.jpg","articleSection":["Carreira","Univates"],"inLanguage":"pt-BR","potentialAction":[{"@type":"CommentAction","name":"Comment","target":["https:\/\/www.univates.br\/blog\/mercado-de-trabalho-atual\/#respond"]}]},{"@type":"WebPage","@id":"https:\/\/www.univates.br\/blog\/mercado-de-trabalho-atual\/","url":"https:\/\/www.univates.br\/blog\/mercado-de-trabalho-atual\/","name":"Como se destacar no mercado de trabalho atual? - Univates Blog","isPartOf":{"@id":"https:\/\/www.univates.br\/blog\/#website"},"primaryImageOfPage":{"@id":"https:\/\/www.univates.br\/blog\/mercado-de-trabalho-atual\/#primaryimage"},"image":{"@id":"https:\/\/www.univates.br\/blog\/mercado-de-trabalho-atual\/#primaryimage"},"thumbnailUrl":"https:\/\/www.univates.br\/blog\/wp-content\/uploads\/2025\/11\/Imagens-posts-blog-2025-11-10T133645.741.jpg","datePublished":"2025-11-10T18:45:51+00:00","dateModified":"2026-02-05T13:38:25+00:00","author":{"@id":"https:\/\/www.univates.br\/blog\/#\/schema\/person\/15c63917440cc5e70160c247b309af2f"},"description":"Como se destacar no mercado de trabalho atual? Confira dicas para se adaptar \u00e0s exig\u00eancias do mundo profissional.","breadcrumb":{"@id":"https:\/\/www.univates.br\/blog\/mercado-de-trabalho-atual\/#breadcrumb"},"inLanguage":"pt-BR","potentialAction":[{"@type":"ReadAction","target":["https:\/\/www.univates.br\/blog\/mercado-de-trabalho-atual\/"]}]},{"@type":"ImageObject","inLanguage":"pt-BR","@id":"https:\/\/www.univates.br\/blog\/mercado-de-trabalho-atual\/#primaryimage","url":"https:\/\/www.univates.br\/blog\/wp-content\/uploads\/2025\/11\/Imagens-posts-blog-2025-11-10T133645.741.jpg","contentUrl":"https:\/\/www.univates.br\/blog\/wp-content\/uploads\/2025\/11\/Imagens-posts-blog-2025-11-10T133645.741.jpg","width":5184,"height":3456,"caption":"Foto: Divulga\u00e7\u00e3o\/Pexels."},{"@type":"BreadcrumbList","@id":"https:\/\/www.univates.br\/blog\/mercado-de-trabalho-atual\/#breadcrumb","itemListElement":[{"@type":"ListItem","position":1,"name":"Home","item":"https:\/\/www.univates.br\/blog\/"},{"@type":"ListItem","position":2,"name":"Como se destacar no mercado de trabalho atual?"}]},{"@type":"WebSite","@id":"https:\/\/www.univates.br\/blog\/#website","url":"https:\/\/www.univates.br\/blog\/","name":"Univates Blog","description":"","potentialAction":[{"@type":"SearchAction","target":{"@type":"EntryPoint","urlTemplate":"https:\/\/www.univates.br\/blog\/?s={search_term_string}"},"query-input":{"@type":"PropertyValueSpecification","valueRequired":true,"valueName":"search_term_string"}}],"inLanguage":"pt-BR"},{"@type":"Person","@id":"https:\/\/www.univates.br\/blog\/#\/schema\/person\/15c63917440cc5e70160c247b309af2f","name":"Marketing Univates","image":{"@type":"ImageObject","inLanguage":"pt-BR","@id":"https:\/\/secure.gravatar.com\/avatar\/511f9e77a6a3d0cddd9074f69a722364bc7f787e73d4a0da1f727ba62704eda4?s=96&d=mm&r=g","url":"https:\/\/secure.gravatar.com\/avatar\/511f9e77a6a3d0cddd9074f69a722364bc7f787e73d4a0da1f727ba62704eda4?s=96&d=mm&r=g","contentUrl":"https:\/\/secure.gravatar.com\/avatar\/511f9e77a6a3d0cddd9074f69a722364bc7f787e73d4a0da1f727ba62704eda4?s=96&d=mm&r=g","caption":"Marketing Univates"},"sameAs":["http:\/\/univates.br"],"url":"https:\/\/www.univates.br\/blog\/author\/marketing\/"}]}},"_links":{"self":[{"href":"https:\/\/www.univates.br\/blog\/wp-json\/wp\/v2\/posts\/7128","targetHints":{"allow":["GET"]}}],"collection":[{"href":"https:\/\/www.univates.br\/blog\/wp-json\/wp\/v2\/posts"}],"about":[{"href":"https:\/\/www.univates.br\/blog\/wp-json\/wp\/v2\/types\/post"}],"author":[{"embeddable":true,"href":"https:\/\/www.univates.br\/blog\/wp-json\/wp\/v2\/users\/2"}],"replies":[{"embeddable":true,"href":"https:\/\/www.univates.br\/blog\/wp-json\/wp\/v2\/comments?post=7128"}],"version-history":[{"count":9,"href":"https:\/\/www.univates.br\/blog\/wp-json\/wp\/v2\/posts\/7128\/revisions"}],"predecessor-version":[{"id":7324,"href":"https:\/\/www.univates.br\/blog\/wp-json\/wp\/v2\/posts\/7128\/revisions\/7324"}],"wp:attachment":[{"href":"https:\/\/www.univates.br\/blog\/wp-json\/wp\/v2\/media?parent=7128"}],"wp:term":[{"taxonomy":"category","embeddable":true,"href":"https:\/\/www.univates.br\/blog\/wp-json\/wp\/v2\/categories?post=7128"}],"curies":[{"name":"wp","href":"https:\/\/api.w.org\/{rel}","templated":true}]}}