{"id":7142,"date":"2025-11-12T17:19:20","date_gmt":"2025-11-12T20:19:20","guid":{"rendered":"https:\/\/www.univates.br\/blog\/?p=7142"},"modified":"2025-11-12T17:19:20","modified_gmt":"2025-11-12T20:19:20","slug":"dicas-para-falar-em-publico","status":"publish","type":"post","link":"https:\/\/www.univates.br\/blog\/dicas-para-falar-em-publico\/","title":{"rendered":"Dicas para falar em p\u00fablico com seguran\u00e7a"},"content":{"rendered":"\n<p>Dicas para falar em p\u00fablico com seguran\u00e7a. X\u00f4, nervosismo: se voc\u00ea treme s\u00f3 de pensar em falar diante de uma plateia, fique de olho neste <em>post<\/em>!<\/p>\n\n\n\n<p>Nele trazemos dicas que v\u00e3o ajud\u00e1-lo a ganhar confian\u00e7a, controlar a ansiedade e se comunicar de forma clara e aut\u00eantica. Coloque em pr\u00e1tica nossas estrat\u00e9gias e perca, de uma vez por todas, o medo de se expressar! \ud83d\udde3\ufe0f\ud83c\udfa4<\/p>\n\n\n\n<p><a href=\"https:\/\/www.univates.br\/blog\/melhorar-a-comunicacao\/\">Como melhorar a comunica\u00e7\u00e3o?<\/a><\/p>\n\n\n\n<p><a href=\"https:\/\/www.univates.br\/blog\/comunicacao-assertiva\/\">Comunica\u00e7\u00e3o assertiva: o que \u00e9, benef\u00edcios e como desenvolver<\/a><\/p>\n\n\n<div class=\"wp-block-image\">\n<figure class=\"aligncenter size-full\"><img loading=\"lazy\" decoding=\"async\" width=\"5184\" height=\"3456\" src=\"https:\/\/www.univates.br\/blog\/wp-content\/uploads\/2025\/11\/Imagens-posts-blog-2025-11-12T123408.206.jpg\" alt=\"\" class=\"wp-image-7143\"\/><figcaption class=\"wp-element-caption\">Foto: Divulga\u00e7\u00e3o\/Pexels.<\/figcaption><\/figure>\n<\/div>\n\n\n<h2 class=\"wp-block-heading\">\ud83d\udcac <strong>Prepare-se com anteced\u00eancia<\/strong><\/h2>\n\n\n\n<p>Quem conhece bem o conte\u00fado que vai apresentar transmite credibilidade e confian\u00e7a. Por isso, sugerimos que voc\u00ea estude o tema com aten\u00e7\u00e3o, organize os principais t\u00f3picos e ensaie sua fala algumas vezes antes da apresenta\u00e7\u00e3o. Assim, se sentir\u00e1 mais seguro e conseguir\u00e1 transmitir sua mensagem com clareza e naturalidade.<\/p>\n\n\n\n<h2 class=\"wp-block-heading\">\ud83d\udcac <strong>Ensaie sua fala em frente ao espelho<\/strong><\/h2>\n\n\n\n<div class=\"wp-block-media-text is-stacked-on-mobile\"><figure class=\"wp-block-media-text__media\"><img loading=\"lazy\" decoding=\"async\" width=\"5184\" height=\"3456\" src=\"https:\/\/www.univates.br\/blog\/wp-content\/uploads\/2025\/11\/Imagens-posts-blog-2025-11-12T123620.777.jpg\" alt=\"\" class=\"wp-image-7144 size-full\"\/><\/figure><div class=\"wp-block-media-text__content\">\n<p><\/p>\n\n\n\n<p>Pode parecer estranho, mas ensaiar em frente ao espelho \u00e9 uma das t\u00e9cnicas mais eficazes para aprimorar sua comunica\u00e7\u00e3o. Isso porque, ao se observar, voc\u00ea consegue perceber sua postura, express\u00f5es faciais, gestos e entona\u00e7\u00e3o de voz, ajustando o que for necess\u00e1rio. Esse exerc\u00edcio tamb\u00e9m ajuda a aumentar sua consci\u00eancia corporal e a perceber se sua linguagem n\u00e3o verbal est\u00e1 em harmonia com o que voc\u00ea diz.<\/p>\n<\/div><\/div>\n\n\n\n<h2 class=\"wp-block-heading\">\ud83d\udcac <strong>Controle o nervosismo<\/strong><\/h2>\n\n\n\n<div class=\"wp-block-media-text is-stacked-on-mobile\"><figure class=\"wp-block-media-text__media\"><img loading=\"lazy\" decoding=\"async\" width=\"5184\" height=\"3456\" src=\"https:\/\/www.univates.br\/blog\/wp-content\/uploads\/2025\/11\/Imagens-posts-blog-2025-11-12T123755.162.jpg\" alt=\"\" class=\"wp-image-7147 size-full\"\/><\/figure><div class=\"wp-block-media-text__content\">\n<p><\/p>\n\n\n\n<p>Falar em p\u00fablico pode causar nervosismo at\u00e9 mesmo nas pessoas que fazem isso com frequ\u00eancia. O segredo \u00e9 aprender a gerenciar a ansiedade por meio de t\u00e9cnicas simples, como <a href=\"https:\/\/www.univates.br\/blog\/mindfulness-o-que-e-e-como-aplicar\/\">medita\u00e7\u00e3o<\/a>, respira\u00e7\u00e3o profunda e exerc\u00edcios de relaxamento muscular. Manter a postura ereta, os ombros relaxados e fazer pequenas pausas durante a fala ajuda a recuperar a calma e a transmitir seguran\u00e7a.<\/p>\n<\/div><\/div>\n\n\n\n<h2 class=\"wp-block-heading\">\ud83d\udcac <strong>Conhe\u00e7a seu p\u00fablico<\/strong><\/h2>\n\n\n\n<p>Entender quem estar\u00e1 na plateia \u00e9 fundamental para se comunicar de forma eficaz. Pesquise o perfil, os interesses e o n\u00edvel de conhecimento que as pessoas t\u00eam sobre o tema que voc\u00ea vai apresentar. Assim, voc\u00ea poder\u00e1 adaptar a linguagem, os exemplos e o ritmo da sua fala, tornando a apresenta\u00e7\u00e3o mais clara, envolvente e relevante para todos.<\/p>\n\n\n\n<h2 class=\"wp-block-heading\">\ud83d\udcac <strong>Interaja com seu p\u00fablico<\/strong><\/h2>\n\n\n\n<div class=\"wp-block-media-text is-stacked-on-mobile\"><figure class=\"wp-block-media-text__media\"><img loading=\"lazy\" decoding=\"async\" width=\"5184\" height=\"3456\" src=\"https:\/\/www.univates.br\/blog\/wp-content\/uploads\/2025\/11\/Imagens-posts-blog-2025-11-12T123925.239.jpg\" alt=\"\" class=\"wp-image-7150 size-full\"\/><\/figure><div class=\"wp-block-media-text__content\">\n<p><\/p>\n\n\n\n<p>Falar em p\u00fablico \u00e9 uma via de m\u00e3o dupla. Quanto mais voc\u00ea envolve a plateia, mais interesse e aten\u00e7\u00e3o ela demonstra pelo que voc\u00ea est\u00e1 dizendo. Assim, abra espa\u00e7o para perguntas e coment\u00e1rios, incentivando a participa\u00e7\u00e3o de todos. Lembre-se de que essa troca torna sua apresenta\u00e7\u00e3o mais din\u00e2mica, cria conex\u00e3o com o p\u00fablico e aumenta o impacto das suas mensagens.<\/p>\n<\/div><\/div>\n\n\n\n<h2 class=\"wp-block-heading\">\ud83d\udcac <strong>Conte hist\u00f3rias<\/strong><\/h2>\n\n\n\n<p>Isso mesmo: incluir hist\u00f3rias e exemplos na sua fala torna sua apresenta\u00e7\u00e3o mais envolvente e ajuda o p\u00fablico a compreender melhor suas ideias. Al\u00e9m de criarem empatia e prenderem a aten\u00e7\u00e3o da plateia, <a href=\"https:\/\/www.univates.br\/blog\/escrita-criativa-o-que-e-e-como-desenvolver\/\">narrativas bem constru\u00eddas<\/a> refor\u00e7am sua mensagem e facilitam a memoriza\u00e7\u00e3o dos conte\u00fados. Portanto, use e abuse do <em>storytelling<\/em>.<\/p>\n\n\n\n<h2 class=\"wp-block-heading\">Fim \ud83d\udc99<\/h2>\n\n\n\n<p>Falar em p\u00fablico \u00e9 uma habilidade que se desenvolve com pr\u00e1tica, paci\u00eancia e autoconfian\u00e7a. Cada apresenta\u00e7\u00e3o \u00e9 uma oportunidade de evoluir, aprender e se expressar com mais autenticidade. Lembre-se: sua voz tem valor e suas ideias merecem ser ouvidas. Compartilhe o que voc\u00ea sabe para inspirar outras pessoas! \ud83d\ude0c\ud83c\udf1e \ud83c\udf08<\/p>\n","protected":false},"excerpt":{"rendered":"<p>Dicas para falar em p\u00fablico com seguran\u00e7a. X\u00f4, nervosismo: se voc\u00ea treme s\u00f3 de pensar em falar diante de uma plateia, fique de olho neste post! Nele trazemos dicas que v\u00e3o ajud\u00e1-lo a ganhar confian\u00e7a, controlar a ansiedade e se\u2026<\/p>\n","protected":false},"author":2,"featured_media":0,"comment_status":"open","ping_status":"open","sticky":false,"template":"","format":"standard","meta":{"_acf_changed":false,"footnotes":""},"categories":[33,11,23],"class_list":["post-7142","post","type-post","status-publish","format-standard","hentry","category-carreira","category-comunicacao","category-estudos","autor-lais-pontin-matos","area-comunicacao-e-economia-criativa"],"acf":[],"yoast_head":"<!-- This site is optimized with the Yoast SEO plugin v27.3 - https:\/\/yoast.com\/product\/yoast-seo-wordpress\/ -->\n<title>Dicas para falar em p\u00fablico com seguran\u00e7a - Univates Blog<\/title>\n<meta name=\"description\" content=\"Dicas para falar em p\u00fablico com seguran\u00e7a. Perca o medo de se expressar e transmita suas ideias de forma clara e convincente.\" \/>\n<meta name=\"robots\" content=\"index, follow, max-snippet:-1, max-image-preview:large, max-video-preview:-1\" \/>\n<link rel=\"canonical\" href=\"https:\/\/www.univates.br\/blog\/dicas-para-falar-em-publico\/\" \/>\n<meta property=\"og:locale\" content=\"pt_BR\" \/>\n<meta property=\"og:type\" content=\"article\" \/>\n<meta property=\"og:title\" content=\"Dicas para falar em p\u00fablico com seguran\u00e7a - Univates Blog\" \/>\n<meta property=\"og:description\" content=\"Dicas para falar em p\u00fablico com seguran\u00e7a. Perca o medo de se expressar e transmita suas ideias de forma clara e convincente.\" \/>\n<meta property=\"og:url\" content=\"https:\/\/www.univates.br\/blog\/dicas-para-falar-em-publico\/\" \/>\n<meta property=\"og:site_name\" content=\"Univates Blog\" \/>\n<meta property=\"article:published_time\" content=\"2025-11-12T20:19:20+00:00\" \/>\n<meta property=\"og:image\" content=\"https:\/\/www.univates.br\/blog\/wp-content\/uploads\/2025\/11\/Imagens-posts-blog-2025-11-12T123408.206.jpg\" \/>\n\t<meta property=\"og:image:width\" content=\"5184\" \/>\n\t<meta property=\"og:image:height\" content=\"3456\" \/>\n\t<meta property=\"og:image:type\" content=\"image\/jpeg\" \/>\n<meta name=\"author\" content=\"Marketing Univates\" \/>\n<meta name=\"twitter:card\" content=\"summary_large_image\" \/>\n<meta name=\"twitter:label1\" content=\"Escrito por\" \/>\n\t<meta name=\"twitter:data1\" content=\"Marketing Univates\" \/>\n\t<meta name=\"twitter:label2\" content=\"Est. tempo de leitura\" \/>\n\t<meta name=\"twitter:data2\" content=\"4 minutos\" \/>\n<script type=\"application\/ld+json\" class=\"yoast-schema-graph\">{\"@context\":\"https:\\\/\\\/schema.org\",\"@graph\":[{\"@type\":\"Article\",\"@id\":\"https:\\\/\\\/www.univates.br\\\/blog\\\/dicas-para-falar-em-publico\\\/#article\",\"isPartOf\":{\"@id\":\"https:\\\/\\\/www.univates.br\\\/blog\\\/dicas-para-falar-em-publico\\\/\"},\"author\":{\"name\":\"Marketing Univates\",\"@id\":\"https:\\\/\\\/www.univates.br\\\/blog\\\/#\\\/schema\\\/person\\\/15c63917440cc5e70160c247b309af2f\"},\"headline\":\"Dicas para falar em p\u00fablico com seguran\u00e7a\",\"datePublished\":\"2025-11-12T20:19:20+00:00\",\"mainEntityOfPage\":{\"@id\":\"https:\\\/\\\/www.univates.br\\\/blog\\\/dicas-para-falar-em-publico\\\/\"},\"wordCount\":561,\"commentCount\":0,\"image\":{\"@id\":\"https:\\\/\\\/www.univates.br\\\/blog\\\/dicas-para-falar-em-publico\\\/#primaryimage\"},\"thumbnailUrl\":\"https:\\\/\\\/www.univates.br\\\/blog\\\/wp-content\\\/uploads\\\/2025\\\/11\\\/Imagens-posts-blog-2025-11-12T123408.206.jpg\",\"articleSection\":[\"Carreira\",\"Comunica\u00e7\u00e3o\",\"Estudos\"],\"inLanguage\":\"pt-BR\",\"potentialAction\":[{\"@type\":\"CommentAction\",\"name\":\"Comment\",\"target\":[\"https:\\\/\\\/www.univates.br\\\/blog\\\/dicas-para-falar-em-publico\\\/#respond\"]}]},{\"@type\":\"WebPage\",\"@id\":\"https:\\\/\\\/www.univates.br\\\/blog\\\/dicas-para-falar-em-publico\\\/\",\"url\":\"https:\\\/\\\/www.univates.br\\\/blog\\\/dicas-para-falar-em-publico\\\/\",\"name\":\"Dicas para falar em p\u00fablico com seguran\u00e7a - Univates Blog\",\"isPartOf\":{\"@id\":\"https:\\\/\\\/www.univates.br\\\/blog\\\/#website\"},\"primaryImageOfPage\":{\"@id\":\"https:\\\/\\\/www.univates.br\\\/blog\\\/dicas-para-falar-em-publico\\\/#primaryimage\"},\"image\":{\"@id\":\"https:\\\/\\\/www.univates.br\\\/blog\\\/dicas-para-falar-em-publico\\\/#primaryimage\"},\"thumbnailUrl\":\"https:\\\/\\\/www.univates.br\\\/blog\\\/wp-content\\\/uploads\\\/2025\\\/11\\\/Imagens-posts-blog-2025-11-12T123408.206.jpg\",\"datePublished\":\"2025-11-12T20:19:20+00:00\",\"author\":{\"@id\":\"https:\\\/\\\/www.univates.br\\\/blog\\\/#\\\/schema\\\/person\\\/15c63917440cc5e70160c247b309af2f\"},\"description\":\"Dicas para falar em p\u00fablico com seguran\u00e7a. Perca o medo de se expressar e transmita suas ideias de forma clara e convincente.\",\"breadcrumb\":{\"@id\":\"https:\\\/\\\/www.univates.br\\\/blog\\\/dicas-para-falar-em-publico\\\/#breadcrumb\"},\"inLanguage\":\"pt-BR\",\"potentialAction\":[{\"@type\":\"ReadAction\",\"target\":[\"https:\\\/\\\/www.univates.br\\\/blog\\\/dicas-para-falar-em-publico\\\/\"]}]},{\"@type\":\"ImageObject\",\"inLanguage\":\"pt-BR\",\"@id\":\"https:\\\/\\\/www.univates.br\\\/blog\\\/dicas-para-falar-em-publico\\\/#primaryimage\",\"url\":\"https:\\\/\\\/www.univates.br\\\/blog\\\/wp-content\\\/uploads\\\/2025\\\/11\\\/Imagens-posts-blog-2025-11-12T123408.206.jpg\",\"contentUrl\":\"https:\\\/\\\/www.univates.br\\\/blog\\\/wp-content\\\/uploads\\\/2025\\\/11\\\/Imagens-posts-blog-2025-11-12T123408.206.jpg\",\"width\":5184,\"height\":3456,\"caption\":\"Foto: Divulga\u00e7\u00e3o\\\/Pexels.\"},{\"@type\":\"BreadcrumbList\",\"@id\":\"https:\\\/\\\/www.univates.br\\\/blog\\\/dicas-para-falar-em-publico\\\/#breadcrumb\",\"itemListElement\":[{\"@type\":\"ListItem\",\"position\":1,\"name\":\"Home\",\"item\":\"https:\\\/\\\/www.univates.br\\\/blog\\\/\"},{\"@type\":\"ListItem\",\"position\":2,\"name\":\"Dicas para falar em p\u00fablico com seguran\u00e7a\"}]},{\"@type\":\"WebSite\",\"@id\":\"https:\\\/\\\/www.univates.br\\\/blog\\\/#website\",\"url\":\"https:\\\/\\\/www.univates.br\\\/blog\\\/\",\"name\":\"Univates Blog\",\"description\":\"\",\"potentialAction\":[{\"@type\":\"SearchAction\",\"target\":{\"@type\":\"EntryPoint\",\"urlTemplate\":\"https:\\\/\\\/www.univates.br\\\/blog\\\/?s={search_term_string}\"},\"query-input\":{\"@type\":\"PropertyValueSpecification\",\"valueRequired\":true,\"valueName\":\"search_term_string\"}}],\"inLanguage\":\"pt-BR\"},{\"@type\":\"Person\",\"@id\":\"https:\\\/\\\/www.univates.br\\\/blog\\\/#\\\/schema\\\/person\\\/15c63917440cc5e70160c247b309af2f\",\"name\":\"Marketing Univates\",\"image\":{\"@type\":\"ImageObject\",\"inLanguage\":\"pt-BR\",\"@id\":\"https:\\\/\\\/secure.gravatar.com\\\/avatar\\\/511f9e77a6a3d0cddd9074f69a722364bc7f787e73d4a0da1f727ba62704eda4?s=96&d=mm&r=g\",\"url\":\"https:\\\/\\\/secure.gravatar.com\\\/avatar\\\/511f9e77a6a3d0cddd9074f69a722364bc7f787e73d4a0da1f727ba62704eda4?s=96&d=mm&r=g\",\"contentUrl\":\"https:\\\/\\\/secure.gravatar.com\\\/avatar\\\/511f9e77a6a3d0cddd9074f69a722364bc7f787e73d4a0da1f727ba62704eda4?s=96&d=mm&r=g\",\"caption\":\"Marketing Univates\"},\"sameAs\":[\"http:\\\/\\\/univates.br\"],\"url\":\"https:\\\/\\\/www.univates.br\\\/blog\\\/author\\\/marketing\\\/\"}]}<\/script>\n<!-- \/ Yoast SEO plugin. -->","yoast_head_json":{"title":"Dicas para falar em p\u00fablico com seguran\u00e7a - Univates Blog","description":"Dicas para falar em p\u00fablico com seguran\u00e7a. Perca o medo de se expressar e transmita suas ideias de forma clara e convincente.","robots":{"index":"index","follow":"follow","max-snippet":"max-snippet:-1","max-image-preview":"max-image-preview:large","max-video-preview":"max-video-preview:-1"},"canonical":"https:\/\/www.univates.br\/blog\/dicas-para-falar-em-publico\/","og_locale":"pt_BR","og_type":"article","og_title":"Dicas para falar em p\u00fablico com seguran\u00e7a - Univates Blog","og_description":"Dicas para falar em p\u00fablico com seguran\u00e7a. Perca o medo de se expressar e transmita suas ideias de forma clara e convincente.","og_url":"https:\/\/www.univates.br\/blog\/dicas-para-falar-em-publico\/","og_site_name":"Univates Blog","article_published_time":"2025-11-12T20:19:20+00:00","og_image":[{"width":5184,"height":3456,"url":"https:\/\/www.univates.br\/blog\/wp-content\/uploads\/2025\/11\/Imagens-posts-blog-2025-11-12T123408.206.jpg","type":"image\/jpeg"}],"author":"Marketing Univates","twitter_card":"summary_large_image","twitter_misc":{"Escrito por":"Marketing Univates","Est. tempo de leitura":"4 minutos"},"schema":{"@context":"https:\/\/schema.org","@graph":[{"@type":"Article","@id":"https:\/\/www.univates.br\/blog\/dicas-para-falar-em-publico\/#article","isPartOf":{"@id":"https:\/\/www.univates.br\/blog\/dicas-para-falar-em-publico\/"},"author":{"name":"Marketing Univates","@id":"https:\/\/www.univates.br\/blog\/#\/schema\/person\/15c63917440cc5e70160c247b309af2f"},"headline":"Dicas para falar em p\u00fablico com seguran\u00e7a","datePublished":"2025-11-12T20:19:20+00:00","mainEntityOfPage":{"@id":"https:\/\/www.univates.br\/blog\/dicas-para-falar-em-publico\/"},"wordCount":561,"commentCount":0,"image":{"@id":"https:\/\/www.univates.br\/blog\/dicas-para-falar-em-publico\/#primaryimage"},"thumbnailUrl":"https:\/\/www.univates.br\/blog\/wp-content\/uploads\/2025\/11\/Imagens-posts-blog-2025-11-12T123408.206.jpg","articleSection":["Carreira","Comunica\u00e7\u00e3o","Estudos"],"inLanguage":"pt-BR","potentialAction":[{"@type":"CommentAction","name":"Comment","target":["https:\/\/www.univates.br\/blog\/dicas-para-falar-em-publico\/#respond"]}]},{"@type":"WebPage","@id":"https:\/\/www.univates.br\/blog\/dicas-para-falar-em-publico\/","url":"https:\/\/www.univates.br\/blog\/dicas-para-falar-em-publico\/","name":"Dicas para falar em p\u00fablico com seguran\u00e7a - Univates Blog","isPartOf":{"@id":"https:\/\/www.univates.br\/blog\/#website"},"primaryImageOfPage":{"@id":"https:\/\/www.univates.br\/blog\/dicas-para-falar-em-publico\/#primaryimage"},"image":{"@id":"https:\/\/www.univates.br\/blog\/dicas-para-falar-em-publico\/#primaryimage"},"thumbnailUrl":"https:\/\/www.univates.br\/blog\/wp-content\/uploads\/2025\/11\/Imagens-posts-blog-2025-11-12T123408.206.jpg","datePublished":"2025-11-12T20:19:20+00:00","author":{"@id":"https:\/\/www.univates.br\/blog\/#\/schema\/person\/15c63917440cc5e70160c247b309af2f"},"description":"Dicas para falar em p\u00fablico com seguran\u00e7a. Perca o medo de se expressar e transmita suas ideias de forma clara e convincente.","breadcrumb":{"@id":"https:\/\/www.univates.br\/blog\/dicas-para-falar-em-publico\/#breadcrumb"},"inLanguage":"pt-BR","potentialAction":[{"@type":"ReadAction","target":["https:\/\/www.univates.br\/blog\/dicas-para-falar-em-publico\/"]}]},{"@type":"ImageObject","inLanguage":"pt-BR","@id":"https:\/\/www.univates.br\/blog\/dicas-para-falar-em-publico\/#primaryimage","url":"https:\/\/www.univates.br\/blog\/wp-content\/uploads\/2025\/11\/Imagens-posts-blog-2025-11-12T123408.206.jpg","contentUrl":"https:\/\/www.univates.br\/blog\/wp-content\/uploads\/2025\/11\/Imagens-posts-blog-2025-11-12T123408.206.jpg","width":5184,"height":3456,"caption":"Foto: Divulga\u00e7\u00e3o\/Pexels."},{"@type":"BreadcrumbList","@id":"https:\/\/www.univates.br\/blog\/dicas-para-falar-em-publico\/#breadcrumb","itemListElement":[{"@type":"ListItem","position":1,"name":"Home","item":"https:\/\/www.univates.br\/blog\/"},{"@type":"ListItem","position":2,"name":"Dicas para falar em p\u00fablico com seguran\u00e7a"}]},{"@type":"WebSite","@id":"https:\/\/www.univates.br\/blog\/#website","url":"https:\/\/www.univates.br\/blog\/","name":"Univates Blog","description":"","potentialAction":[{"@type":"SearchAction","target":{"@type":"EntryPoint","urlTemplate":"https:\/\/www.univates.br\/blog\/?s={search_term_string}"},"query-input":{"@type":"PropertyValueSpecification","valueRequired":true,"valueName":"search_term_string"}}],"inLanguage":"pt-BR"},{"@type":"Person","@id":"https:\/\/www.univates.br\/blog\/#\/schema\/person\/15c63917440cc5e70160c247b309af2f","name":"Marketing Univates","image":{"@type":"ImageObject","inLanguage":"pt-BR","@id":"https:\/\/secure.gravatar.com\/avatar\/511f9e77a6a3d0cddd9074f69a722364bc7f787e73d4a0da1f727ba62704eda4?s=96&d=mm&r=g","url":"https:\/\/secure.gravatar.com\/avatar\/511f9e77a6a3d0cddd9074f69a722364bc7f787e73d4a0da1f727ba62704eda4?s=96&d=mm&r=g","contentUrl":"https:\/\/secure.gravatar.com\/avatar\/511f9e77a6a3d0cddd9074f69a722364bc7f787e73d4a0da1f727ba62704eda4?s=96&d=mm&r=g","caption":"Marketing Univates"},"sameAs":["http:\/\/univates.br"],"url":"https:\/\/www.univates.br\/blog\/author\/marketing\/"}]}},"_links":{"self":[{"href":"https:\/\/www.univates.br\/blog\/wp-json\/wp\/v2\/posts\/7142","targetHints":{"allow":["GET"]}}],"collection":[{"href":"https:\/\/www.univates.br\/blog\/wp-json\/wp\/v2\/posts"}],"about":[{"href":"https:\/\/www.univates.br\/blog\/wp-json\/wp\/v2\/types\/post"}],"author":[{"embeddable":true,"href":"https:\/\/www.univates.br\/blog\/wp-json\/wp\/v2\/users\/2"}],"replies":[{"embeddable":true,"href":"https:\/\/www.univates.br\/blog\/wp-json\/wp\/v2\/comments?post=7142"}],"version-history":[{"count":7,"href":"https:\/\/www.univates.br\/blog\/wp-json\/wp\/v2\/posts\/7142\/revisions"}],"predecessor-version":[{"id":7153,"href":"https:\/\/www.univates.br\/blog\/wp-json\/wp\/v2\/posts\/7142\/revisions\/7153"}],"wp:attachment":[{"href":"https:\/\/www.univates.br\/blog\/wp-json\/wp\/v2\/media?parent=7142"}],"wp:term":[{"taxonomy":"category","embeddable":true,"href":"https:\/\/www.univates.br\/blog\/wp-json\/wp\/v2\/categories?post=7142"}],"curies":[{"name":"wp","href":"https:\/\/api.w.org\/{rel}","templated":true}]}}