{"id":742,"date":"2022-05-06T10:02:45","date_gmt":"2022-05-06T13:02:45","guid":{"rendered":"https:\/\/desenvolvimento.bravo.st\/univatesblog\/?p=742"},"modified":"2024-01-18T13:44:59","modified_gmt":"2024-01-18T16:44:59","slug":"o-que-aconteceria-se-a-terra-parasse-de-girar","status":"publish","type":"post","link":"https:\/\/www.univates.br\/blog\/o-que-aconteceria-se-a-terra-parasse-de-girar\/","title":{"rendered":"O que aconteceria se a Terra parasse de girar?"},"content":{"rendered":"\n<p>\u27a1 Suponhamos que,&nbsp;<s>em um belo dia de sol,<\/s>&nbsp;a Terra,&nbsp;<s>farta de tanto trabalhar,&nbsp;<\/s><s>resolvesse dar entrada em sua aposentadoria<\/s>&nbsp;e parasse de girar. Voc\u00ea j\u00e1 se perguntou quais impactos as f\u00e9rias permanentes&nbsp;<s>(e merecidas, vai!)<\/s>&nbsp;do planeta causariam na vida de pessoas e animais?<\/p>\n\n\n\n<p><a href=\"https:\/\/www.univates.br\/media\/noticias_responsivo\/28226\/\/pexels-porapak-apichodilok-346885_1597346688.9922.jpg?1597346692527\"><\/a><\/p>\n\n\n\n<figure class=\"wp-block-image size-full\"><img loading=\"lazy\" decoding=\"async\" width=\"729\" height=\"486\" src=\"https:\/\/desenvolvimento.bravo.st\/univatesblog\/wp-content\/uploads\/2022\/05\/pexels-porapak-apichodilok-346885_1597346688.9922-1.jpg\" alt=\"\" class=\"wp-image-1837\" srcset=\"https:\/\/www.univates.br\/blog\/wp-content\/uploads\/2022\/05\/pexels-porapak-apichodilok-346885_1597346688.9922-1.jpg 729w, https:\/\/www.univates.br\/blog\/wp-content\/uploads\/2022\/05\/pexels-porapak-apichodilok-346885_1597346688.9922-1-600x400.jpg 600w, https:\/\/www.univates.br\/blog\/wp-content\/uploads\/2022\/05\/pexels-porapak-apichodilok-346885_1597346688.9922-1-150x100.jpg 150w\" sizes=\"auto, (max-width: 729px) 100vw, 729px\" \/><figcaption class=\"wp-element-caption\">Foto: Divulga\u00e7\u00e3o\/Pexels<\/figcaption><\/figure>\n\n\n\n<p>Bem, caso a Terra parasse de girar, estar\u00edamos fritos&nbsp;<s>(jamais interprete o termo como se ele estivesse relacionado \u00e0s gostosas e quase inocentes frituras que costumamos comer aos finais de semana,&nbsp;<em>ok<\/em>?)<\/s>. Em um cen\u00e1rio assim, as constru\u00e7\u00f5es do planeta,&nbsp;<s><em>puff,<\/em><\/s>&nbsp;desabariam. Pessoas, \u00e1rvores, carros e animais sairiam voando&nbsp;<s>como o&nbsp;<em>Harry Potter<\/em>&nbsp;em sua&nbsp;<em>Nimbus<\/em>&nbsp;2000*<\/s>, desmoronariam sobre a superf\u00edcie e se quebrariam em milhares de pedacinhos.&nbsp;<\/p>\n\n\n\n<p>Todo o estrago seria resultado de um fen\u00f4meno da f\u00edsica chamado in\u00e9rcia dos corpos.&nbsp;<s>Mesmo que voc\u00ea seja da \u00e1rea das ci\u00eancias humanas e n\u00e3o entenda nadica de nada sobre n\u00fameros (toca aqui, \u00f3! o\/),<\/s>&nbsp;precisamos lhe explicar resumidamente&nbsp;<s>(gra\u00e7as a Deus!)<\/s>&nbsp;algumas premissas b\u00e1sicas da primeira Lei de Newton. Tudo o que existe na Terra, inclusive o ar, gira junto com o planeta. Se subitamente o globo parasse de rodar, as constru\u00e7\u00f5es, as \u00e1rvores, os carros e os animais, por in\u00e9rcia, tenderiam a manter sua trajet\u00f3ria com a mesma velocidade. Imagine s\u00f3 as consequ\u00eancias de uma freada brusca da Terra, cuja velocidade de rota\u00e7\u00e3o \u00e9 de 1.675&nbsp; km\/h na altura da linha do Equador\u2026<\/p>\n\n\n\n<figure class=\"wp-block-image size-full\"><img loading=\"lazy\" decoding=\"async\" width=\"546\" height=\"364\" src=\"https:\/\/desenvolvimento.bravo.st\/univatesblog\/wp-content\/uploads\/2022\/05\/pexels-tanya-gorelova-3933949_1597346357.647.jpg\" alt=\"\" class=\"wp-image-743\" srcset=\"https:\/\/www.univates.br\/blog\/wp-content\/uploads\/2022\/05\/pexels-tanya-gorelova-3933949_1597346357.647.jpg 546w, https:\/\/www.univates.br\/blog\/wp-content\/uploads\/2022\/05\/pexels-tanya-gorelova-3933949_1597346357.647-150x100.jpg 150w\" sizes=\"auto, (max-width: 546px) 100vw, 546px\" \/><figcaption class=\"wp-element-caption\"><s>Nem Roland Emmerich, diretor do filme 2012, conseguiu criar um enredo t\u00e3o dram\u00e1tico para anunciar o fim do mundo!<\/s> (Foto: Divulga\u00e7\u00e3o\/Pexels)<\/figcaption><\/figure>\n\n\n\n<p><a href=\"https:\/\/www.univates.br\/media\/noticias_responsivo\/28226\/\/pexels-jill-wellington-3334473_1597347564.8983.jpg?1597347568203\"><\/a><\/p>\n\n\n\n<div class=\"wp-block-media-text alignwide is-stacked-on-mobile\"><figure class=\"wp-block-media-text__media\"><img loading=\"lazy\" decoding=\"async\" width=\"291\" height=\"194\" src=\"https:\/\/desenvolvimento.bravo.st\/univatesblog\/wp-content\/uploads\/2022\/05\/pexels-jill-wellington-3334473_1597347564.8983.jpg\" alt=\"\" class=\"wp-image-1839 size-full\" srcset=\"https:\/\/www.univates.br\/blog\/wp-content\/uploads\/2022\/05\/pexels-jill-wellington-3334473_1597347564.8983.jpg 291w, https:\/\/www.univates.br\/blog\/wp-content\/uploads\/2022\/05\/pexels-jill-wellington-3334473_1597347564.8983-150x100.jpg 150w\" sizes=\"auto, (max-width: 291px) 100vw, 291px\" \/><\/figure><div class=\"wp-block-media-text__content\">\n<p>Se o planeta parasse de girar, a vida se extinguiria. Com a interrup\u00e7\u00e3o do movimento de rota\u00e7\u00e3o, o lado da Terra que ficasse virado para o Sol acabaria se transformando em um deserto com temperaturas alt\u00edssimas. O outro lado do globo permaneceria sem luz&nbsp;<s><em>(hello, darkness, my old friend!**)<\/em><\/s>&nbsp;e muito, muito gelado&nbsp;<s><em>(Let it go, let it go!***)<\/em><\/s>. A diferen\u00e7a t\u00e9rmica entre os dois lados provocaria ventanias terr\u00edveis. <em>(Foto: Divulga\u00e7\u00e3o\/Pexels)<\/em><\/p>\n<\/div><\/div>\n\n\n\n<p>&nbsp;<\/p>\n\n\n\n<p><strong>Ainda bem que o mundo d\u00e1 voltas, n\u00e3o \u00e9?<\/strong>&nbsp;Se ele de repente ficasse est\u00e1tico, ter\u00edamos muito com o que nos preocupar\u2026 \ud83d\ude43<\/p>\n\n\n\n<p>\u27a1&nbsp;Se voc\u00ea \u00e9 uma pessoa curiosa que est\u00e1 sempre buscando informa\u00e7\u00f5es sobre o mundo, provavelmente ir\u00e1 adorar conhecer como funcionam os cursos da \u00e1rea das engenharias voltados para o estudo dos fen\u00f4menos da natureza. D\u00ea&nbsp;<em>play<\/em>&nbsp;nos v\u00eddeos abaixo e saiba detalhes a respeito de duas gradua\u00e7\u00f5es desse ramo:<\/p>\n\n\n\n<div class=\"bloco-gutenberg\">\n\n    <a href=\"https:\/\/materiais.univates.br\/com-que-curso-eu-vou-modalidade\" target=\"_blank\" class=\"guten-material\" style=\"background-color: #6b00e8; \">\n                    <img decoding=\"async\" src=\"https:\/\/www.univates.br\/blog\/wp-content\/uploads\/2022\/05\/Design-sem-nome-3.png\" loading=\"lazy\">\n                <div class=\"texto\">\n                            <span>Descubra seu perfil profissional e qual curso \u00e9 perfeito pra voc\u00ea<\/span>\n                            <strong>Baixar e-book<\/strong>\n                    <\/div>\n    <\/a>\n    <\/div>\n\n\n<h2 class=\"wp-block-heading\">\ud83c\udf33 Engenharia Ambiental<\/h2>\n\n\n\n<figure class=\"wp-block-embed is-type-rich is-provider-incorporar-manipulador wp-block-embed-incorporar-manipulador wp-embed-aspect-16-9 wp-has-aspect-ratio\"><div class=\"wp-block-embed__wrapper\">\n<iframe loading=\"lazy\" title=\"ENGENHARIA AMBIENTAL UNIVATES\" width=\"500\" height=\"281\" src=\"https:\/\/www.youtube.com\/embed\/KZRDQeuue0I?feature=oembed\" frameborder=\"0\" allow=\"accelerometer; autoplay; clipboard-write; encrypted-media; gyroscope; picture-in-picture; web-share\" referrerpolicy=\"strict-origin-when-cross-origin\" allowfullscreen><\/iframe>\n<\/div><\/figure>\n\n\n\n<h2 class=\"wp-block-heading\">\ud83e\uddea Engenharia Qu\u00edmica<\/h2>\n\n\n\n<figure class=\"wp-block-embed is-type-rich is-provider-incorporar-manipulador wp-block-embed-incorporar-manipulador wp-embed-aspect-16-9 wp-has-aspect-ratio\"><div class=\"wp-block-embed__wrapper\">\n<iframe loading=\"lazy\" title=\"ENG QU\u00cdMICA UNIVATES\" width=\"500\" height=\"281\" src=\"https:\/\/www.youtube.com\/embed\/n0mWRx2OP44?feature=oembed\" frameborder=\"0\" allow=\"accelerometer; autoplay; clipboard-write; encrypted-media; gyroscope; picture-in-picture; web-share\" referrerpolicy=\"strict-origin-when-cross-origin\" allowfullscreen><\/iframe>\n<\/div><\/figure>\n\n\n\n<p>\ud83e\udd14&nbsp;<a href=\"https:\/\/www.univates.br\/blog\/\/post\/para-que-tanta-engenharia\">Para que tanta Engenharia?<\/a><\/p>\n\n\n\n<p><em>* Nimbus 2000: o bruxinho fict\u00edcio Harry Potter utiliza o modelo de vassoura em quest\u00e3o para se locomover.&nbsp;<\/em><\/p>\n\n\n\n<p><em>** Hello, darkness, my old friend: Ol\u00e1, trevas\/escurid\u00e3o, minha velha amiga (traduzido do ingl\u00eas).&nbsp;<\/em><\/p>\n\n\n\n<p><em>*** Let it go, let it go: trecho e t\u00edtulo da can\u00e7\u00e3o tema do filme \u201cFrozen, Uma Aventura Congelante\u201d.<\/em><\/p>\n\n\n\n<h2 class=\"wp-block-heading\">Leia tamb\u00e9m:<\/h2>\n\n\n\n<p>\ud83e\ude90&nbsp;<a href=\"https:\/\/www.univates.br\/blog\/\/post\/o-que-voce-sabe-sobre-os-planetas-do-sistema-solar\">O que voc\u00ea sabe sobre os planetas do Sistema Solar?&nbsp;<\/a><\/p>\n\n\n\n<p>\ud83e\udde0&nbsp;<a href=\"https:\/\/www.univates.br\/blog\/\/post\/conheca-tres-curiosidades-sobre-o-corpo-humano-que-irao-te-surpreender\">Conhe\u00e7a tr\u00eas curiosidades sobre o corpo humano que ir\u00e3o te surpreender&nbsp;<\/a><\/p>\n\n\n\n<p>\ud83d\udc36&nbsp;<a href=\"https:\/\/www.univates.br\/blog\/\/post\/animais-fantasticos-onde-habitam-e-o-que-fazem-fique-por-dentro-de-cinco-curiosidades-do-mundo-dos-bichos\">Animais fant\u00e1sticos, onde habitam e o que fazem: fique por dentro de cinco curiosidades do mundo dos bichos&nbsp;<\/a><\/p>\n","protected":false},"excerpt":{"rendered":"<p>\u27a1 Suponhamos que,&nbsp;em um belo dia de sol,&nbsp;a Terra,&nbsp;farta de tanto trabalhar,&nbsp;resolvesse dar entrada em sua aposentadoria&nbsp;e parasse de girar. Voc\u00ea j\u00e1 se perguntou quais impactos as f\u00e9rias permanentes&nbsp;(e merecidas, vai!)&nbsp;do planeta causariam na vida de pessoas e animais? Bem,\u2026<\/p>\n","protected":false},"author":2,"featured_media":0,"comment_status":"open","ping_status":"open","sticky":false,"template":"","format":"standard","meta":{"_acf_changed":false,"footnotes":""},"categories":[23],"class_list":["post-742","post","type-post","status-publish","format-standard","hentry","category-estudos","autor-lais-pontin-matos","area-tecnologias"],"acf":[],"yoast_head":"<!-- This site is optimized with the Yoast SEO plugin v27.3 - https:\/\/yoast.com\/product\/yoast-seo-wordpress\/ -->\n<title>O que aconteceria se a Terra parasse de girar? - Univates Blog<\/title>\n<meta name=\"robots\" content=\"index, follow, max-snippet:-1, max-image-preview:large, max-video-preview:-1\" \/>\n<link rel=\"canonical\" href=\"https:\/\/www.univates.br\/blog\/o-que-aconteceria-se-a-terra-parasse-de-girar\/\" \/>\n<meta property=\"og:locale\" content=\"pt_BR\" \/>\n<meta property=\"og:type\" content=\"article\" \/>\n<meta property=\"og:title\" content=\"O que aconteceria se a Terra parasse de girar? - Univates Blog\" \/>\n<meta property=\"og:description\" content=\"\u27a1 Suponhamos que,&nbsp;em um belo dia de sol,&nbsp;a Terra,&nbsp;farta de tanto trabalhar,&nbsp;resolvesse dar entrada em sua aposentadoria&nbsp;e parasse de girar. Voc\u00ea j\u00e1 se perguntou quais impactos as f\u00e9rias permanentes&nbsp;(e merecidas, vai!)&nbsp;do planeta causariam na vida de pessoas e animais? Bem,\u2026\" \/>\n<meta property=\"og:url\" content=\"https:\/\/www.univates.br\/blog\/o-que-aconteceria-se-a-terra-parasse-de-girar\/\" \/>\n<meta property=\"og:site_name\" content=\"Univates Blog\" \/>\n<meta property=\"article:published_time\" content=\"2022-05-06T13:02:45+00:00\" \/>\n<meta property=\"article:modified_time\" content=\"2024-01-18T16:44:59+00:00\" \/>\n<meta property=\"og:image\" content=\"https:\/\/desenvolvimento.bravo.st\/univatesblog\/wp-content\/uploads\/2022\/05\/pexels-porapak-apichodilok-346885_1597346688.9922-1.jpg\" \/>\n<meta name=\"author\" content=\"Marketing Univates\" \/>\n<meta name=\"twitter:card\" content=\"summary_large_image\" \/>\n<meta name=\"twitter:label1\" content=\"Escrito por\" \/>\n\t<meta name=\"twitter:data1\" content=\"Marketing Univates\" \/>\n\t<meta name=\"twitter:label2\" content=\"Est. tempo de leitura\" \/>\n\t<meta name=\"twitter:data2\" content=\"4 minutos\" \/>\n<script type=\"application\/ld+json\" class=\"yoast-schema-graph\">{\"@context\":\"https:\\\/\\\/schema.org\",\"@graph\":[{\"@type\":\"Article\",\"@id\":\"https:\\\/\\\/www.univates.br\\\/blog\\\/o-que-aconteceria-se-a-terra-parasse-de-girar\\\/#article\",\"isPartOf\":{\"@id\":\"https:\\\/\\\/www.univates.br\\\/blog\\\/o-que-aconteceria-se-a-terra-parasse-de-girar\\\/\"},\"author\":{\"name\":\"Marketing Univates\",\"@id\":\"https:\\\/\\\/www.univates.br\\\/blog\\\/#\\\/schema\\\/person\\\/15c63917440cc5e70160c247b309af2f\"},\"headline\":\"O que aconteceria se a Terra parasse de girar?\",\"datePublished\":\"2022-05-06T13:02:45+00:00\",\"dateModified\":\"2024-01-18T16:44:59+00:00\",\"mainEntityOfPage\":{\"@id\":\"https:\\\/\\\/www.univates.br\\\/blog\\\/o-que-aconteceria-se-a-terra-parasse-de-girar\\\/\"},\"wordCount\":598,\"commentCount\":0,\"image\":{\"@id\":\"https:\\\/\\\/www.univates.br\\\/blog\\\/o-que-aconteceria-se-a-terra-parasse-de-girar\\\/#primaryimage\"},\"thumbnailUrl\":\"https:\\\/\\\/desenvolvimento.bravo.st\\\/univatesblog\\\/wp-content\\\/uploads\\\/2022\\\/05\\\/pexels-porapak-apichodilok-346885_1597346688.9922-1.jpg\",\"articleSection\":[\"Estudos\"],\"inLanguage\":\"pt-BR\",\"potentialAction\":[{\"@type\":\"CommentAction\",\"name\":\"Comment\",\"target\":[\"https:\\\/\\\/www.univates.br\\\/blog\\\/o-que-aconteceria-se-a-terra-parasse-de-girar\\\/#respond\"]}]},{\"@type\":\"WebPage\",\"@id\":\"https:\\\/\\\/www.univates.br\\\/blog\\\/o-que-aconteceria-se-a-terra-parasse-de-girar\\\/\",\"url\":\"https:\\\/\\\/www.univates.br\\\/blog\\\/o-que-aconteceria-se-a-terra-parasse-de-girar\\\/\",\"name\":\"O que aconteceria se a Terra parasse de girar? - Univates Blog\",\"isPartOf\":{\"@id\":\"https:\\\/\\\/www.univates.br\\\/blog\\\/#website\"},\"primaryImageOfPage\":{\"@id\":\"https:\\\/\\\/www.univates.br\\\/blog\\\/o-que-aconteceria-se-a-terra-parasse-de-girar\\\/#primaryimage\"},\"image\":{\"@id\":\"https:\\\/\\\/www.univates.br\\\/blog\\\/o-que-aconteceria-se-a-terra-parasse-de-girar\\\/#primaryimage\"},\"thumbnailUrl\":\"https:\\\/\\\/desenvolvimento.bravo.st\\\/univatesblog\\\/wp-content\\\/uploads\\\/2022\\\/05\\\/pexels-porapak-apichodilok-346885_1597346688.9922-1.jpg\",\"datePublished\":\"2022-05-06T13:02:45+00:00\",\"dateModified\":\"2024-01-18T16:44:59+00:00\",\"author\":{\"@id\":\"https:\\\/\\\/www.univates.br\\\/blog\\\/#\\\/schema\\\/person\\\/15c63917440cc5e70160c247b309af2f\"},\"breadcrumb\":{\"@id\":\"https:\\\/\\\/www.univates.br\\\/blog\\\/o-que-aconteceria-se-a-terra-parasse-de-girar\\\/#breadcrumb\"},\"inLanguage\":\"pt-BR\",\"potentialAction\":[{\"@type\":\"ReadAction\",\"target\":[\"https:\\\/\\\/www.univates.br\\\/blog\\\/o-que-aconteceria-se-a-terra-parasse-de-girar\\\/\"]}]},{\"@type\":\"ImageObject\",\"inLanguage\":\"pt-BR\",\"@id\":\"https:\\\/\\\/www.univates.br\\\/blog\\\/o-que-aconteceria-se-a-terra-parasse-de-girar\\\/#primaryimage\",\"url\":\"https:\\\/\\\/desenvolvimento.bravo.st\\\/univatesblog\\\/wp-content\\\/uploads\\\/2022\\\/05\\\/pexels-porapak-apichodilok-346885_1597346688.9922-1.jpg\",\"contentUrl\":\"https:\\\/\\\/desenvolvimento.bravo.st\\\/univatesblog\\\/wp-content\\\/uploads\\\/2022\\\/05\\\/pexels-porapak-apichodilok-346885_1597346688.9922-1.jpg\"},{\"@type\":\"BreadcrumbList\",\"@id\":\"https:\\\/\\\/www.univates.br\\\/blog\\\/o-que-aconteceria-se-a-terra-parasse-de-girar\\\/#breadcrumb\",\"itemListElement\":[{\"@type\":\"ListItem\",\"position\":1,\"name\":\"Home\",\"item\":\"https:\\\/\\\/www.univates.br\\\/blog\\\/\"},{\"@type\":\"ListItem\",\"position\":2,\"name\":\"O que aconteceria se a Terra parasse de girar?\"}]},{\"@type\":\"WebSite\",\"@id\":\"https:\\\/\\\/www.univates.br\\\/blog\\\/#website\",\"url\":\"https:\\\/\\\/www.univates.br\\\/blog\\\/\",\"name\":\"Univates Blog\",\"description\":\"\",\"potentialAction\":[{\"@type\":\"SearchAction\",\"target\":{\"@type\":\"EntryPoint\",\"urlTemplate\":\"https:\\\/\\\/www.univates.br\\\/blog\\\/?s={search_term_string}\"},\"query-input\":{\"@type\":\"PropertyValueSpecification\",\"valueRequired\":true,\"valueName\":\"search_term_string\"}}],\"inLanguage\":\"pt-BR\"},{\"@type\":\"Person\",\"@id\":\"https:\\\/\\\/www.univates.br\\\/blog\\\/#\\\/schema\\\/person\\\/15c63917440cc5e70160c247b309af2f\",\"name\":\"Marketing Univates\",\"image\":{\"@type\":\"ImageObject\",\"inLanguage\":\"pt-BR\",\"@id\":\"https:\\\/\\\/secure.gravatar.com\\\/avatar\\\/511f9e77a6a3d0cddd9074f69a722364bc7f787e73d4a0da1f727ba62704eda4?s=96&d=mm&r=g\",\"url\":\"https:\\\/\\\/secure.gravatar.com\\\/avatar\\\/511f9e77a6a3d0cddd9074f69a722364bc7f787e73d4a0da1f727ba62704eda4?s=96&d=mm&r=g\",\"contentUrl\":\"https:\\\/\\\/secure.gravatar.com\\\/avatar\\\/511f9e77a6a3d0cddd9074f69a722364bc7f787e73d4a0da1f727ba62704eda4?s=96&d=mm&r=g\",\"caption\":\"Marketing Univates\"},\"sameAs\":[\"http:\\\/\\\/univates.br\"],\"url\":\"https:\\\/\\\/www.univates.br\\\/blog\\\/author\\\/marketing\\\/\"}]}<\/script>\n<!-- \/ Yoast SEO plugin. -->","yoast_head_json":{"title":"O que aconteceria se a Terra parasse de girar? - Univates Blog","robots":{"index":"index","follow":"follow","max-snippet":"max-snippet:-1","max-image-preview":"max-image-preview:large","max-video-preview":"max-video-preview:-1"},"canonical":"https:\/\/www.univates.br\/blog\/o-que-aconteceria-se-a-terra-parasse-de-girar\/","og_locale":"pt_BR","og_type":"article","og_title":"O que aconteceria se a Terra parasse de girar? - Univates Blog","og_description":"\u27a1 Suponhamos que,&nbsp;em um belo dia de sol,&nbsp;a Terra,&nbsp;farta de tanto trabalhar,&nbsp;resolvesse dar entrada em sua aposentadoria&nbsp;e parasse de girar. Voc\u00ea j\u00e1 se perguntou quais impactos as f\u00e9rias permanentes&nbsp;(e merecidas, vai!)&nbsp;do planeta causariam na vida de pessoas e animais? Bem,\u2026","og_url":"https:\/\/www.univates.br\/blog\/o-que-aconteceria-se-a-terra-parasse-de-girar\/","og_site_name":"Univates Blog","article_published_time":"2022-05-06T13:02:45+00:00","article_modified_time":"2024-01-18T16:44:59+00:00","og_image":[{"url":"https:\/\/desenvolvimento.bravo.st\/univatesblog\/wp-content\/uploads\/2022\/05\/pexels-porapak-apichodilok-346885_1597346688.9922-1.jpg","type":"","width":"","height":""}],"author":"Marketing Univates","twitter_card":"summary_large_image","twitter_misc":{"Escrito por":"Marketing Univates","Est. tempo de leitura":"4 minutos"},"schema":{"@context":"https:\/\/schema.org","@graph":[{"@type":"Article","@id":"https:\/\/www.univates.br\/blog\/o-que-aconteceria-se-a-terra-parasse-de-girar\/#article","isPartOf":{"@id":"https:\/\/www.univates.br\/blog\/o-que-aconteceria-se-a-terra-parasse-de-girar\/"},"author":{"name":"Marketing Univates","@id":"https:\/\/www.univates.br\/blog\/#\/schema\/person\/15c63917440cc5e70160c247b309af2f"},"headline":"O que aconteceria se a Terra parasse de girar?","datePublished":"2022-05-06T13:02:45+00:00","dateModified":"2024-01-18T16:44:59+00:00","mainEntityOfPage":{"@id":"https:\/\/www.univates.br\/blog\/o-que-aconteceria-se-a-terra-parasse-de-girar\/"},"wordCount":598,"commentCount":0,"image":{"@id":"https:\/\/www.univates.br\/blog\/o-que-aconteceria-se-a-terra-parasse-de-girar\/#primaryimage"},"thumbnailUrl":"https:\/\/desenvolvimento.bravo.st\/univatesblog\/wp-content\/uploads\/2022\/05\/pexels-porapak-apichodilok-346885_1597346688.9922-1.jpg","articleSection":["Estudos"],"inLanguage":"pt-BR","potentialAction":[{"@type":"CommentAction","name":"Comment","target":["https:\/\/www.univates.br\/blog\/o-que-aconteceria-se-a-terra-parasse-de-girar\/#respond"]}]},{"@type":"WebPage","@id":"https:\/\/www.univates.br\/blog\/o-que-aconteceria-se-a-terra-parasse-de-girar\/","url":"https:\/\/www.univates.br\/blog\/o-que-aconteceria-se-a-terra-parasse-de-girar\/","name":"O que aconteceria se a Terra parasse de girar? - Univates Blog","isPartOf":{"@id":"https:\/\/www.univates.br\/blog\/#website"},"primaryImageOfPage":{"@id":"https:\/\/www.univates.br\/blog\/o-que-aconteceria-se-a-terra-parasse-de-girar\/#primaryimage"},"image":{"@id":"https:\/\/www.univates.br\/blog\/o-que-aconteceria-se-a-terra-parasse-de-girar\/#primaryimage"},"thumbnailUrl":"https:\/\/desenvolvimento.bravo.st\/univatesblog\/wp-content\/uploads\/2022\/05\/pexels-porapak-apichodilok-346885_1597346688.9922-1.jpg","datePublished":"2022-05-06T13:02:45+00:00","dateModified":"2024-01-18T16:44:59+00:00","author":{"@id":"https:\/\/www.univates.br\/blog\/#\/schema\/person\/15c63917440cc5e70160c247b309af2f"},"breadcrumb":{"@id":"https:\/\/www.univates.br\/blog\/o-que-aconteceria-se-a-terra-parasse-de-girar\/#breadcrumb"},"inLanguage":"pt-BR","potentialAction":[{"@type":"ReadAction","target":["https:\/\/www.univates.br\/blog\/o-que-aconteceria-se-a-terra-parasse-de-girar\/"]}]},{"@type":"ImageObject","inLanguage":"pt-BR","@id":"https:\/\/www.univates.br\/blog\/o-que-aconteceria-se-a-terra-parasse-de-girar\/#primaryimage","url":"https:\/\/desenvolvimento.bravo.st\/univatesblog\/wp-content\/uploads\/2022\/05\/pexels-porapak-apichodilok-346885_1597346688.9922-1.jpg","contentUrl":"https:\/\/desenvolvimento.bravo.st\/univatesblog\/wp-content\/uploads\/2022\/05\/pexels-porapak-apichodilok-346885_1597346688.9922-1.jpg"},{"@type":"BreadcrumbList","@id":"https:\/\/www.univates.br\/blog\/o-que-aconteceria-se-a-terra-parasse-de-girar\/#breadcrumb","itemListElement":[{"@type":"ListItem","position":1,"name":"Home","item":"https:\/\/www.univates.br\/blog\/"},{"@type":"ListItem","position":2,"name":"O que aconteceria se a Terra parasse de girar?"}]},{"@type":"WebSite","@id":"https:\/\/www.univates.br\/blog\/#website","url":"https:\/\/www.univates.br\/blog\/","name":"Univates Blog","description":"","potentialAction":[{"@type":"SearchAction","target":{"@type":"EntryPoint","urlTemplate":"https:\/\/www.univates.br\/blog\/?s={search_term_string}"},"query-input":{"@type":"PropertyValueSpecification","valueRequired":true,"valueName":"search_term_string"}}],"inLanguage":"pt-BR"},{"@type":"Person","@id":"https:\/\/www.univates.br\/blog\/#\/schema\/person\/15c63917440cc5e70160c247b309af2f","name":"Marketing Univates","image":{"@type":"ImageObject","inLanguage":"pt-BR","@id":"https:\/\/secure.gravatar.com\/avatar\/511f9e77a6a3d0cddd9074f69a722364bc7f787e73d4a0da1f727ba62704eda4?s=96&d=mm&r=g","url":"https:\/\/secure.gravatar.com\/avatar\/511f9e77a6a3d0cddd9074f69a722364bc7f787e73d4a0da1f727ba62704eda4?s=96&d=mm&r=g","contentUrl":"https:\/\/secure.gravatar.com\/avatar\/511f9e77a6a3d0cddd9074f69a722364bc7f787e73d4a0da1f727ba62704eda4?s=96&d=mm&r=g","caption":"Marketing Univates"},"sameAs":["http:\/\/univates.br"],"url":"https:\/\/www.univates.br\/blog\/author\/marketing\/"}]}},"_links":{"self":[{"href":"https:\/\/www.univates.br\/blog\/wp-json\/wp\/v2\/posts\/742","targetHints":{"allow":["GET"]}}],"collection":[{"href":"https:\/\/www.univates.br\/blog\/wp-json\/wp\/v2\/posts"}],"about":[{"href":"https:\/\/www.univates.br\/blog\/wp-json\/wp\/v2\/types\/post"}],"author":[{"embeddable":true,"href":"https:\/\/www.univates.br\/blog\/wp-json\/wp\/v2\/users\/2"}],"replies":[{"embeddable":true,"href":"https:\/\/www.univates.br\/blog\/wp-json\/wp\/v2\/comments?post=742"}],"version-history":[{"count":9,"href":"https:\/\/www.univates.br\/blog\/wp-json\/wp\/v2\/posts\/742\/revisions"}],"predecessor-version":[{"id":5139,"href":"https:\/\/www.univates.br\/blog\/wp-json\/wp\/v2\/posts\/742\/revisions\/5139"}],"wp:attachment":[{"href":"https:\/\/www.univates.br\/blog\/wp-json\/wp\/v2\/media?parent=742"}],"wp:term":[{"taxonomy":"category","embeddable":true,"href":"https:\/\/www.univates.br\/blog\/wp-json\/wp\/v2\/categories?post=742"}],"curies":[{"name":"wp","href":"https:\/\/api.w.org\/{rel}","templated":true}]}}