{"id":757,"date":"2022-05-06T10:28:13","date_gmt":"2022-05-06T13:28:13","guid":{"rendered":"https:\/\/desenvolvimento.bravo.st\/univatesblog\/?p=757"},"modified":"2023-12-20T21:25:18","modified_gmt":"2023-12-21T00:25:18","slug":"quais-atividades-profissionais-posso-exercer-depois-de-formado-em-um-curso-tecnico-parte-04","status":"publish","type":"post","link":"https:\/\/www.univates.br\/blog\/quais-atividades-profissionais-posso-exercer-depois-de-formado-em-um-curso-tecnico-parte-04\/","title":{"rendered":"Quais atividades profissionais posso exercer depois de formado em um curso T\u00e9cnico? &#8211; Parte 04"},"content":{"rendered":"\n<p>Precisando de ajuda para descobrir quais&nbsp;<strong>atividades profissionais<\/strong>&nbsp;voc\u00ea poder\u00e1&nbsp;<strong>exercer<\/strong>&nbsp;depois de&nbsp;<strong>formado<\/strong>&nbsp;nos&nbsp;<strong>cursos T\u00e9cnicos<\/strong>&nbsp;em&nbsp;<a href=\"https:\/\/www.univates.br\/tecnicos\/saude-bucal\">Auxiliar de Sa\u00fade Bucal<\/a>&nbsp;e&nbsp;<a href=\"https:\/\/www.univates.br\/tecnicos\/automacao-industrial\">Automa\u00e7\u00e3o Industrial<\/a>? Se sim, n\u00e3o deixe de dar uma olhadinha no&nbsp;<em>post<\/em>&nbsp;de hoje, que re\u00fane, al\u00e9m das principais atribui\u00e7\u00f5es dos diplomados, informa\u00e7\u00f5es sobre os Conselhos que regulamentam as diretrizes dessas \u00e1reas. Fique ligado:&nbsp;<\/p>\n\n\n\n<p>\ud83d\udd19 Para conhecer as atribui\u00e7\u00f5es de t\u00e9cnicos em Edifica\u00e7\u00f5es, Eletroeletr\u00f4nica e Mec\u00e2nica, clique\u00a0<a href=\"https:\/\/www.univates.br\/blog\/\/post\/quais-atividades-profissionais-posso-exercer-depois-de-formado-em-um-curso-tecnico-parte-03\">aqui<\/a>.\u00a0<\/p>\n\n\n\n<h2 class=\"wp-block-heading\">\ud83e\uddb7 T\u00e9cnico em Auxiliar de Sa\u00fade Bucal<\/h2>\n\n\n\n<figure class=\"wp-block-image size-full\"><img loading=\"lazy\" decoding=\"async\" width=\"729\" height=\"486\" src=\"https:\/\/desenvolvimento.bravo.st\/univatesblog\/wp-content\/uploads\/2022\/05\/20180516115207_3T0A9232_1596218027.373-1.jpg\" alt=\"\" class=\"wp-image-1858\" srcset=\"https:\/\/www.univates.br\/blog\/wp-content\/uploads\/2022\/05\/20180516115207_3T0A9232_1596218027.373-1.jpg 729w, https:\/\/www.univates.br\/blog\/wp-content\/uploads\/2022\/05\/20180516115207_3T0A9232_1596218027.373-1-600x400.jpg 600w, https:\/\/www.univates.br\/blog\/wp-content\/uploads\/2022\/05\/20180516115207_3T0A9232_1596218027.373-1-150x100.jpg 150w\" sizes=\"auto, (max-width: 729px) 100vw, 729px\" \/><figcaption>Foto: Artur Dullius<\/figcaption><\/figure>\n\n\n\n<p><a href=\"https:\/\/www.univates.br\/media\/noticias_responsivo\/28146\/\/20180516115207_3T0A9232_1596218027.373.jpg?1596218030931\"><\/a>\ud83c\udf93&nbsp;<strong>Vida de diplomado:<\/strong>&nbsp;o&nbsp;<strong>curso T\u00e9cnico<\/strong>&nbsp;em Auxiliar de Sa\u00fade Bucal (ASB) capacita os indiv\u00edduos para que, depois de&nbsp;<strong>formados<\/strong>, eles possam contribuir na melhoria e qualidade da aten\u00e7\u00e3o em sa\u00fade bucal, realizando a\u00e7\u00f5es de organiza\u00e7\u00e3o do ambiente e de materiais odontol\u00f3gicos e tamb\u00e9m prestando apoio a outros profissionais da \u00e1rea.<\/p>\n\n\n\n<p>Formando-se no&nbsp;<strong>curso T\u00e9cnico<\/strong>&nbsp;em ASB, voc\u00ea poder\u00e1&nbsp;<strong>exercer<\/strong>&nbsp;as seguintes fun\u00e7\u00f5es profissionais:&nbsp;<\/p>\n\n\n\n<p>\ud83e\uddb7&nbsp;Organizar e executar atividades de higiene bucal;<\/p>\n\n\n\n<p>\ud83e\uddb7&nbsp;Processar filme radiogr\u00e1fico;<\/p>\n\n\n\n<p>\ud83e\uddb7&nbsp;Preparar o paciente para o atendimento odontol\u00f3gico;<\/p>\n\n\n\n<p>\ud83e\uddb7&nbsp;Auxiliar e instrumentar os profissionais nas interven\u00e7\u00f5es cl\u00ednicas, inclusive em ambientes hospitalares;<\/p>\n\n\n\n<p>\ud83e\uddb7 Manipular materiais de uso odontol\u00f3gico;<\/p>\n\n\n\n<p>\ud83e\uddb7&nbsp;Selecionar moldeiras;<\/p>\n\n\n\n<p>\ud83e\uddb7 Preparar modelos em gesso;<\/p>\n\n\n\n<p>\ud83e\uddb7&nbsp;Registrar dados e participar da an\u00e1lise das informa\u00e7\u00f5es relacionadas ao controle administrativo em sa\u00fade bucal;<\/p>\n\n\n\n<p>\ud83e\uddb7&nbsp;Executar limpeza, assepsia, desinfec\u00e7\u00e3o e esteriliza\u00e7\u00e3o dos instrumentos e equipamentos odontol\u00f3gicos e do ambiente de trabalho;<\/p>\n\n\n\n<p>\ud83e\uddb7&nbsp;Realizar o acolhimento do paciente nos servi\u00e7os de sa\u00fade bucal;<\/p>\n\n\n\n<p>\ud83e\uddb7&nbsp;Aplicar medidas de biosseguran\u00e7a no armazenamento, transporte, manuseio e descarte de produtos e res\u00edduos odontol\u00f3gicos;<\/p>\n\n\n\n<p>\ud83e\uddb7&nbsp;Desenvolver a\u00e7\u00f5es de promo\u00e7\u00e3o da sa\u00fade e preven\u00e7\u00e3o de riscos ambientais e sanit\u00e1rios;<\/p>\n\n\n\n<p>\ud83e\uddb7&nbsp;Em equipe, realizar levantamento de necessidades em sa\u00fade bucal;<\/p>\n\n\n\n<p>\ud83e\uddb7 Adotar medidas de biosseguran\u00e7a visando ao controle de infec\u00e7\u00e3o.<\/p>\n\n\n\n<p>Auxiliares de Sa\u00fade Bucal podem&nbsp;<strong>exercer atividades profissionais<\/strong>&nbsp;em consult\u00f3rios odontol\u00f3gicos p\u00fablicos ou privados. Caso queiram trabalhar em hospitais e centros cir\u00fargicos, devem realizar um curso complementar de instrumenta\u00e7\u00e3o cir\u00fargica.&nbsp;<\/p>\n\n\n\n<p>\ud83d\udcbc&nbsp;<strong>O que \u00e9 e para que serve o Conselho Regional de Odontologia (CRO)?<\/strong>&nbsp;O \u00f3rg\u00e3o \u00e9 respons\u00e1vel por fiscalizar o exerc\u00edcio das&nbsp;<strong>atividades profissionais<\/strong>&nbsp;de Auxiliares de Sa\u00fade Bucal. No Rio Grande do Sul, a sede do Conselho est\u00e1 localizada em Porto Alegre.&nbsp;<\/p>\n\n\n\n<h2 class=\"wp-block-heading\">\ud83c\udf9a T\u00e9cnico em Automa\u00e7\u00e3o Industrial<\/h2>\n\n\n\n<figure class=\"wp-block-image size-full\"><img loading=\"lazy\" decoding=\"async\" width=\"729\" height=\"486\" src=\"https:\/\/desenvolvimento.bravo.st\/univatesblog\/wp-content\/uploads\/2022\/05\/20141121111958_img_3055_1596218975.2982.jpg\" alt=\"\" class=\"wp-image-1860\" srcset=\"https:\/\/www.univates.br\/blog\/wp-content\/uploads\/2022\/05\/20141121111958_img_3055_1596218975.2982.jpg 729w, https:\/\/www.univates.br\/blog\/wp-content\/uploads\/2022\/05\/20141121111958_img_3055_1596218975.2982-600x400.jpg 600w, https:\/\/www.univates.br\/blog\/wp-content\/uploads\/2022\/05\/20141121111958_img_3055_1596218975.2982-150x100.jpg 150w\" sizes=\"auto, (max-width: 729px) 100vw, 729px\" \/><figcaption>Foto: Tuane Eggers<\/figcaption><\/figure>\n\n\n\n<div class=\"bloco-gutenberg\">\n\n    <a href=\"https:\/\/materiais.univates.br\/saiba-qual-profissao-e-a-sua-cara\" target=\"_blank\" class=\"guten-material\" style=\"background-color: #ff5d4a; color: #0a0a0a;\">\n                    <img decoding=\"async\" src=\"https:\/\/www.univates.br\/blog\/wp-content\/uploads\/2022\/05\/Design-sem-nome-4.png\" loading=\"lazy\">\n                <div class=\"texto\">\n                            <span>Saiba qual profiss\u00e3o \u00e9 a sua cara<\/span>\n                            <strong>Baixar e-book<\/strong>\n                    <\/div>\n    <\/a>\n    <\/div>\n\n\n<p>\ud83c\udf93&nbsp;<strong>Vida de diplomado:<\/strong>&nbsp;Automa\u00e7\u00e3o Industrial \u00e9 a aplica\u00e7\u00e3o de t\u00e9cnicas,&nbsp;<em>softwares<\/em>&nbsp;e equipamentos espec\u00edficos em uma determinada m\u00e1quina ou processo industrial, com os objetivos de aumentar sua efici\u00eancia, maximizar a produ\u00e7\u00e3o com o menor consumo de energia e mat\u00e9rias-primas, diminuir a emiss\u00e3o de res\u00edduos de qualquer esp\u00e9cie, proporcionar melhores condi\u00e7\u00f5es de seguran\u00e7a e reduzir o esfor\u00e7o ou a interfer\u00eancia humana sobre esse processo ou m\u00e1quina.<\/p>\n\n\n\n<p>Depois de&nbsp;<strong>formados<\/strong>&nbsp;no&nbsp;<strong>curso T\u00e9cnico<\/strong>&nbsp;em Automa\u00e7\u00e3o Industrial, os diplomados s\u00e3o capazes de projetar, executar e instalar sistemas de controle e automa\u00e7\u00e3o utilizados em processos industriais. Al\u00e9m disso, tamb\u00e9m conseguem operar sistemas automatizados, mantendo-os sempre em bom funcionamento.&nbsp;<\/p>\n\n\n\n<p>\ud83d\udcbc&nbsp;<strong>O que \u00e9 e para que serve o Conselho Federal dos T\u00e9cnicos Industriais&nbsp;<a href=\"https:\/\/www.cft.org.br\/\">(CFT)<\/a>?<\/strong>&nbsp;O CFT \u00e9 o \u00f3rg\u00e3o respons\u00e1vel por regulamentar e garantir o livre exerc\u00edcio das atividades profissionais dos t\u00e9cnicos e t\u00e9cnicas do Brasil. O Conselho prov\u00e9m amparo legal aos indiv\u00edduos registrados.<\/p>\n\n\n\n<p><em>Esperamos que voc\u00ea tenha curtido nossa s\u00e9rie de posts sobre as atribui\u00e7\u00f5es de profissionais&nbsp;<strong>formados<\/strong>&nbsp;em&nbsp;<strong>cursos t\u00e9cnicos<\/strong>. Continue visitando o blog para conferir outras mat\u00e9rias a respeito do tema.<\/em>&nbsp;\ud83d\ude18<\/p>\n\n\n\n<p><strong>Leia tamb\u00e9m:&nbsp;<\/strong><\/p>\n\n\n\n<p><strong>\ud83d\udcbc\u00a0<\/strong><a href=\"https:\/\/www.univates.br\/blog\/\/post\/quer-empreender-cursando-um-tecnico-voce-pode\">Quer empreender? Cursando um t\u00e9cnico voc\u00ea pode!<\/a><\/p>\n\n\n\n<p>\ud83c\udfe0\u00a0<a href=\"https:\/\/www.univates.br\/blog\/\/post\/como-funciona-o-curso-tecnico-em-design-de-interiores\">Como funciona o curso T\u00e9cnico em Design de Interiores?<\/a><\/p>\n\n\n\n<p>\ud83d\udcf7\u00a0<a href=\"https:\/\/www.univates.br\/blog\/\/post\/como-funciona-o-curso-tecnico-em-processos-fotograficos\">Como funciona o curso T\u00e9cnico em Processos Fotogr\u00e1ficos?<\/a><\/p>\n\n\n\n<p>\ud83c\udfe5\u00a0<a href=\"https:\/\/www.univates.br\/blog\/\/post\/como-funciona-o-curso-tecnico-em-imobilizacoes-ortopedicas\">Como funciona o curso T\u00e9cnico em Imobiliza\u00e7\u00f5es Ortop\u00e9dicas?<\/a><\/p>\n\n\n\n<p>\ud83e\udd14\u00a0<a href=\"https:\/\/www.univates.br\/blog\/\/post\/confira-os-motivos-para-fazer-um-curso-tecnico-na-nossa-universidade\">Confira os motivos para fazer um curso T\u00e9cnico na nossa Universidade<\/a><\/p>\n\n\n\n<p>\ud83d\ude0d\u00a0<a href=\"https:\/\/www.univates.br\/blog\/\/post\/ja-conhece-os-beneficios-de-ser-aluno-da-nossa-universidade\">J\u00e1 conhece os benef\u00edcios de ser aluno da nossa Universidade?<\/a><\/p>\n","protected":false},"excerpt":{"rendered":"<p>Precisando de ajuda para descobrir quais&nbsp;atividades profissionais&nbsp;voc\u00ea poder\u00e1&nbsp;exercer&nbsp;depois de&nbsp;formado&nbsp;nos&nbsp;cursos T\u00e9cnicos&nbsp;em&nbsp;Auxiliar de Sa\u00fade Bucal&nbsp;e&nbsp;Automa\u00e7\u00e3o Industrial? Se sim, n\u00e3o deixe de dar uma olhadinha no&nbsp;post&nbsp;de hoje, que re\u00fane, al\u00e9m das principais atribui\u00e7\u00f5es dos diplomados, informa\u00e7\u00f5es sobre os Conselhos que regulamentam as diretrizes\u2026<\/p>\n","protected":false},"author":2,"featured_media":0,"comment_status":"open","ping_status":"open","sticky":false,"template":"","format":"standard","meta":{"_acf_changed":false,"footnotes":""},"categories":[33,15],"class_list":["post-757","post","type-post","status-publish","format-standard","hentry","category-carreira","category-cursos-tecnicos","autor-lais-pontin-matos","area-cursos-tecnicos"],"acf":[],"yoast_head":"<!-- This site is optimized with the Yoast SEO plugin v27.3 - https:\/\/yoast.com\/product\/yoast-seo-wordpress\/ -->\n<title>Quais atividades profissionais posso exercer depois de formado em um curso T\u00e9cnico? - Parte 04 - Univates Blog<\/title>\n<meta name=\"robots\" content=\"index, follow, max-snippet:-1, max-image-preview:large, max-video-preview:-1\" \/>\n<link rel=\"canonical\" href=\"https:\/\/www.univates.br\/blog\/quais-atividades-profissionais-posso-exercer-depois-de-formado-em-um-curso-tecnico-parte-04\/\" \/>\n<meta property=\"og:locale\" content=\"pt_BR\" \/>\n<meta property=\"og:type\" content=\"article\" \/>\n<meta property=\"og:title\" content=\"Quais atividades profissionais posso exercer depois de formado em um curso T\u00e9cnico? - Parte 04 - Univates Blog\" \/>\n<meta property=\"og:description\" content=\"Precisando de ajuda para descobrir quais&nbsp;atividades profissionais&nbsp;voc\u00ea poder\u00e1&nbsp;exercer&nbsp;depois de&nbsp;formado&nbsp;nos&nbsp;cursos T\u00e9cnicos&nbsp;em&nbsp;Auxiliar de Sa\u00fade Bucal&nbsp;e&nbsp;Automa\u00e7\u00e3o Industrial? Se sim, n\u00e3o deixe de dar uma olhadinha no&nbsp;post&nbsp;de hoje, que re\u00fane, al\u00e9m das principais atribui\u00e7\u00f5es dos diplomados, informa\u00e7\u00f5es sobre os Conselhos que regulamentam as diretrizes\u2026\" \/>\n<meta property=\"og:url\" content=\"https:\/\/www.univates.br\/blog\/quais-atividades-profissionais-posso-exercer-depois-de-formado-em-um-curso-tecnico-parte-04\/\" \/>\n<meta property=\"og:site_name\" content=\"Univates Blog\" \/>\n<meta property=\"article:published_time\" content=\"2022-05-06T13:28:13+00:00\" \/>\n<meta property=\"article:modified_time\" content=\"2023-12-21T00:25:18+00:00\" \/>\n<meta property=\"og:image\" content=\"https:\/\/desenvolvimento.bravo.st\/univatesblog\/wp-content\/uploads\/2022\/05\/20180516115207_3T0A9232_1596218027.373-1.jpg\" \/>\n<meta name=\"author\" content=\"Marketing Univates\" \/>\n<meta name=\"twitter:card\" content=\"summary_large_image\" \/>\n<meta name=\"twitter:label1\" content=\"Escrito por\" \/>\n\t<meta name=\"twitter:data1\" content=\"Marketing Univates\" \/>\n\t<meta name=\"twitter:label2\" content=\"Est. tempo de leitura\" \/>\n\t<meta name=\"twitter:data2\" content=\"4 minutos\" \/>\n<script type=\"application\/ld+json\" class=\"yoast-schema-graph\">{\"@context\":\"https:\\\/\\\/schema.org\",\"@graph\":[{\"@type\":\"Article\",\"@id\":\"https:\\\/\\\/www.univates.br\\\/blog\\\/quais-atividades-profissionais-posso-exercer-depois-de-formado-em-um-curso-tecnico-parte-04\\\/#article\",\"isPartOf\":{\"@id\":\"https:\\\/\\\/www.univates.br\\\/blog\\\/quais-atividades-profissionais-posso-exercer-depois-de-formado-em-um-curso-tecnico-parte-04\\\/\"},\"author\":{\"name\":\"Marketing Univates\",\"@id\":\"https:\\\/\\\/www.univates.br\\\/blog\\\/#\\\/schema\\\/person\\\/15c63917440cc5e70160c247b309af2f\"},\"headline\":\"Quais atividades profissionais posso exercer depois de formado em um curso T\u00e9cnico? &#8211; Parte 04\",\"datePublished\":\"2022-05-06T13:28:13+00:00\",\"dateModified\":\"2023-12-21T00:25:18+00:00\",\"mainEntityOfPage\":{\"@id\":\"https:\\\/\\\/www.univates.br\\\/blog\\\/quais-atividades-profissionais-posso-exercer-depois-de-formado-em-um-curso-tecnico-parte-04\\\/\"},\"wordCount\":760,\"commentCount\":0,\"image\":{\"@id\":\"https:\\\/\\\/www.univates.br\\\/blog\\\/quais-atividades-profissionais-posso-exercer-depois-de-formado-em-um-curso-tecnico-parte-04\\\/#primaryimage\"},\"thumbnailUrl\":\"https:\\\/\\\/desenvolvimento.bravo.st\\\/univatesblog\\\/wp-content\\\/uploads\\\/2022\\\/05\\\/20180516115207_3T0A9232_1596218027.373-1.jpg\",\"articleSection\":[\"Carreira\",\"Cursos T\u00e9cnicos\"],\"inLanguage\":\"pt-BR\",\"potentialAction\":[{\"@type\":\"CommentAction\",\"name\":\"Comment\",\"target\":[\"https:\\\/\\\/www.univates.br\\\/blog\\\/quais-atividades-profissionais-posso-exercer-depois-de-formado-em-um-curso-tecnico-parte-04\\\/#respond\"]}]},{\"@type\":\"WebPage\",\"@id\":\"https:\\\/\\\/www.univates.br\\\/blog\\\/quais-atividades-profissionais-posso-exercer-depois-de-formado-em-um-curso-tecnico-parte-04\\\/\",\"url\":\"https:\\\/\\\/www.univates.br\\\/blog\\\/quais-atividades-profissionais-posso-exercer-depois-de-formado-em-um-curso-tecnico-parte-04\\\/\",\"name\":\"Quais atividades profissionais posso exercer depois de formado em um curso T\u00e9cnico? - Parte 04 - Univates Blog\",\"isPartOf\":{\"@id\":\"https:\\\/\\\/www.univates.br\\\/blog\\\/#website\"},\"primaryImageOfPage\":{\"@id\":\"https:\\\/\\\/www.univates.br\\\/blog\\\/quais-atividades-profissionais-posso-exercer-depois-de-formado-em-um-curso-tecnico-parte-04\\\/#primaryimage\"},\"image\":{\"@id\":\"https:\\\/\\\/www.univates.br\\\/blog\\\/quais-atividades-profissionais-posso-exercer-depois-de-formado-em-um-curso-tecnico-parte-04\\\/#primaryimage\"},\"thumbnailUrl\":\"https:\\\/\\\/desenvolvimento.bravo.st\\\/univatesblog\\\/wp-content\\\/uploads\\\/2022\\\/05\\\/20180516115207_3T0A9232_1596218027.373-1.jpg\",\"datePublished\":\"2022-05-06T13:28:13+00:00\",\"dateModified\":\"2023-12-21T00:25:18+00:00\",\"author\":{\"@id\":\"https:\\\/\\\/www.univates.br\\\/blog\\\/#\\\/schema\\\/person\\\/15c63917440cc5e70160c247b309af2f\"},\"breadcrumb\":{\"@id\":\"https:\\\/\\\/www.univates.br\\\/blog\\\/quais-atividades-profissionais-posso-exercer-depois-de-formado-em-um-curso-tecnico-parte-04\\\/#breadcrumb\"},\"inLanguage\":\"pt-BR\",\"potentialAction\":[{\"@type\":\"ReadAction\",\"target\":[\"https:\\\/\\\/www.univates.br\\\/blog\\\/quais-atividades-profissionais-posso-exercer-depois-de-formado-em-um-curso-tecnico-parte-04\\\/\"]}]},{\"@type\":\"ImageObject\",\"inLanguage\":\"pt-BR\",\"@id\":\"https:\\\/\\\/www.univates.br\\\/blog\\\/quais-atividades-profissionais-posso-exercer-depois-de-formado-em-um-curso-tecnico-parte-04\\\/#primaryimage\",\"url\":\"https:\\\/\\\/desenvolvimento.bravo.st\\\/univatesblog\\\/wp-content\\\/uploads\\\/2022\\\/05\\\/20180516115207_3T0A9232_1596218027.373-1.jpg\",\"contentUrl\":\"https:\\\/\\\/desenvolvimento.bravo.st\\\/univatesblog\\\/wp-content\\\/uploads\\\/2022\\\/05\\\/20180516115207_3T0A9232_1596218027.373-1.jpg\"},{\"@type\":\"BreadcrumbList\",\"@id\":\"https:\\\/\\\/www.univates.br\\\/blog\\\/quais-atividades-profissionais-posso-exercer-depois-de-formado-em-um-curso-tecnico-parte-04\\\/#breadcrumb\",\"itemListElement\":[{\"@type\":\"ListItem\",\"position\":1,\"name\":\"Home\",\"item\":\"https:\\\/\\\/www.univates.br\\\/blog\\\/\"},{\"@type\":\"ListItem\",\"position\":2,\"name\":\"Quais atividades profissionais posso exercer depois de formado em um curso T\u00e9cnico? &#8211; Parte 04\"}]},{\"@type\":\"WebSite\",\"@id\":\"https:\\\/\\\/www.univates.br\\\/blog\\\/#website\",\"url\":\"https:\\\/\\\/www.univates.br\\\/blog\\\/\",\"name\":\"Univates Blog\",\"description\":\"\",\"potentialAction\":[{\"@type\":\"SearchAction\",\"target\":{\"@type\":\"EntryPoint\",\"urlTemplate\":\"https:\\\/\\\/www.univates.br\\\/blog\\\/?s={search_term_string}\"},\"query-input\":{\"@type\":\"PropertyValueSpecification\",\"valueRequired\":true,\"valueName\":\"search_term_string\"}}],\"inLanguage\":\"pt-BR\"},{\"@type\":\"Person\",\"@id\":\"https:\\\/\\\/www.univates.br\\\/blog\\\/#\\\/schema\\\/person\\\/15c63917440cc5e70160c247b309af2f\",\"name\":\"Marketing Univates\",\"image\":{\"@type\":\"ImageObject\",\"inLanguage\":\"pt-BR\",\"@id\":\"https:\\\/\\\/secure.gravatar.com\\\/avatar\\\/511f9e77a6a3d0cddd9074f69a722364bc7f787e73d4a0da1f727ba62704eda4?s=96&d=mm&r=g\",\"url\":\"https:\\\/\\\/secure.gravatar.com\\\/avatar\\\/511f9e77a6a3d0cddd9074f69a722364bc7f787e73d4a0da1f727ba62704eda4?s=96&d=mm&r=g\",\"contentUrl\":\"https:\\\/\\\/secure.gravatar.com\\\/avatar\\\/511f9e77a6a3d0cddd9074f69a722364bc7f787e73d4a0da1f727ba62704eda4?s=96&d=mm&r=g\",\"caption\":\"Marketing Univates\"},\"sameAs\":[\"http:\\\/\\\/univates.br\"],\"url\":\"https:\\\/\\\/www.univates.br\\\/blog\\\/author\\\/marketing\\\/\"}]}<\/script>\n<!-- \/ Yoast SEO plugin. -->","yoast_head_json":{"title":"Quais atividades profissionais posso exercer depois de formado em um curso T\u00e9cnico? - Parte 04 - Univates Blog","robots":{"index":"index","follow":"follow","max-snippet":"max-snippet:-1","max-image-preview":"max-image-preview:large","max-video-preview":"max-video-preview:-1"},"canonical":"https:\/\/www.univates.br\/blog\/quais-atividades-profissionais-posso-exercer-depois-de-formado-em-um-curso-tecnico-parte-04\/","og_locale":"pt_BR","og_type":"article","og_title":"Quais atividades profissionais posso exercer depois de formado em um curso T\u00e9cnico? - Parte 04 - Univates Blog","og_description":"Precisando de ajuda para descobrir quais&nbsp;atividades profissionais&nbsp;voc\u00ea poder\u00e1&nbsp;exercer&nbsp;depois de&nbsp;formado&nbsp;nos&nbsp;cursos T\u00e9cnicos&nbsp;em&nbsp;Auxiliar de Sa\u00fade Bucal&nbsp;e&nbsp;Automa\u00e7\u00e3o Industrial? Se sim, n\u00e3o deixe de dar uma olhadinha no&nbsp;post&nbsp;de hoje, que re\u00fane, al\u00e9m das principais atribui\u00e7\u00f5es dos diplomados, informa\u00e7\u00f5es sobre os Conselhos que regulamentam as diretrizes\u2026","og_url":"https:\/\/www.univates.br\/blog\/quais-atividades-profissionais-posso-exercer-depois-de-formado-em-um-curso-tecnico-parte-04\/","og_site_name":"Univates Blog","article_published_time":"2022-05-06T13:28:13+00:00","article_modified_time":"2023-12-21T00:25:18+00:00","og_image":[{"url":"https:\/\/desenvolvimento.bravo.st\/univatesblog\/wp-content\/uploads\/2022\/05\/20180516115207_3T0A9232_1596218027.373-1.jpg","type":"","width":"","height":""}],"author":"Marketing Univates","twitter_card":"summary_large_image","twitter_misc":{"Escrito por":"Marketing Univates","Est. tempo de leitura":"4 minutos"},"schema":{"@context":"https:\/\/schema.org","@graph":[{"@type":"Article","@id":"https:\/\/www.univates.br\/blog\/quais-atividades-profissionais-posso-exercer-depois-de-formado-em-um-curso-tecnico-parte-04\/#article","isPartOf":{"@id":"https:\/\/www.univates.br\/blog\/quais-atividades-profissionais-posso-exercer-depois-de-formado-em-um-curso-tecnico-parte-04\/"},"author":{"name":"Marketing Univates","@id":"https:\/\/www.univates.br\/blog\/#\/schema\/person\/15c63917440cc5e70160c247b309af2f"},"headline":"Quais atividades profissionais posso exercer depois de formado em um curso T\u00e9cnico? &#8211; Parte 04","datePublished":"2022-05-06T13:28:13+00:00","dateModified":"2023-12-21T00:25:18+00:00","mainEntityOfPage":{"@id":"https:\/\/www.univates.br\/blog\/quais-atividades-profissionais-posso-exercer-depois-de-formado-em-um-curso-tecnico-parte-04\/"},"wordCount":760,"commentCount":0,"image":{"@id":"https:\/\/www.univates.br\/blog\/quais-atividades-profissionais-posso-exercer-depois-de-formado-em-um-curso-tecnico-parte-04\/#primaryimage"},"thumbnailUrl":"https:\/\/desenvolvimento.bravo.st\/univatesblog\/wp-content\/uploads\/2022\/05\/20180516115207_3T0A9232_1596218027.373-1.jpg","articleSection":["Carreira","Cursos T\u00e9cnicos"],"inLanguage":"pt-BR","potentialAction":[{"@type":"CommentAction","name":"Comment","target":["https:\/\/www.univates.br\/blog\/quais-atividades-profissionais-posso-exercer-depois-de-formado-em-um-curso-tecnico-parte-04\/#respond"]}]},{"@type":"WebPage","@id":"https:\/\/www.univates.br\/blog\/quais-atividades-profissionais-posso-exercer-depois-de-formado-em-um-curso-tecnico-parte-04\/","url":"https:\/\/www.univates.br\/blog\/quais-atividades-profissionais-posso-exercer-depois-de-formado-em-um-curso-tecnico-parte-04\/","name":"Quais atividades profissionais posso exercer depois de formado em um curso T\u00e9cnico? - Parte 04 - Univates Blog","isPartOf":{"@id":"https:\/\/www.univates.br\/blog\/#website"},"primaryImageOfPage":{"@id":"https:\/\/www.univates.br\/blog\/quais-atividades-profissionais-posso-exercer-depois-de-formado-em-um-curso-tecnico-parte-04\/#primaryimage"},"image":{"@id":"https:\/\/www.univates.br\/blog\/quais-atividades-profissionais-posso-exercer-depois-de-formado-em-um-curso-tecnico-parte-04\/#primaryimage"},"thumbnailUrl":"https:\/\/desenvolvimento.bravo.st\/univatesblog\/wp-content\/uploads\/2022\/05\/20180516115207_3T0A9232_1596218027.373-1.jpg","datePublished":"2022-05-06T13:28:13+00:00","dateModified":"2023-12-21T00:25:18+00:00","author":{"@id":"https:\/\/www.univates.br\/blog\/#\/schema\/person\/15c63917440cc5e70160c247b309af2f"},"breadcrumb":{"@id":"https:\/\/www.univates.br\/blog\/quais-atividades-profissionais-posso-exercer-depois-de-formado-em-um-curso-tecnico-parte-04\/#breadcrumb"},"inLanguage":"pt-BR","potentialAction":[{"@type":"ReadAction","target":["https:\/\/www.univates.br\/blog\/quais-atividades-profissionais-posso-exercer-depois-de-formado-em-um-curso-tecnico-parte-04\/"]}]},{"@type":"ImageObject","inLanguage":"pt-BR","@id":"https:\/\/www.univates.br\/blog\/quais-atividades-profissionais-posso-exercer-depois-de-formado-em-um-curso-tecnico-parte-04\/#primaryimage","url":"https:\/\/desenvolvimento.bravo.st\/univatesblog\/wp-content\/uploads\/2022\/05\/20180516115207_3T0A9232_1596218027.373-1.jpg","contentUrl":"https:\/\/desenvolvimento.bravo.st\/univatesblog\/wp-content\/uploads\/2022\/05\/20180516115207_3T0A9232_1596218027.373-1.jpg"},{"@type":"BreadcrumbList","@id":"https:\/\/www.univates.br\/blog\/quais-atividades-profissionais-posso-exercer-depois-de-formado-em-um-curso-tecnico-parte-04\/#breadcrumb","itemListElement":[{"@type":"ListItem","position":1,"name":"Home","item":"https:\/\/www.univates.br\/blog\/"},{"@type":"ListItem","position":2,"name":"Quais atividades profissionais posso exercer depois de formado em um curso T\u00e9cnico? &#8211; Parte 04"}]},{"@type":"WebSite","@id":"https:\/\/www.univates.br\/blog\/#website","url":"https:\/\/www.univates.br\/blog\/","name":"Univates Blog","description":"","potentialAction":[{"@type":"SearchAction","target":{"@type":"EntryPoint","urlTemplate":"https:\/\/www.univates.br\/blog\/?s={search_term_string}"},"query-input":{"@type":"PropertyValueSpecification","valueRequired":true,"valueName":"search_term_string"}}],"inLanguage":"pt-BR"},{"@type":"Person","@id":"https:\/\/www.univates.br\/blog\/#\/schema\/person\/15c63917440cc5e70160c247b309af2f","name":"Marketing Univates","image":{"@type":"ImageObject","inLanguage":"pt-BR","@id":"https:\/\/secure.gravatar.com\/avatar\/511f9e77a6a3d0cddd9074f69a722364bc7f787e73d4a0da1f727ba62704eda4?s=96&d=mm&r=g","url":"https:\/\/secure.gravatar.com\/avatar\/511f9e77a6a3d0cddd9074f69a722364bc7f787e73d4a0da1f727ba62704eda4?s=96&d=mm&r=g","contentUrl":"https:\/\/secure.gravatar.com\/avatar\/511f9e77a6a3d0cddd9074f69a722364bc7f787e73d4a0da1f727ba62704eda4?s=96&d=mm&r=g","caption":"Marketing Univates"},"sameAs":["http:\/\/univates.br"],"url":"https:\/\/www.univates.br\/blog\/author\/marketing\/"}]}},"_links":{"self":[{"href":"https:\/\/www.univates.br\/blog\/wp-json\/wp\/v2\/posts\/757","targetHints":{"allow":["GET"]}}],"collection":[{"href":"https:\/\/www.univates.br\/blog\/wp-json\/wp\/v2\/posts"}],"about":[{"href":"https:\/\/www.univates.br\/blog\/wp-json\/wp\/v2\/types\/post"}],"author":[{"embeddable":true,"href":"https:\/\/www.univates.br\/blog\/wp-json\/wp\/v2\/users\/2"}],"replies":[{"embeddable":true,"href":"https:\/\/www.univates.br\/blog\/wp-json\/wp\/v2\/comments?post=757"}],"version-history":[{"count":12,"href":"https:\/\/www.univates.br\/blog\/wp-json\/wp\/v2\/posts\/757\/revisions"}],"predecessor-version":[{"id":5133,"href":"https:\/\/www.univates.br\/blog\/wp-json\/wp\/v2\/posts\/757\/revisions\/5133"}],"wp:attachment":[{"href":"https:\/\/www.univates.br\/blog\/wp-json\/wp\/v2\/media?parent=757"}],"wp:term":[{"taxonomy":"category","embeddable":true,"href":"https:\/\/www.univates.br\/blog\/wp-json\/wp\/v2\/categories?post=757"}],"curies":[{"name":"wp","href":"https:\/\/api.w.org\/{rel}","templated":true}]}}