{"id":760,"date":"2022-05-06T10:30:39","date_gmt":"2022-05-06T13:30:39","guid":{"rendered":"https:\/\/desenvolvimento.bravo.st\/univatesblog\/?p=760"},"modified":"2026-02-05T10:36:33","modified_gmt":"2026-02-05T13:36:33","slug":"quais-atividades-profissionais-posso-exercer-depois-de-formado-em-um-curso-tecnico-parte-03","status":"publish","type":"post","link":"https:\/\/www.univates.br\/blog\/quais-atividades-profissionais-posso-exercer-depois-de-formado-em-um-curso-tecnico-parte-03\/","title":{"rendered":"Quais atividades profissionais posso exercer depois de formado em um curso T\u00e9cnico? &#8211; Parte 03"},"content":{"rendered":"\n<p>Precisando de ajuda para descobrir quais&nbsp;<strong>atividades profissionais<\/strong>&nbsp;voc\u00ea poder\u00e1&nbsp;<strong>exercer<\/strong>&nbsp;depois de&nbsp;<strong>formado<\/strong>&nbsp;nos&nbsp;<strong>cursos T\u00e9cnicos<\/strong>&nbsp;em&nbsp;<a href=\"https:\/\/www.univates.br\/tecnicos\/edificacoes\">Edifica\u00e7\u00f5es<\/a>,&nbsp;<a href=\"https:\/\/www.univates.br\/tecnicos\/eletroeletronica\">Eletroeletr\u00f4nica&nbsp;<\/a>e&nbsp;<a href=\"https:\/\/www.univates.br\/tecnicos\/mecanica\">Mec\u00e2nica<\/a>? Se sim, n\u00e3o deixe de dar uma olhadinha no&nbsp;<em>post<\/em>&nbsp;de hoje, que re\u00fane, al\u00e9m das principais atribui\u00e7\u00f5es dos diplomados, informa\u00e7\u00f5es sobre os Conselhos que regulamentam as diretrizes dessas \u00e1reas. Fique ligado:&nbsp;<\/p>\n\n\n\n<p>\ud83d\udd19 Para conhecer as atribui\u00e7\u00f5es de t\u00e9cnicos em Alimentos, Cervejaria e Seguran\u00e7a do Trabalho, clique&nbsp;<a href=\"https:\/\/www.univates.br\/blog\/\/post\/28140-quais-atividades-profissionais-posso-exercer-depois-de-formado-em-um-curso-tecnico-parte-02\">aqui<\/a>.&nbsp;<\/p>\n\n\n\n<h2 class=\"wp-block-heading\">\ud83c\udfe2 T\u00e9cnico em Edifica\u00e7\u00f5es<\/h2>\n\n\n\n<figure class=\"wp-block-image size-full\"><img loading=\"lazy\" decoding=\"async\" width=\"729\" height=\"486\" src=\"https:\/\/desenvolvimento.bravo.st\/univatesblog\/wp-content\/uploads\/2022\/05\/20191022155958_feira_de_cursos_2019_a_elise_bozzetto_207_1596214511.3511-1.jpg\" alt=\"\" class=\"wp-image-1862\" srcset=\"https:\/\/www.univates.br\/blog\/wp-content\/uploads\/2022\/05\/20191022155958_feira_de_cursos_2019_a_elise_bozzetto_207_1596214511.3511-1.jpg 729w, https:\/\/www.univates.br\/blog\/wp-content\/uploads\/2022\/05\/20191022155958_feira_de_cursos_2019_a_elise_bozzetto_207_1596214511.3511-1-600x400.jpg 600w, https:\/\/www.univates.br\/blog\/wp-content\/uploads\/2022\/05\/20191022155958_feira_de_cursos_2019_a_elise_bozzetto_207_1596214511.3511-1-150x100.jpg 150w\" sizes=\"auto, (max-width: 729px) 100vw, 729px\" \/><figcaption class=\"wp-element-caption\">Foto: Elise Bozzetto<\/figcaption><\/figure>\n\n\n\n<p><a href=\"https:\/\/www.univates.br\/media\/noticias_responsivo\/28143\/\/20191022155958_feira_de_cursos_2019_a_elise_bozzetto_207_1596214511.3511.jpg?1596214515226\"><\/a>\ud83c\udf93&nbsp;<strong>Vida de diplomado:<\/strong>&nbsp;o&nbsp;<strong>curso T\u00e9cnico<\/strong>&nbsp;em Edifica\u00e7\u00f5es capacita os indiv\u00edduos para que, depois de&nbsp;<strong>formados<\/strong>, eles consigam desempenhar algumas&nbsp;<strong>atividades profissionais<\/strong>&nbsp;no ramo da constru\u00e7\u00e3o civil. Os diplomados est\u00e3o habilitados para, por exemplo, fazer a conex\u00e3o entre o planejamento e a execu\u00e7\u00e3o de obras, realizando fun\u00e7\u00f5es nas \u00e1reas de desenho, or\u00e7amentos, ensaios tecnol\u00f3gicos, levantamentos topogr\u00e1ficos, acompanhamento de cronogramas, fiscaliza\u00e7\u00e3o e controle de qualidade.&nbsp;<\/p>\n\n\n\n<p>T\u00e9cnicos em Edifica\u00e7\u00f5es podem trabalhar em construtoras (desempenhando fun\u00e7\u00f5es em canteiros de obras), escrit\u00f3rios (desenvolvendo planejamentos de obras, or\u00e7amentos e projetos complementares) e tamb\u00e9m como aut\u00f4nomos (executando projetos de at\u00e9 oitenta metros quadrados).<\/p>\n\n\n\n<h2 class=\"wp-block-heading\">\ud83c\udf9b T\u00e9cnico em Eletroeletr\u00f4nica<\/h2>\n\n\n\n<figure class=\"wp-block-image size-full\"><img loading=\"lazy\" decoding=\"async\" width=\"729\" height=\"486\" src=\"https:\/\/desenvolvimento.bravo.st\/univatesblog\/wp-content\/uploads\/2022\/05\/20140930141912_img_8072_1596215366.0611.jpg\" alt=\"\" class=\"wp-image-1864\" srcset=\"https:\/\/www.univates.br\/blog\/wp-content\/uploads\/2022\/05\/20140930141912_img_8072_1596215366.0611.jpg 729w, https:\/\/www.univates.br\/blog\/wp-content\/uploads\/2022\/05\/20140930141912_img_8072_1596215366.0611-600x400.jpg 600w, https:\/\/www.univates.br\/blog\/wp-content\/uploads\/2022\/05\/20140930141912_img_8072_1596215366.0611-150x100.jpg 150w\" sizes=\"auto, (max-width: 729px) 100vw, 729px\" \/><figcaption class=\"wp-element-caption\">Foto: Tuane Eggers<\/figcaption><\/figure>\n\n\n\n<div class=\"bloco-gutenberg\">\n\n    <a href=\"https:\/\/materiais.univates.br\/saiba-qual-profissao-e-a-sua-cara\" target=\"_blank\" class=\"guten-material\" style=\"background-color: #ff5d4a; color: #0a0a0a;\">\n                    <img decoding=\"async\" src=\"https:\/\/www.univates.br\/blog\/wp-content\/uploads\/2022\/05\/Design-sem-nome-4.png\" loading=\"lazy\">\n                <div class=\"texto\">\n                            <span>Saiba qual profiss\u00e3o \u00e9 a sua cara<\/span>\n                            <strong>Baixar e-book<\/strong>\n                    <\/div>\n    <\/a>\n    <\/div>\n\n\n<p>\ud83c\udf93&nbsp;<strong>Vida de diplomado:<\/strong>&nbsp;diplomados do&nbsp;<strong>curso T\u00e9cnico<\/strong>&nbsp;em quest\u00e3o possuem conhecimentos te\u00f3ricos e pr\u00e1ticos apropriados para desenvolver qualquer tipo de manuten\u00e7\u00e3o, instala\u00e7\u00e3o ou repara\u00e7\u00e3o na \u00e1rea eletr\u00f4nica. Os profissionais s\u00e3o capazes de fornecer solu\u00e7\u00f5es r\u00e1pidas e eficazes para problemas do ramo, sempre zelando pela qualidade e pelo funcionamento dos aparelhos eletr\u00f4nicos com os quais trabalham.<\/p>\n\n\n\n<p>Formando-se no&nbsp;<strong>curso T\u00e9cnico<\/strong>&nbsp;em Eletroeletr\u00f4nica, voc\u00ea poder\u00e1&nbsp;<strong>exercer<\/strong>&nbsp;as seguintes&nbsp;<strong>atividades profissionais<\/strong>:&nbsp;<\/p>\n\n\n\n<p>\ud83c\udf9b&nbsp;Projetar e instalar sistemas de acionamento e controle eletroeletr\u00f4nicos;<\/p>\n\n\n\n<p>\ud83c\udf9b&nbsp;Propor o uso eficiente da energia el\u00e9trica;<\/p>\n\n\n\n<p>\ud83c\udf9b&nbsp;Elaborar, desenvolver e executar projetos de instala\u00e7\u00f5es el\u00e9tricas de baixa tens\u00e3o em edifica\u00e7\u00f5es;<\/p>\n\n\n\n<p>\ud83c\udf9b Propor e implantar inova\u00e7\u00f5es eletroeletr\u00f4nicas que sejam capazes de aperfei\u00e7oar e otimizar os sistemas produtivos;<\/p>\n\n\n\n<p>\ud83c\udf9b Atuar de forma empreendedora prestando servi\u00e7os na \u00e1rea eletroeletr\u00f4nica.<\/p>\n\n\n\n<p>O campo de atua\u00e7\u00e3o para t\u00e9cnicos em Eletroeletr\u00f4nica \u00e9 muito vasto e contempla, por exemplo, os ramos de produ\u00e7\u00e3o de manufaturas, comunica\u00e7\u00e3o, automa\u00e7\u00e3o, constru\u00e7\u00e3o, com\u00e9rcio e seguran\u00e7a p\u00fablica.<\/p>\n\n\n\n<h2 class=\"wp-block-heading\">\u2699 T\u00e9cnico em Mec\u00e2nica<\/h2>\n\n\n\n<figure class=\"wp-block-image size-full\"><img loading=\"lazy\" decoding=\"async\" width=\"729\" height=\"486\" src=\"https:\/\/desenvolvimento.bravo.st\/univatesblog\/wp-content\/uploads\/2022\/05\/20130408143236_img_5266_1596216277.0035.jpg\" alt=\"\" class=\"wp-image-1865\" srcset=\"https:\/\/www.univates.br\/blog\/wp-content\/uploads\/2022\/05\/20130408143236_img_5266_1596216277.0035.jpg 729w, https:\/\/www.univates.br\/blog\/wp-content\/uploads\/2022\/05\/20130408143236_img_5266_1596216277.0035-600x400.jpg 600w, https:\/\/www.univates.br\/blog\/wp-content\/uploads\/2022\/05\/20130408143236_img_5266_1596216277.0035-150x100.jpg 150w\" sizes=\"auto, (max-width: 729px) 100vw, 729px\" \/><figcaption class=\"wp-element-caption\">Foto: Tuane Eggers<\/figcaption><\/figure>\n\n\n\n<p><a href=\"https:\/\/www.univates.br\/media\/noticias_responsivo\/28143\/\/20130408143236_img_5266_1596216277.0035.jpg?1596216279481\"><\/a>\ud83c\udf93&nbsp;<strong>Vida de diplomado:<\/strong>&nbsp;o&nbsp;<strong>curso T\u00e9cnico<\/strong>&nbsp;em Mec\u00e2nica capacita os indiv\u00edduos para que, depois de&nbsp;<strong>formados<\/strong>, eles possam projetar ferramentas, manusear equipamentos, controlar processos de fabrica\u00e7\u00e3o e realizar a manuten\u00e7\u00e3o de m\u00e1quinas e equipamentos mec\u00e2nicos, seguindo os requisitos de seguran\u00e7a e qualidade. Outras atribui\u00e7\u00f5es desses profissionais s\u00e3o: planejar, aplicar e controlar procedimentos de instala\u00e7\u00e3o, manuten\u00e7\u00e3o e inspe\u00e7\u00e3o mec\u00e2nica de m\u00e1quinas e equipamentos e tamb\u00e9m aplicar processos de solda, fresa, torneamento, t\u00e9cnicas de medi\u00e7\u00e3o e ensaios mec\u00e2nicos.<\/p>\n\n\n\n<p>T\u00e9cnicos em Mec\u00e2nica podem&nbsp;<strong>exercer atividades profissionais<\/strong>&nbsp;em organiza\u00e7\u00f5es industriais, ind\u00fastrias de m\u00e1quinas, equipamentos e componentes mec\u00e2nicos, laborat\u00f3rios de controle de qualidade, manuten\u00e7\u00e3o e pesquisa, e empresas de presta\u00e7\u00e3o de servi\u00e7os ligadas ao setor metal mec\u00e2nico.&nbsp;<\/p>\n\n\n\n<p>\ud83c\udfe2\ud83c\udf9b\u2699&nbsp;<strong>O que \u00e9 e para que serve o Conselho Federal dos T\u00e9cnicos Industriais&nbsp;<a href=\"https:\/\/www.cft.org.br\/\">(CFT)<\/a>?<\/strong>&nbsp;O CFT \u00e9 o \u00f3rg\u00e3o respons\u00e1vel por regulamentar e garantir o livre exerc\u00edcio das atividades profissionais dos t\u00e9cnicos e t\u00e9cnicas do Brasil. O Conselho prov\u00e9m amparo legal aos indiv\u00edduos registrados.&nbsp;<\/p>\n\n\n\n<p><em>Para ficar por dentro das atribui\u00e7\u00f5es de profissionais&nbsp;<strong>formados<\/strong>&nbsp;em&nbsp;<strong>cursos t\u00e9cnicos<\/strong>&nbsp;que n\u00e3o foram listados nesta mat\u00e9ria, continue de olho no blog. Em breve, voc\u00ea poder\u00e1 ler a&nbsp;<a href=\"https:\/\/www.univates.br\/blog\/\/post\/quais-atividades-profissionais-posso-exercer-depois-de-formado-em-um-curso-tecnico-parte-04\">quarta e \u00faltima parte<\/a>&nbsp;da s\u00e9rie de posts que estamos elaborando sobre o assunto.&nbsp;<\/em><\/p>\n\n\n\n<p><strong>Leia tamb\u00e9m:&nbsp;<\/strong><\/p>\n\n\n\n<p><strong>\ud83d\udcbc&nbsp;<\/strong><a href=\"https:\/\/www.univates.br\/blog\/\/post\/quer-empreender-cursando-um-tecnico-voce-pode\">Quer empreender? Cursando um t\u00e9cnico voc\u00ea pode!<\/a><\/p>\n\n\n\n<p>\ud83c\udfe0&nbsp;<a href=\"https:\/\/www.univates.br\/blog\/\/post\/como-funciona-o-curso-tecnico-em-design-de-interiores\">Como funciona o curso T\u00e9cnico em Design de Interiores?<\/a><\/p>\n\n\n\n<p>\ud83d\udcf7&nbsp;<a href=\"https:\/\/www.univates.br\/blog\/\/post\/como-funciona-o-curso-tecnico-em-processos-fotograficos\">Como funciona o curso T\u00e9cnico em Processos Fotogr\u00e1ficos?<\/a><\/p>\n\n\n\n<p>\ud83c\udfe5&nbsp;<a href=\"https:\/\/www.univates.br\/blog\/\/post\/como-funciona-o-curso-tecnico-em-imobilizacoes-ortopedicas\">Como funciona o curso T\u00e9cnico em Imobiliza\u00e7\u00f5es Ortop\u00e9dicas?<\/a><\/p>\n\n\n\n<p>\ud83e\udd14&nbsp;<a href=\"https:\/\/www.univates.br\/blog\/\/post\/confira-os-motivos-para-fazer-um-curso-tecnico-na-nossa-universidade\">Confira os motivos para fazer um curso T\u00e9cnico na nossa Universidade<\/a><\/p>\n\n\n\n<p>\ud83d\ude0d&nbsp;<a href=\"https:\/\/www.univates.br\/blog\/\/post\/ja-conhece-os-beneficios-de-ser-aluno-da-nossa-universidade\">J\u00e1 conhece os benef\u00edcios de ser aluno da nossa Universidade?<\/a><\/p>\n\n\n\n<p><a href=\"https:\/\/www.univates.br\/blog\/o-que-faz-um-tecnico-em-eletrotecnica\/\" target=\"_blank\" rel=\"noreferrer noopener\">Eletrot\u00e9cnico o que faz<\/a><\/p>\n\n\n\n<p><a href=\"https:\/\/www.univates.br\/media\/noticias_responsivo\/28143\/\/20140930141912_img_8072_1596215366.0611.jpg?1596215369764\"><\/a><\/p>\n","protected":false},"excerpt":{"rendered":"<p>Precisando de ajuda para descobrir quais&nbsp;atividades profissionais&nbsp;voc\u00ea poder\u00e1&nbsp;exercer&nbsp;depois de&nbsp;formado&nbsp;nos&nbsp;cursos T\u00e9cnicos&nbsp;em&nbsp;Edifica\u00e7\u00f5es,&nbsp;Eletroeletr\u00f4nica&nbsp;e&nbsp;Mec\u00e2nica? Se sim, n\u00e3o deixe de dar uma olhadinha no&nbsp;post&nbsp;de hoje, que re\u00fane, al\u00e9m das principais atribui\u00e7\u00f5es dos diplomados, informa\u00e7\u00f5es sobre os Conselhos que regulamentam as diretrizes dessas \u00e1reas. Fique ligado:&nbsp;\u2026<\/p>\n","protected":false},"author":2,"featured_media":0,"comment_status":"open","ping_status":"open","sticky":false,"template":"","format":"standard","meta":{"_acf_changed":false,"footnotes":""},"categories":[33,15],"class_list":["post-760","post","type-post","status-publish","format-standard","hentry","category-carreira","category-cursos-tecnicos","autor-lais-pontin-matos","area-cursos-tecnicos"],"acf":[],"yoast_head":"<!-- This site is optimized with the Yoast SEO plugin v27.3 - https:\/\/yoast.com\/product\/yoast-seo-wordpress\/ -->\n<title>Quais atividades profissionais posso exercer depois de formado em um curso T\u00e9cnico? - Parte 03 - Univates Blog<\/title>\n<meta name=\"robots\" content=\"index, follow, max-snippet:-1, max-image-preview:large, max-video-preview:-1\" \/>\n<link rel=\"canonical\" href=\"https:\/\/www.univates.br\/blog\/quais-atividades-profissionais-posso-exercer-depois-de-formado-em-um-curso-tecnico-parte-03\/\" \/>\n<meta property=\"og:locale\" content=\"pt_BR\" \/>\n<meta property=\"og:type\" content=\"article\" \/>\n<meta property=\"og:title\" content=\"Quais atividades profissionais posso exercer depois de formado em um curso T\u00e9cnico? - Parte 03 - Univates Blog\" \/>\n<meta property=\"og:description\" content=\"Precisando de ajuda para descobrir quais&nbsp;atividades profissionais&nbsp;voc\u00ea poder\u00e1&nbsp;exercer&nbsp;depois de&nbsp;formado&nbsp;nos&nbsp;cursos T\u00e9cnicos&nbsp;em&nbsp;Edifica\u00e7\u00f5es,&nbsp;Eletroeletr\u00f4nica&nbsp;e&nbsp;Mec\u00e2nica? Se sim, n\u00e3o deixe de dar uma olhadinha no&nbsp;post&nbsp;de hoje, que re\u00fane, al\u00e9m das principais atribui\u00e7\u00f5es dos diplomados, informa\u00e7\u00f5es sobre os Conselhos que regulamentam as diretrizes dessas \u00e1reas. Fique ligado:&nbsp;\u2026\" \/>\n<meta property=\"og:url\" content=\"https:\/\/www.univates.br\/blog\/quais-atividades-profissionais-posso-exercer-depois-de-formado-em-um-curso-tecnico-parte-03\/\" \/>\n<meta property=\"og:site_name\" content=\"Univates Blog\" \/>\n<meta property=\"article:published_time\" content=\"2022-05-06T13:30:39+00:00\" \/>\n<meta property=\"article:modified_time\" content=\"2026-02-05T13:36:33+00:00\" \/>\n<meta property=\"og:image\" content=\"https:\/\/www.univates.br\/blog\/wp-content\/uploads\/2022\/05\/20191022155958_feira_de_cursos_2019_a_elise_bozzetto_207_1596214511.3511-1.jpg\" \/>\n\t<meta property=\"og:image:width\" content=\"729\" \/>\n\t<meta property=\"og:image:height\" content=\"486\" \/>\n\t<meta property=\"og:image:type\" content=\"image\/jpeg\" \/>\n<meta name=\"author\" content=\"Marketing Univates\" \/>\n<meta name=\"twitter:card\" content=\"summary_large_image\" \/>\n<meta name=\"twitter:label1\" content=\"Escrito por\" \/>\n\t<meta name=\"twitter:data1\" content=\"Marketing Univates\" \/>\n\t<meta name=\"twitter:label2\" content=\"Est. tempo de leitura\" \/>\n\t<meta name=\"twitter:data2\" content=\"4 minutos\" \/>\n<script type=\"application\/ld+json\" class=\"yoast-schema-graph\">{\"@context\":\"https:\\\/\\\/schema.org\",\"@graph\":[{\"@type\":\"Article\",\"@id\":\"https:\\\/\\\/www.univates.br\\\/blog\\\/quais-atividades-profissionais-posso-exercer-depois-de-formado-em-um-curso-tecnico-parte-03\\\/#article\",\"isPartOf\":{\"@id\":\"https:\\\/\\\/www.univates.br\\\/blog\\\/quais-atividades-profissionais-posso-exercer-depois-de-formado-em-um-curso-tecnico-parte-03\\\/\"},\"author\":{\"name\":\"Marketing Univates\",\"@id\":\"https:\\\/\\\/www.univates.br\\\/blog\\\/#\\\/schema\\\/person\\\/15c63917440cc5e70160c247b309af2f\"},\"headline\":\"Quais atividades profissionais posso exercer depois de formado em um curso T\u00e9cnico? &#8211; Parte 03\",\"datePublished\":\"2022-05-06T13:30:39+00:00\",\"dateModified\":\"2026-02-05T13:36:33+00:00\",\"mainEntityOfPage\":{\"@id\":\"https:\\\/\\\/www.univates.br\\\/blog\\\/quais-atividades-profissionais-posso-exercer-depois-de-formado-em-um-curso-tecnico-parte-03\\\/\"},\"wordCount\":793,\"commentCount\":0,\"image\":{\"@id\":\"https:\\\/\\\/www.univates.br\\\/blog\\\/quais-atividades-profissionais-posso-exercer-depois-de-formado-em-um-curso-tecnico-parte-03\\\/#primaryimage\"},\"thumbnailUrl\":\"https:\\\/\\\/desenvolvimento.bravo.st\\\/univatesblog\\\/wp-content\\\/uploads\\\/2022\\\/05\\\/20191022155958_feira_de_cursos_2019_a_elise_bozzetto_207_1596214511.3511-1.jpg\",\"articleSection\":[\"Carreira\",\"Cursos T\u00e9cnicos\"],\"inLanguage\":\"pt-BR\",\"potentialAction\":[{\"@type\":\"CommentAction\",\"name\":\"Comment\",\"target\":[\"https:\\\/\\\/www.univates.br\\\/blog\\\/quais-atividades-profissionais-posso-exercer-depois-de-formado-em-um-curso-tecnico-parte-03\\\/#respond\"]}]},{\"@type\":\"WebPage\",\"@id\":\"https:\\\/\\\/www.univates.br\\\/blog\\\/quais-atividades-profissionais-posso-exercer-depois-de-formado-em-um-curso-tecnico-parte-03\\\/\",\"url\":\"https:\\\/\\\/www.univates.br\\\/blog\\\/quais-atividades-profissionais-posso-exercer-depois-de-formado-em-um-curso-tecnico-parte-03\\\/\",\"name\":\"Quais atividades profissionais posso exercer depois de formado em um curso T\u00e9cnico? - Parte 03 - Univates Blog\",\"isPartOf\":{\"@id\":\"https:\\\/\\\/www.univates.br\\\/blog\\\/#website\"},\"primaryImageOfPage\":{\"@id\":\"https:\\\/\\\/www.univates.br\\\/blog\\\/quais-atividades-profissionais-posso-exercer-depois-de-formado-em-um-curso-tecnico-parte-03\\\/#primaryimage\"},\"image\":{\"@id\":\"https:\\\/\\\/www.univates.br\\\/blog\\\/quais-atividades-profissionais-posso-exercer-depois-de-formado-em-um-curso-tecnico-parte-03\\\/#primaryimage\"},\"thumbnailUrl\":\"https:\\\/\\\/desenvolvimento.bravo.st\\\/univatesblog\\\/wp-content\\\/uploads\\\/2022\\\/05\\\/20191022155958_feira_de_cursos_2019_a_elise_bozzetto_207_1596214511.3511-1.jpg\",\"datePublished\":\"2022-05-06T13:30:39+00:00\",\"dateModified\":\"2026-02-05T13:36:33+00:00\",\"author\":{\"@id\":\"https:\\\/\\\/www.univates.br\\\/blog\\\/#\\\/schema\\\/person\\\/15c63917440cc5e70160c247b309af2f\"},\"breadcrumb\":{\"@id\":\"https:\\\/\\\/www.univates.br\\\/blog\\\/quais-atividades-profissionais-posso-exercer-depois-de-formado-em-um-curso-tecnico-parte-03\\\/#breadcrumb\"},\"inLanguage\":\"pt-BR\",\"potentialAction\":[{\"@type\":\"ReadAction\",\"target\":[\"https:\\\/\\\/www.univates.br\\\/blog\\\/quais-atividades-profissionais-posso-exercer-depois-de-formado-em-um-curso-tecnico-parte-03\\\/\"]}]},{\"@type\":\"ImageObject\",\"inLanguage\":\"pt-BR\",\"@id\":\"https:\\\/\\\/www.univates.br\\\/blog\\\/quais-atividades-profissionais-posso-exercer-depois-de-formado-em-um-curso-tecnico-parte-03\\\/#primaryimage\",\"url\":\"https:\\\/\\\/desenvolvimento.bravo.st\\\/univatesblog\\\/wp-content\\\/uploads\\\/2022\\\/05\\\/20191022155958_feira_de_cursos_2019_a_elise_bozzetto_207_1596214511.3511-1.jpg\",\"contentUrl\":\"https:\\\/\\\/desenvolvimento.bravo.st\\\/univatesblog\\\/wp-content\\\/uploads\\\/2022\\\/05\\\/20191022155958_feira_de_cursos_2019_a_elise_bozzetto_207_1596214511.3511-1.jpg\"},{\"@type\":\"BreadcrumbList\",\"@id\":\"https:\\\/\\\/www.univates.br\\\/blog\\\/quais-atividades-profissionais-posso-exercer-depois-de-formado-em-um-curso-tecnico-parte-03\\\/#breadcrumb\",\"itemListElement\":[{\"@type\":\"ListItem\",\"position\":1,\"name\":\"Home\",\"item\":\"https:\\\/\\\/www.univates.br\\\/blog\\\/\"},{\"@type\":\"ListItem\",\"position\":2,\"name\":\"Quais atividades profissionais posso exercer depois de formado em um curso T\u00e9cnico? &#8211; Parte 03\"}]},{\"@type\":\"WebSite\",\"@id\":\"https:\\\/\\\/www.univates.br\\\/blog\\\/#website\",\"url\":\"https:\\\/\\\/www.univates.br\\\/blog\\\/\",\"name\":\"Univates Blog\",\"description\":\"\",\"potentialAction\":[{\"@type\":\"SearchAction\",\"target\":{\"@type\":\"EntryPoint\",\"urlTemplate\":\"https:\\\/\\\/www.univates.br\\\/blog\\\/?s={search_term_string}\"},\"query-input\":{\"@type\":\"PropertyValueSpecification\",\"valueRequired\":true,\"valueName\":\"search_term_string\"}}],\"inLanguage\":\"pt-BR\"},{\"@type\":\"Person\",\"@id\":\"https:\\\/\\\/www.univates.br\\\/blog\\\/#\\\/schema\\\/person\\\/15c63917440cc5e70160c247b309af2f\",\"name\":\"Marketing Univates\",\"image\":{\"@type\":\"ImageObject\",\"inLanguage\":\"pt-BR\",\"@id\":\"https:\\\/\\\/secure.gravatar.com\\\/avatar\\\/511f9e77a6a3d0cddd9074f69a722364bc7f787e73d4a0da1f727ba62704eda4?s=96&d=mm&r=g\",\"url\":\"https:\\\/\\\/secure.gravatar.com\\\/avatar\\\/511f9e77a6a3d0cddd9074f69a722364bc7f787e73d4a0da1f727ba62704eda4?s=96&d=mm&r=g\",\"contentUrl\":\"https:\\\/\\\/secure.gravatar.com\\\/avatar\\\/511f9e77a6a3d0cddd9074f69a722364bc7f787e73d4a0da1f727ba62704eda4?s=96&d=mm&r=g\",\"caption\":\"Marketing Univates\"},\"sameAs\":[\"http:\\\/\\\/univates.br\"],\"url\":\"https:\\\/\\\/www.univates.br\\\/blog\\\/author\\\/marketing\\\/\"}]}<\/script>\n<!-- \/ Yoast SEO plugin. -->","yoast_head_json":{"title":"Quais atividades profissionais posso exercer depois de formado em um curso T\u00e9cnico? - Parte 03 - Univates Blog","robots":{"index":"index","follow":"follow","max-snippet":"max-snippet:-1","max-image-preview":"max-image-preview:large","max-video-preview":"max-video-preview:-1"},"canonical":"https:\/\/www.univates.br\/blog\/quais-atividades-profissionais-posso-exercer-depois-de-formado-em-um-curso-tecnico-parte-03\/","og_locale":"pt_BR","og_type":"article","og_title":"Quais atividades profissionais posso exercer depois de formado em um curso T\u00e9cnico? - Parte 03 - Univates Blog","og_description":"Precisando de ajuda para descobrir quais&nbsp;atividades profissionais&nbsp;voc\u00ea poder\u00e1&nbsp;exercer&nbsp;depois de&nbsp;formado&nbsp;nos&nbsp;cursos T\u00e9cnicos&nbsp;em&nbsp;Edifica\u00e7\u00f5es,&nbsp;Eletroeletr\u00f4nica&nbsp;e&nbsp;Mec\u00e2nica? Se sim, n\u00e3o deixe de dar uma olhadinha no&nbsp;post&nbsp;de hoje, que re\u00fane, al\u00e9m das principais atribui\u00e7\u00f5es dos diplomados, informa\u00e7\u00f5es sobre os Conselhos que regulamentam as diretrizes dessas \u00e1reas. Fique ligado:&nbsp;\u2026","og_url":"https:\/\/www.univates.br\/blog\/quais-atividades-profissionais-posso-exercer-depois-de-formado-em-um-curso-tecnico-parte-03\/","og_site_name":"Univates Blog","article_published_time":"2022-05-06T13:30:39+00:00","article_modified_time":"2026-02-05T13:36:33+00:00","og_image":[{"width":729,"height":486,"url":"https:\/\/www.univates.br\/blog\/wp-content\/uploads\/2022\/05\/20191022155958_feira_de_cursos_2019_a_elise_bozzetto_207_1596214511.3511-1.jpg","type":"image\/jpeg"}],"author":"Marketing Univates","twitter_card":"summary_large_image","twitter_misc":{"Escrito por":"Marketing Univates","Est. tempo de leitura":"4 minutos"},"schema":{"@context":"https:\/\/schema.org","@graph":[{"@type":"Article","@id":"https:\/\/www.univates.br\/blog\/quais-atividades-profissionais-posso-exercer-depois-de-formado-em-um-curso-tecnico-parte-03\/#article","isPartOf":{"@id":"https:\/\/www.univates.br\/blog\/quais-atividades-profissionais-posso-exercer-depois-de-formado-em-um-curso-tecnico-parte-03\/"},"author":{"name":"Marketing Univates","@id":"https:\/\/www.univates.br\/blog\/#\/schema\/person\/15c63917440cc5e70160c247b309af2f"},"headline":"Quais atividades profissionais posso exercer depois de formado em um curso T\u00e9cnico? &#8211; Parte 03","datePublished":"2022-05-06T13:30:39+00:00","dateModified":"2026-02-05T13:36:33+00:00","mainEntityOfPage":{"@id":"https:\/\/www.univates.br\/blog\/quais-atividades-profissionais-posso-exercer-depois-de-formado-em-um-curso-tecnico-parte-03\/"},"wordCount":793,"commentCount":0,"image":{"@id":"https:\/\/www.univates.br\/blog\/quais-atividades-profissionais-posso-exercer-depois-de-formado-em-um-curso-tecnico-parte-03\/#primaryimage"},"thumbnailUrl":"https:\/\/desenvolvimento.bravo.st\/univatesblog\/wp-content\/uploads\/2022\/05\/20191022155958_feira_de_cursos_2019_a_elise_bozzetto_207_1596214511.3511-1.jpg","articleSection":["Carreira","Cursos T\u00e9cnicos"],"inLanguage":"pt-BR","potentialAction":[{"@type":"CommentAction","name":"Comment","target":["https:\/\/www.univates.br\/blog\/quais-atividades-profissionais-posso-exercer-depois-de-formado-em-um-curso-tecnico-parte-03\/#respond"]}]},{"@type":"WebPage","@id":"https:\/\/www.univates.br\/blog\/quais-atividades-profissionais-posso-exercer-depois-de-formado-em-um-curso-tecnico-parte-03\/","url":"https:\/\/www.univates.br\/blog\/quais-atividades-profissionais-posso-exercer-depois-de-formado-em-um-curso-tecnico-parte-03\/","name":"Quais atividades profissionais posso exercer depois de formado em um curso T\u00e9cnico? - Parte 03 - Univates Blog","isPartOf":{"@id":"https:\/\/www.univates.br\/blog\/#website"},"primaryImageOfPage":{"@id":"https:\/\/www.univates.br\/blog\/quais-atividades-profissionais-posso-exercer-depois-de-formado-em-um-curso-tecnico-parte-03\/#primaryimage"},"image":{"@id":"https:\/\/www.univates.br\/blog\/quais-atividades-profissionais-posso-exercer-depois-de-formado-em-um-curso-tecnico-parte-03\/#primaryimage"},"thumbnailUrl":"https:\/\/desenvolvimento.bravo.st\/univatesblog\/wp-content\/uploads\/2022\/05\/20191022155958_feira_de_cursos_2019_a_elise_bozzetto_207_1596214511.3511-1.jpg","datePublished":"2022-05-06T13:30:39+00:00","dateModified":"2026-02-05T13:36:33+00:00","author":{"@id":"https:\/\/www.univates.br\/blog\/#\/schema\/person\/15c63917440cc5e70160c247b309af2f"},"breadcrumb":{"@id":"https:\/\/www.univates.br\/blog\/quais-atividades-profissionais-posso-exercer-depois-de-formado-em-um-curso-tecnico-parte-03\/#breadcrumb"},"inLanguage":"pt-BR","potentialAction":[{"@type":"ReadAction","target":["https:\/\/www.univates.br\/blog\/quais-atividades-profissionais-posso-exercer-depois-de-formado-em-um-curso-tecnico-parte-03\/"]}]},{"@type":"ImageObject","inLanguage":"pt-BR","@id":"https:\/\/www.univates.br\/blog\/quais-atividades-profissionais-posso-exercer-depois-de-formado-em-um-curso-tecnico-parte-03\/#primaryimage","url":"https:\/\/desenvolvimento.bravo.st\/univatesblog\/wp-content\/uploads\/2022\/05\/20191022155958_feira_de_cursos_2019_a_elise_bozzetto_207_1596214511.3511-1.jpg","contentUrl":"https:\/\/desenvolvimento.bravo.st\/univatesblog\/wp-content\/uploads\/2022\/05\/20191022155958_feira_de_cursos_2019_a_elise_bozzetto_207_1596214511.3511-1.jpg"},{"@type":"BreadcrumbList","@id":"https:\/\/www.univates.br\/blog\/quais-atividades-profissionais-posso-exercer-depois-de-formado-em-um-curso-tecnico-parte-03\/#breadcrumb","itemListElement":[{"@type":"ListItem","position":1,"name":"Home","item":"https:\/\/www.univates.br\/blog\/"},{"@type":"ListItem","position":2,"name":"Quais atividades profissionais posso exercer depois de formado em um curso T\u00e9cnico? &#8211; Parte 03"}]},{"@type":"WebSite","@id":"https:\/\/www.univates.br\/blog\/#website","url":"https:\/\/www.univates.br\/blog\/","name":"Univates Blog","description":"","potentialAction":[{"@type":"SearchAction","target":{"@type":"EntryPoint","urlTemplate":"https:\/\/www.univates.br\/blog\/?s={search_term_string}"},"query-input":{"@type":"PropertyValueSpecification","valueRequired":true,"valueName":"search_term_string"}}],"inLanguage":"pt-BR"},{"@type":"Person","@id":"https:\/\/www.univates.br\/blog\/#\/schema\/person\/15c63917440cc5e70160c247b309af2f","name":"Marketing Univates","image":{"@type":"ImageObject","inLanguage":"pt-BR","@id":"https:\/\/secure.gravatar.com\/avatar\/511f9e77a6a3d0cddd9074f69a722364bc7f787e73d4a0da1f727ba62704eda4?s=96&d=mm&r=g","url":"https:\/\/secure.gravatar.com\/avatar\/511f9e77a6a3d0cddd9074f69a722364bc7f787e73d4a0da1f727ba62704eda4?s=96&d=mm&r=g","contentUrl":"https:\/\/secure.gravatar.com\/avatar\/511f9e77a6a3d0cddd9074f69a722364bc7f787e73d4a0da1f727ba62704eda4?s=96&d=mm&r=g","caption":"Marketing Univates"},"sameAs":["http:\/\/univates.br"],"url":"https:\/\/www.univates.br\/blog\/author\/marketing\/"}]}},"_links":{"self":[{"href":"https:\/\/www.univates.br\/blog\/wp-json\/wp\/v2\/posts\/760","targetHints":{"allow":["GET"]}}],"collection":[{"href":"https:\/\/www.univates.br\/blog\/wp-json\/wp\/v2\/posts"}],"about":[{"href":"https:\/\/www.univates.br\/blog\/wp-json\/wp\/v2\/types\/post"}],"author":[{"embeddable":true,"href":"https:\/\/www.univates.br\/blog\/wp-json\/wp\/v2\/users\/2"}],"replies":[{"embeddable":true,"href":"https:\/\/www.univates.br\/blog\/wp-json\/wp\/v2\/comments?post=760"}],"version-history":[{"count":13,"href":"https:\/\/www.univates.br\/blog\/wp-json\/wp\/v2\/posts\/760\/revisions"}],"predecessor-version":[{"id":7322,"href":"https:\/\/www.univates.br\/blog\/wp-json\/wp\/v2\/posts\/760\/revisions\/7322"}],"wp:attachment":[{"href":"https:\/\/www.univates.br\/blog\/wp-json\/wp\/v2\/media?parent=760"}],"wp:term":[{"taxonomy":"category","embeddable":true,"href":"https:\/\/www.univates.br\/blog\/wp-json\/wp\/v2\/categories?post=760"}],"curies":[{"name":"wp","href":"https:\/\/api.w.org\/{rel}","templated":true}]}}