{"id":763,"date":"2022-05-06T10:33:12","date_gmt":"2022-05-06T13:33:12","guid":{"rendered":"https:\/\/desenvolvimento.bravo.st\/univatesblog\/?p=763"},"modified":"2023-12-20T21:23:12","modified_gmt":"2023-12-21T00:23:12","slug":"quais-atividades-profissionais-posso-exercer-depois-de-formado-em-um-curso-tecnico-parte-02","status":"publish","type":"post","link":"https:\/\/www.univates.br\/blog\/quais-atividades-profissionais-posso-exercer-depois-de-formado-em-um-curso-tecnico-parte-02\/","title":{"rendered":"Quais atividades profissionais posso exercer depois de formado em um curso T\u00e9cnico? &#8211; Parte 02"},"content":{"rendered":"\n<p>Precisando de ajuda para descobrir quais&nbsp;<strong>atividades profissionais<\/strong>&nbsp;voc\u00ea poder\u00e1&nbsp;<strong>exercer<\/strong>&nbsp;depois de&nbsp;<strong>formado<\/strong>&nbsp;nos&nbsp;<strong>cursos T\u00e9cnicos<\/strong>&nbsp;em&nbsp;<a href=\"https:\/\/www.univates.br\/tecnicos\/alimentos\">Alimentos<\/a>,&nbsp;<a href=\"https:\/\/www.univates.br\/tecnicos\/cervejaria\">Cervejaria<\/a>&nbsp;ou&nbsp;<a href=\"https:\/\/www.univates.br\/tecnicos\/seguranca-do-trabalho\">Seguran\u00e7a do Trabalho<\/a>? Se sim, n\u00e3o deixe de dar uma olhadinha no&nbsp;<em>post<\/em>&nbsp;de hoje, que re\u00fane, al\u00e9m das principais atribui\u00e7\u00f5es dos diplomados, informa\u00e7\u00f5es sobre os Conselhos que regulamentam as diretrizes dessas \u00e1reas. Fique ligado:&nbsp;<\/p>\n\n\n\n<p>\ud83d\udd19 Para conhecer as atribui\u00e7\u00f5es de t\u00e9cnicos em Enfermagem, Radiologia e Qu\u00edmica, clique\u00a0<a href=\"https:\/\/www.univates.br\/blog\/\/post\/quais-atividades-profissionais-posso-exercer-depois-de-formado-em-um-curso-tecnico-parte-01\">aqui<\/a>.\u00a0<\/p>\n\n\n\n<h2 class=\"wp-block-heading\">\ud83e\uddc0 T\u00e9cnico em Alimentos<\/h2>\n\n\n\n<figure class=\"wp-block-image size-full\"><img loading=\"lazy\" decoding=\"async\" width=\"729\" height=\"486\" src=\"https:\/\/desenvolvimento.bravo.st\/univatesblog\/wp-content\/uploads\/2022\/05\/20170516142452_Amb_Nutri-11_1596145069.7393-1.jpg\" alt=\"\" class=\"wp-image-1867\" srcset=\"https:\/\/www.univates.br\/blog\/wp-content\/uploads\/2022\/05\/20170516142452_Amb_Nutri-11_1596145069.7393-1.jpg 729w, https:\/\/www.univates.br\/blog\/wp-content\/uploads\/2022\/05\/20170516142452_Amb_Nutri-11_1596145069.7393-1-600x400.jpg 600w, https:\/\/www.univates.br\/blog\/wp-content\/uploads\/2022\/05\/20170516142452_Amb_Nutri-11_1596145069.7393-1-150x100.jpg 150w\" sizes=\"auto, (max-width: 729px) 100vw, 729px\" \/><figcaption>Foto: Rodrigo Balbueno<\/figcaption><\/figure>\n\n\n\n<p><a href=\"https:\/\/www.univates.br\/media\/noticias_responsivo\/28140\/\/20170516142452_Amb_Nutri-11_1596145069.7393.jpg?1596145073065\"><\/a><strong>\ud83c\udf93&nbsp;Vida de diplomado:<\/strong>&nbsp;o&nbsp;<strong>curso T\u00e9cnico&nbsp;<\/strong>em quest\u00e3o capacita os indiv\u00edduos para que, depois de&nbsp;<strong>formados<\/strong>, eles consigam realizar atividades e coordenar equipes de trabalho relacionadas ao beneficiamento do leite, processamento de carnes bovinas, su\u00ednas e de aves, produtos farin\u00e1ceos, bebidas e alimentos humanos em geral e alimenta\u00e7\u00e3o animal.<\/p>\n\n\n\n<p>Formando-se no&nbsp;<strong>curso T\u00e9cnico<\/strong>&nbsp;em Alimentos, voc\u00ea poder\u00e1 exercer as seguintes fun\u00e7\u00f5es:<\/p>\n\n\n\n<p>\ud83e\udd56 atuar no processamento e conserva\u00e7\u00e3o das mat\u00e9rias-primas, ingredientes, produtos e subprodutos da ind\u00fastria aliment\u00edcia, de origem animal e vegetal,&nbsp;buscando a melhoria do processo e da qualidade do produto final;<\/p>\n\n\n\n<p>\ud83e\udd56&nbsp;participar nas \u00e1reas de pesquisa, inova\u00e7\u00e3o e desenvolvimento de novos produtos;<\/p>\n\n\n\n<p>\ud83e\udd56 atuar na implanta\u00e7\u00e3o de programas de controle de qualidade em ind\u00fastrias aliment\u00edcias, realizando an\u00e1lises f\u00edsico-qu\u00edmicas, microbiol\u00f3gicas e sensoriais em mat\u00e9rias-primas e alimentos;<\/p>\n\n\n\n<p>\ud83e\udd56&nbsp;implantar e gerenciar sistemas de controle de qualidade na produ\u00e7\u00e3o de alimentos, supervisionando a manuten\u00e7\u00e3o de equipamentos.<\/p>\n\n\n\n<p>T\u00e9cnicos em Alimentos podem&nbsp;<strong>exercer atividades profissionais<\/strong>&nbsp;em ind\u00fastrias de alimentos e bebidas, laborat\u00f3rios, institutos de pesquisa e consultoria, \u00f3rg\u00e3os de fiscaliza\u00e7\u00e3o sanit\u00e1ria e prote\u00e7\u00e3o ao consumidor, ind\u00fastrias de insumos para processos e produtos, empresas de armazenamento e distribui\u00e7\u00e3o de alimentos, padarias, supermercados, cozinhas industriais e hospitalares, escolas, entre outros estabelecimentos.<\/p>\n\n\n\n<h2 class=\"wp-block-heading\">\ud83c\udf7b T\u00e9cnico em Cervejaria<\/h2>\n\n\n\n<figure class=\"wp-block-image size-full\"><img loading=\"lazy\" decoding=\"async\" width=\"729\" height=\"486\" src=\"https:\/\/desenvolvimento.bravo.st\/univatesblog\/wp-content\/uploads\/2022\/05\/20190102115525_TEC_CERVEIJEIRO_1596145656.2815.jpg\" alt=\"\" class=\"wp-image-1868\" srcset=\"https:\/\/www.univates.br\/blog\/wp-content\/uploads\/2022\/05\/20190102115525_TEC_CERVEIJEIRO_1596145656.2815.jpg 729w, https:\/\/www.univates.br\/blog\/wp-content\/uploads\/2022\/05\/20190102115525_TEC_CERVEIJEIRO_1596145656.2815-600x400.jpg 600w, https:\/\/www.univates.br\/blog\/wp-content\/uploads\/2022\/05\/20190102115525_TEC_CERVEIJEIRO_1596145656.2815-150x100.jpg 150w\" sizes=\"auto, (max-width: 729px) 100vw, 729px\" \/><figcaption>Foto: Divulga\u00e7\u00e3o<\/figcaption><\/figure>\n\n\n\n<div class=\"bloco-gutenberg\">\n\n    <a href=\"https:\/\/materiais.univates.br\/mercado-de-trabalho-modalidade\" target=\"_blank\" class=\"guten-material\" style=\"background-color: #01e37f; color: #0a0a0a;\">\n                    <img decoding=\"async\" src=\"https:\/\/www.univates.br\/blog\/wp-content\/uploads\/2022\/05\/Design-sem-nome-4.png\" loading=\"lazy\">\n                <div class=\"texto\">\n                            <span>Descubra como se destacar no mercado de trabalho<\/span>\n                            <strong>Baixar e-book<\/strong>\n                    <\/div>\n    <\/a>\n    <\/div>\n\n\n<p>\ud83c\udf93&nbsp;<strong>Vida de diplomado:<\/strong>&nbsp;o&nbsp;<strong>curso T\u00e9cnico<\/strong>&nbsp;em Cervejaria capacita os indiv\u00edduos para que, depois de&nbsp;<strong>formados<\/strong>, eles consigam coordenar atividades de produ\u00e7\u00e3o de cervejas, como moagem do malte, macera\u00e7\u00e3o, filtra\u00e7\u00e3o, fervura, decanta\u00e7\u00e3o e resfriamento do mosto, fermenta\u00e7\u00e3o, matura\u00e7\u00e3o e envasamento do produto. Os diplomados tamb\u00e9m orientam a aquisi\u00e7\u00e3o e a manuten\u00e7\u00e3o de equipamentos e executam o controle de qualidade da bebida.<\/p>\n\n\n\n<p>T\u00e9cnicos em Cervejaria podem&nbsp;<strong>exercer atividades profissionais<\/strong>&nbsp;em cervejarias (assinando como respons\u00e1veis t\u00e9cnicos desses estabelecimentos), bares, restaurantes e em&nbsp;<em>pubs<\/em>, como consultores de cartas de cervejas e harmoniza\u00e7\u00e3o.&nbsp;<\/p>\n\n\n\n<p>\ud83e\uddc0\ud83c\udf7b&nbsp;<strong>O que \u00e9 e para que serve o Conselho Regional de Qu\u00edmica&nbsp;<a href=\"http:\/\/www.crqv.org.br\/\">(CRQ)<\/a>?<\/strong>&nbsp;O CRQ \u00e9 uma entidade que tem como objetivo principal buscar uma compreens\u00e3o adequada dos problemas voltados \u00e0 categoria dos Qu\u00edmicos no Brasil para, dessa forma, poder encontrar solu\u00e7\u00f5es que facilitem o exerc\u00edcio da profiss\u00e3o. Outras atribui\u00e7\u00f5es do \u00f3rg\u00e3o s\u00e3o: orientar e disciplinar a atua\u00e7\u00e3o profissional e promover estudos e campanhas em prol da racionaliza\u00e7\u00e3o administrativa do pa\u00eds.<\/p>\n\n\n\n<h2 class=\"wp-block-heading\">\ud83d\udc77 T\u00e9cnico em Seguran\u00e7a do Trabalho<\/h2>\n\n\n\n<figure class=\"wp-block-image size-full\"><img loading=\"lazy\" decoding=\"async\" width=\"729\" height=\"486\" src=\"https:\/\/desenvolvimento.bravo.st\/univatesblog\/wp-content\/uploads\/2022\/05\/20141104093923_img_0475_1596146314.9466.jpg\" alt=\"\" class=\"wp-image-1870\" srcset=\"https:\/\/www.univates.br\/blog\/wp-content\/uploads\/2022\/05\/20141104093923_img_0475_1596146314.9466.jpg 729w, https:\/\/www.univates.br\/blog\/wp-content\/uploads\/2022\/05\/20141104093923_img_0475_1596146314.9466-600x400.jpg 600w, https:\/\/www.univates.br\/blog\/wp-content\/uploads\/2022\/05\/20141104093923_img_0475_1596146314.9466-150x100.jpg 150w\" sizes=\"auto, (max-width: 729px) 100vw, 729px\" \/><figcaption>Foto: Tuane Eggers<\/figcaption><\/figure>\n\n\n\n<p><a href=\"https:\/\/www.univates.br\/media\/noticias_responsivo\/28140\/\/20141104093923_img_0475_1596146314.9466.jpg?1596146317512\"><\/a>\ud83c\udf93&nbsp;<strong>Vida de diplomado:<\/strong>&nbsp;indiv\u00edduos&nbsp;<strong>formados<\/strong>&nbsp;no&nbsp;<strong>curso T\u00e9cnico<\/strong>&nbsp;em Seguran\u00e7a do Trabalho s\u00e3o habilitados para&nbsp;<strong>exercer<\/strong>&nbsp;as seguintes&nbsp;<strong>atividades profissionais<\/strong>:&nbsp;<\/p>\n\n\n\n<p>\ud83d\udc77&nbsp;promover a sa\u00fade e a integridade dos trabalhadores nos ambientes de trabalho;<\/p>\n\n\n\n<p>\ud83d\udc77 promover a prote\u00e7\u00e3o ao ambiente, ao patrim\u00f4nio e ao processo produtivo da organiza\u00e7\u00e3o;<\/p>\n\n\n\n<p>\ud83d\udc77 sugerir e implantar medidas de ordem coletiva, administrativa e individual;<\/p>\n\n\n\n<p>\ud83d\udc77 ministrar treinamentos pertinentes \u00e0 \u00e1rea de seguran\u00e7a no trabalho;<\/p>\n\n\n\n<p>\ud83d\udc77&nbsp;participar nas \u00e1reas de pesquisa, inova\u00e7\u00e3o e desenvolvimento de novos produtos;<\/p>\n\n\n\n<p>\ud83d\udc77 atuar na implanta\u00e7\u00e3o de programas de preven\u00e7\u00e3o de riscos ambientais;<\/p>\n\n\n\n<p>\ud83d\udc77&nbsp;implantar e gerenciar medidas de controle na busca pela redu\u00e7\u00e3o e elimina\u00e7\u00e3o de acidentes de trabalho e doen\u00e7as ocupacionais.<\/p>\n\n\n\n<p>T\u00e9cnicos em Seguran\u00e7a do Trabalho podem&nbsp;<strong>exercer atividades profissionais<\/strong>&nbsp;em f\u00e1bricas de alimentos, hospitais, empresas comerciais e industriais e organiza\u00e7\u00f5es estatais, mineradoras e de extra\u00e7\u00e3o. A \u00e1rea tamb\u00e9m oferece oportunidades no \u00e2mbito da constru\u00e7\u00e3o civil.<\/p>\n\n\n\n<p>\ud83d\udcbc&nbsp;<strong>O que \u00e9 e para que serve a Secretaria Especial de Previd\u00eancia e Trabalho&nbsp;<a href=\"https:\/\/www.gov.br\/trabalho\/pt-br\">(ST)<\/a>?<\/strong>&nbsp;Atualmente uma subdivis\u00e3o do Minist\u00e9rio da Economia (ME), a Secretaria Especial de Previd\u00eancia e Trabalho \u00e9 respons\u00e1vel por fiscalizar empresas em rela\u00e7\u00e3o ao cumprimento das normas trabalhistas, auxiliar o trabalhador na busca por vagas de emprego e centralizar e divulgar dados sobre a evolu\u00e7\u00e3o do emprego no Brasil.<\/p>\n\n\n\n<p><em>Para ficar por dentro das atribui\u00e7\u00f5es de profissionais\u00a0<strong>formados<\/strong>\u00a0em\u00a0<strong>cursos t\u00e9cnicos<\/strong>\u00a0que n\u00e3o foram listados nesta mat\u00e9ria, continue de olho no blog. Em breve, voc\u00ea poder\u00e1 ler a\u00a0<a href=\"https:\/\/www.univates.br\/blog\/\/post\/quais-atividades-profissionais-posso-exercer-depois-de-formado-em-um-curso-tecnico-parte-03\">terceira parte<\/a>\u00a0da s\u00e9rie de posts que estamos elaborando sobre o assunto.\u00a0<\/em><\/p>\n\n\n\n<p><strong>Leia tamb\u00e9m:&nbsp;<\/strong><\/p>\n\n\n\n<p><strong>\ud83d\udcbc\u00a0<\/strong><a href=\"https:\/\/www.univates.br\/blog\/\/post\/quer-empreender-cursando-um-tecnico-voce-pode\">Quer empreender? Cursando um t\u00e9cnico voc\u00ea pode!<\/a><\/p>\n\n\n\n<p>\ud83c\udfe0\u00a0<a href=\"https:\/\/www.univates.br\/blog\/\/post\/como-funciona-o-curso-tecnico-em-design-de-interiores\">Como funciona o curso T\u00e9cnico em Design de Interiores?<\/a><\/p>\n\n\n\n<p>\ud83d\udcf7\u00a0<a href=\"https:\/\/www.univates.br\/blog\/\/post\/como-funciona-o-curso-tecnico-em-processos-fotograficos\">Como funciona o curso T\u00e9cnico em Processos Fotogr\u00e1ficos?<\/a><\/p>\n\n\n\n<p>\ud83c\udfe5\u00a0<a href=\"https:\/\/www.univates.br\/blog\/\/post\/como-funciona-o-curso-tecnico-em-imobilizacoes-ortopedicas\">Como funciona o curso T\u00e9cnico em Imobiliza\u00e7\u00f5es Ortop\u00e9dicas?<\/a><\/p>\n\n\n\n<p>\ud83e\udd14\u00a0<a href=\"https:\/\/www.univates.br\/blog\/\/post\/confira-os-motivos-para-fazer-um-curso-tecnico-na-nossa-universidade\">Confira os motivos para fazer um curso T\u00e9cnico na nossa Universidade<\/a><\/p>\n\n\n\n<p>\ud83d\ude0d\u00a0<a href=\"https:\/\/www.univates.br\/blog\/\/post\/ja-conhece-os-beneficios-de-ser-aluno-da-nossa-universidade\">J\u00e1 conhece os benef\u00edcios de ser aluno da nossa Universidade?<\/a><\/p>\n\n\n\n<p><a href=\"https:\/\/www.univates.br\/media\/noticias_responsivo\/28140\/\/20190102115525_TEC_CERVEIJEIRO_1596145656.2815.jpg?1596145657631\"><\/a><\/p>\n","protected":false},"excerpt":{"rendered":"<p>Precisando de ajuda para descobrir quais&nbsp;atividades profissionais&nbsp;voc\u00ea poder\u00e1&nbsp;exercer&nbsp;depois de&nbsp;formado&nbsp;nos&nbsp;cursos T\u00e9cnicos&nbsp;em&nbsp;Alimentos,&nbsp;Cervejaria&nbsp;ou&nbsp;Seguran\u00e7a do Trabalho? Se sim, n\u00e3o deixe de dar uma olhadinha no&nbsp;post&nbsp;de hoje, que re\u00fane, al\u00e9m das principais atribui\u00e7\u00f5es dos diplomados, informa\u00e7\u00f5es sobre os Conselhos que regulamentam as diretrizes dessas \u00e1reas.\u2026<\/p>\n","protected":false},"author":2,"featured_media":0,"comment_status":"open","ping_status":"open","sticky":false,"template":"","format":"standard","meta":{"_acf_changed":false,"footnotes":""},"categories":[33,15],"class_list":["post-763","post","type-post","status-publish","format-standard","hentry","category-carreira","category-cursos-tecnicos","autor-lais-pontin-matos","area-cursos-tecnicos"],"acf":[],"yoast_head":"<!-- This site is optimized with the Yoast SEO plugin v27.3 - https:\/\/yoast.com\/product\/yoast-seo-wordpress\/ -->\n<title>Quais atividades profissionais posso exercer depois de formado em um curso T\u00e9cnico? - Parte 02 - Univates Blog<\/title>\n<meta name=\"robots\" content=\"index, follow, max-snippet:-1, max-image-preview:large, max-video-preview:-1\" \/>\n<link rel=\"canonical\" href=\"https:\/\/www.univates.br\/blog\/quais-atividades-profissionais-posso-exercer-depois-de-formado-em-um-curso-tecnico-parte-02\/\" \/>\n<meta property=\"og:locale\" content=\"pt_BR\" \/>\n<meta property=\"og:type\" content=\"article\" \/>\n<meta property=\"og:title\" content=\"Quais atividades profissionais posso exercer depois de formado em um curso T\u00e9cnico? - Parte 02 - Univates Blog\" \/>\n<meta property=\"og:description\" content=\"Precisando de ajuda para descobrir quais&nbsp;atividades profissionais&nbsp;voc\u00ea poder\u00e1&nbsp;exercer&nbsp;depois de&nbsp;formado&nbsp;nos&nbsp;cursos T\u00e9cnicos&nbsp;em&nbsp;Alimentos,&nbsp;Cervejaria&nbsp;ou&nbsp;Seguran\u00e7a do Trabalho? Se sim, n\u00e3o deixe de dar uma olhadinha no&nbsp;post&nbsp;de hoje, que re\u00fane, al\u00e9m das principais atribui\u00e7\u00f5es dos diplomados, informa\u00e7\u00f5es sobre os Conselhos que regulamentam as diretrizes dessas \u00e1reas.\u2026\" \/>\n<meta property=\"og:url\" content=\"https:\/\/www.univates.br\/blog\/quais-atividades-profissionais-posso-exercer-depois-de-formado-em-um-curso-tecnico-parte-02\/\" \/>\n<meta property=\"og:site_name\" content=\"Univates Blog\" \/>\n<meta property=\"article:published_time\" content=\"2022-05-06T13:33:12+00:00\" \/>\n<meta property=\"article:modified_time\" content=\"2023-12-21T00:23:12+00:00\" \/>\n<meta property=\"og:image\" content=\"https:\/\/desenvolvimento.bravo.st\/univatesblog\/wp-content\/uploads\/2022\/05\/20170516142452_Amb_Nutri-11_1596145069.7393-1.jpg\" \/>\n<meta name=\"author\" content=\"Marketing Univates\" \/>\n<meta name=\"twitter:card\" content=\"summary_large_image\" \/>\n<meta name=\"twitter:label1\" content=\"Escrito por\" \/>\n\t<meta name=\"twitter:data1\" content=\"Marketing Univates\" \/>\n\t<meta name=\"twitter:label2\" content=\"Est. tempo de leitura\" \/>\n\t<meta name=\"twitter:data2\" content=\"5 minutos\" \/>\n<script type=\"application\/ld+json\" class=\"yoast-schema-graph\">{\"@context\":\"https:\\\/\\\/schema.org\",\"@graph\":[{\"@type\":\"Article\",\"@id\":\"https:\\\/\\\/www.univates.br\\\/blog\\\/quais-atividades-profissionais-posso-exercer-depois-de-formado-em-um-curso-tecnico-parte-02\\\/#article\",\"isPartOf\":{\"@id\":\"https:\\\/\\\/www.univates.br\\\/blog\\\/quais-atividades-profissionais-posso-exercer-depois-de-formado-em-um-curso-tecnico-parte-02\\\/\"},\"author\":{\"name\":\"Marketing Univates\",\"@id\":\"https:\\\/\\\/www.univates.br\\\/blog\\\/#\\\/schema\\\/person\\\/15c63917440cc5e70160c247b309af2f\"},\"headline\":\"Quais atividades profissionais posso exercer depois de formado em um curso T\u00e9cnico? &#8211; Parte 02\",\"datePublished\":\"2022-05-06T13:33:12+00:00\",\"dateModified\":\"2023-12-21T00:23:12+00:00\",\"mainEntityOfPage\":{\"@id\":\"https:\\\/\\\/www.univates.br\\\/blog\\\/quais-atividades-profissionais-posso-exercer-depois-de-formado-em-um-curso-tecnico-parte-02\\\/\"},\"wordCount\":923,\"commentCount\":0,\"image\":{\"@id\":\"https:\\\/\\\/www.univates.br\\\/blog\\\/quais-atividades-profissionais-posso-exercer-depois-de-formado-em-um-curso-tecnico-parte-02\\\/#primaryimage\"},\"thumbnailUrl\":\"https:\\\/\\\/desenvolvimento.bravo.st\\\/univatesblog\\\/wp-content\\\/uploads\\\/2022\\\/05\\\/20170516142452_Amb_Nutri-11_1596145069.7393-1.jpg\",\"articleSection\":[\"Carreira\",\"Cursos T\u00e9cnicos\"],\"inLanguage\":\"pt-BR\",\"potentialAction\":[{\"@type\":\"CommentAction\",\"name\":\"Comment\",\"target\":[\"https:\\\/\\\/www.univates.br\\\/blog\\\/quais-atividades-profissionais-posso-exercer-depois-de-formado-em-um-curso-tecnico-parte-02\\\/#respond\"]}]},{\"@type\":\"WebPage\",\"@id\":\"https:\\\/\\\/www.univates.br\\\/blog\\\/quais-atividades-profissionais-posso-exercer-depois-de-formado-em-um-curso-tecnico-parte-02\\\/\",\"url\":\"https:\\\/\\\/www.univates.br\\\/blog\\\/quais-atividades-profissionais-posso-exercer-depois-de-formado-em-um-curso-tecnico-parte-02\\\/\",\"name\":\"Quais atividades profissionais posso exercer depois de formado em um curso T\u00e9cnico? - Parte 02 - Univates Blog\",\"isPartOf\":{\"@id\":\"https:\\\/\\\/www.univates.br\\\/blog\\\/#website\"},\"primaryImageOfPage\":{\"@id\":\"https:\\\/\\\/www.univates.br\\\/blog\\\/quais-atividades-profissionais-posso-exercer-depois-de-formado-em-um-curso-tecnico-parte-02\\\/#primaryimage\"},\"image\":{\"@id\":\"https:\\\/\\\/www.univates.br\\\/blog\\\/quais-atividades-profissionais-posso-exercer-depois-de-formado-em-um-curso-tecnico-parte-02\\\/#primaryimage\"},\"thumbnailUrl\":\"https:\\\/\\\/desenvolvimento.bravo.st\\\/univatesblog\\\/wp-content\\\/uploads\\\/2022\\\/05\\\/20170516142452_Amb_Nutri-11_1596145069.7393-1.jpg\",\"datePublished\":\"2022-05-06T13:33:12+00:00\",\"dateModified\":\"2023-12-21T00:23:12+00:00\",\"author\":{\"@id\":\"https:\\\/\\\/www.univates.br\\\/blog\\\/#\\\/schema\\\/person\\\/15c63917440cc5e70160c247b309af2f\"},\"breadcrumb\":{\"@id\":\"https:\\\/\\\/www.univates.br\\\/blog\\\/quais-atividades-profissionais-posso-exercer-depois-de-formado-em-um-curso-tecnico-parte-02\\\/#breadcrumb\"},\"inLanguage\":\"pt-BR\",\"potentialAction\":[{\"@type\":\"ReadAction\",\"target\":[\"https:\\\/\\\/www.univates.br\\\/blog\\\/quais-atividades-profissionais-posso-exercer-depois-de-formado-em-um-curso-tecnico-parte-02\\\/\"]}]},{\"@type\":\"ImageObject\",\"inLanguage\":\"pt-BR\",\"@id\":\"https:\\\/\\\/www.univates.br\\\/blog\\\/quais-atividades-profissionais-posso-exercer-depois-de-formado-em-um-curso-tecnico-parte-02\\\/#primaryimage\",\"url\":\"https:\\\/\\\/desenvolvimento.bravo.st\\\/univatesblog\\\/wp-content\\\/uploads\\\/2022\\\/05\\\/20170516142452_Amb_Nutri-11_1596145069.7393-1.jpg\",\"contentUrl\":\"https:\\\/\\\/desenvolvimento.bravo.st\\\/univatesblog\\\/wp-content\\\/uploads\\\/2022\\\/05\\\/20170516142452_Amb_Nutri-11_1596145069.7393-1.jpg\"},{\"@type\":\"BreadcrumbList\",\"@id\":\"https:\\\/\\\/www.univates.br\\\/blog\\\/quais-atividades-profissionais-posso-exercer-depois-de-formado-em-um-curso-tecnico-parte-02\\\/#breadcrumb\",\"itemListElement\":[{\"@type\":\"ListItem\",\"position\":1,\"name\":\"Home\",\"item\":\"https:\\\/\\\/www.univates.br\\\/blog\\\/\"},{\"@type\":\"ListItem\",\"position\":2,\"name\":\"Quais atividades profissionais posso exercer depois de formado em um curso T\u00e9cnico? &#8211; Parte 02\"}]},{\"@type\":\"WebSite\",\"@id\":\"https:\\\/\\\/www.univates.br\\\/blog\\\/#website\",\"url\":\"https:\\\/\\\/www.univates.br\\\/blog\\\/\",\"name\":\"Univates Blog\",\"description\":\"\",\"potentialAction\":[{\"@type\":\"SearchAction\",\"target\":{\"@type\":\"EntryPoint\",\"urlTemplate\":\"https:\\\/\\\/www.univates.br\\\/blog\\\/?s={search_term_string}\"},\"query-input\":{\"@type\":\"PropertyValueSpecification\",\"valueRequired\":true,\"valueName\":\"search_term_string\"}}],\"inLanguage\":\"pt-BR\"},{\"@type\":\"Person\",\"@id\":\"https:\\\/\\\/www.univates.br\\\/blog\\\/#\\\/schema\\\/person\\\/15c63917440cc5e70160c247b309af2f\",\"name\":\"Marketing Univates\",\"image\":{\"@type\":\"ImageObject\",\"inLanguage\":\"pt-BR\",\"@id\":\"https:\\\/\\\/secure.gravatar.com\\\/avatar\\\/511f9e77a6a3d0cddd9074f69a722364bc7f787e73d4a0da1f727ba62704eda4?s=96&d=mm&r=g\",\"url\":\"https:\\\/\\\/secure.gravatar.com\\\/avatar\\\/511f9e77a6a3d0cddd9074f69a722364bc7f787e73d4a0da1f727ba62704eda4?s=96&d=mm&r=g\",\"contentUrl\":\"https:\\\/\\\/secure.gravatar.com\\\/avatar\\\/511f9e77a6a3d0cddd9074f69a722364bc7f787e73d4a0da1f727ba62704eda4?s=96&d=mm&r=g\",\"caption\":\"Marketing Univates\"},\"sameAs\":[\"http:\\\/\\\/univates.br\"],\"url\":\"https:\\\/\\\/www.univates.br\\\/blog\\\/author\\\/marketing\\\/\"}]}<\/script>\n<!-- \/ Yoast SEO plugin. -->","yoast_head_json":{"title":"Quais atividades profissionais posso exercer depois de formado em um curso T\u00e9cnico? - Parte 02 - Univates Blog","robots":{"index":"index","follow":"follow","max-snippet":"max-snippet:-1","max-image-preview":"max-image-preview:large","max-video-preview":"max-video-preview:-1"},"canonical":"https:\/\/www.univates.br\/blog\/quais-atividades-profissionais-posso-exercer-depois-de-formado-em-um-curso-tecnico-parte-02\/","og_locale":"pt_BR","og_type":"article","og_title":"Quais atividades profissionais posso exercer depois de formado em um curso T\u00e9cnico? - Parte 02 - Univates Blog","og_description":"Precisando de ajuda para descobrir quais&nbsp;atividades profissionais&nbsp;voc\u00ea poder\u00e1&nbsp;exercer&nbsp;depois de&nbsp;formado&nbsp;nos&nbsp;cursos T\u00e9cnicos&nbsp;em&nbsp;Alimentos,&nbsp;Cervejaria&nbsp;ou&nbsp;Seguran\u00e7a do Trabalho? Se sim, n\u00e3o deixe de dar uma olhadinha no&nbsp;post&nbsp;de hoje, que re\u00fane, al\u00e9m das principais atribui\u00e7\u00f5es dos diplomados, informa\u00e7\u00f5es sobre os Conselhos que regulamentam as diretrizes dessas \u00e1reas.\u2026","og_url":"https:\/\/www.univates.br\/blog\/quais-atividades-profissionais-posso-exercer-depois-de-formado-em-um-curso-tecnico-parte-02\/","og_site_name":"Univates Blog","article_published_time":"2022-05-06T13:33:12+00:00","article_modified_time":"2023-12-21T00:23:12+00:00","og_image":[{"url":"https:\/\/desenvolvimento.bravo.st\/univatesblog\/wp-content\/uploads\/2022\/05\/20170516142452_Amb_Nutri-11_1596145069.7393-1.jpg","type":"","width":"","height":""}],"author":"Marketing Univates","twitter_card":"summary_large_image","twitter_misc":{"Escrito por":"Marketing Univates","Est. tempo de leitura":"5 minutos"},"schema":{"@context":"https:\/\/schema.org","@graph":[{"@type":"Article","@id":"https:\/\/www.univates.br\/blog\/quais-atividades-profissionais-posso-exercer-depois-de-formado-em-um-curso-tecnico-parte-02\/#article","isPartOf":{"@id":"https:\/\/www.univates.br\/blog\/quais-atividades-profissionais-posso-exercer-depois-de-formado-em-um-curso-tecnico-parte-02\/"},"author":{"name":"Marketing Univates","@id":"https:\/\/www.univates.br\/blog\/#\/schema\/person\/15c63917440cc5e70160c247b309af2f"},"headline":"Quais atividades profissionais posso exercer depois de formado em um curso T\u00e9cnico? &#8211; Parte 02","datePublished":"2022-05-06T13:33:12+00:00","dateModified":"2023-12-21T00:23:12+00:00","mainEntityOfPage":{"@id":"https:\/\/www.univates.br\/blog\/quais-atividades-profissionais-posso-exercer-depois-de-formado-em-um-curso-tecnico-parte-02\/"},"wordCount":923,"commentCount":0,"image":{"@id":"https:\/\/www.univates.br\/blog\/quais-atividades-profissionais-posso-exercer-depois-de-formado-em-um-curso-tecnico-parte-02\/#primaryimage"},"thumbnailUrl":"https:\/\/desenvolvimento.bravo.st\/univatesblog\/wp-content\/uploads\/2022\/05\/20170516142452_Amb_Nutri-11_1596145069.7393-1.jpg","articleSection":["Carreira","Cursos T\u00e9cnicos"],"inLanguage":"pt-BR","potentialAction":[{"@type":"CommentAction","name":"Comment","target":["https:\/\/www.univates.br\/blog\/quais-atividades-profissionais-posso-exercer-depois-de-formado-em-um-curso-tecnico-parte-02\/#respond"]}]},{"@type":"WebPage","@id":"https:\/\/www.univates.br\/blog\/quais-atividades-profissionais-posso-exercer-depois-de-formado-em-um-curso-tecnico-parte-02\/","url":"https:\/\/www.univates.br\/blog\/quais-atividades-profissionais-posso-exercer-depois-de-formado-em-um-curso-tecnico-parte-02\/","name":"Quais atividades profissionais posso exercer depois de formado em um curso T\u00e9cnico? - Parte 02 - Univates Blog","isPartOf":{"@id":"https:\/\/www.univates.br\/blog\/#website"},"primaryImageOfPage":{"@id":"https:\/\/www.univates.br\/blog\/quais-atividades-profissionais-posso-exercer-depois-de-formado-em-um-curso-tecnico-parte-02\/#primaryimage"},"image":{"@id":"https:\/\/www.univates.br\/blog\/quais-atividades-profissionais-posso-exercer-depois-de-formado-em-um-curso-tecnico-parte-02\/#primaryimage"},"thumbnailUrl":"https:\/\/desenvolvimento.bravo.st\/univatesblog\/wp-content\/uploads\/2022\/05\/20170516142452_Amb_Nutri-11_1596145069.7393-1.jpg","datePublished":"2022-05-06T13:33:12+00:00","dateModified":"2023-12-21T00:23:12+00:00","author":{"@id":"https:\/\/www.univates.br\/blog\/#\/schema\/person\/15c63917440cc5e70160c247b309af2f"},"breadcrumb":{"@id":"https:\/\/www.univates.br\/blog\/quais-atividades-profissionais-posso-exercer-depois-de-formado-em-um-curso-tecnico-parte-02\/#breadcrumb"},"inLanguage":"pt-BR","potentialAction":[{"@type":"ReadAction","target":["https:\/\/www.univates.br\/blog\/quais-atividades-profissionais-posso-exercer-depois-de-formado-em-um-curso-tecnico-parte-02\/"]}]},{"@type":"ImageObject","inLanguage":"pt-BR","@id":"https:\/\/www.univates.br\/blog\/quais-atividades-profissionais-posso-exercer-depois-de-formado-em-um-curso-tecnico-parte-02\/#primaryimage","url":"https:\/\/desenvolvimento.bravo.st\/univatesblog\/wp-content\/uploads\/2022\/05\/20170516142452_Amb_Nutri-11_1596145069.7393-1.jpg","contentUrl":"https:\/\/desenvolvimento.bravo.st\/univatesblog\/wp-content\/uploads\/2022\/05\/20170516142452_Amb_Nutri-11_1596145069.7393-1.jpg"},{"@type":"BreadcrumbList","@id":"https:\/\/www.univates.br\/blog\/quais-atividades-profissionais-posso-exercer-depois-de-formado-em-um-curso-tecnico-parte-02\/#breadcrumb","itemListElement":[{"@type":"ListItem","position":1,"name":"Home","item":"https:\/\/www.univates.br\/blog\/"},{"@type":"ListItem","position":2,"name":"Quais atividades profissionais posso exercer depois de formado em um curso T\u00e9cnico? &#8211; Parte 02"}]},{"@type":"WebSite","@id":"https:\/\/www.univates.br\/blog\/#website","url":"https:\/\/www.univates.br\/blog\/","name":"Univates Blog","description":"","potentialAction":[{"@type":"SearchAction","target":{"@type":"EntryPoint","urlTemplate":"https:\/\/www.univates.br\/blog\/?s={search_term_string}"},"query-input":{"@type":"PropertyValueSpecification","valueRequired":true,"valueName":"search_term_string"}}],"inLanguage":"pt-BR"},{"@type":"Person","@id":"https:\/\/www.univates.br\/blog\/#\/schema\/person\/15c63917440cc5e70160c247b309af2f","name":"Marketing Univates","image":{"@type":"ImageObject","inLanguage":"pt-BR","@id":"https:\/\/secure.gravatar.com\/avatar\/511f9e77a6a3d0cddd9074f69a722364bc7f787e73d4a0da1f727ba62704eda4?s=96&d=mm&r=g","url":"https:\/\/secure.gravatar.com\/avatar\/511f9e77a6a3d0cddd9074f69a722364bc7f787e73d4a0da1f727ba62704eda4?s=96&d=mm&r=g","contentUrl":"https:\/\/secure.gravatar.com\/avatar\/511f9e77a6a3d0cddd9074f69a722364bc7f787e73d4a0da1f727ba62704eda4?s=96&d=mm&r=g","caption":"Marketing Univates"},"sameAs":["http:\/\/univates.br"],"url":"https:\/\/www.univates.br\/blog\/author\/marketing\/"}]}},"_links":{"self":[{"href":"https:\/\/www.univates.br\/blog\/wp-json\/wp\/v2\/posts\/763","targetHints":{"allow":["GET"]}}],"collection":[{"href":"https:\/\/www.univates.br\/blog\/wp-json\/wp\/v2\/posts"}],"about":[{"href":"https:\/\/www.univates.br\/blog\/wp-json\/wp\/v2\/types\/post"}],"author":[{"embeddable":true,"href":"https:\/\/www.univates.br\/blog\/wp-json\/wp\/v2\/users\/2"}],"replies":[{"embeddable":true,"href":"https:\/\/www.univates.br\/blog\/wp-json\/wp\/v2\/comments?post=763"}],"version-history":[{"count":12,"href":"https:\/\/www.univates.br\/blog\/wp-json\/wp\/v2\/posts\/763\/revisions"}],"predecessor-version":[{"id":5128,"href":"https:\/\/www.univates.br\/blog\/wp-json\/wp\/v2\/posts\/763\/revisions\/5128"}],"wp:attachment":[{"href":"https:\/\/www.univates.br\/blog\/wp-json\/wp\/v2\/media?parent=763"}],"wp:term":[{"taxonomy":"category","embeddable":true,"href":"https:\/\/www.univates.br\/blog\/wp-json\/wp\/v2\/categories?post=763"}],"curies":[{"name":"wp","href":"https:\/\/api.w.org\/{rel}","templated":true}]}}