{"id":766,"date":"2022-05-06T10:35:52","date_gmt":"2022-05-06T13:35:52","guid":{"rendered":"https:\/\/desenvolvimento.bravo.st\/univatesblog\/?p=766"},"modified":"2023-12-20T21:22:18","modified_gmt":"2023-12-21T00:22:18","slug":"quais-atividades-profissionais-posso-exercer-depois-de-formado-em-um-curso-tecnico-parte-01","status":"publish","type":"post","link":"https:\/\/www.univates.br\/blog\/quais-atividades-profissionais-posso-exercer-depois-de-formado-em-um-curso-tecnico-parte-01\/","title":{"rendered":"Quais atividades profissionais posso exercer depois de formado em um curso T\u00e9cnico? &#8211; Parte 01"},"content":{"rendered":"\n<p>Precisando de ajuda para descobrir quais&nbsp;<strong>atividades profissionais<\/strong>&nbsp;voc\u00ea poder\u00e1&nbsp;<strong>exercer<\/strong>&nbsp;depois de&nbsp;<strong>formado<\/strong>&nbsp;nos cursos T\u00e9cnicos em&nbsp;<a href=\"https:\/\/www.univates.br\/tecnicos\/enfermagem\">Enfermagem<\/a>,&nbsp;<a href=\"https:\/\/www.univates.br\/tecnicos\/radiologia\">Radiologia<\/a>&nbsp;ou&nbsp;<a href=\"https:\/\/www.univates.br\/tecnicos\/quimica\">Qu\u00edmica<\/a>? Se sim, n\u00e3o deixe de dar uma olhadinha no&nbsp;<em>post<\/em>&nbsp;de hoje, que re\u00fane, al\u00e9m das principais atribui\u00e7\u00f5es dos diplomados, informa\u00e7\u00f5es sobre os Conselhos que regulamentam as diretrizes dessas \u00e1reas. Fique ligado:&nbsp;<\/p>\n\n\n\n<h2 class=\"wp-block-heading\">\ud83d\udc89 T\u00e9cnico em Enfermagem<\/h2>\n\n\n\n<figure class=\"wp-block-image size-full\"><img loading=\"lazy\" decoding=\"async\" width=\"729\" height=\"486\" src=\"https:\/\/desenvolvimento.bravo.st\/univatesblog\/wp-content\/uploads\/2022\/05\/20141120104735_img_8766_1596142156.2141-1.jpg\" alt=\"\" class=\"wp-image-1872\" srcset=\"https:\/\/www.univates.br\/blog\/wp-content\/uploads\/2022\/05\/20141120104735_img_8766_1596142156.2141-1.jpg 729w, https:\/\/www.univates.br\/blog\/wp-content\/uploads\/2022\/05\/20141120104735_img_8766_1596142156.2141-1-600x400.jpg 600w, https:\/\/www.univates.br\/blog\/wp-content\/uploads\/2022\/05\/20141120104735_img_8766_1596142156.2141-1-150x100.jpg 150w\" sizes=\"auto, (max-width: 729px) 100vw, 729px\" \/><figcaption>Foto: Nath\u00e1lia Braga<\/figcaption><\/figure>\n\n\n\n<p><a href=\"https:\/\/www.univates.br\/media\/noticias_responsivo\/28139\/\/20141120104735_img_8766_1596142156.2141.jpg?1596142158999\"><\/a>\ud83c\udf93&nbsp;<strong>Vida de diplomado:<\/strong>&nbsp;<strong>o curso T\u00e9cnico<\/strong>&nbsp;em Enfermagem capacita os indiv\u00edduos para que, depois de&nbsp;<strong>formados<\/strong>, eles consigam&nbsp;<strong>exercer atividades profissionais<\/strong>&nbsp;nos n\u00edveis de promo\u00e7\u00e3o, preven\u00e7\u00e3o e reabilita\u00e7\u00e3o da sa\u00fade. Ap\u00f3s sa\u00edrem da universidade, os diplomados podem trabalhar em hospitais, cl\u00ednicas, ambulat\u00f3rios, postos de sa\u00fade, farm\u00e1cias, empresas, casas geri\u00e1tricas e tamb\u00e9m prestando assist\u00eancia m\u00e9dica domiciliar&nbsp;<em>(home care)<\/em>. Nesses locais, os t\u00e9cnicos auxiliam na realiza\u00e7\u00e3o de curativos, na administra\u00e7\u00e3o de medicamentos, na coleta de materiais para exames, na desinfec\u00e7\u00e3o e esteriliza\u00e7\u00e3o de equipamentos cir\u00fargicos, na aplica\u00e7\u00e3o de vacinas, entre outras fun\u00e7\u00f5es.<\/p>\n\n\n\n<p>\ud83d\udcbc&nbsp;<strong>O que \u00e9 e para que serve o Conselho Regional de Enfermagem&nbsp;<a href=\"https:\/\/www.portalcoren-rs.gov.br\/\">(COREN)<\/a>?<\/strong>&nbsp;Trata-se de um \u00f3rg\u00e3o que tem como objetivos b\u00e1sicos fiscalizar o cumprimento da Lei do Exerc\u00edcio Profissional, zelar pelo bom conceito da profiss\u00e3o e pelo acatamento do C\u00f3digo de \u00c9tica dos Profissionais de Enfermagem.<\/p>\n\n\n\n<h2 class=\"wp-block-heading\">\u2622\ufe0f T\u00e9cnico em Radiologia<\/h2>\n\n\n\n<figure class=\"wp-block-image size-full\"><img loading=\"lazy\" decoding=\"async\" width=\"729\" height=\"486\" src=\"https:\/\/desenvolvimento.bravo.st\/univatesblog\/wp-content\/uploads\/2022\/05\/20180918134130_3T0A1389_1596142948.3316.jpg\" alt=\"\" class=\"wp-image-1873\" srcset=\"https:\/\/www.univates.br\/blog\/wp-content\/uploads\/2022\/05\/20180918134130_3T0A1389_1596142948.3316.jpg 729w, https:\/\/www.univates.br\/blog\/wp-content\/uploads\/2022\/05\/20180918134130_3T0A1389_1596142948.3316-600x400.jpg 600w, https:\/\/www.univates.br\/blog\/wp-content\/uploads\/2022\/05\/20180918134130_3T0A1389_1596142948.3316-150x100.jpg 150w\" sizes=\"auto, (max-width: 729px) 100vw, 729px\" \/><figcaption>Foto: Ana Am\u00e9lia Ritt<\/figcaption><\/figure>\n\n\n\n<div class=\"bloco-gutenberg\">\n\n    <a href=\"https:\/\/materiais.univates.br\/mercado-de-trabalho-modalidade\" target=\"_blank\" class=\"guten-material\" style=\"background-color: #01e37f; color: #0a0a0a;\">\n                    <img decoding=\"async\" src=\"https:\/\/www.univates.br\/blog\/wp-content\/uploads\/2022\/05\/Design-sem-nome-4.png\" loading=\"lazy\">\n                <div class=\"texto\">\n                            <span>Descubra como se destacar no mercado de trabalho<\/span>\n                            <strong>Baixar e-book<\/strong>\n                    <\/div>\n    <\/a>\n    <\/div>\n\n\n<p>\ud83c\udf93&nbsp;<strong>Vida de diplomado:<\/strong>&nbsp;o&nbsp;<strong>curso T\u00e9cnico<\/strong>&nbsp;em Radiologia capacita os indiv\u00edduos para que, depois de&nbsp;<strong>formados<\/strong>, eles consigam auxiliar na realiza\u00e7\u00e3o de imagens anal\u00f3gicas e digitais, no posicionamento dos pacientes submetidos a exames radiol\u00f3gicos e tamb\u00e9m na aplica\u00e7\u00e3o de normas de biosseguran\u00e7a e de prote\u00e7\u00e3o radiol\u00f3gica. Os profissionais podem trabalhar nas \u00e1reas m\u00e9dica, veterin\u00e1ria, odontol\u00f3gica, industrial e tecnol\u00f3gica, desempenhando fun\u00e7\u00f5es em laborat\u00f3rios, cl\u00ednicas, hospitais, unidades de pronto-socorro, casas de sa\u00fade e centros de diagn\u00f3stico por imagem, por exemplo.<\/p>\n\n\n\n<p><em>Conhe\u00e7a tr\u00eas&nbsp;<strong>atividades profissionais<\/strong>&nbsp;que os diplomados do ramo podem&nbsp;<strong>exercer<\/strong>:&nbsp;<\/em><\/p>\n\n\n\n<p>\u2622\ufe0f t\u00e9cnicos em Radiologia s\u00e3o capacitados para realizar a diferencia\u00e7\u00e3o das caracter\u00edsticas dos principais exames radiol\u00f3gicos, correlacionando-os com as solicita\u00e7\u00f5es de exames;<\/p>\n\n\n\n<p>\u2622\ufe0f&nbsp;os diplomados do&nbsp;<strong>curso t\u00e9cnico<\/strong>&nbsp;tamb\u00e9m podem ajudar a executar protocolos e a fornecer orienta\u00e7\u00f5es pr\u00e9vias e preparo psicol\u00f3gico para os pacientes que ser\u00e3o submetidos a exames radiol\u00f3gicos;<\/p>\n\n\n\n<p>\u2622\ufe0f&nbsp;no dia a dia, s\u00e3o respons\u00e1veis por operar equipamentos de raio-x, tomografia computadorizada, resson\u00e2ncia magn\u00e9tica, densitometria \u00f3ssea, radioterapia, medicina nuclear, mamografia e hemodin\u00e2mica.<\/p>\n\n\n\n<p>\ud83d\udcbc&nbsp;<strong>O que \u00e9 e para que serve o Conselho Nacional de T\u00e9cnicos e Tecn\u00f3logos em Radiologia&nbsp;<a href=\"http:\/\/conter.gov.br\/\">(Conter)<\/a>?<\/strong>&nbsp;O Conter \u00e9 uma entidade que fiscaliza o exerc\u00edcio ilegal da profiss\u00e3o e contribui para promover a capacita\u00e7\u00e3o de t\u00e9cnicos em Radiologia. Tamb\u00e9m atua como um \u00f3rg\u00e3o disseminador de informa\u00e7\u00f5es da \u00e1rea.<\/p>\n\n\n\n<h2 class=\"wp-block-heading\">\ud83e\uddea T\u00e9cnico em Qu\u00edmica<\/h2>\n\n\n\n<figure class=\"wp-block-image size-full\"><img loading=\"lazy\" decoding=\"async\" width=\"729\" height=\"486\" src=\"https:\/\/desenvolvimento.bravo.st\/univatesblog\/wp-content\/uploads\/2022\/05\/20121010164813_img_4434_1596143429.2011.jpg\" alt=\"\" class=\"wp-image-1875\" srcset=\"https:\/\/www.univates.br\/blog\/wp-content\/uploads\/2022\/05\/20121010164813_img_4434_1596143429.2011.jpg 729w, https:\/\/www.univates.br\/blog\/wp-content\/uploads\/2022\/05\/20121010164813_img_4434_1596143429.2011-600x400.jpg 600w, https:\/\/www.univates.br\/blog\/wp-content\/uploads\/2022\/05\/20121010164813_img_4434_1596143429.2011-150x100.jpg 150w\" sizes=\"auto, (max-width: 729px) 100vw, 729px\" \/><figcaption>Foto: Tuane Eggers<\/figcaption><\/figure>\n\n\n\n<p><a href=\"https:\/\/www.univates.br\/media\/noticias_responsivo\/28139\/\/20121010164813_img_4434_1596143429.2011.jpg?1596143431087\"><\/a>\ud83c\udf93&nbsp;<strong>Vida de diplomado:<\/strong>&nbsp;os indiv\u00edduos que se formam no&nbsp;<strong>curso T\u00e9cnico<\/strong>&nbsp;em Qu\u00edmica podem&nbsp;<strong>exercer atividades profissionais<\/strong>&nbsp;de coordena\u00e7\u00e3o, opera\u00e7\u00e3o e controle de equipamentos e processos industriais, bem como no controle e na execu\u00e7\u00e3o de an\u00e1lises laboratoriais. \u00c9 comum que diplomados desse ramo elaborem e redijam manuais de controle de qualidade, realizem procedimentos e instru\u00e7\u00f5es de trabalho e fa\u00e7am auditorias a fim de identificar ferramentas de qualidade. Al\u00e9m disso, existe a op\u00e7\u00e3o de trabalhar na \u00e1rea de gest\u00e3o ambiental, tomando decis\u00f5es e propondo solu\u00e7\u00f5es para problemas que acometem a natureza.<\/p>\n\n\n\n<p>Os profissionais da \u00e1rea podem assinar como respons\u00e1veis t\u00e9cnicos de empresas de pequeno porte dos segmentos de bebidas, alimentos, couros, saneantes, cosm\u00e9ticos, entre outros. Laborat\u00f3rios e organiza\u00e7\u00f5es p\u00fablicas e privadas costumam empregar t\u00e9cnicos em Qu\u00edmica.<\/p>\n\n\n\n<p><strong>O que \u00e9 e para que serve o Conselho Regional de Qu\u00edmica&nbsp;<a href=\"http:\/\/www.crqv.org.br\/\">(CRQ)<\/a>?<\/strong>&nbsp;O CRQ \u00e9 uma entidade que tem como objetivo principal buscar a compreens\u00e3o adequada dos problemas voltados \u00e0 categoria dos Qu\u00edmicos no Brasil para, dessa forma, poder encontrar solu\u00e7\u00f5es que facilitem o exerc\u00edcio da profiss\u00e3o. Outras atribui\u00e7\u00f5es do \u00f3rg\u00e3o s\u00e3o: orientar e disciplinar a atua\u00e7\u00e3o profissional e promover estudos e campanhas em prol da racionaliza\u00e7\u00e3o administrativa do pa\u00eds.&nbsp;<\/p>\n\n\n\n<p><em>Para ficar por dentro das atribui\u00e7\u00f5es de profissionais\u00a0<strong>formados<\/strong>\u00a0em\u00a0<strong>cursos t\u00e9cnicos<\/strong>\u00a0que n\u00e3o foram listados nesta mat\u00e9ria, continue de olho no blog. Em breve, voc\u00ea poder\u00e1 ler a\u00a0<a href=\"https:\/\/www.univates.br\/blog\/\/post\/quais-atividades-profissionais-posso-exercer-depois-de-formado-em-um-curso-tecnico-parte-02\">segunda parte<\/a>\u00a0da s\u00e9rie de posts que estamos elaborando sobre o assunto.<\/em><\/p>\n\n\n\n<p><strong>Leia tamb\u00e9m:<\/strong><\/p>\n\n\n\n<p><strong>\ud83d\udcbc&nbsp;<\/strong><a href=\"https:\/\/www.univates.br\/blog\/\/post\/quer-empreender-cursando-um-tecnico-voce-pode\">Quer empreender? Cursando um t\u00e9cnico voc\u00ea pode!<\/a><\/p>\n\n\n\n<p>\ud83c\udfe0&nbsp;<a href=\"https:\/\/www.univates.br\/blog\/\/post\/como-funciona-o-curso-tecnico-em-design-de-interiores\">Como funciona o curso T\u00e9cnico em Design de Interiores?<\/a><\/p>\n\n\n\n<p>\ud83d\udcf7&nbsp;<a href=\"https:\/\/www.univates.br\/blog\/\/post\/como-funciona-o-curso-tecnico-em-processos-fotograficos\">Como funciona o curso T\u00e9cnico em Processos Fotogr\u00e1ficos?<\/a><\/p>\n\n\n\n<p>\ud83c\udfe5&nbsp;<a href=\"https:\/\/www.univates.br\/blog\/\/post\/como-funciona-o-curso-tecnico-em-imobilizacoes-ortopedicas\">Como funciona o curso T\u00e9cnico em Imobiliza\u00e7\u00f5es Ortop\u00e9dicas?<\/a><\/p>\n\n\n\n<p>\ud83e\udd14&nbsp;<a href=\"https:\/\/www.univates.br\/blog\/\/post\/confira-os-motivos-para-fazer-um-curso-tecnico-na-nossa-universidade\">Confira os motivos para fazer um curso T\u00e9cnico na nossa Universidade<\/a><\/p>\n\n\n\n<p>\ud83d\ude0d&nbsp;<a href=\"https:\/\/www.univates.br\/blog\/\/post\/ja-conhece-os-beneficios-de-ser-aluno-da-nossa-universidade\">J\u00e1 conhece os benef\u00edcios de ser aluno da nossa Universidade?<\/a><\/p>\n","protected":false},"excerpt":{"rendered":"<p>Precisando de ajuda para descobrir quais&nbsp;atividades profissionais&nbsp;voc\u00ea poder\u00e1&nbsp;exercer&nbsp;depois de&nbsp;formado&nbsp;nos cursos T\u00e9cnicos em&nbsp;Enfermagem,&nbsp;Radiologia&nbsp;ou&nbsp;Qu\u00edmica? Se sim, n\u00e3o deixe de dar uma olhadinha no&nbsp;post&nbsp;de hoje, que re\u00fane, al\u00e9m das principais atribui\u00e7\u00f5es dos diplomados, informa\u00e7\u00f5es sobre os Conselhos que regulamentam as diretrizes dessas \u00e1reas.\u2026<\/p>\n","protected":false},"author":2,"featured_media":0,"comment_status":"open","ping_status":"open","sticky":false,"template":"","format":"standard","meta":{"_acf_changed":false,"footnotes":""},"categories":[33,15],"class_list":["post-766","post","type-post","status-publish","format-standard","hentry","category-carreira","category-cursos-tecnicos","autor-lais-pontin-matos","area-cursos-tecnicos"],"acf":[],"yoast_head":"<!-- This site is optimized with the Yoast SEO plugin v27.3 - https:\/\/yoast.com\/product\/yoast-seo-wordpress\/ -->\n<title>Quais atividades profissionais posso exercer depois de formado em um curso T\u00e9cnico? - Parte 01 - Univates Blog<\/title>\n<meta name=\"robots\" content=\"index, follow, max-snippet:-1, max-image-preview:large, max-video-preview:-1\" \/>\n<link rel=\"canonical\" href=\"https:\/\/www.univates.br\/blog\/quais-atividades-profissionais-posso-exercer-depois-de-formado-em-um-curso-tecnico-parte-01\/\" \/>\n<meta property=\"og:locale\" content=\"pt_BR\" \/>\n<meta property=\"og:type\" content=\"article\" \/>\n<meta property=\"og:title\" content=\"Quais atividades profissionais posso exercer depois de formado em um curso T\u00e9cnico? - Parte 01 - Univates Blog\" \/>\n<meta property=\"og:description\" content=\"Precisando de ajuda para descobrir quais&nbsp;atividades profissionais&nbsp;voc\u00ea poder\u00e1&nbsp;exercer&nbsp;depois de&nbsp;formado&nbsp;nos cursos T\u00e9cnicos em&nbsp;Enfermagem,&nbsp;Radiologia&nbsp;ou&nbsp;Qu\u00edmica? Se sim, n\u00e3o deixe de dar uma olhadinha no&nbsp;post&nbsp;de hoje, que re\u00fane, al\u00e9m das principais atribui\u00e7\u00f5es dos diplomados, informa\u00e7\u00f5es sobre os Conselhos que regulamentam as diretrizes dessas \u00e1reas.\u2026\" \/>\n<meta property=\"og:url\" content=\"https:\/\/www.univates.br\/blog\/quais-atividades-profissionais-posso-exercer-depois-de-formado-em-um-curso-tecnico-parte-01\/\" \/>\n<meta property=\"og:site_name\" content=\"Univates Blog\" \/>\n<meta property=\"article:published_time\" content=\"2022-05-06T13:35:52+00:00\" \/>\n<meta property=\"article:modified_time\" content=\"2023-12-21T00:22:18+00:00\" \/>\n<meta property=\"og:image\" content=\"https:\/\/desenvolvimento.bravo.st\/univatesblog\/wp-content\/uploads\/2022\/05\/20141120104735_img_8766_1596142156.2141-1.jpg\" \/>\n<meta name=\"author\" content=\"Marketing Univates\" \/>\n<meta name=\"twitter:card\" content=\"summary_large_image\" \/>\n<meta name=\"twitter:label1\" content=\"Escrito por\" \/>\n\t<meta name=\"twitter:data1\" content=\"Marketing Univates\" \/>\n\t<meta name=\"twitter:label2\" content=\"Est. tempo de leitura\" \/>\n\t<meta name=\"twitter:data2\" content=\"5 minutos\" \/>\n<script type=\"application\/ld+json\" class=\"yoast-schema-graph\">{\"@context\":\"https:\\\/\\\/schema.org\",\"@graph\":[{\"@type\":\"Article\",\"@id\":\"https:\\\/\\\/www.univates.br\\\/blog\\\/quais-atividades-profissionais-posso-exercer-depois-de-formado-em-um-curso-tecnico-parte-01\\\/#article\",\"isPartOf\":{\"@id\":\"https:\\\/\\\/www.univates.br\\\/blog\\\/quais-atividades-profissionais-posso-exercer-depois-de-formado-em-um-curso-tecnico-parte-01\\\/\"},\"author\":{\"name\":\"Marketing Univates\",\"@id\":\"https:\\\/\\\/www.univates.br\\\/blog\\\/#\\\/schema\\\/person\\\/15c63917440cc5e70160c247b309af2f\"},\"headline\":\"Quais atividades profissionais posso exercer depois de formado em um curso T\u00e9cnico? &#8211; Parte 01\",\"datePublished\":\"2022-05-06T13:35:52+00:00\",\"dateModified\":\"2023-12-21T00:22:18+00:00\",\"mainEntityOfPage\":{\"@id\":\"https:\\\/\\\/www.univates.br\\\/blog\\\/quais-atividades-profissionais-posso-exercer-depois-de-formado-em-um-curso-tecnico-parte-01\\\/\"},\"wordCount\":914,\"commentCount\":0,\"image\":{\"@id\":\"https:\\\/\\\/www.univates.br\\\/blog\\\/quais-atividades-profissionais-posso-exercer-depois-de-formado-em-um-curso-tecnico-parte-01\\\/#primaryimage\"},\"thumbnailUrl\":\"https:\\\/\\\/desenvolvimento.bravo.st\\\/univatesblog\\\/wp-content\\\/uploads\\\/2022\\\/05\\\/20141120104735_img_8766_1596142156.2141-1.jpg\",\"articleSection\":[\"Carreira\",\"Cursos T\u00e9cnicos\"],\"inLanguage\":\"pt-BR\",\"potentialAction\":[{\"@type\":\"CommentAction\",\"name\":\"Comment\",\"target\":[\"https:\\\/\\\/www.univates.br\\\/blog\\\/quais-atividades-profissionais-posso-exercer-depois-de-formado-em-um-curso-tecnico-parte-01\\\/#respond\"]}]},{\"@type\":\"WebPage\",\"@id\":\"https:\\\/\\\/www.univates.br\\\/blog\\\/quais-atividades-profissionais-posso-exercer-depois-de-formado-em-um-curso-tecnico-parte-01\\\/\",\"url\":\"https:\\\/\\\/www.univates.br\\\/blog\\\/quais-atividades-profissionais-posso-exercer-depois-de-formado-em-um-curso-tecnico-parte-01\\\/\",\"name\":\"Quais atividades profissionais posso exercer depois de formado em um curso T\u00e9cnico? - Parte 01 - Univates Blog\",\"isPartOf\":{\"@id\":\"https:\\\/\\\/www.univates.br\\\/blog\\\/#website\"},\"primaryImageOfPage\":{\"@id\":\"https:\\\/\\\/www.univates.br\\\/blog\\\/quais-atividades-profissionais-posso-exercer-depois-de-formado-em-um-curso-tecnico-parte-01\\\/#primaryimage\"},\"image\":{\"@id\":\"https:\\\/\\\/www.univates.br\\\/blog\\\/quais-atividades-profissionais-posso-exercer-depois-de-formado-em-um-curso-tecnico-parte-01\\\/#primaryimage\"},\"thumbnailUrl\":\"https:\\\/\\\/desenvolvimento.bravo.st\\\/univatesblog\\\/wp-content\\\/uploads\\\/2022\\\/05\\\/20141120104735_img_8766_1596142156.2141-1.jpg\",\"datePublished\":\"2022-05-06T13:35:52+00:00\",\"dateModified\":\"2023-12-21T00:22:18+00:00\",\"author\":{\"@id\":\"https:\\\/\\\/www.univates.br\\\/blog\\\/#\\\/schema\\\/person\\\/15c63917440cc5e70160c247b309af2f\"},\"breadcrumb\":{\"@id\":\"https:\\\/\\\/www.univates.br\\\/blog\\\/quais-atividades-profissionais-posso-exercer-depois-de-formado-em-um-curso-tecnico-parte-01\\\/#breadcrumb\"},\"inLanguage\":\"pt-BR\",\"potentialAction\":[{\"@type\":\"ReadAction\",\"target\":[\"https:\\\/\\\/www.univates.br\\\/blog\\\/quais-atividades-profissionais-posso-exercer-depois-de-formado-em-um-curso-tecnico-parte-01\\\/\"]}]},{\"@type\":\"ImageObject\",\"inLanguage\":\"pt-BR\",\"@id\":\"https:\\\/\\\/www.univates.br\\\/blog\\\/quais-atividades-profissionais-posso-exercer-depois-de-formado-em-um-curso-tecnico-parte-01\\\/#primaryimage\",\"url\":\"https:\\\/\\\/desenvolvimento.bravo.st\\\/univatesblog\\\/wp-content\\\/uploads\\\/2022\\\/05\\\/20141120104735_img_8766_1596142156.2141-1.jpg\",\"contentUrl\":\"https:\\\/\\\/desenvolvimento.bravo.st\\\/univatesblog\\\/wp-content\\\/uploads\\\/2022\\\/05\\\/20141120104735_img_8766_1596142156.2141-1.jpg\"},{\"@type\":\"BreadcrumbList\",\"@id\":\"https:\\\/\\\/www.univates.br\\\/blog\\\/quais-atividades-profissionais-posso-exercer-depois-de-formado-em-um-curso-tecnico-parte-01\\\/#breadcrumb\",\"itemListElement\":[{\"@type\":\"ListItem\",\"position\":1,\"name\":\"Home\",\"item\":\"https:\\\/\\\/www.univates.br\\\/blog\\\/\"},{\"@type\":\"ListItem\",\"position\":2,\"name\":\"Quais atividades profissionais posso exercer depois de formado em um curso T\u00e9cnico? &#8211; Parte 01\"}]},{\"@type\":\"WebSite\",\"@id\":\"https:\\\/\\\/www.univates.br\\\/blog\\\/#website\",\"url\":\"https:\\\/\\\/www.univates.br\\\/blog\\\/\",\"name\":\"Univates Blog\",\"description\":\"\",\"potentialAction\":[{\"@type\":\"SearchAction\",\"target\":{\"@type\":\"EntryPoint\",\"urlTemplate\":\"https:\\\/\\\/www.univates.br\\\/blog\\\/?s={search_term_string}\"},\"query-input\":{\"@type\":\"PropertyValueSpecification\",\"valueRequired\":true,\"valueName\":\"search_term_string\"}}],\"inLanguage\":\"pt-BR\"},{\"@type\":\"Person\",\"@id\":\"https:\\\/\\\/www.univates.br\\\/blog\\\/#\\\/schema\\\/person\\\/15c63917440cc5e70160c247b309af2f\",\"name\":\"Marketing Univates\",\"image\":{\"@type\":\"ImageObject\",\"inLanguage\":\"pt-BR\",\"@id\":\"https:\\\/\\\/secure.gravatar.com\\\/avatar\\\/511f9e77a6a3d0cddd9074f69a722364bc7f787e73d4a0da1f727ba62704eda4?s=96&d=mm&r=g\",\"url\":\"https:\\\/\\\/secure.gravatar.com\\\/avatar\\\/511f9e77a6a3d0cddd9074f69a722364bc7f787e73d4a0da1f727ba62704eda4?s=96&d=mm&r=g\",\"contentUrl\":\"https:\\\/\\\/secure.gravatar.com\\\/avatar\\\/511f9e77a6a3d0cddd9074f69a722364bc7f787e73d4a0da1f727ba62704eda4?s=96&d=mm&r=g\",\"caption\":\"Marketing Univates\"},\"sameAs\":[\"http:\\\/\\\/univates.br\"],\"url\":\"https:\\\/\\\/www.univates.br\\\/blog\\\/author\\\/marketing\\\/\"}]}<\/script>\n<!-- \/ Yoast SEO plugin. -->","yoast_head_json":{"title":"Quais atividades profissionais posso exercer depois de formado em um curso T\u00e9cnico? - Parte 01 - Univates Blog","robots":{"index":"index","follow":"follow","max-snippet":"max-snippet:-1","max-image-preview":"max-image-preview:large","max-video-preview":"max-video-preview:-1"},"canonical":"https:\/\/www.univates.br\/blog\/quais-atividades-profissionais-posso-exercer-depois-de-formado-em-um-curso-tecnico-parte-01\/","og_locale":"pt_BR","og_type":"article","og_title":"Quais atividades profissionais posso exercer depois de formado em um curso T\u00e9cnico? - Parte 01 - Univates Blog","og_description":"Precisando de ajuda para descobrir quais&nbsp;atividades profissionais&nbsp;voc\u00ea poder\u00e1&nbsp;exercer&nbsp;depois de&nbsp;formado&nbsp;nos cursos T\u00e9cnicos em&nbsp;Enfermagem,&nbsp;Radiologia&nbsp;ou&nbsp;Qu\u00edmica? Se sim, n\u00e3o deixe de dar uma olhadinha no&nbsp;post&nbsp;de hoje, que re\u00fane, al\u00e9m das principais atribui\u00e7\u00f5es dos diplomados, informa\u00e7\u00f5es sobre os Conselhos que regulamentam as diretrizes dessas \u00e1reas.\u2026","og_url":"https:\/\/www.univates.br\/blog\/quais-atividades-profissionais-posso-exercer-depois-de-formado-em-um-curso-tecnico-parte-01\/","og_site_name":"Univates Blog","article_published_time":"2022-05-06T13:35:52+00:00","article_modified_time":"2023-12-21T00:22:18+00:00","og_image":[{"url":"https:\/\/desenvolvimento.bravo.st\/univatesblog\/wp-content\/uploads\/2022\/05\/20141120104735_img_8766_1596142156.2141-1.jpg","type":"","width":"","height":""}],"author":"Marketing Univates","twitter_card":"summary_large_image","twitter_misc":{"Escrito por":"Marketing Univates","Est. tempo de leitura":"5 minutos"},"schema":{"@context":"https:\/\/schema.org","@graph":[{"@type":"Article","@id":"https:\/\/www.univates.br\/blog\/quais-atividades-profissionais-posso-exercer-depois-de-formado-em-um-curso-tecnico-parte-01\/#article","isPartOf":{"@id":"https:\/\/www.univates.br\/blog\/quais-atividades-profissionais-posso-exercer-depois-de-formado-em-um-curso-tecnico-parte-01\/"},"author":{"name":"Marketing Univates","@id":"https:\/\/www.univates.br\/blog\/#\/schema\/person\/15c63917440cc5e70160c247b309af2f"},"headline":"Quais atividades profissionais posso exercer depois de formado em um curso T\u00e9cnico? &#8211; Parte 01","datePublished":"2022-05-06T13:35:52+00:00","dateModified":"2023-12-21T00:22:18+00:00","mainEntityOfPage":{"@id":"https:\/\/www.univates.br\/blog\/quais-atividades-profissionais-posso-exercer-depois-de-formado-em-um-curso-tecnico-parte-01\/"},"wordCount":914,"commentCount":0,"image":{"@id":"https:\/\/www.univates.br\/blog\/quais-atividades-profissionais-posso-exercer-depois-de-formado-em-um-curso-tecnico-parte-01\/#primaryimage"},"thumbnailUrl":"https:\/\/desenvolvimento.bravo.st\/univatesblog\/wp-content\/uploads\/2022\/05\/20141120104735_img_8766_1596142156.2141-1.jpg","articleSection":["Carreira","Cursos T\u00e9cnicos"],"inLanguage":"pt-BR","potentialAction":[{"@type":"CommentAction","name":"Comment","target":["https:\/\/www.univates.br\/blog\/quais-atividades-profissionais-posso-exercer-depois-de-formado-em-um-curso-tecnico-parte-01\/#respond"]}]},{"@type":"WebPage","@id":"https:\/\/www.univates.br\/blog\/quais-atividades-profissionais-posso-exercer-depois-de-formado-em-um-curso-tecnico-parte-01\/","url":"https:\/\/www.univates.br\/blog\/quais-atividades-profissionais-posso-exercer-depois-de-formado-em-um-curso-tecnico-parte-01\/","name":"Quais atividades profissionais posso exercer depois de formado em um curso T\u00e9cnico? - Parte 01 - Univates Blog","isPartOf":{"@id":"https:\/\/www.univates.br\/blog\/#website"},"primaryImageOfPage":{"@id":"https:\/\/www.univates.br\/blog\/quais-atividades-profissionais-posso-exercer-depois-de-formado-em-um-curso-tecnico-parte-01\/#primaryimage"},"image":{"@id":"https:\/\/www.univates.br\/blog\/quais-atividades-profissionais-posso-exercer-depois-de-formado-em-um-curso-tecnico-parte-01\/#primaryimage"},"thumbnailUrl":"https:\/\/desenvolvimento.bravo.st\/univatesblog\/wp-content\/uploads\/2022\/05\/20141120104735_img_8766_1596142156.2141-1.jpg","datePublished":"2022-05-06T13:35:52+00:00","dateModified":"2023-12-21T00:22:18+00:00","author":{"@id":"https:\/\/www.univates.br\/blog\/#\/schema\/person\/15c63917440cc5e70160c247b309af2f"},"breadcrumb":{"@id":"https:\/\/www.univates.br\/blog\/quais-atividades-profissionais-posso-exercer-depois-de-formado-em-um-curso-tecnico-parte-01\/#breadcrumb"},"inLanguage":"pt-BR","potentialAction":[{"@type":"ReadAction","target":["https:\/\/www.univates.br\/blog\/quais-atividades-profissionais-posso-exercer-depois-de-formado-em-um-curso-tecnico-parte-01\/"]}]},{"@type":"ImageObject","inLanguage":"pt-BR","@id":"https:\/\/www.univates.br\/blog\/quais-atividades-profissionais-posso-exercer-depois-de-formado-em-um-curso-tecnico-parte-01\/#primaryimage","url":"https:\/\/desenvolvimento.bravo.st\/univatesblog\/wp-content\/uploads\/2022\/05\/20141120104735_img_8766_1596142156.2141-1.jpg","contentUrl":"https:\/\/desenvolvimento.bravo.st\/univatesblog\/wp-content\/uploads\/2022\/05\/20141120104735_img_8766_1596142156.2141-1.jpg"},{"@type":"BreadcrumbList","@id":"https:\/\/www.univates.br\/blog\/quais-atividades-profissionais-posso-exercer-depois-de-formado-em-um-curso-tecnico-parte-01\/#breadcrumb","itemListElement":[{"@type":"ListItem","position":1,"name":"Home","item":"https:\/\/www.univates.br\/blog\/"},{"@type":"ListItem","position":2,"name":"Quais atividades profissionais posso exercer depois de formado em um curso T\u00e9cnico? &#8211; Parte 01"}]},{"@type":"WebSite","@id":"https:\/\/www.univates.br\/blog\/#website","url":"https:\/\/www.univates.br\/blog\/","name":"Univates Blog","description":"","potentialAction":[{"@type":"SearchAction","target":{"@type":"EntryPoint","urlTemplate":"https:\/\/www.univates.br\/blog\/?s={search_term_string}"},"query-input":{"@type":"PropertyValueSpecification","valueRequired":true,"valueName":"search_term_string"}}],"inLanguage":"pt-BR"},{"@type":"Person","@id":"https:\/\/www.univates.br\/blog\/#\/schema\/person\/15c63917440cc5e70160c247b309af2f","name":"Marketing Univates","image":{"@type":"ImageObject","inLanguage":"pt-BR","@id":"https:\/\/secure.gravatar.com\/avatar\/511f9e77a6a3d0cddd9074f69a722364bc7f787e73d4a0da1f727ba62704eda4?s=96&d=mm&r=g","url":"https:\/\/secure.gravatar.com\/avatar\/511f9e77a6a3d0cddd9074f69a722364bc7f787e73d4a0da1f727ba62704eda4?s=96&d=mm&r=g","contentUrl":"https:\/\/secure.gravatar.com\/avatar\/511f9e77a6a3d0cddd9074f69a722364bc7f787e73d4a0da1f727ba62704eda4?s=96&d=mm&r=g","caption":"Marketing Univates"},"sameAs":["http:\/\/univates.br"],"url":"https:\/\/www.univates.br\/blog\/author\/marketing\/"}]}},"_links":{"self":[{"href":"https:\/\/www.univates.br\/blog\/wp-json\/wp\/v2\/posts\/766","targetHints":{"allow":["GET"]}}],"collection":[{"href":"https:\/\/www.univates.br\/blog\/wp-json\/wp\/v2\/posts"}],"about":[{"href":"https:\/\/www.univates.br\/blog\/wp-json\/wp\/v2\/types\/post"}],"author":[{"embeddable":true,"href":"https:\/\/www.univates.br\/blog\/wp-json\/wp\/v2\/users\/2"}],"replies":[{"embeddable":true,"href":"https:\/\/www.univates.br\/blog\/wp-json\/wp\/v2\/comments?post=766"}],"version-history":[{"count":14,"href":"https:\/\/www.univates.br\/blog\/wp-json\/wp\/v2\/posts\/766\/revisions"}],"predecessor-version":[{"id":5126,"href":"https:\/\/www.univates.br\/blog\/wp-json\/wp\/v2\/posts\/766\/revisions\/5126"}],"wp:attachment":[{"href":"https:\/\/www.univates.br\/blog\/wp-json\/wp\/v2\/media?parent=766"}],"wp:term":[{"taxonomy":"category","embeddable":true,"href":"https:\/\/www.univates.br\/blog\/wp-json\/wp\/v2\/categories?post=766"}],"curies":[{"name":"wp","href":"https:\/\/api.w.org\/{rel}","templated":true}]}}