{"id":775,"date":"2022-05-06T10:47:51","date_gmt":"2022-05-06T13:47:51","guid":{"rendered":"https:\/\/desenvolvimento.bravo.st\/univatesblog\/?p=775"},"modified":"2023-12-20T21:20:19","modified_gmt":"2023-12-21T00:20:19","slug":"quer-empreender-cursando-um-tecnico-voce-pode","status":"publish","type":"post","link":"https:\/\/www.univates.br\/blog\/quer-empreender-cursando-um-tecnico-voce-pode\/","title":{"rendered":"Quer empreender? Cursando um t\u00e9cnico voc\u00ea pode!"},"content":{"rendered":"\n<p>Quando era estudante do&nbsp;<strong><a href=\"https:\/\/www.univates.br\/tecnicos\/seguranca-do-trabalho\">T\u00e9cnico em Seguran\u00e7a do Trabalho<\/a><\/strong>&nbsp;da Univates, Guilherme Luis Welter teve a oportunidade de fazer visitas t\u00e9cnicas e realizar treinamentos em diversas empresas do Rio Grande do Sul, Santa Catarina e Paran\u00e1. Inspirado pelas viv\u00eancias das sa\u00eddas de campo, o aluno decidiu que, em algum momento, iria&nbsp;<strong>empreender<\/strong>. Em 2018, dois anos ap\u00f3s a conclus\u00e3o do&nbsp;<strong>curso<\/strong>, Welter realizou o sonho de abrir o pr\u00f3prio neg\u00f3cio: fundou a Inova Treinamentos, uma empresa que presta servi\u00e7os de assessoria e treinamentos de sa\u00fade e seguran\u00e7a do trabalho para organiza\u00e7\u00f5es dos Vales do Taquari e Rio Pardo.<\/p>\n\n\n\n<figure class=\"wp-block-image size-full is-resized\"><img loading=\"lazy\" decoding=\"async\" src=\"https:\/\/desenvolvimento.bravo.st\/univatesblog\/wp-content\/uploads\/2022\/05\/Foto_Guilherme_Welter_1594312927.8974.jpg\" alt=\"\" class=\"wp-image-1887\" width=\"729\" height=\"486\" srcset=\"https:\/\/www.univates.br\/blog\/wp-content\/uploads\/2022\/05\/Foto_Guilherme_Welter_1594312927.8974.jpg 729w, https:\/\/www.univates.br\/blog\/wp-content\/uploads\/2022\/05\/Foto_Guilherme_Welter_1594312927.8974-600x400.jpg 600w, https:\/\/www.univates.br\/blog\/wp-content\/uploads\/2022\/05\/Foto_Guilherme_Welter_1594312927.8974-150x100.jpg 150w\" sizes=\"auto, (max-width: 729px) 100vw, 729px\" \/><figcaption>Foto: Reda\u00e7\u00e3o<\/figcaption><\/figure>\n\n\n\n<p><a href=\"https:\/\/www.univates.br\/media\/noticias_responsivo\/28020\/\/Foto_Guilherme_Welter_1594312927.8974.jpg?1594312929197\"><\/a>Welter conta que, ainda antes de se matricular no&nbsp;<strong>T\u00e9cnico em Seguran\u00e7a do Trabalho<\/strong>, come\u00e7ou a atuar como Jovem Aprendiz em uma empresa de Cruzeiro do Sul, desempenhando fun\u00e7\u00f5es na \u00e1rea de Servi\u00e7o Especializado em Engenharia de Seguran\u00e7a e Medicina do Trabalho (Sesmt). Passando a realizar o&nbsp;<strong>t\u00e9cnico<\/strong>, Welter viu seu desempenho profissional aumentar ainda mais.<\/p>\n\n\n\n<p>&#8220;O curso ofereceu excelentes disciplinas, que foram fundamentais para meu crescimento. Por ter tido a oportunidade de trabalhar no ramo, consegui fazer a jun\u00e7\u00e3o da parte te\u00f3rica das aulas com a pr\u00e1tica na empresa, o que facilitou minhas atividades do dia a dia, e adquiri \u00f3tima experi\u00eancia para buscar novos projetos e objetivos&#8221;, explica Guilherme Luis Welter, diplomado do curso T\u00e9cnico em Seguran\u00e7a do Trabalho da Univates<a href=\"https:\/\/www.univates.br\/media\/noticias_responsivo\/28020\/\/Guilherme_Welter_1594313225.2861.jpg?1594313225628\"><\/a><\/p>\n\n\n\n<div class=\"wp-block-media-text alignwide is-stacked-on-mobile\"><figure class=\"wp-block-media-text__media\"><img loading=\"lazy\" decoding=\"async\" width=\"291\" height=\"194\" src=\"https:\/\/desenvolvimento.bravo.st\/univatesblog\/wp-content\/uploads\/2022\/05\/Guilherme_Welter_1594313225.2861-1.jpg\" alt=\"\" class=\"wp-image-1889 size-full\" srcset=\"https:\/\/www.univates.br\/blog\/wp-content\/uploads\/2022\/05\/Guilherme_Welter_1594313225.2861-1.jpg 291w, https:\/\/www.univates.br\/blog\/wp-content\/uploads\/2022\/05\/Guilherme_Welter_1594313225.2861-1-150x100.jpg 150w\" sizes=\"auto, (max-width: 291px) 100vw, 291px\" \/><\/figure><div class=\"wp-block-media-text__content\">\n<blockquote class=\"wp-block-quote is-layout-flow wp-block-quote-is-layout-flow\"><p>Dois anos ap\u00f3s concluir o\u00a0<strong>curso T\u00e9cnico em Seguran\u00e7a do Trabalho<\/strong>, Welter resolveu\u00a0<strong>empreender<\/strong>\u00a0por conta pr\u00f3pria e fundou sua empresa. \u201cDurante a vida temos que ter metas e objetivos. Eu n\u00e3o queria cair na comodidade, ent\u00e3o decidi dar esse passo adiante, que eu sabia que seria um caminho dif\u00edcil, mas com empenho e dedica\u00e7\u00e3o tem dado certo\u201d, revela.<\/p><p><em>(Foto: Reda\u00e7\u00e3o)<\/em><\/p><\/blockquote>\n<\/div><\/div>\n\n\n\n<p>O diplomado destaca as viv\u00eancias em sala de aula como pontos cruciais no seu desenvolvimento. \u201cO&nbsp;<strong>curso T\u00e9cnico em Seguran\u00e7a do Trabalho<\/strong>&nbsp;tem disciplinas e professores excelentes, o que me deu a oportunidade de aprender muito sobre a \u00e1rea. Destaco tamb\u00e9m a disciplina de Empreendedorismo, que ajudou a entender a parte administrativa, o que me auxiliou muito na cria\u00e7\u00e3o da Inova\u201d, finaliza.&nbsp;<\/p>\n\n\n\n<p>\ud83d\ude91&nbsp;<a href=\"https:\/\/www.univates.br\/blog\/\/post\/como-funciona-o-curso-tecnico-em-imobilizacoes-ortopedicas\">Como funciona o curso T\u00e9cnico em Imobiliza\u00e7\u00f5es Ortop\u00e9dicas?<\/a><\/p>\n\n\n\n<p>\ud83d\udcf7&nbsp;<a href=\"https:\/\/www.univates.br\/blog\/\/post\/como-funciona-o-curso-tecnico-em-processos-fotograficos\">Como funciona o curso T\u00e9cnico em Processos Fotogr\u00e1ficos?<\/a><\/p>\n\n\n\n<p>\ud83c\udfe0&nbsp;<a href=\"https:\/\/www.univates.br\/blog\/\/post\/como-funciona-o-curso-tecnico-em-design-de-interiores\">Como funciona o curso T\u00e9cnico em&nbsp;<em>Design<\/em>&nbsp;de Interiores?<\/a><\/p>\n\n\n\n<p>\ud83c\udf93&nbsp;<a href=\"https:\/\/www.univates.br\/blog\/\/post\/estou-formadoa-e-agora-conheca-historias-de-sucesso-que-podem-te-inspirar\">Estou formado(a), e agora? Conhe\u00e7a hist\u00f3rias de sucesso que podem te inspirar!<\/a><\/p>\n\n\n\n<p>\ud83d\ude0d&nbsp;<a href=\"https:\/\/www.univates.br\/blog\/\/post\/ja-conhece-os-beneficios-de-ser-aluno-da-nossa-universidade\">J\u00e1 conhece os benef\u00edcios de ser aluno da nossa Universidade?<\/a><\/p>\n","protected":false},"excerpt":{"rendered":"<p>Quando era estudante do&nbsp;T\u00e9cnico em Seguran\u00e7a do Trabalho&nbsp;da Univates, Guilherme Luis Welter teve a oportunidade de fazer visitas t\u00e9cnicas e realizar treinamentos em diversas empresas do Rio Grande do Sul, Santa Catarina e Paran\u00e1. Inspirado pelas viv\u00eancias das sa\u00eddas de\u2026<\/p>\n","protected":false},"author":2,"featured_media":0,"comment_status":"open","ping_status":"open","sticky":false,"template":"","format":"standard","meta":{"_acf_changed":false,"footnotes":""},"categories":[33,15],"class_list":["post-775","post","type-post","status-publish","format-standard","hentry","category-carreira","category-cursos-tecnicos","autor-lais-pontin-matos","area-cursos-tecnicos","area-gestao"],"acf":[],"yoast_head":"<!-- This site is optimized with the Yoast SEO plugin v27.3 - https:\/\/yoast.com\/product\/yoast-seo-wordpress\/ -->\n<title>Quer empreender? Cursando um t\u00e9cnico voc\u00ea pode! - Univates Blog<\/title>\n<meta name=\"robots\" content=\"index, follow, max-snippet:-1, max-image-preview:large, max-video-preview:-1\" \/>\n<link rel=\"canonical\" href=\"https:\/\/www.univates.br\/blog\/quer-empreender-cursando-um-tecnico-voce-pode\/\" \/>\n<meta property=\"og:locale\" content=\"pt_BR\" \/>\n<meta property=\"og:type\" content=\"article\" \/>\n<meta property=\"og:title\" content=\"Quer empreender? Cursando um t\u00e9cnico voc\u00ea pode! - Univates Blog\" \/>\n<meta property=\"og:description\" content=\"Quando era estudante do&nbsp;T\u00e9cnico em Seguran\u00e7a do Trabalho&nbsp;da Univates, Guilherme Luis Welter teve a oportunidade de fazer visitas t\u00e9cnicas e realizar treinamentos em diversas empresas do Rio Grande do Sul, Santa Catarina e Paran\u00e1. Inspirado pelas viv\u00eancias das sa\u00eddas de\u2026\" \/>\n<meta property=\"og:url\" content=\"https:\/\/www.univates.br\/blog\/quer-empreender-cursando-um-tecnico-voce-pode\/\" \/>\n<meta property=\"og:site_name\" content=\"Univates Blog\" \/>\n<meta property=\"article:published_time\" content=\"2022-05-06T13:47:51+00:00\" \/>\n<meta property=\"article:modified_time\" content=\"2023-12-21T00:20:19+00:00\" \/>\n<meta property=\"og:image\" content=\"https:\/\/desenvolvimento.bravo.st\/univatesblog\/wp-content\/uploads\/2022\/05\/Foto_Guilherme_Welter_1594312927.8974.jpg\" \/>\n<meta name=\"author\" content=\"Marketing Univates\" \/>\n<meta name=\"twitter:card\" content=\"summary_large_image\" \/>\n<meta name=\"twitter:label1\" content=\"Escrito por\" \/>\n\t<meta name=\"twitter:data1\" content=\"Marketing Univates\" \/>\n\t<meta name=\"twitter:label2\" content=\"Est. tempo de leitura\" \/>\n\t<meta name=\"twitter:data2\" content=\"3 minutos\" \/>\n<script type=\"application\/ld+json\" class=\"yoast-schema-graph\">{\"@context\":\"https:\\\/\\\/schema.org\",\"@graph\":[{\"@type\":\"Article\",\"@id\":\"https:\\\/\\\/www.univates.br\\\/blog\\\/quer-empreender-cursando-um-tecnico-voce-pode\\\/#article\",\"isPartOf\":{\"@id\":\"https:\\\/\\\/www.univates.br\\\/blog\\\/quer-empreender-cursando-um-tecnico-voce-pode\\\/\"},\"author\":{\"name\":\"Marketing Univates\",\"@id\":\"https:\\\/\\\/www.univates.br\\\/blog\\\/#\\\/schema\\\/person\\\/15c63917440cc5e70160c247b309af2f\"},\"headline\":\"Quer empreender? Cursando um t\u00e9cnico voc\u00ea pode!\",\"datePublished\":\"2022-05-06T13:47:51+00:00\",\"dateModified\":\"2023-12-21T00:20:19+00:00\",\"mainEntityOfPage\":{\"@id\":\"https:\\\/\\\/www.univates.br\\\/blog\\\/quer-empreender-cursando-um-tecnico-voce-pode\\\/\"},\"wordCount\":467,\"commentCount\":0,\"image\":{\"@id\":\"https:\\\/\\\/www.univates.br\\\/blog\\\/quer-empreender-cursando-um-tecnico-voce-pode\\\/#primaryimage\"},\"thumbnailUrl\":\"https:\\\/\\\/desenvolvimento.bravo.st\\\/univatesblog\\\/wp-content\\\/uploads\\\/2022\\\/05\\\/Foto_Guilherme_Welter_1594312927.8974.jpg\",\"articleSection\":[\"Carreira\",\"Cursos T\u00e9cnicos\"],\"inLanguage\":\"pt-BR\",\"potentialAction\":[{\"@type\":\"CommentAction\",\"name\":\"Comment\",\"target\":[\"https:\\\/\\\/www.univates.br\\\/blog\\\/quer-empreender-cursando-um-tecnico-voce-pode\\\/#respond\"]}]},{\"@type\":\"WebPage\",\"@id\":\"https:\\\/\\\/www.univates.br\\\/blog\\\/quer-empreender-cursando-um-tecnico-voce-pode\\\/\",\"url\":\"https:\\\/\\\/www.univates.br\\\/blog\\\/quer-empreender-cursando-um-tecnico-voce-pode\\\/\",\"name\":\"Quer empreender? Cursando um t\u00e9cnico voc\u00ea pode! - Univates Blog\",\"isPartOf\":{\"@id\":\"https:\\\/\\\/www.univates.br\\\/blog\\\/#website\"},\"primaryImageOfPage\":{\"@id\":\"https:\\\/\\\/www.univates.br\\\/blog\\\/quer-empreender-cursando-um-tecnico-voce-pode\\\/#primaryimage\"},\"image\":{\"@id\":\"https:\\\/\\\/www.univates.br\\\/blog\\\/quer-empreender-cursando-um-tecnico-voce-pode\\\/#primaryimage\"},\"thumbnailUrl\":\"https:\\\/\\\/desenvolvimento.bravo.st\\\/univatesblog\\\/wp-content\\\/uploads\\\/2022\\\/05\\\/Foto_Guilherme_Welter_1594312927.8974.jpg\",\"datePublished\":\"2022-05-06T13:47:51+00:00\",\"dateModified\":\"2023-12-21T00:20:19+00:00\",\"author\":{\"@id\":\"https:\\\/\\\/www.univates.br\\\/blog\\\/#\\\/schema\\\/person\\\/15c63917440cc5e70160c247b309af2f\"},\"breadcrumb\":{\"@id\":\"https:\\\/\\\/www.univates.br\\\/blog\\\/quer-empreender-cursando-um-tecnico-voce-pode\\\/#breadcrumb\"},\"inLanguage\":\"pt-BR\",\"potentialAction\":[{\"@type\":\"ReadAction\",\"target\":[\"https:\\\/\\\/www.univates.br\\\/blog\\\/quer-empreender-cursando-um-tecnico-voce-pode\\\/\"]}]},{\"@type\":\"ImageObject\",\"inLanguage\":\"pt-BR\",\"@id\":\"https:\\\/\\\/www.univates.br\\\/blog\\\/quer-empreender-cursando-um-tecnico-voce-pode\\\/#primaryimage\",\"url\":\"https:\\\/\\\/desenvolvimento.bravo.st\\\/univatesblog\\\/wp-content\\\/uploads\\\/2022\\\/05\\\/Foto_Guilherme_Welter_1594312927.8974.jpg\",\"contentUrl\":\"https:\\\/\\\/desenvolvimento.bravo.st\\\/univatesblog\\\/wp-content\\\/uploads\\\/2022\\\/05\\\/Foto_Guilherme_Welter_1594312927.8974.jpg\"},{\"@type\":\"BreadcrumbList\",\"@id\":\"https:\\\/\\\/www.univates.br\\\/blog\\\/quer-empreender-cursando-um-tecnico-voce-pode\\\/#breadcrumb\",\"itemListElement\":[{\"@type\":\"ListItem\",\"position\":1,\"name\":\"Home\",\"item\":\"https:\\\/\\\/www.univates.br\\\/blog\\\/\"},{\"@type\":\"ListItem\",\"position\":2,\"name\":\"Quer empreender? Cursando um t\u00e9cnico voc\u00ea pode!\"}]},{\"@type\":\"WebSite\",\"@id\":\"https:\\\/\\\/www.univates.br\\\/blog\\\/#website\",\"url\":\"https:\\\/\\\/www.univates.br\\\/blog\\\/\",\"name\":\"Univates Blog\",\"description\":\"\",\"potentialAction\":[{\"@type\":\"SearchAction\",\"target\":{\"@type\":\"EntryPoint\",\"urlTemplate\":\"https:\\\/\\\/www.univates.br\\\/blog\\\/?s={search_term_string}\"},\"query-input\":{\"@type\":\"PropertyValueSpecification\",\"valueRequired\":true,\"valueName\":\"search_term_string\"}}],\"inLanguage\":\"pt-BR\"},{\"@type\":\"Person\",\"@id\":\"https:\\\/\\\/www.univates.br\\\/blog\\\/#\\\/schema\\\/person\\\/15c63917440cc5e70160c247b309af2f\",\"name\":\"Marketing Univates\",\"image\":{\"@type\":\"ImageObject\",\"inLanguage\":\"pt-BR\",\"@id\":\"https:\\\/\\\/secure.gravatar.com\\\/avatar\\\/511f9e77a6a3d0cddd9074f69a722364bc7f787e73d4a0da1f727ba62704eda4?s=96&d=mm&r=g\",\"url\":\"https:\\\/\\\/secure.gravatar.com\\\/avatar\\\/511f9e77a6a3d0cddd9074f69a722364bc7f787e73d4a0da1f727ba62704eda4?s=96&d=mm&r=g\",\"contentUrl\":\"https:\\\/\\\/secure.gravatar.com\\\/avatar\\\/511f9e77a6a3d0cddd9074f69a722364bc7f787e73d4a0da1f727ba62704eda4?s=96&d=mm&r=g\",\"caption\":\"Marketing Univates\"},\"sameAs\":[\"http:\\\/\\\/univates.br\"],\"url\":\"https:\\\/\\\/www.univates.br\\\/blog\\\/author\\\/marketing\\\/\"}]}<\/script>\n<!-- \/ Yoast SEO plugin. -->","yoast_head_json":{"title":"Quer empreender? Cursando um t\u00e9cnico voc\u00ea pode! - Univates Blog","robots":{"index":"index","follow":"follow","max-snippet":"max-snippet:-1","max-image-preview":"max-image-preview:large","max-video-preview":"max-video-preview:-1"},"canonical":"https:\/\/www.univates.br\/blog\/quer-empreender-cursando-um-tecnico-voce-pode\/","og_locale":"pt_BR","og_type":"article","og_title":"Quer empreender? Cursando um t\u00e9cnico voc\u00ea pode! - Univates Blog","og_description":"Quando era estudante do&nbsp;T\u00e9cnico em Seguran\u00e7a do Trabalho&nbsp;da Univates, Guilherme Luis Welter teve a oportunidade de fazer visitas t\u00e9cnicas e realizar treinamentos em diversas empresas do Rio Grande do Sul, Santa Catarina e Paran\u00e1. Inspirado pelas viv\u00eancias das sa\u00eddas de\u2026","og_url":"https:\/\/www.univates.br\/blog\/quer-empreender-cursando-um-tecnico-voce-pode\/","og_site_name":"Univates Blog","article_published_time":"2022-05-06T13:47:51+00:00","article_modified_time":"2023-12-21T00:20:19+00:00","og_image":[{"url":"https:\/\/desenvolvimento.bravo.st\/univatesblog\/wp-content\/uploads\/2022\/05\/Foto_Guilherme_Welter_1594312927.8974.jpg","type":"","width":"","height":""}],"author":"Marketing Univates","twitter_card":"summary_large_image","twitter_misc":{"Escrito por":"Marketing Univates","Est. tempo de leitura":"3 minutos"},"schema":{"@context":"https:\/\/schema.org","@graph":[{"@type":"Article","@id":"https:\/\/www.univates.br\/blog\/quer-empreender-cursando-um-tecnico-voce-pode\/#article","isPartOf":{"@id":"https:\/\/www.univates.br\/blog\/quer-empreender-cursando-um-tecnico-voce-pode\/"},"author":{"name":"Marketing Univates","@id":"https:\/\/www.univates.br\/blog\/#\/schema\/person\/15c63917440cc5e70160c247b309af2f"},"headline":"Quer empreender? Cursando um t\u00e9cnico voc\u00ea pode!","datePublished":"2022-05-06T13:47:51+00:00","dateModified":"2023-12-21T00:20:19+00:00","mainEntityOfPage":{"@id":"https:\/\/www.univates.br\/blog\/quer-empreender-cursando-um-tecnico-voce-pode\/"},"wordCount":467,"commentCount":0,"image":{"@id":"https:\/\/www.univates.br\/blog\/quer-empreender-cursando-um-tecnico-voce-pode\/#primaryimage"},"thumbnailUrl":"https:\/\/desenvolvimento.bravo.st\/univatesblog\/wp-content\/uploads\/2022\/05\/Foto_Guilherme_Welter_1594312927.8974.jpg","articleSection":["Carreira","Cursos T\u00e9cnicos"],"inLanguage":"pt-BR","potentialAction":[{"@type":"CommentAction","name":"Comment","target":["https:\/\/www.univates.br\/blog\/quer-empreender-cursando-um-tecnico-voce-pode\/#respond"]}]},{"@type":"WebPage","@id":"https:\/\/www.univates.br\/blog\/quer-empreender-cursando-um-tecnico-voce-pode\/","url":"https:\/\/www.univates.br\/blog\/quer-empreender-cursando-um-tecnico-voce-pode\/","name":"Quer empreender? Cursando um t\u00e9cnico voc\u00ea pode! - Univates Blog","isPartOf":{"@id":"https:\/\/www.univates.br\/blog\/#website"},"primaryImageOfPage":{"@id":"https:\/\/www.univates.br\/blog\/quer-empreender-cursando-um-tecnico-voce-pode\/#primaryimage"},"image":{"@id":"https:\/\/www.univates.br\/blog\/quer-empreender-cursando-um-tecnico-voce-pode\/#primaryimage"},"thumbnailUrl":"https:\/\/desenvolvimento.bravo.st\/univatesblog\/wp-content\/uploads\/2022\/05\/Foto_Guilherme_Welter_1594312927.8974.jpg","datePublished":"2022-05-06T13:47:51+00:00","dateModified":"2023-12-21T00:20:19+00:00","author":{"@id":"https:\/\/www.univates.br\/blog\/#\/schema\/person\/15c63917440cc5e70160c247b309af2f"},"breadcrumb":{"@id":"https:\/\/www.univates.br\/blog\/quer-empreender-cursando-um-tecnico-voce-pode\/#breadcrumb"},"inLanguage":"pt-BR","potentialAction":[{"@type":"ReadAction","target":["https:\/\/www.univates.br\/blog\/quer-empreender-cursando-um-tecnico-voce-pode\/"]}]},{"@type":"ImageObject","inLanguage":"pt-BR","@id":"https:\/\/www.univates.br\/blog\/quer-empreender-cursando-um-tecnico-voce-pode\/#primaryimage","url":"https:\/\/desenvolvimento.bravo.st\/univatesblog\/wp-content\/uploads\/2022\/05\/Foto_Guilherme_Welter_1594312927.8974.jpg","contentUrl":"https:\/\/desenvolvimento.bravo.st\/univatesblog\/wp-content\/uploads\/2022\/05\/Foto_Guilherme_Welter_1594312927.8974.jpg"},{"@type":"BreadcrumbList","@id":"https:\/\/www.univates.br\/blog\/quer-empreender-cursando-um-tecnico-voce-pode\/#breadcrumb","itemListElement":[{"@type":"ListItem","position":1,"name":"Home","item":"https:\/\/www.univates.br\/blog\/"},{"@type":"ListItem","position":2,"name":"Quer empreender? Cursando um t\u00e9cnico voc\u00ea pode!"}]},{"@type":"WebSite","@id":"https:\/\/www.univates.br\/blog\/#website","url":"https:\/\/www.univates.br\/blog\/","name":"Univates Blog","description":"","potentialAction":[{"@type":"SearchAction","target":{"@type":"EntryPoint","urlTemplate":"https:\/\/www.univates.br\/blog\/?s={search_term_string}"},"query-input":{"@type":"PropertyValueSpecification","valueRequired":true,"valueName":"search_term_string"}}],"inLanguage":"pt-BR"},{"@type":"Person","@id":"https:\/\/www.univates.br\/blog\/#\/schema\/person\/15c63917440cc5e70160c247b309af2f","name":"Marketing Univates","image":{"@type":"ImageObject","inLanguage":"pt-BR","@id":"https:\/\/secure.gravatar.com\/avatar\/511f9e77a6a3d0cddd9074f69a722364bc7f787e73d4a0da1f727ba62704eda4?s=96&d=mm&r=g","url":"https:\/\/secure.gravatar.com\/avatar\/511f9e77a6a3d0cddd9074f69a722364bc7f787e73d4a0da1f727ba62704eda4?s=96&d=mm&r=g","contentUrl":"https:\/\/secure.gravatar.com\/avatar\/511f9e77a6a3d0cddd9074f69a722364bc7f787e73d4a0da1f727ba62704eda4?s=96&d=mm&r=g","caption":"Marketing Univates"},"sameAs":["http:\/\/univates.br"],"url":"https:\/\/www.univates.br\/blog\/author\/marketing\/"}]}},"_links":{"self":[{"href":"https:\/\/www.univates.br\/blog\/wp-json\/wp\/v2\/posts\/775","targetHints":{"allow":["GET"]}}],"collection":[{"href":"https:\/\/www.univates.br\/blog\/wp-json\/wp\/v2\/posts"}],"about":[{"href":"https:\/\/www.univates.br\/blog\/wp-json\/wp\/v2\/types\/post"}],"author":[{"embeddable":true,"href":"https:\/\/www.univates.br\/blog\/wp-json\/wp\/v2\/users\/2"}],"replies":[{"embeddable":true,"href":"https:\/\/www.univates.br\/blog\/wp-json\/wp\/v2\/comments?post=775"}],"version-history":[{"count":14,"href":"https:\/\/www.univates.br\/blog\/wp-json\/wp\/v2\/posts\/775\/revisions"}],"predecessor-version":[{"id":5121,"href":"https:\/\/www.univates.br\/blog\/wp-json\/wp\/v2\/posts\/775\/revisions\/5121"}],"wp:attachment":[{"href":"https:\/\/www.univates.br\/blog\/wp-json\/wp\/v2\/media?parent=775"}],"wp:term":[{"taxonomy":"category","embeddable":true,"href":"https:\/\/www.univates.br\/blog\/wp-json\/wp\/v2\/categories?post=775"}],"curies":[{"name":"wp","href":"https:\/\/api.w.org\/{rel}","templated":true}]}}