{"id":781,"date":"2022-05-06T11:03:54","date_gmt":"2022-05-06T14:03:54","guid":{"rendered":"https:\/\/desenvolvimento.bravo.st\/univatesblog\/?p=781"},"modified":"2023-12-20T14:58:10","modified_gmt":"2023-12-20T17:58:10","slug":"como-funciona-o-curso-tecnico-em-design-de-interiores","status":"publish","type":"post","link":"https:\/\/www.univates.br\/blog\/como-funciona-o-curso-tecnico-em-design-de-interiores\/","title":{"rendered":"Como funciona o curso T\u00e9cnico em Design de Interiores?"},"content":{"rendered":"\n<p>Observando atentamente a imagem abaixo, voc\u00ea consegue identificar quem s\u00e3o os dois homens retratados? Um, tic, dois, tac, tr\u00eas, tic\u2026 E a\u00ed, teve tempo para formular algum palpite? Se voc\u00ea curte&nbsp;<strong><em>Design<\/em>&nbsp;de Interiores<\/strong>&nbsp;certamente se interessaria por eles. Os profissionais que aparecem na fotografia chamam-se Drew e Jonathan Scott, personalidades conhecid\u00edssimas da televis\u00e3o a cabo. Canadenses, os irm\u00e3os g\u00eameos comandam h\u00e1 quase uma d\u00e9cada um programa que ajuda fam\u00edlias a encontrar, comprar e&nbsp;reformar&nbsp;im\u00f3veis \ud83c\udfe1 em pa\u00edses como Canad\u00e1 e Estados Unidos.&nbsp;<\/p>\n\n\n\n<p>Se seus interesses profissionais condizem com os dessa dupla din\u00e2mica, que tal descobrir&nbsp;<strong>como funciona<\/strong>&nbsp;o&nbsp;<strong><a href=\"https:\/\/www.univates.br\/tecnicos\/design-de-interiores\/\">T\u00e9cnico em&nbsp;<em>Design&nbsp;<\/em>de Interiores<\/a><\/strong>? No decorrer do&nbsp;<strong>curso<\/strong>, conclu\u00eddo em 800 horas letivas (2 anos), os estudantes aprendem a organizar de forma racional, funcional e com cuidado est\u00e9tico os espa\u00e7os internos de resid\u00eancias e ambientes de trabalho, de acordo com o desejo dos clientes. Mantenha seus olhos grudadinhos no&nbsp;<em>post<\/em>&nbsp;de hoje (que est\u00e1 demais!) e, depois de l\u00ea-lo, providencie a caixa de ferramentas \ud83e\uddf0 e os cat\u00e1logos \ud83d\udcda de cores, arregace as mangas \ud83d\udcaa e&nbsp;M\u00c3OS \u00c0 OBRA!*&nbsp;\ud83d\udee0<a href=\"https:\/\/www.univates.br\/media\/noticias_responsivo\/27970\/\/shutterstock_316221863_1593462163.6912.jpg?1593462164515\"><\/a><\/p>\n\n\n\n<figure class=\"wp-block-image size-full\"><img loading=\"lazy\" decoding=\"async\" width=\"729\" height=\"486\" src=\"https:\/\/desenvolvimento.bravo.st\/univatesblog\/wp-content\/uploads\/2022\/05\/shutterstock_316221863_1593462163.6912-1.jpg\" alt=\"\" class=\"wp-image-1898\" srcset=\"https:\/\/www.univates.br\/blog\/wp-content\/uploads\/2022\/05\/shutterstock_316221863_1593462163.6912-1.jpg 729w, https:\/\/www.univates.br\/blog\/wp-content\/uploads\/2022\/05\/shutterstock_316221863_1593462163.6912-1-600x400.jpg 600w, https:\/\/www.univates.br\/blog\/wp-content\/uploads\/2022\/05\/shutterstock_316221863_1593462163.6912-1-150x100.jpg 150w\" sizes=\"auto, (max-width: 729px) 100vw, 729px\" \/><figcaption>Foto: Divulga\u00e7\u00e3o\/Shutterstock<\/figcaption><\/figure>\n\n\n\n<h2 class=\"wp-block-heading\">Conhe\u00e7a detalhes do T\u00e9cnico em Design de Interiores \ud83d\udd0e<\/h2>\n\n\n\n<p>O&nbsp;<strong>T\u00e9cnico em&nbsp;<em>Design<\/em>&nbsp;de Interiores<\/strong>&nbsp;n\u00e3o s\u00f3 elabora projetos, mas tamb\u00e9m acompanha e ajuda a executar reformas e decora\u00e7\u00f5es. Al\u00e9m disso, pensa em m\u00f3veis e solu\u00e7\u00f5es pr\u00e1ticas para casas, escrit\u00f3rios, empresas e muitos outros ambientes. Ele n\u00e3o leva somente em considera\u00e7\u00e3o a beleza e a combina\u00e7\u00e3o de texturas e m\u00f3veis, ele faz tudo ficar mais funcional e f\u00e1cil para se viver melhor! Formando-se no&nbsp;<strong>curso<\/strong>, voc\u00ea estar\u00e1 capacitado para:&nbsp;<\/p>\n\n\n\n<p>\u270f desenvolver esbo\u00e7os, perspectivas e desenhos;<\/p>\n\n\n\n<p>\ud83d\udce6&nbsp;planejar e organizar espa\u00e7os internos;<\/p>\n\n\n\n<p>\ud83e\uddd0&nbsp;identificar elementos b\u00e1sicos para a concep\u00e7\u00e3o de projetos, representando-os nos espa\u00e7os bi e tridimensional;<\/p>\n\n\n\n<p>\ud83c\udfd8&nbsp;proporcionar melhoria da qualidade de vida da popula\u00e7\u00e3o, atendendo \u00e0s normas t\u00e9cnicas de ergonomia, ac\u00fastica e luminosidade, por meio da capta\u00e7\u00e3o dos desejos dos clientes e da transforma\u00e7\u00e3o de ideias em projetos concretos.<a href=\"https:\/\/www.univates.br\/media\/noticias_responsivo\/27970\/\/20130122143110_img_3066_1593462974.4858.jpg?1593462975303\"><\/a><\/p>\n\n\n\n<div class=\"wp-block-media-text alignwide is-stacked-on-mobile\"><figure class=\"wp-block-media-text__media\"><img loading=\"lazy\" decoding=\"async\" width=\"291\" height=\"194\" src=\"https:\/\/desenvolvimento.bravo.st\/univatesblog\/wp-content\/uploads\/2022\/05\/20130122143110_img_3066_1593462974.4858.jpg\" alt=\"\" class=\"wp-image-1900 size-full\" srcset=\"https:\/\/www.univates.br\/blog\/wp-content\/uploads\/2022\/05\/20130122143110_img_3066_1593462974.4858.jpg 291w, https:\/\/www.univates.br\/blog\/wp-content\/uploads\/2022\/05\/20130122143110_img_3066_1593462974.4858-150x100.jpg 150w\" sizes=\"auto, (max-width: 291px) 100vw, 291px\" \/><\/figure><div class=\"wp-block-media-text__content\">\n<blockquote class=\"wp-block-quote is-layout-flow wp-block-quote-is-layout-flow\"><p>A coordenadora do&nbsp;<strong>T\u00e9cnico em&nbsp;<em>Design<\/em>&nbsp;de Interiores<\/strong>&nbsp;da Univates, Milene Duarte Rechlinski, revela algumas caracter\u00edsticas que as pessoas que ingressam no&nbsp;<strong>curso<\/strong>&nbsp;t\u00eam em comum. \u201cOs estudantes da \u00e1rea gostam de decorar ambientes internos e de saber&nbsp;<strong>como funcionam<\/strong>&nbsp;as tend\u00eancias desse universo. Al\u00e9m disso, curtem criar e organizar espa\u00e7os baseando-se na combina\u00e7\u00e3o de cores, texturas, ilumina\u00e7\u00e3o, vegeta\u00e7\u00e3o e mobili\u00e1rio\u201d, relata.<\/p><cite><em>(Foto: Elise Bozzeto)<\/em><\/cite><\/blockquote>\n<\/div><\/div>\n\n\n\n<p>Considerando a import\u00e2ncia da utiliza\u00e7\u00e3o de materiais sustent\u00e1veis nos projetos e aliando aspectos de ergonomia, acessibilidade e conforto ambiental, os profissionais do ramo trabalham para assegurar o bem-estar dos indiv\u00edduos que posteriormente poder\u00e3o usufruir dos espa\u00e7os remodelados ou ent\u00e3o criados a partir do zero.<a href=\"https:\/\/materiais.univates.br\/com-que-curso-eu-vou-modalidade\" target=\"_blank\" rel=\"noreferrer noopener\"><\/a>https:\/\/www.youtube.com\/embed\/RFR6kPdK3Ro<\/p>\n\n\n\n<h2 class=\"wp-block-heading\">A grade curricular do T\u00e9cnico em Design de Interiores \ud83c\udf93<a href=\"https:\/\/www.univates.br\/media\/noticias_responsivo\/27970\/\/20130709134236_img_4165_1593463420.7144.jpg?1593463421432\"><\/a><\/h2>\n\n\n\n<div class=\"wp-block-media-text alignwide is-stacked-on-mobile\"><figure class=\"wp-block-media-text__media\"><img loading=\"lazy\" decoding=\"async\" width=\"291\" height=\"194\" src=\"https:\/\/desenvolvimento.bravo.st\/univatesblog\/wp-content\/uploads\/2022\/05\/20130709134236_img_4165_1593463420.7144.jpg\" alt=\"\" class=\"wp-image-1901 size-full\" srcset=\"https:\/\/www.univates.br\/blog\/wp-content\/uploads\/2022\/05\/20130709134236_img_4165_1593463420.7144.jpg 291w, https:\/\/www.univates.br\/blog\/wp-content\/uploads\/2022\/05\/20130709134236_img_4165_1593463420.7144-150x100.jpg 150w\" sizes=\"auto, (max-width: 291px) 100vw, 291px\" \/><\/figure><div class=\"wp-block-media-text__content\">\n<p>O embasamento te\u00f3rico que os estudantes do&nbsp;<strong>T\u00e9cnico em&nbsp;<em>Design<\/em>&nbsp;de Interiores<\/strong>&nbsp;adquirem no decorrer de sua forma\u00e7\u00e3o acad\u00eamica \u00e9 muito importante: baseando-se nele, os alunos conseguem desenvolver com seguran\u00e7a, excel\u00eancia e efic\u00e1cia as atividades inerentes \u00e0 profiss\u00e3o que ir\u00e3o exercer no futuro. As disciplinas pr\u00e1ticas tamb\u00e9m integram a grade curricular do&nbsp;<strong>curso<\/strong>. Abaixo voc\u00ea pode conferir os detalhes de duas dessas mat\u00e9rias:&nbsp;<\/p>\n\n\n\n<p><em>(Foto: Tuane Eggers)<\/em><\/p>\n<\/div><\/div>\n\n\n\n<p>\ud83d\uddbc&nbsp;<em><strong>Design de Interiores<\/strong>&nbsp;&#8211; Projeto Experimental:<\/em>&nbsp;esta disciplina objetiva proporcionar o contato inicial com o projeto de decora\u00e7\u00e3o de interiores e o dom\u00ednio de metodologias de processos de projetos;&nbsp;<\/p>\n\n\n\n<p>\ud83d\udcbb&nbsp;<em>Projeto de Computa\u00e7\u00e3o Gr\u00e1fica:<\/em>&nbsp;nesta disciplina voc\u00ea ir\u00e1 aprender a utilizar diversos&nbsp;<em>softwares<\/em>&nbsp;de desenho t\u00e9cnico, adequando-os \u00e0 finalidade, ao cliente, \u00e0 funcionalidade e \u00e0 disponibilidade do cliente e seu projeto. D\u00ea&nbsp;<em>play<\/em>&nbsp;no v\u00eddeo abaixo e veja, na pr\u00e1tica, do que estamos falando:&nbsp;<\/p>\n\n\n\n<figure class=\"wp-block-embed is-type-video is-provider-youtube wp-block-embed-youtube wp-embed-aspect-16-9 wp-has-aspect-ratio\"><div class=\"wp-block-embed__wrapper\">\n<iframe loading=\"lazy\" title=\"Anima\u00e7\u00e3o parecido com irm\u00e3os a obra.\" width=\"500\" height=\"281\" src=\"https:\/\/www.youtube.com\/embed\/MDrdRMQJxvo?feature=oembed\" frameborder=\"0\" allow=\"accelerometer; autoplay; clipboard-write; encrypted-media; gyroscope; picture-in-picture; web-share\" referrerpolicy=\"strict-origin-when-cross-origin\" allowfullscreen><\/iframe>\n<\/div><\/figure>\n\n\n\n<h2 class=\"wp-block-heading\">Por que a Univates? \ud83c\udfeb<\/h2>\n\n\n\n<p>Indeciso a respeito de qual universidade escolher para iniciar seus estudos? A Univates \u00e9 a melhor op\u00e7\u00e3o. Em nossa Institui\u00e7\u00e3o voc\u00ea paga seu&nbsp;<strong>T\u00e9cnico em&nbsp;<em>Design&nbsp;<\/em>de Interiores<\/strong>&nbsp;sem juros e no dobro do tempo de dura\u00e7\u00e3o do&nbsp;<strong>curso<\/strong>! Saiba mais sobre essa facilidade clicando&nbsp;<a href=\"https:\/\/www.univates.br\/espaco-academico\/financiamentos\/credivates2\">aqui<\/a>.&nbsp;<\/p>\n\n\n\n<p>\ud83d\ude0d\u00a0<a href=\"https:\/\/www.univates.br\/blog\/\/post\/ja-conhece-os-beneficios-de-ser-aluno-da-nossa-universidade\">J\u00e1 conhece os benef\u00edcios de ser aluno da nossa Universidade?<\/a><\/p>\n\n\n\n<div class=\"bloco-gutenberg\">\n\n    <a href=\"https:\/\/materiais.univates.br\/saiba-qual-profissao-e-a-sua-cara\" target=\"_blank\" class=\"guten-material\" style=\"background-color: #ff5d4a; color: #0a0a0a;\">\n                    <img decoding=\"async\" src=\"https:\/\/www.univates.br\/blog\/wp-content\/uploads\/2022\/05\/Design-sem-nome-4.png\" loading=\"lazy\">\n                <div class=\"texto\">\n                            <span>Saiba qual profiss\u00e3o \u00e9 a sua cara<\/span>\n                            <strong>Baixar e-book<\/strong>\n                    <\/div>\n    <\/a>\n    <\/div>\n\n\n<h2 class=\"wp-block-heading\">Para se inspirar \ud83d\udcfa<\/h2>\n\n\n\n<p>Certo, voc\u00ea (ainda) n\u00e3o foi contratado para apresentar um programa de compra e reforma de im\u00f3veis. Enquanto aguarda o telefonema \ud83d\udcde da emissora que lhe far\u00e1 uma proposta do tipo, que tal acompanhar os epis\u00f3dios de&nbsp;<em>Property Brothers<\/em>&nbsp;exibidos no canal pago&nbsp;<a href=\"https:\/\/www.discoverybrasil.com\/discoveryhh\">Discovery Home &amp; Health<\/a>&nbsp;e tamb\u00e9m dispon\u00edveis no&nbsp;<a href=\"https:\/\/www.youtube.com\/results?search_query=Irm%C3%A3os+%C3%A0+obra+-+epis%C3%B3dios\">YouTube<\/a>? Essa \u00e9 uma \u00f3tima maneira de j\u00e1 ir se preparando para a chegada do estrelato, sabia? \ud83c\udf1f\ud83e\udd29<\/p>\n\n\n\n<figure class=\"wp-block-image size-full\"><img loading=\"lazy\" decoding=\"async\" width=\"729\" height=\"486\" src=\"https:\/\/desenvolvimento.bravo.st\/univatesblog\/wp-content\/uploads\/2022\/05\/shutterstock_190280396_1593464256.508.jpg\" alt=\"\" class=\"wp-image-1902\" srcset=\"https:\/\/www.univates.br\/blog\/wp-content\/uploads\/2022\/05\/shutterstock_190280396_1593464256.508.jpg 729w, https:\/\/www.univates.br\/blog\/wp-content\/uploads\/2022\/05\/shutterstock_190280396_1593464256.508-600x400.jpg 600w, https:\/\/www.univates.br\/blog\/wp-content\/uploads\/2022\/05\/shutterstock_190280396_1593464256.508-150x100.jpg 150w\" sizes=\"auto, (max-width: 729px) 100vw, 729px\" \/><figcaption>Foto: Divulga\u00e7\u00e3o\/Shutterstock<\/figcaption><\/figure>\n\n\n\n<p><a href=\"https:\/\/www.univates.br\/media\/noticias_responsivo\/27970\/\/shutterstock_190280396_1593464256.508.jpg?1593464257279\"><\/a>M\u00c3OS \u00c0 OBRA*:&nbsp;trocadilho com o nome da atra\u00e7\u00e3o, que aqui no Brasil se chama Irm\u00e3os \u00e0 Obra.&nbsp;<\/p>\n\n\n\n<p>\ud83d\ude91\u00a0<a href=\"https:\/\/www.univates.br\/blog\/\/post\/como-funciona-o-curso-tecnico-em-imobilizacoes-ortopedicas\">Como funciona o curso T\u00e9cnico em Imobiliza\u00e7\u00f5es Ortop\u00e9dicas?<\/a><\/p>\n\n\n\n<p>\ud83d\udcf7\u00a0<a href=\"https:\/\/www.univates.br\/blog\/\/post\/como-funciona-o-curso-tecnico-em-processos-fotograficos\">Como funciona o curso T\u00e9cnico em Processos Fotogr\u00e1ficos?<\/a><\/p>\n\n\n\n<p>\u2708\u00a0<a href=\"https:\/\/www.univates.br\/blog\/\/post\/intercambio-academico-durante-o-curso-tecnico\">Interc\u00e2mbio acad\u00eamico durante o curso t\u00e9cnico?<\/a><\/p>\n\n\n\n<p>\u2753\u00a0<a href=\"https:\/\/www.univates.br\/blog\/\/post\/confira-os-motivos-para-fazer-um-curso-tecnico-na-nossa-universidade\">Confira os motivos para fazer um curso t\u00e9cnico na nossa Universidade<\/a><\/p>\n","protected":false},"excerpt":{"rendered":"<p>Observando atentamente a imagem abaixo, voc\u00ea consegue identificar quem s\u00e3o os dois homens retratados? Um, tic, dois, tac, tr\u00eas, tic\u2026 E a\u00ed, teve tempo para formular algum palpite? Se voc\u00ea curte&nbsp;Design&nbsp;de Interiores&nbsp;certamente se interessaria por eles. Os profissionais que aparecem\u2026<\/p>\n","protected":false},"author":2,"featured_media":0,"comment_status":"open","ping_status":"open","sticky":false,"template":"","format":"standard","meta":{"_acf_changed":false,"footnotes":""},"categories":[33,15],"class_list":["post-781","post","type-post","status-publish","format-standard","hentry","category-carreira","category-cursos-tecnicos","autor-lais-pontin-matos","curso-tecnico-em-design-de-interiores","area-arquitetura-e-engenharias","area-cursos-tecnicos"],"acf":[],"yoast_head":"<!-- This site is optimized with the Yoast SEO plugin v27.3 - https:\/\/yoast.com\/product\/yoast-seo-wordpress\/ -->\n<title>Como funciona o curso T\u00e9cnico em Design de Interiores? - Univates Blog<\/title>\n<meta name=\"robots\" content=\"index, follow, max-snippet:-1, max-image-preview:large, max-video-preview:-1\" \/>\n<link rel=\"canonical\" href=\"https:\/\/www.univates.br\/blog\/como-funciona-o-curso-tecnico-em-design-de-interiores\/\" \/>\n<meta property=\"og:locale\" content=\"pt_BR\" \/>\n<meta property=\"og:type\" content=\"article\" \/>\n<meta property=\"og:title\" content=\"Como funciona o curso T\u00e9cnico em Design de Interiores? - Univates Blog\" \/>\n<meta property=\"og:description\" content=\"Observando atentamente a imagem abaixo, voc\u00ea consegue identificar quem s\u00e3o os dois homens retratados? Um, tic, dois, tac, tr\u00eas, tic\u2026 E a\u00ed, teve tempo para formular algum palpite? Se voc\u00ea curte&nbsp;Design&nbsp;de Interiores&nbsp;certamente se interessaria por eles. Os profissionais que aparecem\u2026\" \/>\n<meta property=\"og:url\" content=\"https:\/\/www.univates.br\/blog\/como-funciona-o-curso-tecnico-em-design-de-interiores\/\" \/>\n<meta property=\"og:site_name\" content=\"Univates Blog\" \/>\n<meta property=\"article:published_time\" content=\"2022-05-06T14:03:54+00:00\" \/>\n<meta property=\"article:modified_time\" content=\"2023-12-20T17:58:10+00:00\" \/>\n<meta property=\"og:image\" content=\"https:\/\/desenvolvimento.bravo.st\/univatesblog\/wp-content\/uploads\/2022\/05\/shutterstock_316221863_1593462163.6912-1.jpg\" \/>\n<meta name=\"author\" content=\"Marketing Univates\" \/>\n<meta name=\"twitter:card\" content=\"summary_large_image\" \/>\n<meta name=\"twitter:label1\" content=\"Escrito por\" \/>\n\t<meta name=\"twitter:data1\" content=\"Marketing Univates\" \/>\n\t<meta name=\"twitter:label2\" content=\"Est. tempo de leitura\" \/>\n\t<meta name=\"twitter:data2\" content=\"5 minutos\" \/>\n<script type=\"application\/ld+json\" class=\"yoast-schema-graph\">{\"@context\":\"https:\\\/\\\/schema.org\",\"@graph\":[{\"@type\":\"Article\",\"@id\":\"https:\\\/\\\/www.univates.br\\\/blog\\\/como-funciona-o-curso-tecnico-em-design-de-interiores\\\/#article\",\"isPartOf\":{\"@id\":\"https:\\\/\\\/www.univates.br\\\/blog\\\/como-funciona-o-curso-tecnico-em-design-de-interiores\\\/\"},\"author\":{\"name\":\"Marketing Univates\",\"@id\":\"https:\\\/\\\/www.univates.br\\\/blog\\\/#\\\/schema\\\/person\\\/15c63917440cc5e70160c247b309af2f\"},\"headline\":\"Como funciona o curso T\u00e9cnico em Design de Interiores?\",\"datePublished\":\"2022-05-06T14:03:54+00:00\",\"dateModified\":\"2023-12-20T17:58:10+00:00\",\"mainEntityOfPage\":{\"@id\":\"https:\\\/\\\/www.univates.br\\\/blog\\\/como-funciona-o-curso-tecnico-em-design-de-interiores\\\/\"},\"wordCount\":934,\"commentCount\":0,\"image\":{\"@id\":\"https:\\\/\\\/www.univates.br\\\/blog\\\/como-funciona-o-curso-tecnico-em-design-de-interiores\\\/#primaryimage\"},\"thumbnailUrl\":\"https:\\\/\\\/desenvolvimento.bravo.st\\\/univatesblog\\\/wp-content\\\/uploads\\\/2022\\\/05\\\/shutterstock_316221863_1593462163.6912-1.jpg\",\"articleSection\":[\"Carreira\",\"Cursos T\u00e9cnicos\"],\"inLanguage\":\"pt-BR\",\"potentialAction\":[{\"@type\":\"CommentAction\",\"name\":\"Comment\",\"target\":[\"https:\\\/\\\/www.univates.br\\\/blog\\\/como-funciona-o-curso-tecnico-em-design-de-interiores\\\/#respond\"]}]},{\"@type\":\"WebPage\",\"@id\":\"https:\\\/\\\/www.univates.br\\\/blog\\\/como-funciona-o-curso-tecnico-em-design-de-interiores\\\/\",\"url\":\"https:\\\/\\\/www.univates.br\\\/blog\\\/como-funciona-o-curso-tecnico-em-design-de-interiores\\\/\",\"name\":\"Como funciona o curso T\u00e9cnico em Design de Interiores? - Univates Blog\",\"isPartOf\":{\"@id\":\"https:\\\/\\\/www.univates.br\\\/blog\\\/#website\"},\"primaryImageOfPage\":{\"@id\":\"https:\\\/\\\/www.univates.br\\\/blog\\\/como-funciona-o-curso-tecnico-em-design-de-interiores\\\/#primaryimage\"},\"image\":{\"@id\":\"https:\\\/\\\/www.univates.br\\\/blog\\\/como-funciona-o-curso-tecnico-em-design-de-interiores\\\/#primaryimage\"},\"thumbnailUrl\":\"https:\\\/\\\/desenvolvimento.bravo.st\\\/univatesblog\\\/wp-content\\\/uploads\\\/2022\\\/05\\\/shutterstock_316221863_1593462163.6912-1.jpg\",\"datePublished\":\"2022-05-06T14:03:54+00:00\",\"dateModified\":\"2023-12-20T17:58:10+00:00\",\"author\":{\"@id\":\"https:\\\/\\\/www.univates.br\\\/blog\\\/#\\\/schema\\\/person\\\/15c63917440cc5e70160c247b309af2f\"},\"breadcrumb\":{\"@id\":\"https:\\\/\\\/www.univates.br\\\/blog\\\/como-funciona-o-curso-tecnico-em-design-de-interiores\\\/#breadcrumb\"},\"inLanguage\":\"pt-BR\",\"potentialAction\":[{\"@type\":\"ReadAction\",\"target\":[\"https:\\\/\\\/www.univates.br\\\/blog\\\/como-funciona-o-curso-tecnico-em-design-de-interiores\\\/\"]}]},{\"@type\":\"ImageObject\",\"inLanguage\":\"pt-BR\",\"@id\":\"https:\\\/\\\/www.univates.br\\\/blog\\\/como-funciona-o-curso-tecnico-em-design-de-interiores\\\/#primaryimage\",\"url\":\"https:\\\/\\\/desenvolvimento.bravo.st\\\/univatesblog\\\/wp-content\\\/uploads\\\/2022\\\/05\\\/shutterstock_316221863_1593462163.6912-1.jpg\",\"contentUrl\":\"https:\\\/\\\/desenvolvimento.bravo.st\\\/univatesblog\\\/wp-content\\\/uploads\\\/2022\\\/05\\\/shutterstock_316221863_1593462163.6912-1.jpg\"},{\"@type\":\"BreadcrumbList\",\"@id\":\"https:\\\/\\\/www.univates.br\\\/blog\\\/como-funciona-o-curso-tecnico-em-design-de-interiores\\\/#breadcrumb\",\"itemListElement\":[{\"@type\":\"ListItem\",\"position\":1,\"name\":\"Home\",\"item\":\"https:\\\/\\\/www.univates.br\\\/blog\\\/\"},{\"@type\":\"ListItem\",\"position\":2,\"name\":\"Como funciona o curso T\u00e9cnico em Design de Interiores?\"}]},{\"@type\":\"WebSite\",\"@id\":\"https:\\\/\\\/www.univates.br\\\/blog\\\/#website\",\"url\":\"https:\\\/\\\/www.univates.br\\\/blog\\\/\",\"name\":\"Univates Blog\",\"description\":\"\",\"potentialAction\":[{\"@type\":\"SearchAction\",\"target\":{\"@type\":\"EntryPoint\",\"urlTemplate\":\"https:\\\/\\\/www.univates.br\\\/blog\\\/?s={search_term_string}\"},\"query-input\":{\"@type\":\"PropertyValueSpecification\",\"valueRequired\":true,\"valueName\":\"search_term_string\"}}],\"inLanguage\":\"pt-BR\"},{\"@type\":\"Person\",\"@id\":\"https:\\\/\\\/www.univates.br\\\/blog\\\/#\\\/schema\\\/person\\\/15c63917440cc5e70160c247b309af2f\",\"name\":\"Marketing Univates\",\"image\":{\"@type\":\"ImageObject\",\"inLanguage\":\"pt-BR\",\"@id\":\"https:\\\/\\\/secure.gravatar.com\\\/avatar\\\/511f9e77a6a3d0cddd9074f69a722364bc7f787e73d4a0da1f727ba62704eda4?s=96&d=mm&r=g\",\"url\":\"https:\\\/\\\/secure.gravatar.com\\\/avatar\\\/511f9e77a6a3d0cddd9074f69a722364bc7f787e73d4a0da1f727ba62704eda4?s=96&d=mm&r=g\",\"contentUrl\":\"https:\\\/\\\/secure.gravatar.com\\\/avatar\\\/511f9e77a6a3d0cddd9074f69a722364bc7f787e73d4a0da1f727ba62704eda4?s=96&d=mm&r=g\",\"caption\":\"Marketing Univates\"},\"sameAs\":[\"http:\\\/\\\/univates.br\"],\"url\":\"https:\\\/\\\/www.univates.br\\\/blog\\\/author\\\/marketing\\\/\"}]}<\/script>\n<!-- \/ Yoast SEO plugin. -->","yoast_head_json":{"title":"Como funciona o curso T\u00e9cnico em Design de Interiores? - Univates Blog","robots":{"index":"index","follow":"follow","max-snippet":"max-snippet:-1","max-image-preview":"max-image-preview:large","max-video-preview":"max-video-preview:-1"},"canonical":"https:\/\/www.univates.br\/blog\/como-funciona-o-curso-tecnico-em-design-de-interiores\/","og_locale":"pt_BR","og_type":"article","og_title":"Como funciona o curso T\u00e9cnico em Design de Interiores? - Univates Blog","og_description":"Observando atentamente a imagem abaixo, voc\u00ea consegue identificar quem s\u00e3o os dois homens retratados? Um, tic, dois, tac, tr\u00eas, tic\u2026 E a\u00ed, teve tempo para formular algum palpite? Se voc\u00ea curte&nbsp;Design&nbsp;de Interiores&nbsp;certamente se interessaria por eles. Os profissionais que aparecem\u2026","og_url":"https:\/\/www.univates.br\/blog\/como-funciona-o-curso-tecnico-em-design-de-interiores\/","og_site_name":"Univates Blog","article_published_time":"2022-05-06T14:03:54+00:00","article_modified_time":"2023-12-20T17:58:10+00:00","og_image":[{"url":"https:\/\/desenvolvimento.bravo.st\/univatesblog\/wp-content\/uploads\/2022\/05\/shutterstock_316221863_1593462163.6912-1.jpg","type":"","width":"","height":""}],"author":"Marketing Univates","twitter_card":"summary_large_image","twitter_misc":{"Escrito por":"Marketing Univates","Est. tempo de leitura":"5 minutos"},"schema":{"@context":"https:\/\/schema.org","@graph":[{"@type":"Article","@id":"https:\/\/www.univates.br\/blog\/como-funciona-o-curso-tecnico-em-design-de-interiores\/#article","isPartOf":{"@id":"https:\/\/www.univates.br\/blog\/como-funciona-o-curso-tecnico-em-design-de-interiores\/"},"author":{"name":"Marketing Univates","@id":"https:\/\/www.univates.br\/blog\/#\/schema\/person\/15c63917440cc5e70160c247b309af2f"},"headline":"Como funciona o curso T\u00e9cnico em Design de Interiores?","datePublished":"2022-05-06T14:03:54+00:00","dateModified":"2023-12-20T17:58:10+00:00","mainEntityOfPage":{"@id":"https:\/\/www.univates.br\/blog\/como-funciona-o-curso-tecnico-em-design-de-interiores\/"},"wordCount":934,"commentCount":0,"image":{"@id":"https:\/\/www.univates.br\/blog\/como-funciona-o-curso-tecnico-em-design-de-interiores\/#primaryimage"},"thumbnailUrl":"https:\/\/desenvolvimento.bravo.st\/univatesblog\/wp-content\/uploads\/2022\/05\/shutterstock_316221863_1593462163.6912-1.jpg","articleSection":["Carreira","Cursos T\u00e9cnicos"],"inLanguage":"pt-BR","potentialAction":[{"@type":"CommentAction","name":"Comment","target":["https:\/\/www.univates.br\/blog\/como-funciona-o-curso-tecnico-em-design-de-interiores\/#respond"]}]},{"@type":"WebPage","@id":"https:\/\/www.univates.br\/blog\/como-funciona-o-curso-tecnico-em-design-de-interiores\/","url":"https:\/\/www.univates.br\/blog\/como-funciona-o-curso-tecnico-em-design-de-interiores\/","name":"Como funciona o curso T\u00e9cnico em Design de Interiores? - Univates Blog","isPartOf":{"@id":"https:\/\/www.univates.br\/blog\/#website"},"primaryImageOfPage":{"@id":"https:\/\/www.univates.br\/blog\/como-funciona-o-curso-tecnico-em-design-de-interiores\/#primaryimage"},"image":{"@id":"https:\/\/www.univates.br\/blog\/como-funciona-o-curso-tecnico-em-design-de-interiores\/#primaryimage"},"thumbnailUrl":"https:\/\/desenvolvimento.bravo.st\/univatesblog\/wp-content\/uploads\/2022\/05\/shutterstock_316221863_1593462163.6912-1.jpg","datePublished":"2022-05-06T14:03:54+00:00","dateModified":"2023-12-20T17:58:10+00:00","author":{"@id":"https:\/\/www.univates.br\/blog\/#\/schema\/person\/15c63917440cc5e70160c247b309af2f"},"breadcrumb":{"@id":"https:\/\/www.univates.br\/blog\/como-funciona-o-curso-tecnico-em-design-de-interiores\/#breadcrumb"},"inLanguage":"pt-BR","potentialAction":[{"@type":"ReadAction","target":["https:\/\/www.univates.br\/blog\/como-funciona-o-curso-tecnico-em-design-de-interiores\/"]}]},{"@type":"ImageObject","inLanguage":"pt-BR","@id":"https:\/\/www.univates.br\/blog\/como-funciona-o-curso-tecnico-em-design-de-interiores\/#primaryimage","url":"https:\/\/desenvolvimento.bravo.st\/univatesblog\/wp-content\/uploads\/2022\/05\/shutterstock_316221863_1593462163.6912-1.jpg","contentUrl":"https:\/\/desenvolvimento.bravo.st\/univatesblog\/wp-content\/uploads\/2022\/05\/shutterstock_316221863_1593462163.6912-1.jpg"},{"@type":"BreadcrumbList","@id":"https:\/\/www.univates.br\/blog\/como-funciona-o-curso-tecnico-em-design-de-interiores\/#breadcrumb","itemListElement":[{"@type":"ListItem","position":1,"name":"Home","item":"https:\/\/www.univates.br\/blog\/"},{"@type":"ListItem","position":2,"name":"Como funciona o curso T\u00e9cnico em Design de Interiores?"}]},{"@type":"WebSite","@id":"https:\/\/www.univates.br\/blog\/#website","url":"https:\/\/www.univates.br\/blog\/","name":"Univates Blog","description":"","potentialAction":[{"@type":"SearchAction","target":{"@type":"EntryPoint","urlTemplate":"https:\/\/www.univates.br\/blog\/?s={search_term_string}"},"query-input":{"@type":"PropertyValueSpecification","valueRequired":true,"valueName":"search_term_string"}}],"inLanguage":"pt-BR"},{"@type":"Person","@id":"https:\/\/www.univates.br\/blog\/#\/schema\/person\/15c63917440cc5e70160c247b309af2f","name":"Marketing Univates","image":{"@type":"ImageObject","inLanguage":"pt-BR","@id":"https:\/\/secure.gravatar.com\/avatar\/511f9e77a6a3d0cddd9074f69a722364bc7f787e73d4a0da1f727ba62704eda4?s=96&d=mm&r=g","url":"https:\/\/secure.gravatar.com\/avatar\/511f9e77a6a3d0cddd9074f69a722364bc7f787e73d4a0da1f727ba62704eda4?s=96&d=mm&r=g","contentUrl":"https:\/\/secure.gravatar.com\/avatar\/511f9e77a6a3d0cddd9074f69a722364bc7f787e73d4a0da1f727ba62704eda4?s=96&d=mm&r=g","caption":"Marketing Univates"},"sameAs":["http:\/\/univates.br"],"url":"https:\/\/www.univates.br\/blog\/author\/marketing\/"}]}},"_links":{"self":[{"href":"https:\/\/www.univates.br\/blog\/wp-json\/wp\/v2\/posts\/781","targetHints":{"allow":["GET"]}}],"collection":[{"href":"https:\/\/www.univates.br\/blog\/wp-json\/wp\/v2\/posts"}],"about":[{"href":"https:\/\/www.univates.br\/blog\/wp-json\/wp\/v2\/types\/post"}],"author":[{"embeddable":true,"href":"https:\/\/www.univates.br\/blog\/wp-json\/wp\/v2\/users\/2"}],"replies":[{"embeddable":true,"href":"https:\/\/www.univates.br\/blog\/wp-json\/wp\/v2\/comments?post=781"}],"version-history":[{"count":20,"href":"https:\/\/www.univates.br\/blog\/wp-json\/wp\/v2\/posts\/781\/revisions"}],"predecessor-version":[{"id":4863,"href":"https:\/\/www.univates.br\/blog\/wp-json\/wp\/v2\/posts\/781\/revisions\/4863"}],"wp:attachment":[{"href":"https:\/\/www.univates.br\/blog\/wp-json\/wp\/v2\/media?parent=781"}],"wp:term":[{"taxonomy":"category","embeddable":true,"href":"https:\/\/www.univates.br\/blog\/wp-json\/wp\/v2\/categories?post=781"}],"curies":[{"name":"wp","href":"https:\/\/api.w.org\/{rel}","templated":true}]}}