{"id":784,"date":"2022-05-06T11:06:25","date_gmt":"2022-05-06T14:06:25","guid":{"rendered":"https:\/\/desenvolvimento.bravo.st\/univatesblog\/?p=784"},"modified":"2023-12-20T21:18:06","modified_gmt":"2023-12-21T00:18:06","slug":"como-funciona-o-curso-tecnico-em-processos-fotograficos","status":"publish","type":"post","link":"https:\/\/www.univates.br\/blog\/como-funciona-o-curso-tecnico-em-processos-fotograficos\/","title":{"rendered":"Como funciona o curso T\u00e9cnico em Processos Fotogr\u00e1ficos?"},"content":{"rendered":"\n<p>\ud83d\udcf7&nbsp;<strong>F<\/strong>oi em 1826 que o franc\u00eas Joseph Ni\u00e9pce produziu a primeira&nbsp;<strong>fotografia<\/strong>&nbsp;da hist\u00f3ria da humanidade em uma placa de estanho coberta com um derivado de petr\u00f3leo fotossens\u00edvel chamado betume da Judeia. Para ser revelada, a imagem precisou ficar exposta \u00e0 luz do sol durante cerca de oito horas. Hoje, gra\u00e7as aos recursos tecnol\u00f3gicos de c\u00e2meras e&nbsp;<em>smartphones<\/em>, conseguimos eternizar os melhores momentos das nossas vidas de forma instant\u00e2nea e descomplicada. As facilidades n\u00e3o param por a\u00ed: voc\u00ea sabia que quem ingressa no&nbsp;<strong><a href=\"https:\/\/www.univates.br\/tecnicos\/processos-fotograficos#:~:text=O%20Curso%20T%C3%A9cnico%20em%20Processos%20Fotogr%C3%A1ficos%20oportuniza%20conhecimento%20t%C3%A9cnico%2C%20qualidade,e%20no%20uso%20de%20imagens.https:\/\/www.univates.br\/tecnicos\/processos-fotograficos#:~:text=O%20Curso%20T%C3%A9cnico%20em%20Processos%20Fotogr%C3%A1ficos%20oportuniza%20conhecimento%20t%C3%A9cnico%2C%20qualidade,e%20no%20uso%20de%20imagens.\">T\u00e9cnico em Processos Fotogr\u00e1ficos<\/a><\/strong>&nbsp;aprende a dominar rapidinho as no\u00e7\u00f5es mais elementares do universo da&nbsp;<strong>fotografia<\/strong>? A equipe do&nbsp;<em>Blog<\/em>&nbsp;Univates recheou o&nbsp;<em>post<\/em>&nbsp;de hoje com uma s\u00e9rie de informa\u00e7\u00f5es a respeito desse&nbsp;<strong>curso<\/strong>. D\u00ea uma espiadinha em nossa mat\u00e9ria e prepare-se para come\u00e7ar a fotografar com confian\u00e7a todas as coisas bonitas que forem surgindo em seu caminho! \ud83c\udf07<\/p>\n\n\n\n<figure class=\"wp-block-image size-full\"><img loading=\"lazy\" decoding=\"async\" width=\"729\" height=\"486\" src=\"https:\/\/desenvolvimento.bravo.st\/univatesblog\/wp-content\/uploads\/2022\/05\/20170331140847_fotografia_1593448551.3187-1.jpg\" alt=\"\" class=\"wp-image-1904\" srcset=\"https:\/\/www.univates.br\/blog\/wp-content\/uploads\/2022\/05\/20170331140847_fotografia_1593448551.3187-1.jpg 729w, https:\/\/www.univates.br\/blog\/wp-content\/uploads\/2022\/05\/20170331140847_fotografia_1593448551.3187-1-600x400.jpg 600w, https:\/\/www.univates.br\/blog\/wp-content\/uploads\/2022\/05\/20170331140847_fotografia_1593448551.3187-1-150x100.jpg 150w\" sizes=\"auto, (max-width: 729px) 100vw, 729px\" \/><figcaption>Foto: Bruna La\u00eds Alves<\/figcaption><\/figure>\n\n\n\n<p><a href=\"https:\/\/www.univates.br\/media\/noticias_responsivo\/27967\/\/20170331140847_fotografia_1593448551.3187.jpg?1593448553379\"><\/a><\/p>\n\n\n\n<h2 class=\"wp-block-heading\">Como o T\u00e9cnico em Processos Fotogr\u00e1ficos pode me capacitar? \ud83e\udd33<\/h2>\n\n\n\n<div class=\"wp-block-media-text alignwide is-stacked-on-mobile\"><figure class=\"wp-block-media-text__media\"><img loading=\"lazy\" decoding=\"async\" width=\"291\" height=\"194\" src=\"https:\/\/desenvolvimento.bravo.st\/univatesblog\/wp-content\/uploads\/2022\/05\/20140103180454_img_3704_1593449563.0767.jpg\" alt=\"\" class=\"wp-image-1906 size-full\" srcset=\"https:\/\/www.univates.br\/blog\/wp-content\/uploads\/2022\/05\/20140103180454_img_3704_1593449563.0767.jpg 291w, https:\/\/www.univates.br\/blog\/wp-content\/uploads\/2022\/05\/20140103180454_img_3704_1593449563.0767-150x100.jpg 150w\" sizes=\"auto, (max-width: 291px) 100vw, 291px\" \/><\/figure><div class=\"wp-block-media-text__content\">\n<p>\ud83d\udcf7&nbsp;<strong>O<\/strong>&nbsp;<strong>T\u00e9cnico em Processos Fotogr\u00e1ficos<\/strong>&nbsp;tem carga hor\u00e1ria de 800 horas letivas (2 anos) e oferece forma\u00e7\u00e3o extremamente pr\u00e1tica. Contemplando saberes art\u00edsticos, hist\u00f3ricos e human\u00edsticos, o&nbsp;<strong>curso<\/strong>&nbsp;objetiva capacitar os estudantes com conhecimentos t\u00e9cnicos para que eles consigam se aperfei\u00e7oar no ramo da&nbsp;<strong>fotografia<\/strong>&nbsp;e conquistar espa\u00e7os privilegiados no universo profissional.&nbsp;<\/p>\n\n\n\n<p><em>(Foto: Ronaldo Ely Rempel)<\/em><\/p>\n<\/div><\/div>\n\n\n\n<p>\ud83d\udcf7 \u201c<em>Trata-se de um&nbsp;<strong>curso<\/strong>&nbsp;que coloca os alunos muito r\u00e1pido no mercado de trabalho.<\/em>&nbsp;Os egressos n\u00e3o necessariamente precisam trabalhar em empresas. Eles podem, por exemplo, abrir neg\u00f3cios pr\u00f3prios antes mesmo de terem o diploma em m\u00e3os\u201d, comenta Renata Lohmann, coordenadora do&nbsp;<strong>T\u00e9cnico em Processos Fotogr\u00e1ficos<\/strong>&nbsp;da Univates.&nbsp;<\/p>\n\n\n\n<p>\ud83d\udcf7&nbsp;<strong>O<\/strong>&nbsp;<strong>T\u00e9cnico em Processos Fotogr\u00e1ficos<\/strong>&nbsp;da Univates atrai estudantes que, de acordo com Renata, \u201cpossuem experi\u00eancias amadoras na \u00e1rea da&nbsp;<strong>fotografia<\/strong>. S\u00e3o pessoas jovens que ingressam no&nbsp;<strong>curso<\/strong>&nbsp;a fim de aperfei\u00e7oar os conhecimentos que obtiveram fora da universidade. Desde o primeiro semestre, alguns de nossos alunos j\u00e1 manifestam o desejo de trabalhar em projetos pr\u00f3prios que estejam relacionados ao ramo das artes visuais\u201d.<\/p>\n\n\n\n<p>\ud83c\udf93\u00a0<a href=\"https:\/\/www.univates.br\/blog\/\/post\/estou-formadoa-e-agora-conheca-historias-de-sucesso-que-podem-te-inspirar\">Estou formado(a), e agora? Conhe\u00e7a hist\u00f3rias de sucesso que podem inspir\u00e1-lo!<\/a><\/p>\n\n\n\n<h2 class=\"wp-block-heading\">O que vou estudar no T\u00e9cnico em Processos Fotogr\u00e1ficos? \ud83e\udd14<\/h2>\n\n\n\n<div class=\"bloco-gutenberg\">\n\n    <a href=\"https:\/\/materiais.univates.br\/mercado-de-trabalho-modalidade\" target=\"_blank\" class=\"guten-material\" style=\"background-color: #01e37f; color: #0a0a0a;\">\n                    <img decoding=\"async\" src=\"https:\/\/www.univates.br\/blog\/wp-content\/uploads\/2022\/05\/Design-sem-nome-4.png\" loading=\"lazy\">\n                <div class=\"texto\">\n                            <span>Descubra como se destacar no mercado de trabalho<\/span>\n                            <strong>Baixar e-book<\/strong>\n                    <\/div>\n    <\/a>\n    <\/div>\n\n\n<figure class=\"wp-block-image size-full\"><img loading=\"lazy\" decoding=\"async\" width=\"5181\" height=\"3454\" src=\"https:\/\/www.univates.br\/blog\/\/wp-content\/uploads\/2022\/06\/20180906182600_3T0A9786-min-1.jpg\" alt=\"\" class=\"wp-image-2335\"\/><figcaption>Foto: Artur Dullius<\/figcaption><\/figure>\n\n\n\n<p><a href=\"https:\/\/www.univates.br\/media\/noticias_responsivo\/27967\/\/20191230164607_alunos_pelo_campus_elise_bozzetto_59_1593458559.3086.jpg?1593458561936\"><\/a>\ud83d\udcf7&nbsp;Geralmente, como j\u00e1 mencionado anteriormente, as pessoas que ingressam no&nbsp;<strong>T\u00e9cnico em Processos Fotogr\u00e1ficos<\/strong>&nbsp;n\u00e3o querem esperar muito tempo para p\u00f4r a m\u00e3o na massa. Com forma\u00e7\u00e3o extremamente pr\u00e1tica desde o primeiro semestre, o&nbsp;<strong>curso<\/strong>&nbsp;oferece aulas que despertam a curiosidade e o potencial dos estudantes.&nbsp;<a href=\"https:\/\/www.univates.br\/media\/noticias_responsivo\/27967\/\/20160331213347_lab_foto042_1593458988.7499.jpg?1593458991637\"><\/a><\/p>\n\n\n\n<div class=\"wp-block-media-text alignwide is-stacked-on-mobile\"><figure class=\"wp-block-media-text__media\"><img loading=\"lazy\" decoding=\"async\" width=\"291\" height=\"194\" src=\"https:\/\/desenvolvimento.bravo.st\/univatesblog\/wp-content\/uploads\/2022\/05\/20160331213347_lab_foto042_1593458988.7499.jpg\" alt=\"\" class=\"wp-image-1907 size-full\" srcset=\"https:\/\/www.univates.br\/blog\/wp-content\/uploads\/2022\/05\/20160331213347_lab_foto042_1593458988.7499.jpg 291w, https:\/\/www.univates.br\/blog\/wp-content\/uploads\/2022\/05\/20160331213347_lab_foto042_1593458988.7499-150x100.jpg 150w\" sizes=\"auto, (max-width: 291px) 100vw, 291px\" \/><\/figure><div class=\"wp-block-media-text__content\">\n<p>\ud83d\udcf7&nbsp;Renata conta que o&nbsp;<strong>t\u00e9cnico<\/strong>&nbsp;da&nbsp;<strong>Univates<\/strong>&nbsp;oferece aos alunos equipamentos de ponta para que eles possam desenvolver plenamente suas habilidades na \u00e1rea que escolheram seguir. \u201cDispomos, por exemplo, de um est\u00fadio fotogr\u00e1fico supercompleto e de laborat\u00f3rios de inform\u00e1tica com computadores que possuem programas sofisticados de edi\u00e7\u00e3o de imagens\u201d, salienta.<\/p>\n\n\n\n<p><em>(Foto: Nicole Mor\u00e1s)<\/em><\/p>\n<\/div><\/div>\n\n\n\n<p>\ud83d\udcf7&nbsp;Agora, se voc\u00ea est\u00e1 ansioso para saber um pouco mais sobre a grade curricular do&nbsp;<strong>T\u00e9cnico em Processos Fotogr\u00e1ficos<\/strong>, n\u00e3o deixe de dar uma olhadinha nas ementas de duas disciplinas do&nbsp;<strong>curso<\/strong>:&nbsp;<\/p>\n\n\n\n<p>\ud83d\udcf7&nbsp;<em><strong>F<\/strong>undamentos da Linguagem Fotogr\u00e1fica:<\/em>&nbsp;nesta disciplina voc\u00ea ir\u00e1 estudar os fundamentos te\u00f3rico-cient\u00edficos da linguagem fotogr\u00e1fica e come\u00e7ar a fotografar em ambientes internos e externos;&nbsp;<\/p>\n\n\n\n<p>\ud83d\udcf7&nbsp;<em>Tratamento de Imagens:&nbsp;<\/em>voc\u00ea sabe por que as&nbsp;<strong>fotografias<\/strong>&nbsp;que vemos em revistas est\u00e3o sempre impec\u00e1veis? Antes de serem publicadas, as imagens passam por processos de edi\u00e7\u00e3o que as deixam praticamente sem erros ou imperfei\u00e7\u00f5es. Que tal aprender os macetes de programas como&nbsp;<em>Photoshop<\/em>,&nbsp;<em>CorelDraw<\/em>&nbsp;e&nbsp;<em>Gimp<\/em>&nbsp;para tornar as fotos que tirar ainda mais incr\u00edveis?&nbsp;<a href=\"https:\/\/www.univates.br\/media\/noticias_responsivo\/27967\/\/20140905110051_img_5846-2_1593460014.9701.jpg?1593460016664\"><\/a><\/p>\n\n\n\n<figure class=\"wp-block-image size-full\"><img loading=\"lazy\" decoding=\"async\" width=\"729\" height=\"486\" src=\"https:\/\/desenvolvimento.bravo.st\/univatesblog\/wp-content\/uploads\/2022\/05\/20140905110051_img_5846-2_1593460014.9701.jpg\" alt=\"\" class=\"wp-image-1908\" srcset=\"https:\/\/www.univates.br\/blog\/wp-content\/uploads\/2022\/05\/20140905110051_img_5846-2_1593460014.9701.jpg 729w, https:\/\/www.univates.br\/blog\/wp-content\/uploads\/2022\/05\/20140905110051_img_5846-2_1593460014.9701-600x400.jpg 600w, https:\/\/www.univates.br\/blog\/wp-content\/uploads\/2022\/05\/20140905110051_img_5846-2_1593460014.9701-150x100.jpg 150w\" sizes=\"auto, (max-width: 729px) 100vw, 729px\" \/><figcaption>Foto: Tuane Eggers<\/figcaption><\/figure>\n\n\n\n<h2 class=\"wp-block-heading\">Por que a Univates? \ud83c\udfeb<\/h2>\n\n\n\n<p>\ud83d\udcf7&nbsp;<strong>I<\/strong>ndeciso a respeito de qual universidade escolher para iniciar seus estudos? A Univates \u00e9 a melhor op\u00e7\u00e3o. Em nossa Institui\u00e7\u00e3o voc\u00ea paga seu&nbsp;<strong>T\u00e9cnico em Processos Fotogr\u00e1ficos<\/strong>&nbsp;sem juros e no dobro do tempo de dura\u00e7\u00e3o do curso. Saiba mais sobre essa facilidade clicando&nbsp;<a href=\"https:\/\/www.univates.br\/espaco-academico\/financiamentos\/credivates2\">aqui<\/a>.&nbsp;<\/p>\n\n\n\n<p>\ud83d\ude0d\u00a0<a href=\"https:\/\/www.univates.br\/blog\/\/post\/ja-conhece-os-beneficios-de-ser-aluno-da-nossa-universidade\">J\u00e1 conhece os benef\u00edcios de ser aluno da nossa Universidade?<\/a><\/p>\n\n\n\n<div class=\"bloco-gutenberg\">\n\n    <a href=\"https:\/\/materiais.univates.br\/com-que-curso-eu-vou-modalidade\" target=\"_blank\" class=\"guten-material\" style=\"background-color: #6b00e8; \">\n                    <img decoding=\"async\" src=\"https:\/\/www.univates.br\/blog\/wp-content\/uploads\/2022\/05\/Design-sem-nome-3.png\" loading=\"lazy\">\n                <div class=\"texto\">\n                            <span>Descubra seu perfil profissional e qual curso \u00e9 perfeito pra voc\u00ea<\/span>\n                            <strong>Baixar e-book<\/strong>\n                    <\/div>\n    <\/a>\n    <\/div>\n\n\n<h2 class=\"wp-block-heading\">#curiosidade \u2b07<\/h2>\n\n\n\n<p>\ud83d\udcf7&nbsp;Antes de nos despedirmos, queremos fazer uma perguntinha para voc\u00ea: reparou que a primeira letra do in\u00edcio de quase todos os par\u00e1grafos desta mat\u00e9ria est\u00e1 em&nbsp;<strong>negrito<\/strong>&nbsp;e&nbsp;sublinhada? Reunidas, as letras formam a palavra&nbsp;<strong>fotografia<\/strong>, a mat\u00e9ria-prima do trabalho de&nbsp;<strong>t\u00e9cnicos em Processos Fotogr\u00e1ficos<\/strong>. Legal, n\u00e9?&nbsp;<a href=\"https:\/\/www.univates.br\/media\/noticias_responsivo\/27967\/\/20141217104146_img_4976_1593460708.8847.jpg?1593460709735\"><\/a><\/p>\n\n\n\n<div class=\"wp-block-media-text alignwide is-stacked-on-mobile\"><figure class=\"wp-block-media-text__media\"><img loading=\"lazy\" decoding=\"async\" width=\"291\" height=\"194\" src=\"https:\/\/desenvolvimento.bravo.st\/univatesblog\/wp-content\/uploads\/2022\/05\/20141217104146_img_4976_1593460708.8847.jpg\" alt=\"\" class=\"wp-image-1909 size-full\" srcset=\"https:\/\/www.univates.br\/blog\/wp-content\/uploads\/2022\/05\/20141217104146_img_4976_1593460708.8847.jpg 291w, https:\/\/www.univates.br\/blog\/wp-content\/uploads\/2022\/05\/20141217104146_img_4976_1593460708.8847-150x100.jpg 150w\" sizes=\"auto, (max-width: 291px) 100vw, 291px\" \/><\/figure><div class=\"wp-block-media-text__content\">\n<p>Lembre-se sempre de expressar criatividade e bons sentimentos nas imagens que retratar. Assim, al\u00e9m de se destacar no seu ramo de atua\u00e7\u00e3o, voc\u00ea provavelmente conseguir\u00e1 deixar felizes e tranquilas as pessoas que contemplarem suas&nbsp;<strong>fotografias<\/strong>. Existe recompensa profissional mais gratificante do que essa? \ud83d\udc4f<\/p>\n\n\n\n<p><em>(Foto: Tuane Eggers)<\/em><\/p>\n<\/div><\/div>\n\n\n\n<p>\ud83e\uddb7\u00a0<a href=\"https:\/\/www.univates.br\/blog\/\/post\/odontologia-fotografia-um-match-que-potencializa-a-aprendizagem\">Odontologia + fotografia = um match que potencializa a aprendizagem<\/a><\/p>\n","protected":false},"excerpt":{"rendered":"<p>\ud83d\udcf7&nbsp;Foi em 1826 que o franc\u00eas Joseph Ni\u00e9pce produziu a primeira&nbsp;fotografia&nbsp;da hist\u00f3ria da humanidade em uma placa de estanho coberta com um derivado de petr\u00f3leo fotossens\u00edvel chamado betume da Judeia. Para ser revelada, a imagem precisou ficar exposta \u00e0 luz\u2026<\/p>\n","protected":false},"author":2,"featured_media":0,"comment_status":"open","ping_status":"open","sticky":false,"template":"","format":"standard","meta":{"_acf_changed":false,"footnotes":""},"categories":[64,15,7],"class_list":["post-784","post","type-post","status-publish","format-standard","hentry","category-comunicacao-e-economia-criativa","category-cursos-tecnicos","category-univates","curso-tecnico-em-processos-fotograficos","area-comunicacao-e-economia-criativa","area-cursos-tecnicos"],"acf":[],"yoast_head":"<!-- This site is optimized with the Yoast SEO plugin v27.3 - https:\/\/yoast.com\/product\/yoast-seo-wordpress\/ -->\n<title>Como funciona o curso T\u00e9cnico em Processos Fotogr\u00e1ficos? - Univates Blog<\/title>\n<meta name=\"robots\" content=\"index, follow, max-snippet:-1, max-image-preview:large, max-video-preview:-1\" \/>\n<link rel=\"canonical\" href=\"https:\/\/www.univates.br\/blog\/como-funciona-o-curso-tecnico-em-processos-fotograficos\/\" \/>\n<meta property=\"og:locale\" content=\"pt_BR\" \/>\n<meta property=\"og:type\" content=\"article\" \/>\n<meta property=\"og:title\" content=\"Como funciona o curso T\u00e9cnico em Processos Fotogr\u00e1ficos? - Univates Blog\" \/>\n<meta property=\"og:description\" content=\"\ud83d\udcf7&nbsp;Foi em 1826 que o franc\u00eas Joseph Ni\u00e9pce produziu a primeira&nbsp;fotografia&nbsp;da hist\u00f3ria da humanidade em uma placa de estanho coberta com um derivado de petr\u00f3leo fotossens\u00edvel chamado betume da Judeia. Para ser revelada, a imagem precisou ficar exposta \u00e0 luz\u2026\" \/>\n<meta property=\"og:url\" content=\"https:\/\/www.univates.br\/blog\/como-funciona-o-curso-tecnico-em-processos-fotograficos\/\" \/>\n<meta property=\"og:site_name\" content=\"Univates Blog\" \/>\n<meta property=\"article:published_time\" content=\"2022-05-06T14:06:25+00:00\" \/>\n<meta property=\"article:modified_time\" content=\"2023-12-21T00:18:06+00:00\" \/>\n<meta property=\"og:image\" content=\"https:\/\/desenvolvimento.bravo.st\/univatesblog\/wp-content\/uploads\/2022\/05\/20170331140847_fotografia_1593448551.3187-1.jpg\" \/>\n<meta name=\"author\" content=\"Marketing Univates\" \/>\n<meta name=\"twitter:card\" content=\"summary_large_image\" \/>\n<meta name=\"twitter:label1\" content=\"Escrito por\" \/>\n\t<meta name=\"twitter:data1\" content=\"Marketing Univates\" \/>\n\t<meta name=\"twitter:label2\" content=\"Est. tempo de leitura\" \/>\n\t<meta name=\"twitter:data2\" content=\"6 minutos\" \/>\n<script type=\"application\/ld+json\" class=\"yoast-schema-graph\">{\"@context\":\"https:\\\/\\\/schema.org\",\"@graph\":[{\"@type\":\"Article\",\"@id\":\"https:\\\/\\\/www.univates.br\\\/blog\\\/como-funciona-o-curso-tecnico-em-processos-fotograficos\\\/#article\",\"isPartOf\":{\"@id\":\"https:\\\/\\\/www.univates.br\\\/blog\\\/como-funciona-o-curso-tecnico-em-processos-fotograficos\\\/\"},\"author\":{\"name\":\"Marketing Univates\",\"@id\":\"https:\\\/\\\/www.univates.br\\\/blog\\\/#\\\/schema\\\/person\\\/15c63917440cc5e70160c247b309af2f\"},\"headline\":\"Como funciona o curso T\u00e9cnico em Processos Fotogr\u00e1ficos?\",\"datePublished\":\"2022-05-06T14:06:25+00:00\",\"dateModified\":\"2023-12-21T00:18:06+00:00\",\"mainEntityOfPage\":{\"@id\":\"https:\\\/\\\/www.univates.br\\\/blog\\\/como-funciona-o-curso-tecnico-em-processos-fotograficos\\\/\"},\"wordCount\":890,\"commentCount\":0,\"image\":{\"@id\":\"https:\\\/\\\/www.univates.br\\\/blog\\\/como-funciona-o-curso-tecnico-em-processos-fotograficos\\\/#primaryimage\"},\"thumbnailUrl\":\"https:\\\/\\\/desenvolvimento.bravo.st\\\/univatesblog\\\/wp-content\\\/uploads\\\/2022\\\/05\\\/20170331140847_fotografia_1593448551.3187-1.jpg\",\"articleSection\":[\"Comunica\u00e7\u00e3o e Economia Criativa\",\"Cursos T\u00e9cnicos\",\"Univates\"],\"inLanguage\":\"pt-BR\",\"potentialAction\":[{\"@type\":\"CommentAction\",\"name\":\"Comment\",\"target\":[\"https:\\\/\\\/www.univates.br\\\/blog\\\/como-funciona-o-curso-tecnico-em-processos-fotograficos\\\/#respond\"]}]},{\"@type\":\"WebPage\",\"@id\":\"https:\\\/\\\/www.univates.br\\\/blog\\\/como-funciona-o-curso-tecnico-em-processos-fotograficos\\\/\",\"url\":\"https:\\\/\\\/www.univates.br\\\/blog\\\/como-funciona-o-curso-tecnico-em-processos-fotograficos\\\/\",\"name\":\"Como funciona o curso T\u00e9cnico em Processos Fotogr\u00e1ficos? - Univates Blog\",\"isPartOf\":{\"@id\":\"https:\\\/\\\/www.univates.br\\\/blog\\\/#website\"},\"primaryImageOfPage\":{\"@id\":\"https:\\\/\\\/www.univates.br\\\/blog\\\/como-funciona-o-curso-tecnico-em-processos-fotograficos\\\/#primaryimage\"},\"image\":{\"@id\":\"https:\\\/\\\/www.univates.br\\\/blog\\\/como-funciona-o-curso-tecnico-em-processos-fotograficos\\\/#primaryimage\"},\"thumbnailUrl\":\"https:\\\/\\\/desenvolvimento.bravo.st\\\/univatesblog\\\/wp-content\\\/uploads\\\/2022\\\/05\\\/20170331140847_fotografia_1593448551.3187-1.jpg\",\"datePublished\":\"2022-05-06T14:06:25+00:00\",\"dateModified\":\"2023-12-21T00:18:06+00:00\",\"author\":{\"@id\":\"https:\\\/\\\/www.univates.br\\\/blog\\\/#\\\/schema\\\/person\\\/15c63917440cc5e70160c247b309af2f\"},\"breadcrumb\":{\"@id\":\"https:\\\/\\\/www.univates.br\\\/blog\\\/como-funciona-o-curso-tecnico-em-processos-fotograficos\\\/#breadcrumb\"},\"inLanguage\":\"pt-BR\",\"potentialAction\":[{\"@type\":\"ReadAction\",\"target\":[\"https:\\\/\\\/www.univates.br\\\/blog\\\/como-funciona-o-curso-tecnico-em-processos-fotograficos\\\/\"]}]},{\"@type\":\"ImageObject\",\"inLanguage\":\"pt-BR\",\"@id\":\"https:\\\/\\\/www.univates.br\\\/blog\\\/como-funciona-o-curso-tecnico-em-processos-fotograficos\\\/#primaryimage\",\"url\":\"https:\\\/\\\/desenvolvimento.bravo.st\\\/univatesblog\\\/wp-content\\\/uploads\\\/2022\\\/05\\\/20170331140847_fotografia_1593448551.3187-1.jpg\",\"contentUrl\":\"https:\\\/\\\/desenvolvimento.bravo.st\\\/univatesblog\\\/wp-content\\\/uploads\\\/2022\\\/05\\\/20170331140847_fotografia_1593448551.3187-1.jpg\"},{\"@type\":\"BreadcrumbList\",\"@id\":\"https:\\\/\\\/www.univates.br\\\/blog\\\/como-funciona-o-curso-tecnico-em-processos-fotograficos\\\/#breadcrumb\",\"itemListElement\":[{\"@type\":\"ListItem\",\"position\":1,\"name\":\"Home\",\"item\":\"https:\\\/\\\/www.univates.br\\\/blog\\\/\"},{\"@type\":\"ListItem\",\"position\":2,\"name\":\"Como funciona o curso T\u00e9cnico em Processos Fotogr\u00e1ficos?\"}]},{\"@type\":\"WebSite\",\"@id\":\"https:\\\/\\\/www.univates.br\\\/blog\\\/#website\",\"url\":\"https:\\\/\\\/www.univates.br\\\/blog\\\/\",\"name\":\"Univates Blog\",\"description\":\"\",\"potentialAction\":[{\"@type\":\"SearchAction\",\"target\":{\"@type\":\"EntryPoint\",\"urlTemplate\":\"https:\\\/\\\/www.univates.br\\\/blog\\\/?s={search_term_string}\"},\"query-input\":{\"@type\":\"PropertyValueSpecification\",\"valueRequired\":true,\"valueName\":\"search_term_string\"}}],\"inLanguage\":\"pt-BR\"},{\"@type\":\"Person\",\"@id\":\"https:\\\/\\\/www.univates.br\\\/blog\\\/#\\\/schema\\\/person\\\/15c63917440cc5e70160c247b309af2f\",\"name\":\"Marketing Univates\",\"image\":{\"@type\":\"ImageObject\",\"inLanguage\":\"pt-BR\",\"@id\":\"https:\\\/\\\/secure.gravatar.com\\\/avatar\\\/511f9e77a6a3d0cddd9074f69a722364bc7f787e73d4a0da1f727ba62704eda4?s=96&d=mm&r=g\",\"url\":\"https:\\\/\\\/secure.gravatar.com\\\/avatar\\\/511f9e77a6a3d0cddd9074f69a722364bc7f787e73d4a0da1f727ba62704eda4?s=96&d=mm&r=g\",\"contentUrl\":\"https:\\\/\\\/secure.gravatar.com\\\/avatar\\\/511f9e77a6a3d0cddd9074f69a722364bc7f787e73d4a0da1f727ba62704eda4?s=96&d=mm&r=g\",\"caption\":\"Marketing Univates\"},\"sameAs\":[\"http:\\\/\\\/univates.br\"],\"url\":\"https:\\\/\\\/www.univates.br\\\/blog\\\/author\\\/marketing\\\/\"}]}<\/script>\n<!-- \/ Yoast SEO plugin. -->","yoast_head_json":{"title":"Como funciona o curso T\u00e9cnico em Processos Fotogr\u00e1ficos? - Univates Blog","robots":{"index":"index","follow":"follow","max-snippet":"max-snippet:-1","max-image-preview":"max-image-preview:large","max-video-preview":"max-video-preview:-1"},"canonical":"https:\/\/www.univates.br\/blog\/como-funciona-o-curso-tecnico-em-processos-fotograficos\/","og_locale":"pt_BR","og_type":"article","og_title":"Como funciona o curso T\u00e9cnico em Processos Fotogr\u00e1ficos? - Univates Blog","og_description":"\ud83d\udcf7&nbsp;Foi em 1826 que o franc\u00eas Joseph Ni\u00e9pce produziu a primeira&nbsp;fotografia&nbsp;da hist\u00f3ria da humanidade em uma placa de estanho coberta com um derivado de petr\u00f3leo fotossens\u00edvel chamado betume da Judeia. Para ser revelada, a imagem precisou ficar exposta \u00e0 luz\u2026","og_url":"https:\/\/www.univates.br\/blog\/como-funciona-o-curso-tecnico-em-processos-fotograficos\/","og_site_name":"Univates Blog","article_published_time":"2022-05-06T14:06:25+00:00","article_modified_time":"2023-12-21T00:18:06+00:00","og_image":[{"url":"https:\/\/desenvolvimento.bravo.st\/univatesblog\/wp-content\/uploads\/2022\/05\/20170331140847_fotografia_1593448551.3187-1.jpg","type":"","width":"","height":""}],"author":"Marketing Univates","twitter_card":"summary_large_image","twitter_misc":{"Escrito por":"Marketing Univates","Est. tempo de leitura":"6 minutos"},"schema":{"@context":"https:\/\/schema.org","@graph":[{"@type":"Article","@id":"https:\/\/www.univates.br\/blog\/como-funciona-o-curso-tecnico-em-processos-fotograficos\/#article","isPartOf":{"@id":"https:\/\/www.univates.br\/blog\/como-funciona-o-curso-tecnico-em-processos-fotograficos\/"},"author":{"name":"Marketing Univates","@id":"https:\/\/www.univates.br\/blog\/#\/schema\/person\/15c63917440cc5e70160c247b309af2f"},"headline":"Como funciona o curso T\u00e9cnico em Processos Fotogr\u00e1ficos?","datePublished":"2022-05-06T14:06:25+00:00","dateModified":"2023-12-21T00:18:06+00:00","mainEntityOfPage":{"@id":"https:\/\/www.univates.br\/blog\/como-funciona-o-curso-tecnico-em-processos-fotograficos\/"},"wordCount":890,"commentCount":0,"image":{"@id":"https:\/\/www.univates.br\/blog\/como-funciona-o-curso-tecnico-em-processos-fotograficos\/#primaryimage"},"thumbnailUrl":"https:\/\/desenvolvimento.bravo.st\/univatesblog\/wp-content\/uploads\/2022\/05\/20170331140847_fotografia_1593448551.3187-1.jpg","articleSection":["Comunica\u00e7\u00e3o e Economia Criativa","Cursos T\u00e9cnicos","Univates"],"inLanguage":"pt-BR","potentialAction":[{"@type":"CommentAction","name":"Comment","target":["https:\/\/www.univates.br\/blog\/como-funciona-o-curso-tecnico-em-processos-fotograficos\/#respond"]}]},{"@type":"WebPage","@id":"https:\/\/www.univates.br\/blog\/como-funciona-o-curso-tecnico-em-processos-fotograficos\/","url":"https:\/\/www.univates.br\/blog\/como-funciona-o-curso-tecnico-em-processos-fotograficos\/","name":"Como funciona o curso T\u00e9cnico em Processos Fotogr\u00e1ficos? - Univates Blog","isPartOf":{"@id":"https:\/\/www.univates.br\/blog\/#website"},"primaryImageOfPage":{"@id":"https:\/\/www.univates.br\/blog\/como-funciona-o-curso-tecnico-em-processos-fotograficos\/#primaryimage"},"image":{"@id":"https:\/\/www.univates.br\/blog\/como-funciona-o-curso-tecnico-em-processos-fotograficos\/#primaryimage"},"thumbnailUrl":"https:\/\/desenvolvimento.bravo.st\/univatesblog\/wp-content\/uploads\/2022\/05\/20170331140847_fotografia_1593448551.3187-1.jpg","datePublished":"2022-05-06T14:06:25+00:00","dateModified":"2023-12-21T00:18:06+00:00","author":{"@id":"https:\/\/www.univates.br\/blog\/#\/schema\/person\/15c63917440cc5e70160c247b309af2f"},"breadcrumb":{"@id":"https:\/\/www.univates.br\/blog\/como-funciona-o-curso-tecnico-em-processos-fotograficos\/#breadcrumb"},"inLanguage":"pt-BR","potentialAction":[{"@type":"ReadAction","target":["https:\/\/www.univates.br\/blog\/como-funciona-o-curso-tecnico-em-processos-fotograficos\/"]}]},{"@type":"ImageObject","inLanguage":"pt-BR","@id":"https:\/\/www.univates.br\/blog\/como-funciona-o-curso-tecnico-em-processos-fotograficos\/#primaryimage","url":"https:\/\/desenvolvimento.bravo.st\/univatesblog\/wp-content\/uploads\/2022\/05\/20170331140847_fotografia_1593448551.3187-1.jpg","contentUrl":"https:\/\/desenvolvimento.bravo.st\/univatesblog\/wp-content\/uploads\/2022\/05\/20170331140847_fotografia_1593448551.3187-1.jpg"},{"@type":"BreadcrumbList","@id":"https:\/\/www.univates.br\/blog\/como-funciona-o-curso-tecnico-em-processos-fotograficos\/#breadcrumb","itemListElement":[{"@type":"ListItem","position":1,"name":"Home","item":"https:\/\/www.univates.br\/blog\/"},{"@type":"ListItem","position":2,"name":"Como funciona o curso T\u00e9cnico em Processos Fotogr\u00e1ficos?"}]},{"@type":"WebSite","@id":"https:\/\/www.univates.br\/blog\/#website","url":"https:\/\/www.univates.br\/blog\/","name":"Univates Blog","description":"","potentialAction":[{"@type":"SearchAction","target":{"@type":"EntryPoint","urlTemplate":"https:\/\/www.univates.br\/blog\/?s={search_term_string}"},"query-input":{"@type":"PropertyValueSpecification","valueRequired":true,"valueName":"search_term_string"}}],"inLanguage":"pt-BR"},{"@type":"Person","@id":"https:\/\/www.univates.br\/blog\/#\/schema\/person\/15c63917440cc5e70160c247b309af2f","name":"Marketing Univates","image":{"@type":"ImageObject","inLanguage":"pt-BR","@id":"https:\/\/secure.gravatar.com\/avatar\/511f9e77a6a3d0cddd9074f69a722364bc7f787e73d4a0da1f727ba62704eda4?s=96&d=mm&r=g","url":"https:\/\/secure.gravatar.com\/avatar\/511f9e77a6a3d0cddd9074f69a722364bc7f787e73d4a0da1f727ba62704eda4?s=96&d=mm&r=g","contentUrl":"https:\/\/secure.gravatar.com\/avatar\/511f9e77a6a3d0cddd9074f69a722364bc7f787e73d4a0da1f727ba62704eda4?s=96&d=mm&r=g","caption":"Marketing Univates"},"sameAs":["http:\/\/univates.br"],"url":"https:\/\/www.univates.br\/blog\/author\/marketing\/"}]}},"_links":{"self":[{"href":"https:\/\/www.univates.br\/blog\/wp-json\/wp\/v2\/posts\/784","targetHints":{"allow":["GET"]}}],"collection":[{"href":"https:\/\/www.univates.br\/blog\/wp-json\/wp\/v2\/posts"}],"about":[{"href":"https:\/\/www.univates.br\/blog\/wp-json\/wp\/v2\/types\/post"}],"author":[{"embeddable":true,"href":"https:\/\/www.univates.br\/blog\/wp-json\/wp\/v2\/users\/2"}],"replies":[{"embeddable":true,"href":"https:\/\/www.univates.br\/blog\/wp-json\/wp\/v2\/comments?post=784"}],"version-history":[{"count":17,"href":"https:\/\/www.univates.br\/blog\/wp-json\/wp\/v2\/posts\/784\/revisions"}],"predecessor-version":[{"id":5115,"href":"https:\/\/www.univates.br\/blog\/wp-json\/wp\/v2\/posts\/784\/revisions\/5115"}],"wp:attachment":[{"href":"https:\/\/www.univates.br\/blog\/wp-json\/wp\/v2\/media?parent=784"}],"wp:term":[{"taxonomy":"category","embeddable":true,"href":"https:\/\/www.univates.br\/blog\/wp-json\/wp\/v2\/categories?post=784"}],"curies":[{"name":"wp","href":"https:\/\/api.w.org\/{rel}","templated":true}]}}