{"id":787,"date":"2022-05-06T11:10:51","date_gmt":"2022-05-06T14:10:51","guid":{"rendered":"https:\/\/desenvolvimento.bravo.st\/univatesblog\/?p=787"},"modified":"2023-12-20T14:20:12","modified_gmt":"2023-12-20T17:20:12","slug":"em-quais-areas-profissionais-os-biomedicos-podem-trabalhar","status":"publish","type":"post","link":"https:\/\/www.univates.br\/blog\/em-quais-areas-profissionais-os-biomedicos-podem-trabalhar\/","title":{"rendered":"Em quais \u00e1reas profissionais os biom\u00e9dicos podem trabalhar?"},"content":{"rendered":"\n<p>Depois de conclu\u00edrem o&nbsp;<a href=\"https:\/\/www.univates.br\/graduacao\/biomedicina\">curso de Biomedicina<\/a>, os&nbsp;<strong>biom\u00e9dicos<\/strong>&nbsp;\ud83d\udc68\u200d\u2695\ufe0f podem&nbsp;<strong>trabalhar<\/strong>, por exemplo, em bancos de sangue ou em&nbsp;<strong>\u00e1reas profissionais<\/strong>&nbsp;de diagn\u00f3stico laboratorial ou de imagem, reprodu\u00e7\u00e3o humana, est\u00e9tica, an\u00e1lise ambiental ou de alimentos, citologia onc\u00f3tica, entre outras. Ultimamente os&nbsp;<strong>biom\u00e9dicos<\/strong>&nbsp;t\u00eam ganhado destaque por sua importante fun\u00e7\u00e3o durante a pandemia do novo coronav\u00edrus (Covid-19):&nbsp;s\u00e3o eles os respons\u00e1veis pela an\u00e1lise do diagn\u00f3stico dos pacientes infectados pelo v\u00edrus.&nbsp;\ud83d\udd2c<\/p>\n\n\n\n<p>A coordenadora do curso de Biomedicina da Univates, professora Gabriela Kniphoff da Silva Lawisch, conta que muitos&nbsp;<strong>biom\u00e9dicos<\/strong>&nbsp;elegem a&nbsp;<strong>\u00e1rea<\/strong>&nbsp;de diagn\u00f3stico laboratorial para&nbsp;<strong>trabalhar<\/strong>. \u201cNesse ramo, os profissionais realizam an\u00e1lises cl\u00ednicas, como exames de sangue e urina, testes de biologia molecular como os que s\u00e3o feitos para diagnosticar o novo coronav\u00edrus, testes de triagem pr\u00e9 e neonatal (para acompanhar a gravidez e a sa\u00fade do rec\u00e9m-nascido), testes de histocompatibilidade (necess\u00e1rios, por exemplo, em casos de transplantes) e exames de imagem radiol\u00f3gicos, como os de resson\u00e2ncia magn\u00e9tica e tomografia computadorizada. Al\u00e9m disso, se desejarem, os&nbsp;<strong>biom\u00e9dicos<\/strong>&nbsp;tamb\u00e9m podem&nbsp;<strong>trabalhar<\/strong>&nbsp;em cl\u00ednicas de reprodu\u00e7\u00e3o humana\u201d, explica.<\/p>\n\n\n\n<h2 class=\"wp-block-heading\">Diplomada e estudante relatam suas experi\u00eancias profissionais \ud83d\ude37<\/h2>\n\n\n\n<p>Diplomada pela Univates em 2015, a&nbsp;<strong>biom\u00e9dica<\/strong>&nbsp;Tha\u00eds Dornelles escolheu o curso pela ampla gama de habilita\u00e7\u00f5es que ele proporciona e tamb\u00e9m por seu desejo de querer atuar na&nbsp;<strong>\u00e1rea<\/strong>&nbsp;da sa\u00fade. Logo depois que se formou, Tha\u00eds teve a oportunidade de&nbsp;<strong>trabalhar<\/strong>&nbsp;em um hospital, onde sentiu-se desafiada e adquiriu muitos conhecimentos e amadurecimento profissional. Atualmente a&nbsp;<strong>biom\u00e9dica<\/strong>&nbsp;exerce sua profiss\u00e3o em um hospital de Itapema, em Santa Catarina. Para Tha\u00eds,&nbsp;<strong>trabalhar<\/strong>&nbsp;no ramo de diagn\u00f3stico \u00e9 motivador.<\/p>\n\n\n\n<div class=\"wp-block-media-text alignwide is-stacked-on-mobile\"><figure class=\"wp-block-media-text__media\"><img loading=\"lazy\" decoding=\"async\" width=\"292\" height=\"325\" src=\"https:\/\/desenvolvimento.bravo.st\/univatesblog\/wp-content\/uploads\/2022\/05\/thais_1591811462.539.jpg\" alt=\"\" class=\"wp-image-788 size-full\" srcset=\"https:\/\/www.univates.br\/blog\/wp-content\/uploads\/2022\/05\/thais_1591811462.539.jpg 292w, https:\/\/www.univates.br\/blog\/wp-content\/uploads\/2022\/05\/thais_1591811462.539-135x150.jpg 135w\" sizes=\"auto, (max-width: 292px) 100vw, 292px\" \/><\/figure><div class=\"wp-block-media-text__content\">\n<p>&#8220;Sei da import\u00e2ncia de um exame para o correto tratamento do paciente. Na maioria dos casos, o m\u00e9dico avalia sintomas, solicita exames e, com base nos resultados que eu liberar, indica o tratamento que o paciente deve seguir&#8221;, relata Tha\u00eds Dornelles, biom\u00e9dica formada pela Univates.<\/p>\n\n\n\n<p><em>(Foto: Divulga\u00e7\u00e3o)<\/em><\/p>\n<\/div><\/div>\n\n\n\n<p>\u201cMuitas vezes nossa profiss\u00e3o fica ocultada e o paciente nem sabe quem est\u00e1 por tr\u00e1s do seu diagn\u00f3stico. Contudo, s\u00f3 o fato de eu saber que pude contribuir para seu tratamento me deixa imensamente feliz e realizada\u201d, completa. Durante a pandemia, na rotina de emerg\u00eancia, Tha\u00eds realiza os exames complementares que ajudam a confirmar a suspeita da contamina\u00e7\u00e3o pelo novo coronav\u00edrus. Os trabalhos se intensificaram e s\u00e3o ainda mais desafiadores. Segundo a&nbsp;<strong>biom\u00e9dica<\/strong>, quem est\u00e1 come\u00e7ando a&nbsp;<strong>trabalhar<\/strong>&nbsp;na&nbsp;<strong>\u00e1rea<\/strong>&nbsp;tamb\u00e9m percebe as dificuldades de diagnosticar uma doen\u00e7a causada por um microrganismo desconhecido.<\/p>\n\n\n\n<div class=\"wp-block-media-text alignwide is-stacked-on-mobile\"><figure class=\"wp-block-media-text__media\"><img loading=\"lazy\" decoding=\"async\" width=\"291\" height=\"194\" src=\"https:\/\/desenvolvimento.bravo.st\/univatesblog\/wp-content\/uploads\/2022\/05\/20200515111915_lac_covid__elise_bozzetto_19_1591812043.979.jpg\" alt=\"\" class=\"wp-image-789 size-full\" srcset=\"https:\/\/www.univates.br\/blog\/wp-content\/uploads\/2022\/05\/20200515111915_lac_covid__elise_bozzetto_19_1591812043.979.jpg 291w, https:\/\/www.univates.br\/blog\/wp-content\/uploads\/2022\/05\/20200515111915_lac_covid__elise_bozzetto_19_1591812043.979-150x100.jpg 150w\" sizes=\"auto, (max-width: 291px) 100vw, 291px\" \/><\/figure><div class=\"wp-block-media-text__content\">\n<p>\u201cMesmo com as dificuldades, \u00e9 muito gratificante saber que estamos ajudando as pessoas, fornecendo a elas um diagn\u00f3stico em um curto per\u00edodo de tempo, possibilitando que se isolem mais rapidamente. Al\u00e9m disso, \u00e9 papel do&nbsp;<strong>biom\u00e9dico<\/strong>&nbsp;contribuir para que outros indiv\u00edduos n\u00e3o sejam contaminados\u201d, diz a estudante de Biomedicina Ana Camini, que atualmente&nbsp;<strong>trabalha<\/strong>&nbsp;no Laborat\u00f3rio de An\u00e1lises Cl\u00ednicas&nbsp;<a href=\"https:\/\/www.univates.br\/saudeunivates\/lac-univates\">(LAC)<\/a>&nbsp;da Univates.<\/p>\n\n\n\n<p><em>(Foto: Elise Bozzetto)<\/em><\/p>\n<\/div><\/div>\n\n\n\n<div class=\"bloco-gutenberg\">\n\n    <a href=\"https:\/\/materiais.univates.br\/mercado-de-trabalho-modalidade\" target=\"_blank\" class=\"guten-material\" style=\"background-color: #01e37f; color: #0a0a0a;\">\n                    <img decoding=\"async\" src=\"https:\/\/www.univates.br\/blog\/wp-content\/uploads\/2022\/05\/Design-sem-nome-4.png\" loading=\"lazy\">\n                <div class=\"texto\">\n                            <span>Descubra como se destacar no mercado de trabalho<\/span>\n                            <strong>Baixar e-book<\/strong>\n                    <\/div>\n    <\/a>\n    <\/div>\n\n\n<p>A acad\u00eamica tamb\u00e9m atua no Laborat\u00f3rio de Anatomia Humana da Institui\u00e7\u00e3o e \u00e9 volunt\u00e1ria de inicia\u00e7\u00e3o cient\u00edfica no projeto de pesquisa&nbsp;<em>\u201cAplica\u00e7\u00e3o de Marcadores Moleculares no Estudo da Sa\u00fade Reprodutiva Animal e Humana\u201d<\/em>, coordenado pelo professor Ivan Cunha Bustamante Filho.<\/p>\n\n\n\n<p>\u201cDurante a gradua\u00e7\u00e3o, acabei me apaixonando pelas&nbsp;<strong>\u00e1reas<\/strong>&nbsp;de biologia e de gen\u00e9tica molecular. Tamb\u00e9m gosto do ramo de anatomia humana. Depois de formada, pretendo&nbsp;<strong>trabalhar<\/strong>&nbsp;em uma dessas duas&nbsp;<strong>\u00e1reas<\/strong>\u201d, conta a acad\u00eamica. Assim como Tha\u00eds, Ana tamb\u00e9m deseja auxiliar na preven\u00e7\u00e3o e no tratamento de doen\u00e7as.<\/p>\n\n\n\n<figure class=\"wp-block-image size-full\"><img loading=\"lazy\" decoding=\"async\" width=\"5472\" height=\"3648\" src=\"https:\/\/www.univates.br\/blog\/\/wp-content\/uploads\/2022\/06\/20191022173025_0A5A5615-min.jpg\" alt=\"\" class=\"wp-image-2330\"\/><figcaption>Foto: Nat\u00e1lia Richter<\/figcaption><\/figure>\n","protected":false},"excerpt":{"rendered":"<p>Depois de conclu\u00edrem o&nbsp;curso de Biomedicina, os&nbsp;biom\u00e9dicos&nbsp;\ud83d\udc68\u200d\u2695\ufe0f podem&nbsp;trabalhar, por exemplo, em bancos de sangue ou em&nbsp;\u00e1reas profissionais&nbsp;de diagn\u00f3stico laboratorial ou de imagem, reprodu\u00e7\u00e3o humana, est\u00e9tica, an\u00e1lise ambiental ou de alimentos, citologia onc\u00f3tica, entre outras. Ultimamente os&nbsp;biom\u00e9dicos&nbsp;t\u00eam ganhado destaque por sua\u2026<\/p>\n","protected":false},"author":2,"featured_media":0,"comment_status":"open","ping_status":"open","sticky":false,"template":"","format":"standard","meta":{"_acf_changed":false,"footnotes":""},"categories":[33],"class_list":["post-787","post","type-post","status-publish","format-standard","hentry","category-carreira","autor-julia-amaral","autor-lais-pontin-matos","curso-biomedicina","area-saude"],"acf":[],"yoast_head":"<!-- This site is optimized with the Yoast SEO plugin v27.3 - https:\/\/yoast.com\/product\/yoast-seo-wordpress\/ -->\n<title>Em quais \u00e1reas profissionais os biom\u00e9dicos podem trabalhar? - Univates Blog<\/title>\n<meta name=\"robots\" content=\"index, follow, max-snippet:-1, max-image-preview:large, max-video-preview:-1\" \/>\n<link rel=\"canonical\" href=\"https:\/\/www.univates.br\/blog\/em-quais-areas-profissionais-os-biomedicos-podem-trabalhar\/\" \/>\n<meta property=\"og:locale\" content=\"pt_BR\" \/>\n<meta property=\"og:type\" content=\"article\" \/>\n<meta property=\"og:title\" content=\"Em quais \u00e1reas profissionais os biom\u00e9dicos podem trabalhar? - Univates Blog\" \/>\n<meta property=\"og:description\" content=\"Depois de conclu\u00edrem o&nbsp;curso de Biomedicina, os&nbsp;biom\u00e9dicos&nbsp;\ud83d\udc68\u200d\u2695\ufe0f podem&nbsp;trabalhar, por exemplo, em bancos de sangue ou em&nbsp;\u00e1reas profissionais&nbsp;de diagn\u00f3stico laboratorial ou de imagem, reprodu\u00e7\u00e3o humana, est\u00e9tica, an\u00e1lise ambiental ou de alimentos, citologia onc\u00f3tica, entre outras. Ultimamente os&nbsp;biom\u00e9dicos&nbsp;t\u00eam ganhado destaque por sua\u2026\" \/>\n<meta property=\"og:url\" content=\"https:\/\/www.univates.br\/blog\/em-quais-areas-profissionais-os-biomedicos-podem-trabalhar\/\" \/>\n<meta property=\"og:site_name\" content=\"Univates Blog\" \/>\n<meta property=\"article:published_time\" content=\"2022-05-06T14:10:51+00:00\" \/>\n<meta property=\"article:modified_time\" content=\"2023-12-20T17:20:12+00:00\" \/>\n<meta property=\"og:image\" content=\"https:\/\/desenvolvimento.bravo.st\/univatesblog\/wp-content\/uploads\/2022\/05\/thais_1591811462.539.jpg\" \/>\n<meta name=\"author\" content=\"Marketing Univates\" \/>\n<meta name=\"twitter:card\" content=\"summary_large_image\" \/>\n<meta name=\"twitter:label1\" content=\"Escrito por\" \/>\n\t<meta name=\"twitter:data1\" content=\"Marketing Univates\" \/>\n\t<meta name=\"twitter:label2\" content=\"Est. tempo de leitura\" \/>\n\t<meta name=\"twitter:data2\" content=\"4 minutos\" \/>\n<script type=\"application\/ld+json\" class=\"yoast-schema-graph\">{\"@context\":\"https:\\\/\\\/schema.org\",\"@graph\":[{\"@type\":\"Article\",\"@id\":\"https:\\\/\\\/www.univates.br\\\/blog\\\/em-quais-areas-profissionais-os-biomedicos-podem-trabalhar\\\/#article\",\"isPartOf\":{\"@id\":\"https:\\\/\\\/www.univates.br\\\/blog\\\/em-quais-areas-profissionais-os-biomedicos-podem-trabalhar\\\/\"},\"author\":{\"name\":\"Marketing Univates\",\"@id\":\"https:\\\/\\\/www.univates.br\\\/blog\\\/#\\\/schema\\\/person\\\/15c63917440cc5e70160c247b309af2f\"},\"headline\":\"Em quais \u00e1reas profissionais os biom\u00e9dicos podem trabalhar?\",\"datePublished\":\"2022-05-06T14:10:51+00:00\",\"dateModified\":\"2023-12-20T17:20:12+00:00\",\"mainEntityOfPage\":{\"@id\":\"https:\\\/\\\/www.univates.br\\\/blog\\\/em-quais-areas-profissionais-os-biomedicos-podem-trabalhar\\\/\"},\"wordCount\":695,\"commentCount\":0,\"image\":{\"@id\":\"https:\\\/\\\/www.univates.br\\\/blog\\\/em-quais-areas-profissionais-os-biomedicos-podem-trabalhar\\\/#primaryimage\"},\"thumbnailUrl\":\"https:\\\/\\\/desenvolvimento.bravo.st\\\/univatesblog\\\/wp-content\\\/uploads\\\/2022\\\/05\\\/thais_1591811462.539.jpg\",\"articleSection\":[\"Carreira\"],\"inLanguage\":\"pt-BR\",\"potentialAction\":[{\"@type\":\"CommentAction\",\"name\":\"Comment\",\"target\":[\"https:\\\/\\\/www.univates.br\\\/blog\\\/em-quais-areas-profissionais-os-biomedicos-podem-trabalhar\\\/#respond\"]}]},{\"@type\":\"WebPage\",\"@id\":\"https:\\\/\\\/www.univates.br\\\/blog\\\/em-quais-areas-profissionais-os-biomedicos-podem-trabalhar\\\/\",\"url\":\"https:\\\/\\\/www.univates.br\\\/blog\\\/em-quais-areas-profissionais-os-biomedicos-podem-trabalhar\\\/\",\"name\":\"Em quais \u00e1reas profissionais os biom\u00e9dicos podem trabalhar? - Univates Blog\",\"isPartOf\":{\"@id\":\"https:\\\/\\\/www.univates.br\\\/blog\\\/#website\"},\"primaryImageOfPage\":{\"@id\":\"https:\\\/\\\/www.univates.br\\\/blog\\\/em-quais-areas-profissionais-os-biomedicos-podem-trabalhar\\\/#primaryimage\"},\"image\":{\"@id\":\"https:\\\/\\\/www.univates.br\\\/blog\\\/em-quais-areas-profissionais-os-biomedicos-podem-trabalhar\\\/#primaryimage\"},\"thumbnailUrl\":\"https:\\\/\\\/desenvolvimento.bravo.st\\\/univatesblog\\\/wp-content\\\/uploads\\\/2022\\\/05\\\/thais_1591811462.539.jpg\",\"datePublished\":\"2022-05-06T14:10:51+00:00\",\"dateModified\":\"2023-12-20T17:20:12+00:00\",\"author\":{\"@id\":\"https:\\\/\\\/www.univates.br\\\/blog\\\/#\\\/schema\\\/person\\\/15c63917440cc5e70160c247b309af2f\"},\"breadcrumb\":{\"@id\":\"https:\\\/\\\/www.univates.br\\\/blog\\\/em-quais-areas-profissionais-os-biomedicos-podem-trabalhar\\\/#breadcrumb\"},\"inLanguage\":\"pt-BR\",\"potentialAction\":[{\"@type\":\"ReadAction\",\"target\":[\"https:\\\/\\\/www.univates.br\\\/blog\\\/em-quais-areas-profissionais-os-biomedicos-podem-trabalhar\\\/\"]}]},{\"@type\":\"ImageObject\",\"inLanguage\":\"pt-BR\",\"@id\":\"https:\\\/\\\/www.univates.br\\\/blog\\\/em-quais-areas-profissionais-os-biomedicos-podem-trabalhar\\\/#primaryimage\",\"url\":\"https:\\\/\\\/desenvolvimento.bravo.st\\\/univatesblog\\\/wp-content\\\/uploads\\\/2022\\\/05\\\/thais_1591811462.539.jpg\",\"contentUrl\":\"https:\\\/\\\/desenvolvimento.bravo.st\\\/univatesblog\\\/wp-content\\\/uploads\\\/2022\\\/05\\\/thais_1591811462.539.jpg\"},{\"@type\":\"BreadcrumbList\",\"@id\":\"https:\\\/\\\/www.univates.br\\\/blog\\\/em-quais-areas-profissionais-os-biomedicos-podem-trabalhar\\\/#breadcrumb\",\"itemListElement\":[{\"@type\":\"ListItem\",\"position\":1,\"name\":\"Home\",\"item\":\"https:\\\/\\\/www.univates.br\\\/blog\\\/\"},{\"@type\":\"ListItem\",\"position\":2,\"name\":\"Em quais \u00e1reas profissionais os biom\u00e9dicos podem trabalhar?\"}]},{\"@type\":\"WebSite\",\"@id\":\"https:\\\/\\\/www.univates.br\\\/blog\\\/#website\",\"url\":\"https:\\\/\\\/www.univates.br\\\/blog\\\/\",\"name\":\"Univates Blog\",\"description\":\"\",\"potentialAction\":[{\"@type\":\"SearchAction\",\"target\":{\"@type\":\"EntryPoint\",\"urlTemplate\":\"https:\\\/\\\/www.univates.br\\\/blog\\\/?s={search_term_string}\"},\"query-input\":{\"@type\":\"PropertyValueSpecification\",\"valueRequired\":true,\"valueName\":\"search_term_string\"}}],\"inLanguage\":\"pt-BR\"},{\"@type\":\"Person\",\"@id\":\"https:\\\/\\\/www.univates.br\\\/blog\\\/#\\\/schema\\\/person\\\/15c63917440cc5e70160c247b309af2f\",\"name\":\"Marketing Univates\",\"image\":{\"@type\":\"ImageObject\",\"inLanguage\":\"pt-BR\",\"@id\":\"https:\\\/\\\/secure.gravatar.com\\\/avatar\\\/511f9e77a6a3d0cddd9074f69a722364bc7f787e73d4a0da1f727ba62704eda4?s=96&d=mm&r=g\",\"url\":\"https:\\\/\\\/secure.gravatar.com\\\/avatar\\\/511f9e77a6a3d0cddd9074f69a722364bc7f787e73d4a0da1f727ba62704eda4?s=96&d=mm&r=g\",\"contentUrl\":\"https:\\\/\\\/secure.gravatar.com\\\/avatar\\\/511f9e77a6a3d0cddd9074f69a722364bc7f787e73d4a0da1f727ba62704eda4?s=96&d=mm&r=g\",\"caption\":\"Marketing Univates\"},\"sameAs\":[\"http:\\\/\\\/univates.br\"],\"url\":\"https:\\\/\\\/www.univates.br\\\/blog\\\/author\\\/marketing\\\/\"}]}<\/script>\n<!-- \/ Yoast SEO plugin. -->","yoast_head_json":{"title":"Em quais \u00e1reas profissionais os biom\u00e9dicos podem trabalhar? - Univates Blog","robots":{"index":"index","follow":"follow","max-snippet":"max-snippet:-1","max-image-preview":"max-image-preview:large","max-video-preview":"max-video-preview:-1"},"canonical":"https:\/\/www.univates.br\/blog\/em-quais-areas-profissionais-os-biomedicos-podem-trabalhar\/","og_locale":"pt_BR","og_type":"article","og_title":"Em quais \u00e1reas profissionais os biom\u00e9dicos podem trabalhar? - Univates Blog","og_description":"Depois de conclu\u00edrem o&nbsp;curso de Biomedicina, os&nbsp;biom\u00e9dicos&nbsp;\ud83d\udc68\u200d\u2695\ufe0f podem&nbsp;trabalhar, por exemplo, em bancos de sangue ou em&nbsp;\u00e1reas profissionais&nbsp;de diagn\u00f3stico laboratorial ou de imagem, reprodu\u00e7\u00e3o humana, est\u00e9tica, an\u00e1lise ambiental ou de alimentos, citologia onc\u00f3tica, entre outras. Ultimamente os&nbsp;biom\u00e9dicos&nbsp;t\u00eam ganhado destaque por sua\u2026","og_url":"https:\/\/www.univates.br\/blog\/em-quais-areas-profissionais-os-biomedicos-podem-trabalhar\/","og_site_name":"Univates Blog","article_published_time":"2022-05-06T14:10:51+00:00","article_modified_time":"2023-12-20T17:20:12+00:00","og_image":[{"url":"https:\/\/desenvolvimento.bravo.st\/univatesblog\/wp-content\/uploads\/2022\/05\/thais_1591811462.539.jpg","type":"","width":"","height":""}],"author":"Marketing Univates","twitter_card":"summary_large_image","twitter_misc":{"Escrito por":"Marketing Univates","Est. tempo de leitura":"4 minutos"},"schema":{"@context":"https:\/\/schema.org","@graph":[{"@type":"Article","@id":"https:\/\/www.univates.br\/blog\/em-quais-areas-profissionais-os-biomedicos-podem-trabalhar\/#article","isPartOf":{"@id":"https:\/\/www.univates.br\/blog\/em-quais-areas-profissionais-os-biomedicos-podem-trabalhar\/"},"author":{"name":"Marketing Univates","@id":"https:\/\/www.univates.br\/blog\/#\/schema\/person\/15c63917440cc5e70160c247b309af2f"},"headline":"Em quais \u00e1reas profissionais os biom\u00e9dicos podem trabalhar?","datePublished":"2022-05-06T14:10:51+00:00","dateModified":"2023-12-20T17:20:12+00:00","mainEntityOfPage":{"@id":"https:\/\/www.univates.br\/blog\/em-quais-areas-profissionais-os-biomedicos-podem-trabalhar\/"},"wordCount":695,"commentCount":0,"image":{"@id":"https:\/\/www.univates.br\/blog\/em-quais-areas-profissionais-os-biomedicos-podem-trabalhar\/#primaryimage"},"thumbnailUrl":"https:\/\/desenvolvimento.bravo.st\/univatesblog\/wp-content\/uploads\/2022\/05\/thais_1591811462.539.jpg","articleSection":["Carreira"],"inLanguage":"pt-BR","potentialAction":[{"@type":"CommentAction","name":"Comment","target":["https:\/\/www.univates.br\/blog\/em-quais-areas-profissionais-os-biomedicos-podem-trabalhar\/#respond"]}]},{"@type":"WebPage","@id":"https:\/\/www.univates.br\/blog\/em-quais-areas-profissionais-os-biomedicos-podem-trabalhar\/","url":"https:\/\/www.univates.br\/blog\/em-quais-areas-profissionais-os-biomedicos-podem-trabalhar\/","name":"Em quais \u00e1reas profissionais os biom\u00e9dicos podem trabalhar? - Univates Blog","isPartOf":{"@id":"https:\/\/www.univates.br\/blog\/#website"},"primaryImageOfPage":{"@id":"https:\/\/www.univates.br\/blog\/em-quais-areas-profissionais-os-biomedicos-podem-trabalhar\/#primaryimage"},"image":{"@id":"https:\/\/www.univates.br\/blog\/em-quais-areas-profissionais-os-biomedicos-podem-trabalhar\/#primaryimage"},"thumbnailUrl":"https:\/\/desenvolvimento.bravo.st\/univatesblog\/wp-content\/uploads\/2022\/05\/thais_1591811462.539.jpg","datePublished":"2022-05-06T14:10:51+00:00","dateModified":"2023-12-20T17:20:12+00:00","author":{"@id":"https:\/\/www.univates.br\/blog\/#\/schema\/person\/15c63917440cc5e70160c247b309af2f"},"breadcrumb":{"@id":"https:\/\/www.univates.br\/blog\/em-quais-areas-profissionais-os-biomedicos-podem-trabalhar\/#breadcrumb"},"inLanguage":"pt-BR","potentialAction":[{"@type":"ReadAction","target":["https:\/\/www.univates.br\/blog\/em-quais-areas-profissionais-os-biomedicos-podem-trabalhar\/"]}]},{"@type":"ImageObject","inLanguage":"pt-BR","@id":"https:\/\/www.univates.br\/blog\/em-quais-areas-profissionais-os-biomedicos-podem-trabalhar\/#primaryimage","url":"https:\/\/desenvolvimento.bravo.st\/univatesblog\/wp-content\/uploads\/2022\/05\/thais_1591811462.539.jpg","contentUrl":"https:\/\/desenvolvimento.bravo.st\/univatesblog\/wp-content\/uploads\/2022\/05\/thais_1591811462.539.jpg"},{"@type":"BreadcrumbList","@id":"https:\/\/www.univates.br\/blog\/em-quais-areas-profissionais-os-biomedicos-podem-trabalhar\/#breadcrumb","itemListElement":[{"@type":"ListItem","position":1,"name":"Home","item":"https:\/\/www.univates.br\/blog\/"},{"@type":"ListItem","position":2,"name":"Em quais \u00e1reas profissionais os biom\u00e9dicos podem trabalhar?"}]},{"@type":"WebSite","@id":"https:\/\/www.univates.br\/blog\/#website","url":"https:\/\/www.univates.br\/blog\/","name":"Univates Blog","description":"","potentialAction":[{"@type":"SearchAction","target":{"@type":"EntryPoint","urlTemplate":"https:\/\/www.univates.br\/blog\/?s={search_term_string}"},"query-input":{"@type":"PropertyValueSpecification","valueRequired":true,"valueName":"search_term_string"}}],"inLanguage":"pt-BR"},{"@type":"Person","@id":"https:\/\/www.univates.br\/blog\/#\/schema\/person\/15c63917440cc5e70160c247b309af2f","name":"Marketing Univates","image":{"@type":"ImageObject","inLanguage":"pt-BR","@id":"https:\/\/secure.gravatar.com\/avatar\/511f9e77a6a3d0cddd9074f69a722364bc7f787e73d4a0da1f727ba62704eda4?s=96&d=mm&r=g","url":"https:\/\/secure.gravatar.com\/avatar\/511f9e77a6a3d0cddd9074f69a722364bc7f787e73d4a0da1f727ba62704eda4?s=96&d=mm&r=g","contentUrl":"https:\/\/secure.gravatar.com\/avatar\/511f9e77a6a3d0cddd9074f69a722364bc7f787e73d4a0da1f727ba62704eda4?s=96&d=mm&r=g","caption":"Marketing Univates"},"sameAs":["http:\/\/univates.br"],"url":"https:\/\/www.univates.br\/blog\/author\/marketing\/"}]}},"_links":{"self":[{"href":"https:\/\/www.univates.br\/blog\/wp-json\/wp\/v2\/posts\/787","targetHints":{"allow":["GET"]}}],"collection":[{"href":"https:\/\/www.univates.br\/blog\/wp-json\/wp\/v2\/posts"}],"about":[{"href":"https:\/\/www.univates.br\/blog\/wp-json\/wp\/v2\/types\/post"}],"author":[{"embeddable":true,"href":"https:\/\/www.univates.br\/blog\/wp-json\/wp\/v2\/users\/2"}],"replies":[{"embeddable":true,"href":"https:\/\/www.univates.br\/blog\/wp-json\/wp\/v2\/comments?post=787"}],"version-history":[{"count":15,"href":"https:\/\/www.univates.br\/blog\/wp-json\/wp\/v2\/posts\/787\/revisions"}],"predecessor-version":[{"id":4522,"href":"https:\/\/www.univates.br\/blog\/wp-json\/wp\/v2\/posts\/787\/revisions\/4522"}],"wp:attachment":[{"href":"https:\/\/www.univates.br\/blog\/wp-json\/wp\/v2\/media?parent=787"}],"wp:term":[{"taxonomy":"category","embeddable":true,"href":"https:\/\/www.univates.br\/blog\/wp-json\/wp\/v2\/categories?post=787"}],"curies":[{"name":"wp","href":"https:\/\/api.w.org\/{rel}","templated":true}]}}