{"id":796,"date":"2022-05-06T11:31:36","date_gmt":"2022-05-06T14:31:36","guid":{"rendered":"https:\/\/desenvolvimento.bravo.st\/univatesblog\/?p=796"},"modified":"2023-12-20T21:16:50","modified_gmt":"2023-12-21T00:16:50","slug":"area-de-tecnologia-da-informacao-tambem-tem-espaco-para-mulheres","status":"publish","type":"post","link":"https:\/\/www.univates.br\/blog\/area-de-tecnologia-da-informacao-tambem-tem-espaco-para-mulheres\/","title":{"rendered":"\u00c1rea de Tecnologia da Informa\u00e7\u00e3o tamb\u00e9m tem espa\u00e7o para mulheres"},"content":{"rendered":"\n<p>A&nbsp;<strong>\u00e1rea<\/strong>&nbsp;de&nbsp;<strong>Tecnologia da Informa\u00e7\u00e3o (TI)<\/strong>&nbsp;tamb\u00e9m tem espa\u00e7o para&nbsp;<strong>mulheres<\/strong>, sabia? Para provar que, em pleno s\u00e9culo XXI, o estere\u00f3tipo de que apenas homens podem trabalhar no ramo j\u00e1 n\u00e3o faz mais sentido, resolvemos documentar a trajet\u00f3ria de uma estudante, de uma diplomada e de uma professora da Univates. Todas elas s\u00e3o&nbsp;<em>powerful girls*<\/em>&nbsp;\u2640\ufe0f e, dando uma olhadinha em seus relatos, voc\u00ea ir\u00e1 descobrir por que. Espie s\u00f3:&nbsp;<\/p>\n\n\n\n<h2 class=\"wp-block-heading\">Morgana Bagatini, estudante do curso de Engenharia de Software \ud83c\udf92<\/h2>\n\n\n\n<p>A acad\u00eamica Morgana Bagatini, que estuda&nbsp;<a href=\"https:\/\/www.univates.br\/graduacao\/engenharia-de-software\">Engenharia de Software<\/a>, relata que notou a entrada de mais meninas em cursos da&nbsp;<strong>\u00e1rea&nbsp;<\/strong>de&nbsp;<strong>TI<\/strong>&nbsp;desde que ingressou na faculdade em 2013.&nbsp;\u201cComo a sociedade no geral passou a discutir mais a quest\u00e3o das minorias e preconceitos, as&nbsp;<strong>mulheres<\/strong>, que antes se sentiam acuadas, hoje reconhecem seu espa\u00e7o e se sentem mais \u00e0 vontade para n\u00e3o aceitar comportamentos machistas. Acredito que os homens tamb\u00e9m mudaram seu ponto de vista em rela\u00e7\u00e3o a isso\u201d, analisa.<\/p>\n\n\n\n<p>Para Morgana, a&nbsp;<strong>\u00e1rea<\/strong>&nbsp;de&nbsp;<strong>TI<\/strong>&nbsp;sempre pareceu ser muito promissora, o que a motivou a ingressar no ramo. A estudante percebe que o mercado de trabalho para&nbsp;<strong>mulheres<\/strong>&nbsp;que querem atuar nesse setor j\u00e1 melhorou bastante, mas ainda h\u00e1 muito para evoluir.<\/p>\n\n\n\n<div class=\"wp-block-media-text alignwide is-stacked-on-mobile\"><figure class=\"wp-block-media-text__media\"><img loading=\"lazy\" decoding=\"async\" width=\"292\" height=\"292\" src=\"https:\/\/desenvolvimento.bravo.st\/univatesblog\/wp-content\/uploads\/2022\/05\/morgana_1589823075.9181.jpg\" alt=\"\" class=\"wp-image-797 size-full\" srcset=\"https:\/\/www.univates.br\/blog\/wp-content\/uploads\/2022\/05\/morgana_1589823075.9181.jpg 292w, https:\/\/www.univates.br\/blog\/wp-content\/uploads\/2022\/05\/morgana_1589823075.9181-150x150.jpg 150w\" sizes=\"auto, (max-width: 292px) 100vw, 292px\" \/><\/figure><div class=\"wp-block-media-text__content\">\n<p>&#8220;H\u00e1 muito espa\u00e7o na \u00e1rea, e acredito que isso \u00e9 uma oportunidade para n\u00f3s mulheres. Aumentando a diversidade vamos diminuindo o machismo e quebrando o estere\u00f3tipo de que o profissional de TI \u00e9 um nerd sem vida social&#8221;, diz Morgana Bagatini, estudante do curso de Engenharia de Software<\/p>\n\n\n\n<p><em>(Foto: Divulga\u00e7\u00e3o)<\/em><\/p>\n<\/div><\/div>\n\n\n\n<div class=\"bloco-gutenberg\">\n\n    <a href=\"https:\/\/materiais.univates.br\/mercado-de-trabalho-modalidade\" target=\"_blank\" class=\"guten-material\" style=\"background-color: #01e37f; color: #0a0a0a;\">\n                    <img decoding=\"async\" src=\"https:\/\/www.univates.br\/blog\/wp-content\/uploads\/2022\/05\/Design-sem-nome-4.png\" loading=\"lazy\">\n                <div class=\"texto\">\n                            <span>Descubra como se destacar no mercado de trabalho<\/span>\n                            <strong>Baixar e-book<\/strong>\n                    <\/div>\n    <\/a>\n    <\/div>\n\n\n<h2 class=\"wp-block-heading\">Fernanda Elise Finkler, diplomada do curso de Sistemas de Informa\u00e7\u00e3o \ud83c\udf93<\/h2>\n\n\n\n<p>Para a diplomada em&nbsp;<a href=\"https:\/\/www.univates.br\/graduacao\/sistemas-de-informacao\">Sistemas de Informa\u00e7\u00e3o<\/a>&nbsp;Fernanda Elise Finkler, as&nbsp;<strong>mulheres<\/strong>&nbsp;t\u00eam muito a agregar na&nbsp;<strong>\u00e1rea<\/strong>&nbsp;de&nbsp;<strong>TI<\/strong>.<\/p>\n\n\n\n<div class=\"wp-block-media-text alignwide is-stacked-on-mobile\"><figure class=\"wp-block-media-text__media\"><img loading=\"lazy\" decoding=\"async\" width=\"291\" height=\"194\" src=\"https:\/\/desenvolvimento.bravo.st\/univatesblog\/wp-content\/uploads\/2022\/05\/fernanda_1589823491.0996.jpg\" alt=\"\" class=\"wp-image-798 size-full\" srcset=\"https:\/\/www.univates.br\/blog\/wp-content\/uploads\/2022\/05\/fernanda_1589823491.0996.jpg 291w, https:\/\/www.univates.br\/blog\/wp-content\/uploads\/2022\/05\/fernanda_1589823491.0996-150x100.jpg 150w\" sizes=\"auto, (max-width: 291px) 100vw, 291px\" \/><\/figure><div class=\"wp-block-media-text__content\">\n<p>&#8220;As mulheres muitas vezes t\u00eam um olhar um pouco diferente sobre os sistemas e processos, o que pode agregar de forma positiva no desempenho da fun\u00e7\u00e3o no ramo&#8221;, afirma Fernanda Elise Finkler, diplomada do curso de Sistemas de Informa\u00e7\u00e3o<\/p>\n\n\n\n<p><em>(Foto: Divulga\u00e7\u00e3o)<\/em><\/p>\n<\/div><\/div>\n\n\n\n<p>Fernanda conta que quando prestou vestibular, em 2007, essa n\u00e3o era uma&nbsp;<strong>\u00e1rea<\/strong>&nbsp;muito conhecida. Foi justamente isso que despertou sua curiosidade. Durante a gradua\u00e7\u00e3o, conclu\u00edda em 2017, Fernanda teve poucas colegas&nbsp;<strong>mulheres<\/strong>. Para ela, o mercado de trabalho no setor de&nbsp;<strong>TI<\/strong>&nbsp;\u00e9 bastante pr\u00f3spero para todos, independentemente do g\u00eanero.<\/p>\n\n\n\n<h2 class=\"wp-block-heading\">Maria Claudete Schorr, professora do curso de An\u00e1lise e Desenvolvimento de Sistemas (EAD) \ud83d\udc69\u200d\ud83c\udfeb<\/h2>\n\n\n\n<p>Durante o per\u00edodo em que cursou licenciatura em Computa\u00e7\u00e3o, a professora Maria Claudete Schorr relata que era uma das poucas&nbsp;<strong>mulheres<\/strong>&nbsp;na gradua\u00e7\u00e3o. Na turma de 50 estudantes, apenas tr\u00eas&nbsp;<strong>mulheres<\/strong>&nbsp;se formaram no ano de 2003. Mesmo com poucas refer\u00eancias femininas, o interesse pela tecnologia era grande e fez com que a docente buscasse a especializa\u00e7\u00e3o em Tecnologias na Educa\u00e7\u00e3o, o mestrado em&nbsp;<a href=\"https:\/\/www.univates.br\/ppgece\/\">Ensino de Ci\u00eancias Exatas<\/a>&nbsp;e agora o doutorado em Inform\u00e1tica na Educa\u00e7\u00e3o.&nbsp;<\/p>\n\n\n\n<figure class=\"wp-block-image size-full is-resized\"><img loading=\"lazy\" decoding=\"async\" src=\"https:\/\/desenvolvimento.bravo.st\/univatesblog\/wp-content\/uploads\/2022\/05\/1589824282.7786_300_300.jpg\" alt=\"\" class=\"wp-image-799\" width=\"728\" height=\"354\" srcset=\"https:\/\/www.univates.br\/blog\/wp-content\/uploads\/2022\/05\/1589824282.7786_300_300.jpg 728w, https:\/\/www.univates.br\/blog\/wp-content\/uploads\/2022\/05\/1589824282.7786_300_300-600x292.jpg 600w, https:\/\/www.univates.br\/blog\/wp-content\/uploads\/2022\/05\/1589824282.7786_300_300-150x73.jpg 150w\" sizes=\"auto, (max-width: 728px) 100vw, 728px\" \/><figcaption>Foto: Divulga\u00e7\u00e3o<\/figcaption><\/figure>\n\n\n\n<p>O interesse pela&nbsp;<strong>\u00e1rea<\/strong>&nbsp;de&nbsp;<strong>TI<\/strong>&nbsp;surgiu antes mesmo da escolha do curso de gradua\u00e7\u00e3o. \u201cMeu melhor brinquedo era um livro de geometria do meu pai e uma calculadora, depois passou a ser tamb\u00e9m a m\u00e1quina de escrever. Ficava horas brincando com isso, fazendo c\u00e1lculos e simulando situa\u00e7\u00f5es de escrit\u00f3rio\u201d, lembra Maria. Aos 15 anos, ela fez um cursinho de computa\u00e7\u00e3o, no qual teve seu primeiro contato com o computador utilizando a linguagem de programa\u00e7\u00e3o&nbsp;<em>Basic<\/em>. A identifica\u00e7\u00e3o com a&nbsp;<strong>\u00e1rea<\/strong>&nbsp;foi tanta que aos 17 anos ela j\u00e1 iniciava suas atividades como docente, ministrando cursinhos de computa\u00e7\u00e3o e inform\u00e1tica.<\/p>\n\n\n\n<p>Maria afirma que enxerga todas as&nbsp;<strong>mulheres<\/strong>&nbsp;da&nbsp;<strong>\u00e1rea<\/strong>&nbsp;de&nbsp;<strong>TI<\/strong>&nbsp;como guerreiras, persistentes em seu espa\u00e7o. Atualmente a professora leciona no curso de&nbsp;<a href=\"https:\/\/www.univates.br\/graduacao\/analise-e-desenvolvimento-de-sistemas\">An\u00e1lise e Desenvolvimento de Sistemas (EAD)<\/a>&nbsp;da Univates.&nbsp;<\/p>\n\n\n\n<h2 class=\"wp-block-heading\">Mercado de trabalho em ascens\u00e3o \ud83d\udcbc<\/h2>\n\n\n\n<div class=\"bloco-gutenberg\">\n\n    <a href=\"https:\/\/materiais.univates.br\/com-que-curso-eu-vou-modalidade\" target=\"_blank\" class=\"guten-material\" style=\"background-color: #6b00e8; \">\n                    <img decoding=\"async\" src=\"https:\/\/www.univates.br\/blog\/wp-content\/uploads\/2022\/05\/Design-sem-nome-3.png\" loading=\"lazy\">\n                <div class=\"texto\">\n                            <span>Descubra seu perfil profissional e qual curso \u00e9 perfeito pra voc\u00ea<\/span>\n                            <strong>Baixar e-book<\/strong>\n                    <\/div>\n    <\/a>\n    <\/div>\n\n\n<p>Um&nbsp;<a href=\"https:\/\/business.linkedin.com\/content\/dam\/me\/business\/en-us\/talent-solutions\/emerging-jobs-report\/Emerging_Jobs_Report_Brazil.pdf\">mapeamento<\/a>&nbsp;realizado recentemente apontou que das 15 profiss\u00f5es emergentes no Brasil em 2020, nove est\u00e3o relacionadas \u00e0&nbsp;<strong>Tecnologia da Informa\u00e7\u00e3o<\/strong>. Conhe\u00e7a os cargos em ascens\u00e3o no ramo:<\/p>\n\n\n\n<p>\u2328 Gestor(a) de m\u00eddias sociais;<\/p>\n\n\n\n<p>\ud83d\udcbb Engenheiro(a) de ciberseguran\u00e7a;<\/p>\n\n\n\n<p>\ud83d\udcca Cientista de dados;<\/p>\n\n\n\n<p>\ud83d\udcc8 Engenheiro(a) de dados;<\/p>\n\n\n\n<p>\ud83e\udd13 Especialista em Intelig\u00eancia Artificial (IA);<\/p>\n\n\n\n<p>\u2328 Programador(a) de&nbsp;<em>JavaScript<\/em>;<\/p>\n\n\n\n<p>\ud83d\udcf1 Assistente de m\u00eddias sociais;<\/p>\n\n\n\n<p>\ud83d\udcbb Desenvolvedor(a) de plataforma&nbsp;<em>Salesforce<\/em>;<\/p>\n\n\n\n<p>\ud83d\udc68 Recrutador(a) especialista em&nbsp;<strong>Tecnologia da Informa\u00e7\u00e3o<\/strong>.&nbsp;<\/p>\n\n\n\n<p>\u2753\u00a0<a href=\"https:\/\/www.univates.br\/blog\/\/post\/quais-sao-as-vantagens-de-uma-carreira-na-area-de-ti\">Quais s\u00e3o as vantagens de uma carreira na \u00e1rea de TI?\u00a0<\/a><\/p>\n\n\n\n<p>\u2753\u00a0<a href=\"https:\/\/www.univates.br\/blog\/\/post\/o-que-um-analista-de-dados-faz\">O que um analista de dados faz?\u00a0<\/a><\/p>\n\n\n\n<p>\u2753\u00a0<a href=\"https:\/\/www.univates.br\/blog\/\/post\/o-que-vou-estudar-no-curso-de-engenharia-da-computacao\">O que vou estudar no curso de Engenharia da Computa\u00e7\u00e3o?\u00a0<\/a><\/p>\n\n\n\n<p><em>Powerful girls*:<\/em>&nbsp;meninas poderosas (traduzido do ingl\u00eas).&nbsp;<\/p>\n","protected":false},"excerpt":{"rendered":"<p>A&nbsp;\u00e1rea&nbsp;de&nbsp;Tecnologia da Informa\u00e7\u00e3o (TI)&nbsp;tamb\u00e9m tem espa\u00e7o para&nbsp;mulheres, sabia? Para provar que, em pleno s\u00e9culo XXI, o estere\u00f3tipo de que apenas homens podem trabalhar no ramo j\u00e1 n\u00e3o faz mais sentido, resolvemos documentar a trajet\u00f3ria de uma estudante, de uma diplomada\u2026<\/p>\n","protected":false},"author":2,"featured_media":0,"comment_status":"open","ping_status":"open","sticky":false,"template":"","format":"standard","meta":{"_acf_changed":false,"footnotes":""},"categories":[33],"class_list":["post-796","post","type-post","status-publish","format-standard","hentry","category-carreira","autor-julia-amaral","autor-lais-pontin-matos","area-tecnologias"],"acf":[],"yoast_head":"<!-- This site is optimized with the Yoast SEO plugin v27.3 - https:\/\/yoast.com\/product\/yoast-seo-wordpress\/ -->\n<title>\u00c1rea de Tecnologia da Informa\u00e7\u00e3o tamb\u00e9m tem espa\u00e7o para mulheres - Univates Blog<\/title>\n<meta name=\"robots\" content=\"index, follow, max-snippet:-1, max-image-preview:large, max-video-preview:-1\" \/>\n<link rel=\"canonical\" href=\"https:\/\/www.univates.br\/blog\/area-de-tecnologia-da-informacao-tambem-tem-espaco-para-mulheres\/\" \/>\n<meta property=\"og:locale\" content=\"pt_BR\" \/>\n<meta property=\"og:type\" content=\"article\" \/>\n<meta property=\"og:title\" content=\"\u00c1rea de Tecnologia da Informa\u00e7\u00e3o tamb\u00e9m tem espa\u00e7o para mulheres - Univates Blog\" \/>\n<meta property=\"og:description\" content=\"A&nbsp;\u00e1rea&nbsp;de&nbsp;Tecnologia da Informa\u00e7\u00e3o (TI)&nbsp;tamb\u00e9m tem espa\u00e7o para&nbsp;mulheres, sabia? Para provar que, em pleno s\u00e9culo XXI, o estere\u00f3tipo de que apenas homens podem trabalhar no ramo j\u00e1 n\u00e3o faz mais sentido, resolvemos documentar a trajet\u00f3ria de uma estudante, de uma diplomada\u2026\" \/>\n<meta property=\"og:url\" content=\"https:\/\/www.univates.br\/blog\/area-de-tecnologia-da-informacao-tambem-tem-espaco-para-mulheres\/\" \/>\n<meta property=\"og:site_name\" content=\"Univates Blog\" \/>\n<meta property=\"article:published_time\" content=\"2022-05-06T14:31:36+00:00\" \/>\n<meta property=\"article:modified_time\" content=\"2023-12-21T00:16:50+00:00\" \/>\n<meta property=\"og:image\" content=\"https:\/\/desenvolvimento.bravo.st\/univatesblog\/wp-content\/uploads\/2022\/05\/morgana_1589823075.9181.jpg\" \/>\n<meta name=\"author\" content=\"Marketing Univates\" \/>\n<meta name=\"twitter:card\" content=\"summary_large_image\" \/>\n<meta name=\"twitter:label1\" content=\"Escrito por\" \/>\n\t<meta name=\"twitter:data1\" content=\"Marketing Univates\" \/>\n\t<meta name=\"twitter:label2\" content=\"Est. tempo de leitura\" \/>\n\t<meta name=\"twitter:data2\" content=\"5 minutos\" \/>\n<script type=\"application\/ld+json\" class=\"yoast-schema-graph\">{\"@context\":\"https:\\\/\\\/schema.org\",\"@graph\":[{\"@type\":\"Article\",\"@id\":\"https:\\\/\\\/www.univates.br\\\/blog\\\/area-de-tecnologia-da-informacao-tambem-tem-espaco-para-mulheres\\\/#article\",\"isPartOf\":{\"@id\":\"https:\\\/\\\/www.univates.br\\\/blog\\\/area-de-tecnologia-da-informacao-tambem-tem-espaco-para-mulheres\\\/\"},\"author\":{\"name\":\"Marketing Univates\",\"@id\":\"https:\\\/\\\/www.univates.br\\\/blog\\\/#\\\/schema\\\/person\\\/15c63917440cc5e70160c247b309af2f\"},\"headline\":\"\u00c1rea de Tecnologia da Informa\u00e7\u00e3o tamb\u00e9m tem espa\u00e7o para mulheres\",\"datePublished\":\"2022-05-06T14:31:36+00:00\",\"dateModified\":\"2023-12-21T00:16:50+00:00\",\"mainEntityOfPage\":{\"@id\":\"https:\\\/\\\/www.univates.br\\\/blog\\\/area-de-tecnologia-da-informacao-tambem-tem-espaco-para-mulheres\\\/\"},\"wordCount\":841,\"commentCount\":0,\"image\":{\"@id\":\"https:\\\/\\\/www.univates.br\\\/blog\\\/area-de-tecnologia-da-informacao-tambem-tem-espaco-para-mulheres\\\/#primaryimage\"},\"thumbnailUrl\":\"https:\\\/\\\/desenvolvimento.bravo.st\\\/univatesblog\\\/wp-content\\\/uploads\\\/2022\\\/05\\\/morgana_1589823075.9181.jpg\",\"articleSection\":[\"Carreira\"],\"inLanguage\":\"pt-BR\",\"potentialAction\":[{\"@type\":\"CommentAction\",\"name\":\"Comment\",\"target\":[\"https:\\\/\\\/www.univates.br\\\/blog\\\/area-de-tecnologia-da-informacao-tambem-tem-espaco-para-mulheres\\\/#respond\"]}]},{\"@type\":\"WebPage\",\"@id\":\"https:\\\/\\\/www.univates.br\\\/blog\\\/area-de-tecnologia-da-informacao-tambem-tem-espaco-para-mulheres\\\/\",\"url\":\"https:\\\/\\\/www.univates.br\\\/blog\\\/area-de-tecnologia-da-informacao-tambem-tem-espaco-para-mulheres\\\/\",\"name\":\"\u00c1rea de Tecnologia da Informa\u00e7\u00e3o tamb\u00e9m tem espa\u00e7o para mulheres - Univates Blog\",\"isPartOf\":{\"@id\":\"https:\\\/\\\/www.univates.br\\\/blog\\\/#website\"},\"primaryImageOfPage\":{\"@id\":\"https:\\\/\\\/www.univates.br\\\/blog\\\/area-de-tecnologia-da-informacao-tambem-tem-espaco-para-mulheres\\\/#primaryimage\"},\"image\":{\"@id\":\"https:\\\/\\\/www.univates.br\\\/blog\\\/area-de-tecnologia-da-informacao-tambem-tem-espaco-para-mulheres\\\/#primaryimage\"},\"thumbnailUrl\":\"https:\\\/\\\/desenvolvimento.bravo.st\\\/univatesblog\\\/wp-content\\\/uploads\\\/2022\\\/05\\\/morgana_1589823075.9181.jpg\",\"datePublished\":\"2022-05-06T14:31:36+00:00\",\"dateModified\":\"2023-12-21T00:16:50+00:00\",\"author\":{\"@id\":\"https:\\\/\\\/www.univates.br\\\/blog\\\/#\\\/schema\\\/person\\\/15c63917440cc5e70160c247b309af2f\"},\"breadcrumb\":{\"@id\":\"https:\\\/\\\/www.univates.br\\\/blog\\\/area-de-tecnologia-da-informacao-tambem-tem-espaco-para-mulheres\\\/#breadcrumb\"},\"inLanguage\":\"pt-BR\",\"potentialAction\":[{\"@type\":\"ReadAction\",\"target\":[\"https:\\\/\\\/www.univates.br\\\/blog\\\/area-de-tecnologia-da-informacao-tambem-tem-espaco-para-mulheres\\\/\"]}]},{\"@type\":\"ImageObject\",\"inLanguage\":\"pt-BR\",\"@id\":\"https:\\\/\\\/www.univates.br\\\/blog\\\/area-de-tecnologia-da-informacao-tambem-tem-espaco-para-mulheres\\\/#primaryimage\",\"url\":\"https:\\\/\\\/desenvolvimento.bravo.st\\\/univatesblog\\\/wp-content\\\/uploads\\\/2022\\\/05\\\/morgana_1589823075.9181.jpg\",\"contentUrl\":\"https:\\\/\\\/desenvolvimento.bravo.st\\\/univatesblog\\\/wp-content\\\/uploads\\\/2022\\\/05\\\/morgana_1589823075.9181.jpg\"},{\"@type\":\"BreadcrumbList\",\"@id\":\"https:\\\/\\\/www.univates.br\\\/blog\\\/area-de-tecnologia-da-informacao-tambem-tem-espaco-para-mulheres\\\/#breadcrumb\",\"itemListElement\":[{\"@type\":\"ListItem\",\"position\":1,\"name\":\"Home\",\"item\":\"https:\\\/\\\/www.univates.br\\\/blog\\\/\"},{\"@type\":\"ListItem\",\"position\":2,\"name\":\"\u00c1rea de Tecnologia da Informa\u00e7\u00e3o tamb\u00e9m tem espa\u00e7o para mulheres\"}]},{\"@type\":\"WebSite\",\"@id\":\"https:\\\/\\\/www.univates.br\\\/blog\\\/#website\",\"url\":\"https:\\\/\\\/www.univates.br\\\/blog\\\/\",\"name\":\"Univates Blog\",\"description\":\"\",\"potentialAction\":[{\"@type\":\"SearchAction\",\"target\":{\"@type\":\"EntryPoint\",\"urlTemplate\":\"https:\\\/\\\/www.univates.br\\\/blog\\\/?s={search_term_string}\"},\"query-input\":{\"@type\":\"PropertyValueSpecification\",\"valueRequired\":true,\"valueName\":\"search_term_string\"}}],\"inLanguage\":\"pt-BR\"},{\"@type\":\"Person\",\"@id\":\"https:\\\/\\\/www.univates.br\\\/blog\\\/#\\\/schema\\\/person\\\/15c63917440cc5e70160c247b309af2f\",\"name\":\"Marketing Univates\",\"image\":{\"@type\":\"ImageObject\",\"inLanguage\":\"pt-BR\",\"@id\":\"https:\\\/\\\/secure.gravatar.com\\\/avatar\\\/511f9e77a6a3d0cddd9074f69a722364bc7f787e73d4a0da1f727ba62704eda4?s=96&d=mm&r=g\",\"url\":\"https:\\\/\\\/secure.gravatar.com\\\/avatar\\\/511f9e77a6a3d0cddd9074f69a722364bc7f787e73d4a0da1f727ba62704eda4?s=96&d=mm&r=g\",\"contentUrl\":\"https:\\\/\\\/secure.gravatar.com\\\/avatar\\\/511f9e77a6a3d0cddd9074f69a722364bc7f787e73d4a0da1f727ba62704eda4?s=96&d=mm&r=g\",\"caption\":\"Marketing Univates\"},\"sameAs\":[\"http:\\\/\\\/univates.br\"],\"url\":\"https:\\\/\\\/www.univates.br\\\/blog\\\/author\\\/marketing\\\/\"}]}<\/script>\n<!-- \/ Yoast SEO plugin. -->","yoast_head_json":{"title":"\u00c1rea de Tecnologia da Informa\u00e7\u00e3o tamb\u00e9m tem espa\u00e7o para mulheres - Univates Blog","robots":{"index":"index","follow":"follow","max-snippet":"max-snippet:-1","max-image-preview":"max-image-preview:large","max-video-preview":"max-video-preview:-1"},"canonical":"https:\/\/www.univates.br\/blog\/area-de-tecnologia-da-informacao-tambem-tem-espaco-para-mulheres\/","og_locale":"pt_BR","og_type":"article","og_title":"\u00c1rea de Tecnologia da Informa\u00e7\u00e3o tamb\u00e9m tem espa\u00e7o para mulheres - Univates Blog","og_description":"A&nbsp;\u00e1rea&nbsp;de&nbsp;Tecnologia da Informa\u00e7\u00e3o (TI)&nbsp;tamb\u00e9m tem espa\u00e7o para&nbsp;mulheres, sabia? Para provar que, em pleno s\u00e9culo XXI, o estere\u00f3tipo de que apenas homens podem trabalhar no ramo j\u00e1 n\u00e3o faz mais sentido, resolvemos documentar a trajet\u00f3ria de uma estudante, de uma diplomada\u2026","og_url":"https:\/\/www.univates.br\/blog\/area-de-tecnologia-da-informacao-tambem-tem-espaco-para-mulheres\/","og_site_name":"Univates Blog","article_published_time":"2022-05-06T14:31:36+00:00","article_modified_time":"2023-12-21T00:16:50+00:00","og_image":[{"url":"https:\/\/desenvolvimento.bravo.st\/univatesblog\/wp-content\/uploads\/2022\/05\/morgana_1589823075.9181.jpg","type":"","width":"","height":""}],"author":"Marketing Univates","twitter_card":"summary_large_image","twitter_misc":{"Escrito por":"Marketing Univates","Est. tempo de leitura":"5 minutos"},"schema":{"@context":"https:\/\/schema.org","@graph":[{"@type":"Article","@id":"https:\/\/www.univates.br\/blog\/area-de-tecnologia-da-informacao-tambem-tem-espaco-para-mulheres\/#article","isPartOf":{"@id":"https:\/\/www.univates.br\/blog\/area-de-tecnologia-da-informacao-tambem-tem-espaco-para-mulheres\/"},"author":{"name":"Marketing Univates","@id":"https:\/\/www.univates.br\/blog\/#\/schema\/person\/15c63917440cc5e70160c247b309af2f"},"headline":"\u00c1rea de Tecnologia da Informa\u00e7\u00e3o tamb\u00e9m tem espa\u00e7o para mulheres","datePublished":"2022-05-06T14:31:36+00:00","dateModified":"2023-12-21T00:16:50+00:00","mainEntityOfPage":{"@id":"https:\/\/www.univates.br\/blog\/area-de-tecnologia-da-informacao-tambem-tem-espaco-para-mulheres\/"},"wordCount":841,"commentCount":0,"image":{"@id":"https:\/\/www.univates.br\/blog\/area-de-tecnologia-da-informacao-tambem-tem-espaco-para-mulheres\/#primaryimage"},"thumbnailUrl":"https:\/\/desenvolvimento.bravo.st\/univatesblog\/wp-content\/uploads\/2022\/05\/morgana_1589823075.9181.jpg","articleSection":["Carreira"],"inLanguage":"pt-BR","potentialAction":[{"@type":"CommentAction","name":"Comment","target":["https:\/\/www.univates.br\/blog\/area-de-tecnologia-da-informacao-tambem-tem-espaco-para-mulheres\/#respond"]}]},{"@type":"WebPage","@id":"https:\/\/www.univates.br\/blog\/area-de-tecnologia-da-informacao-tambem-tem-espaco-para-mulheres\/","url":"https:\/\/www.univates.br\/blog\/area-de-tecnologia-da-informacao-tambem-tem-espaco-para-mulheres\/","name":"\u00c1rea de Tecnologia da Informa\u00e7\u00e3o tamb\u00e9m tem espa\u00e7o para mulheres - Univates Blog","isPartOf":{"@id":"https:\/\/www.univates.br\/blog\/#website"},"primaryImageOfPage":{"@id":"https:\/\/www.univates.br\/blog\/area-de-tecnologia-da-informacao-tambem-tem-espaco-para-mulheres\/#primaryimage"},"image":{"@id":"https:\/\/www.univates.br\/blog\/area-de-tecnologia-da-informacao-tambem-tem-espaco-para-mulheres\/#primaryimage"},"thumbnailUrl":"https:\/\/desenvolvimento.bravo.st\/univatesblog\/wp-content\/uploads\/2022\/05\/morgana_1589823075.9181.jpg","datePublished":"2022-05-06T14:31:36+00:00","dateModified":"2023-12-21T00:16:50+00:00","author":{"@id":"https:\/\/www.univates.br\/blog\/#\/schema\/person\/15c63917440cc5e70160c247b309af2f"},"breadcrumb":{"@id":"https:\/\/www.univates.br\/blog\/area-de-tecnologia-da-informacao-tambem-tem-espaco-para-mulheres\/#breadcrumb"},"inLanguage":"pt-BR","potentialAction":[{"@type":"ReadAction","target":["https:\/\/www.univates.br\/blog\/area-de-tecnologia-da-informacao-tambem-tem-espaco-para-mulheres\/"]}]},{"@type":"ImageObject","inLanguage":"pt-BR","@id":"https:\/\/www.univates.br\/blog\/area-de-tecnologia-da-informacao-tambem-tem-espaco-para-mulheres\/#primaryimage","url":"https:\/\/desenvolvimento.bravo.st\/univatesblog\/wp-content\/uploads\/2022\/05\/morgana_1589823075.9181.jpg","contentUrl":"https:\/\/desenvolvimento.bravo.st\/univatesblog\/wp-content\/uploads\/2022\/05\/morgana_1589823075.9181.jpg"},{"@type":"BreadcrumbList","@id":"https:\/\/www.univates.br\/blog\/area-de-tecnologia-da-informacao-tambem-tem-espaco-para-mulheres\/#breadcrumb","itemListElement":[{"@type":"ListItem","position":1,"name":"Home","item":"https:\/\/www.univates.br\/blog\/"},{"@type":"ListItem","position":2,"name":"\u00c1rea de Tecnologia da Informa\u00e7\u00e3o tamb\u00e9m tem espa\u00e7o para mulheres"}]},{"@type":"WebSite","@id":"https:\/\/www.univates.br\/blog\/#website","url":"https:\/\/www.univates.br\/blog\/","name":"Univates Blog","description":"","potentialAction":[{"@type":"SearchAction","target":{"@type":"EntryPoint","urlTemplate":"https:\/\/www.univates.br\/blog\/?s={search_term_string}"},"query-input":{"@type":"PropertyValueSpecification","valueRequired":true,"valueName":"search_term_string"}}],"inLanguage":"pt-BR"},{"@type":"Person","@id":"https:\/\/www.univates.br\/blog\/#\/schema\/person\/15c63917440cc5e70160c247b309af2f","name":"Marketing Univates","image":{"@type":"ImageObject","inLanguage":"pt-BR","@id":"https:\/\/secure.gravatar.com\/avatar\/511f9e77a6a3d0cddd9074f69a722364bc7f787e73d4a0da1f727ba62704eda4?s=96&d=mm&r=g","url":"https:\/\/secure.gravatar.com\/avatar\/511f9e77a6a3d0cddd9074f69a722364bc7f787e73d4a0da1f727ba62704eda4?s=96&d=mm&r=g","contentUrl":"https:\/\/secure.gravatar.com\/avatar\/511f9e77a6a3d0cddd9074f69a722364bc7f787e73d4a0da1f727ba62704eda4?s=96&d=mm&r=g","caption":"Marketing Univates"},"sameAs":["http:\/\/univates.br"],"url":"https:\/\/www.univates.br\/blog\/author\/marketing\/"}]}},"_links":{"self":[{"href":"https:\/\/www.univates.br\/blog\/wp-json\/wp\/v2\/posts\/796","targetHints":{"allow":["GET"]}}],"collection":[{"href":"https:\/\/www.univates.br\/blog\/wp-json\/wp\/v2\/posts"}],"about":[{"href":"https:\/\/www.univates.br\/blog\/wp-json\/wp\/v2\/types\/post"}],"author":[{"embeddable":true,"href":"https:\/\/www.univates.br\/blog\/wp-json\/wp\/v2\/users\/2"}],"replies":[{"embeddable":true,"href":"https:\/\/www.univates.br\/blog\/wp-json\/wp\/v2\/comments?post=796"}],"version-history":[{"count":26,"href":"https:\/\/www.univates.br\/blog\/wp-json\/wp\/v2\/posts\/796\/revisions"}],"predecessor-version":[{"id":5112,"href":"https:\/\/www.univates.br\/blog\/wp-json\/wp\/v2\/posts\/796\/revisions\/5112"}],"wp:attachment":[{"href":"https:\/\/www.univates.br\/blog\/wp-json\/wp\/v2\/media?parent=796"}],"wp:term":[{"taxonomy":"category","embeddable":true,"href":"https:\/\/www.univates.br\/blog\/wp-json\/wp\/v2\/categories?post=796"}],"curies":[{"name":"wp","href":"https:\/\/api.w.org\/{rel}","templated":true}]}}