{"id":840,"date":"2022-05-06T14:16:37","date_gmt":"2022-05-06T17:16:37","guid":{"rendered":"https:\/\/desenvolvimento.bravo.st\/univatesblog\/?p=840"},"modified":"2025-12-11T14:08:46","modified_gmt":"2025-12-11T17:08:46","slug":"o-que-faz-o-profissional-de-logistica","status":"publish","type":"post","link":"https:\/\/www.univates.br\/blog\/o-que-faz-o-profissional-de-logistica\/","title":{"rendered":"O que faz o profissional de Log\u00edstica?"},"content":{"rendered":"\n<p>Um profissional de log\u00edstica \u00e9 respons\u00e1vel por planejar, executar e otimizar o fluxo de mercadorias, desde a compra e armazenamento at\u00e9 o transporte, distribui\u00e7\u00e3o e entrega final. Ele atua para reduzir custos, aumentar efici\u00eancia, evitar perdas e garantir que produtos cheguem no prazo certo ao destino.<\/p>\n\n\n\n<p><em>\u201cPara um bom\u00a0<strong>profissional<\/strong>\u00a0de\u00a0<strong>Log\u00edstica<\/strong>, realizar grandes vendas n\u00e3o basta\u201d.<\/em>\u00a0Apostamos que voc\u00ea provavelmente nunca ouviu algu\u00e9m proferir esse prov\u00e9rbio (nem t\u00e3o popular assim, pois acabamos de invent\u00e1-lo \ud83d\ude0e), mas j\u00e1 deve ter ficado curioso para saber em detalhes\u00a0<strong>o que faz<\/strong>\u00a0um especialista da \u00e1rea em quest\u00e3o.<\/p>\n\n\n\n<p>Ao contr\u00e1rio do que muita gente imagina (<em>\u201cas apar\u00eancias \u00e0s vezes enganam\u201d!<\/em>), a&nbsp;<strong>log\u00edstica<\/strong>&nbsp;n\u00e3o est\u00e1 restrita unicamente ao campo de comercializa\u00e7\u00e3o de produtos. Na verdade, trabalhadores do ramo podem capacitar-se para, por exemplo, auxiliar nos processos de transporte, armazenamento, compras, distribui\u00e7\u00e3o e entrega \ud83d\udcee de mercadorias. <\/p>\n\n\n\n<p>Mas, afinal, o profissional de log\u00edstica faz o qu\u00ea? D\u00ea s\u00f3 uma espiadinha no post que elaboramos, entenda mais sobre o profissional de log\u00edstica e conhe\u00e7a quatro possibilidades de <a href=\"https:\/\/www.univates.br\/blog\/\/post\/como-uma-graduacao-pode-fazer-diferenca-na-minha-carreira-profissional\" target=\"_blank\" rel=\"noreferrer noopener\">carreira<\/a> no \u00e2mbito da Log\u00edstica. Aproveite a leitura!<\/p>\n\n\n\n<p>D\u00ea s\u00f3 uma espiadinha no&nbsp;<em>post<\/em>&nbsp;que elaboramos caso queira descobrir quatro possibilidades de&nbsp;<a href=\"https:\/\/www.univates.br\/blog\/\/post\/como-uma-graduacao-pode-fazer-diferenca-na-minha-carreira-profissional\">carreira<\/a>&nbsp;no \u00e2mbito da&nbsp;<strong>Log\u00edstica<\/strong>. <\/p>\n\n\n\n<p>Durante a leitura da mat\u00e9ria,&nbsp;<em>\u201cvoc\u00ea nos dir\u00e1 o&nbsp;<strong>profissional<\/strong>&nbsp;que quer ser e n\u00f3s lhe diremos como aproveitar as oportunidades que o&nbsp;<a href=\"https:\/\/www.univates.br\/blog\/\/post\/estou-formadoa-e-agora-conheca-historias-de-sucesso-que-podem-te-inspirar\">mercado de trabalho<\/a>&nbsp;oferece\u201d<\/em>, combinado? \ud83d\udcbc<\/p>\n\n\n\n<figure class=\"wp-block-image size-full\"><img loading=\"lazy\" decoding=\"async\" width=\"729\" height=\"486\" src=\"https:\/\/www.univates.br\/blog\/wp-content\/uploads\/2022\/05\/logistica-faz-o-que.jpg\" alt=\"Mulher e homem brancos apertando as m\u00e3os em uma loja, ela respons\u00e1vel da log\u00edstica ap\u00f3s entender sobre log\u00edstica faz o qu\u00ea.\" class=\"wp-image-7187\"\/><figcaption class=\"wp-element-caption\">Foto: Elise Bozzetto<\/figcaption><\/figure>\n\n\n\n<h2 class=\"wp-block-heading\">Fa\u00e7a o curso superior de Tecnologia em Log\u00edstica<\/h2>\n\n\n\n<p>Voc\u00ea j\u00e1 ouviu que \u201ca pressa \u00e9 inimiga da aprendizagem\u201d? E \u00e9 por isso mesmo que voc\u00ea deve investir tempo em sua forma\u00e7\u00e3o acad\u00eamica.<\/p>\n\n\n\n<p>Existe um prov\u00e9rbio popular que diz assim:&nbsp;<em>\u201cdevagar se vai ao longe\u201d<\/em>. Para conquistarmos nossos objetivos, precisamos perseverar e exercitar \ud83d\udcaa valores como dedica\u00e7\u00e3o, motiva\u00e7\u00e3o e paci\u00eancia. <\/p>\n\n\n\n<p>Se voc\u00ea almeja uma carreira na \u00e1rea de&nbsp;<strong>Log\u00edstica<\/strong>, deve dar o primeiro passo em dire\u00e7\u00e3o a ela ingressando no curso&nbsp;<a href=\"https:\/\/www.univates.br\/graduacao\/ead-logistica\">Superior de Tecnologia em Log\u00edstica<\/a>, que tem dura\u00e7\u00e3o de dois anos. <\/p>\n\n\n\n<p>Durante a faculdade o acad\u00eamico estudar\u00e1 conte\u00fados como teoria das organiza\u00e7\u00f5es, matem\u00e1tica financeira, princ\u00edpios de administra\u00e7\u00e3o e&nbsp;<em>marketing<\/em>, direito aplicado aos neg\u00f3cios e gest\u00e3o de suprimentos.<\/p>\n\n\n\n<div class=\"wp-block-media-text alignwide is-stacked-on-mobile\"><figure class=\"wp-block-media-text__media\"><img loading=\"lazy\" decoding=\"async\" width=\"291\" height=\"194\" src=\"https:\/\/desenvolvimento.bravo.st\/univatesblog\/wp-content\/uploads\/2022\/05\/1580326787.108.jpg\" alt=\"\" class=\"wp-image-841 size-full\" srcset=\"https:\/\/www.univates.br\/blog\/wp-content\/uploads\/2022\/05\/1580326787.108.jpg 291w, https:\/\/www.univates.br\/blog\/wp-content\/uploads\/2022\/05\/1580326787.108-150x100.jpg 150w\" sizes=\"auto, (max-width: 291px) 100vw, 291px\" \/><\/figure><div class=\"wp-block-media-text__content\">\n<p>Ao concluir o curso \ud83d\udc4f, voc\u00ea estar\u00e1 habilitado para atuar em locais como ind\u00fastrias, portos, aeroportos, transportadoras, empresas de com\u00e9rcio eletr\u00f4nico e centros de distribui\u00e7\u00e3o e varejo. <\/p>\n\n\n\n<p>Ter\u00e1 boas no\u00e7\u00f5es a respeito dos materiais, recursos e estrat\u00e9gias que as organiza\u00e7\u00f5es \ud83c\udfed utilizam a fim de se manterem saud\u00e1veis e ativas no mercado de trabalho.<\/p>\n\n\n\n<p><em>(Foto: Gabriela Longo)<\/em><\/p>\n<\/div><\/div>\n\n\n\n<p>Conhe\u00e7a quatro \u00e1reas de atua\u00e7\u00e3o profissional para diplomados em Log\u00edstica<\/p>\n\n\n\n<div class=\"bloco-gutenberg\">\n\n    <a href=\"https:\/\/materiais.univates.br\/mercado-de-trabalho-modalidade\" target=\"_blank\" class=\"guten-material\" style=\"background-color: #01e37f; color: #0a0a0a;\">\n                    <img decoding=\"async\" src=\"https:\/\/www.univates.br\/blog\/wp-content\/uploads\/2022\/05\/Design-sem-nome-4.png\" loading=\"lazy\">\n                <div class=\"texto\">\n                            <span>Descubra como se destacar no mercado de trabalho<\/span>\n                            <strong>Baixar e-book<\/strong>\n                    <\/div>\n    <\/a>\n    <\/div>\n\n\n<h2 class=\"wp-block-heading\">Profissional de log\u00edstica: faz o qu\u00ea?<\/h2>\n\n\n\n<p>Voc\u00ea j\u00e1 parou para pensar sobre o profissional de log\u00edstica: faz o qu\u00ea? Onde ele pode trabalhar? Se voc\u00ea tem d\u00favidas sobre como atua esse profissional, n\u00e3o se preocupe. Essa \u00e9 uma d\u00favida comum e logo abaixo separamos as principais \u00e1reas onde o profissional de log\u00edstica atua.<\/p>\n\n\n\n<p>Descubra:<\/p>\n\n\n\n<h2 class=\"wp-block-heading\">Controle log\u00edstico<\/h2>\n\n\n\n<figure class=\"wp-block-image size-full\"><img loading=\"lazy\" decoding=\"async\" width=\"730\" height=\"1095\" src=\"https:\/\/desenvolvimento.bravo.st\/univatesblog\/wp-content\/uploads\/2022\/05\/1580327043.6387.jpg\" alt=\"\" class=\"wp-image-1952\" srcset=\"https:\/\/www.univates.br\/blog\/wp-content\/uploads\/2022\/05\/1580327043.6387.jpg 730w, https:\/\/www.univates.br\/blog\/wp-content\/uploads\/2022\/05\/1580327043.6387-400x600.jpg 400w, https:\/\/www.univates.br\/blog\/wp-content\/uploads\/2022\/05\/1580327043.6387-100x150.jpg 100w\" sizes=\"auto, (max-width: 730px) 100vw, 730px\" \/><figcaption class=\"wp-element-caption\">Foto: Tuane Eggers<\/figcaption><\/figure>\n\n\n\n<p><strong>Profissionais<\/strong>&nbsp;que trabalham na \u00e1rea de controle log\u00edstico s\u00e3o respons\u00e1veis por organizar, implantar e monitorar cada fase dos processos log\u00edsticos (que incluem, por exemplo, as etapas de negocia\u00e7\u00e3o com fornecedores, planejamento de produ\u00e7\u00e3o, gest\u00e3o de materiais e produ\u00e7\u00e3o, gest\u00e3o de armazenagem e estocagem, gest\u00e3o de transportes, processamento de pedidos e atendimento ao cliente) de uma&nbsp;<a href=\"https:\/\/www.univates.br\/blog\/\/post\/como-e-a-faculdade-de-administracao-de-empresas\">empresa<\/a>. Eles tamb\u00e9m ajudam a definir indicadores de performance, analisar custos e par\u00e2metros de produtividade, avaliar resultados e auditar informa\u00e7\u00f5es geradas para o c\u00e1lculo de valores \ud83d\udcb2\ud83d\udcb2 pagos a prestadores de servi\u00e7os.<\/p>\n\n\n\n<p>Voc\u00ea sabia que indiv\u00edduos que atuam na \u00e1rea de controle log\u00edstico podem realizar, al\u00e9m das atividades que mencionamos acima, a fun\u00e7\u00e3o de consultoria interna?&nbsp;<strong>Profissionais<\/strong>&nbsp;desse ramo trabalham em conjunto (como dizem:&nbsp;<em>\u201ca uni\u00e3o faz a for\u00e7a\u201d&nbsp;<\/em>\ud83d\udc4a) com o gerente de log\u00edstica (ou&nbsp;<em>supply chain<\/em>) da organiza\u00e7\u00e3o. Ambos devem responsabilizar-se pela tomada de certas decis\u00f5es.<\/p>\n\n\n\n<h2 class=\"wp-block-heading\">Rotas e meios de transporte<\/h2>\n\n\n\n<p>Dependendo do tamanho da empresa em que trabalham, diplomados em&nbsp;<strong>Log\u00edstica<\/strong>&nbsp;podem atuar como coordenadores de rotas e de meios de transporte \ud83d\udee3\ufe0f\ud83d\ude9b de mercadorias. As fun\u00e7\u00f5es nessa \u00e1rea envolvem, por exemplo, a realiza\u00e7\u00e3o de or\u00e7amentos com transportadoras e a contrata\u00e7\u00e3o de seguros. Certamente uma das maiores miss\u00f5es de profissionais do ramo \u00e9 assegurar efici\u00eancia e custos adequados na entrega de produtos.<\/p>\n\n\n\n<div class=\"wp-block-media-text alignwide is-stacked-on-mobile\"><figure class=\"wp-block-media-text__media\"><img loading=\"lazy\" decoding=\"async\" width=\"291\" height=\"194\" src=\"https:\/\/desenvolvimento.bravo.st\/univatesblog\/wp-content\/uploads\/2022\/05\/1580328089.8708.jpg\" alt=\"\" class=\"wp-image-842 size-full\" srcset=\"https:\/\/www.univates.br\/blog\/wp-content\/uploads\/2022\/05\/1580328089.8708.jpg 291w, https:\/\/www.univates.br\/blog\/wp-content\/uploads\/2022\/05\/1580328089.8708-150x100.jpg 150w\" sizes=\"auto, (max-width: 291px) 100vw, 291px\" \/><\/figure><div class=\"wp-block-media-text__content\">\n<p>Com a cria\u00e7\u00e3o da&nbsp;<em>internet<\/em>, muitas empresas de com\u00e9rcio eletr\u00f4nico surgiram na&nbsp;<em>web<\/em>. Fala s\u00e9rio: quem n\u00e3o curte fazer compras \ud83d\udecd\ufe0f sem sair de casa? Para assegurar que suas encomendas cheguem em apenas alguns dias \u00fateis, os graduados em&nbsp;<strong>Log\u00edstica<\/strong>&nbsp;que trabalham na \u00e1rea de transportes d\u00e3o duro, sabia? Alguns desses profissionais encarregam-se de descobrir as melhores rotas de entrega de produtos a fim de gerar economia de tempo e de gastos para organiza\u00e7\u00f5es e consumidores.&nbsp;<\/p>\n\n\n\n<p><em>(Foto: Artur Dullius)<\/em><\/p>\n<\/div><\/div>\n\n\n\n<div class=\"bloco-gutenberg\">\n\n    <a href=\"https:\/\/materiais.univates.br\/com-que-curso-eu-vou-modalidade\" target=\"_blank\" class=\"guten-material\" style=\"background-color: #6b00e8; \">\n                    <img decoding=\"async\" src=\"https:\/\/www.univates.br\/blog\/wp-content\/uploads\/2022\/05\/Design-sem-nome-3.png\" loading=\"lazy\">\n                <div class=\"texto\">\n                            <span>Descubra seu perfil profissional e qual curso \u00e9 perfeito pra voc\u00ea<\/span>\n                            <strong>Baixar e-book<\/strong>\n                    <\/div>\n    <\/a>\n    <\/div>\n\n\n<h2 class=\"wp-block-heading\">Armazenamento e embalagem<\/h2>\n\n\n\n<p><em>\u201cPequenos detalhes fazem grande diferen\u00e7a\u201d.<\/em>&nbsp;Esse \u00e9 o prov\u00e9rbio popular que conduz o trabalho de formados em&nbsp;<strong>Log\u00edstica<\/strong>&nbsp;que atuam na \u00e1rea de armazenamento e embalagens \ud83d\udce6 de mercadorias. As fun\u00e7\u00f5es de&nbsp;<strong>profissionais<\/strong>&nbsp;do ramo incluem, por exemplo, avaliar as condi\u00e7\u00f5es de armazenamento dos ambientes e identificar as mudan\u00e7as que precisam ser realizadas nesses locais.<\/p>\n\n\n\n<div class=\"wp-block-media-text alignwide is-stacked-on-mobile\"><figure class=\"wp-block-media-text__media\"><img loading=\"lazy\" decoding=\"async\" width=\"291\" height=\"194\" src=\"https:\/\/desenvolvimento.bravo.st\/univatesblog\/wp-content\/uploads\/2022\/05\/1580328587.7861.jpg\" alt=\"\" class=\"wp-image-843 size-full\" srcset=\"https:\/\/www.univates.br\/blog\/wp-content\/uploads\/2022\/05\/1580328587.7861.jpg 291w, https:\/\/www.univates.br\/blog\/wp-content\/uploads\/2022\/05\/1580328587.7861-150x100.jpg 150w\" sizes=\"auto, (max-width: 291px) 100vw, 291px\" \/><\/figure><div class=\"wp-block-media-text__content\">\n<p>Parece complicado, mas juramos de dedos cruzados \ud83e\udd1e que n\u00e3o \u00e9! Quem passa pelo curso de&nbsp;<strong>Log\u00edstica<\/strong>&nbsp;aprende a pensar nos detalhes de embalagens e caixas de produtos com originalidade, j\u00e1 que o p\u00fablico consumidor busca adquirir, al\u00e9m das mercadorias em si, as diversas experi\u00eancias que os processos de compra proporcionam.<\/p>\n\n\n\n<p><em>(Foto: Ana Am\u00e9lia Ritt)<\/em><\/p>\n<\/div><\/div>\n\n\n\n<p>\u2753&nbsp;CURIOSIDADE:&nbsp;voc\u00ea j\u00e1 parou para pensar no porqu\u00ea de as embalagens de salgadinhos serem cheias de ar e terem tamanho superior ao conte\u00fado que armazenam? Trata-se de uma estrat\u00e9gia desenvolvida por&nbsp;<strong>profissionais<\/strong>&nbsp;de&nbsp;<strong>Log\u00edstica<\/strong>&nbsp;que trabalham com armazenamento de mercadorias. O recurso objetiva evitar a \u201cquebra\u201d do alimento durante o transporte do produto at\u00e9 os centros de distribui\u00e7\u00e3o.<\/p>\n\n\n\n<h2 class=\"wp-block-heading\">Preven\u00e7\u00e3o de perdas<\/h2>\n\n\n\n<p><em>\u201cPara&nbsp;<strong>profissionais<\/strong>&nbsp;de&nbsp;<strong>Log\u00edstica<\/strong>, a mais lament\u00e1vel de todas as perdas \u00e9, claro, a perda de mercadorias<\/em>&nbsp;\ud83e\udd26\u200d\u2640\ufe0f\u201d. Existem indiv\u00edduos que s\u00e3o analistas, coordenadores ou gerentes do setor de preven\u00e7\u00e3o de perdas das organiza\u00e7\u00f5es e trabalham justamente a fim de evitar o extravio de produtos. Uma de suas responsabilidades, por exemplo, \u00e9 otimizar os processos de armazenagem e transporte de itens.&nbsp;<\/p>\n\n\n\n<h2 class=\"wp-block-heading\">Que tal fazer uma p\u00f3s-gradua\u00e7\u00e3o?<\/h2>\n\n\n\n<div class=\"wp-block-media-text alignwide is-stacked-on-mobile\"><figure class=\"wp-block-media-text__media\"><img loading=\"lazy\" decoding=\"async\" width=\"291\" height=\"191\" src=\"https:\/\/desenvolvimento.bravo.st\/univatesblog\/wp-content\/uploads\/2022\/05\/1580329386.676.jpg\" alt=\"\" class=\"wp-image-844 size-full\" srcset=\"https:\/\/www.univates.br\/blog\/wp-content\/uploads\/2022\/05\/1580329386.676.jpg 291w, https:\/\/www.univates.br\/blog\/wp-content\/uploads\/2022\/05\/1580329386.676-150x98.jpg 150w\" sizes=\"auto, (max-width: 291px) 100vw, 291px\" \/><\/figure><div class=\"wp-block-media-text__content\">\n<p>Cursos de&nbsp;<a href=\"https:\/\/www.univates.br\/blog\/\/post\/qual-pos-graduacao-devo-escolher\">p\u00f3s-gradua\u00e7\u00e3o<\/a>&nbsp;na \u00e1rea de&nbsp;<strong>Log\u00edstica<\/strong>&nbsp;s\u00e3o indicados para indiv\u00edduos que desejam aprimorar os conhecimentos que obtiveram na faculdade. Nunca \u00e9 demais lembrar que,&nbsp;<em>\u201cde&nbsp;<a href=\"https:\/\/www.univates.br\/blog\/\/post\/05-dicas-de-como-estudar-para-as-provas\">prova em prova<\/a>, o c\u00e9rebro vai ficando esperto\u201d<\/em>: quanto mais voc\u00ea estudar, maiores ser\u00e3o suas chances de conquistar&nbsp;<a href=\"https:\/\/www.univates.br\/blog\/\/post\/proximo-destino-crescimento-profissional\">oportunidades incr\u00edveis<\/a>&nbsp;no universo profissional! \ud83e\udd29<\/p>\n\n\n\n<p><em>(Foto: Nicole Mor\u00e1s)<\/em><\/p>\n<\/div><\/div>\n\n\n\n<div class=\"bloco-gutenberg\">\n\n    <a href=\"https:\/\/materiais.univates.br\/saiba-qual-profissao-e-a-sua-cara\" target=\"_blank\" class=\"guten-material\" style=\"background-color: #ff5d4a; color: #0a0a0a;\">\n                    <img decoding=\"async\" src=\"https:\/\/www.univates.br\/blog\/wp-content\/uploads\/2022\/05\/Design-sem-nome-4.png\" loading=\"lazy\">\n                <div class=\"texto\">\n                            <span>Saiba qual profiss\u00e3o \u00e9 a sua cara<\/span>\n                            <strong>Baixar e-book<\/strong>\n                    <\/div>\n    <\/a>\n    <\/div>\n\n\n<h2 class=\"wp-block-heading\">\u201cCom trabalho e perseveran\u00e7a, tudo se alcan\u00e7a\u201d<\/h2>\n\n\n\n<p>Agora que voc\u00ea j\u00e1 conhece algumas das fun\u00e7\u00f5es exercidas por&nbsp;<strong>profissionais<\/strong>&nbsp;de&nbsp;<strong>Log\u00edstica<\/strong>, que tal&nbsp;<a href=\"https:\/\/www.univates.br\/blog\/\/post\/como-usar-a-nota-da-redacao-do-enem-para-ingressar-na-univates\">se inscrever no vestibular<\/a>&nbsp;e come\u00e7ar a&nbsp;<a href=\"https:\/\/www.univates.br\/blog\/\/post\/15-aplicativos-que-vao-te-ajudar-na-hora-de-estudar\">estudar<\/a>&nbsp;para conquistar habilidades e ter mais confian\u00e7a? Arregace as mangas, ponha a m\u00e3o na massa e acredite que&nbsp;<em>\u201cdepois da tempestade vem a bonan\u00e7a\u201d<\/em>!<\/p>\n","protected":false},"excerpt":{"rendered":"<p>Um profissional de log\u00edstica \u00e9 respons\u00e1vel por planejar, executar e otimizar o fluxo de mercadorias, desde a compra e armazenamento at\u00e9 o transporte, distribui\u00e7\u00e3o e entrega final. Ele atua para reduzir custos, aumentar efici\u00eancia, evitar perdas e garantir que produtos\u2026<\/p>\n","protected":false},"author":2,"featured_media":0,"comment_status":"open","ping_status":"open","sticky":false,"template":"","format":"standard","meta":{"_acf_changed":false,"footnotes":""},"categories":[33],"class_list":["post-840","post","type-post","status-publish","format-standard","hentry","category-carreira","autor-lais-pontin-matos","curso-logistica","area-gestao"],"acf":[],"yoast_head":"<!-- This site is optimized with the Yoast SEO plugin v27.3 - https:\/\/yoast.com\/product\/yoast-seo-wordpress\/ -->\n<title>Profissional de Log\u00edstica: faz o qu\u00ea? - Univates<\/title>\n<meta name=\"description\" content=\"Profissional de log\u00edstica: faz o qu\u00ea? Conhe\u00e7a as principais atua\u00e7\u00f5es desse profissional e entenda onde ele pode trabalhar. Saiba mais!\" \/>\n<meta name=\"robots\" content=\"index, follow, max-snippet:-1, max-image-preview:large, max-video-preview:-1\" \/>\n<link rel=\"canonical\" href=\"https:\/\/www.univates.br\/blog\/o-que-faz-o-profissional-de-logistica\/\" \/>\n<meta property=\"og:locale\" content=\"pt_BR\" \/>\n<meta property=\"og:type\" content=\"article\" \/>\n<meta property=\"og:title\" content=\"Profissional de Log\u00edstica: faz o qu\u00ea? - Univates\" \/>\n<meta property=\"og:description\" content=\"Profissional de log\u00edstica: faz o qu\u00ea? Conhe\u00e7a as principais atua\u00e7\u00f5es desse profissional e entenda onde ele pode trabalhar. Saiba mais!\" \/>\n<meta property=\"og:url\" content=\"https:\/\/www.univates.br\/blog\/o-que-faz-o-profissional-de-logistica\/\" \/>\n<meta property=\"og:site_name\" content=\"Univates Blog\" \/>\n<meta property=\"article:published_time\" content=\"2022-05-06T17:16:37+00:00\" \/>\n<meta property=\"article:modified_time\" content=\"2025-12-11T17:08:46+00:00\" \/>\n<meta property=\"og:image\" content=\"https:\/\/www.univates.br\/blog\/wp-content\/uploads\/2022\/05\/logistica-faz-o-que.jpg\" \/>\n\t<meta property=\"og:image:width\" content=\"729\" \/>\n\t<meta property=\"og:image:height\" content=\"486\" \/>\n\t<meta property=\"og:image:type\" content=\"image\/jpeg\" \/>\n<meta name=\"author\" content=\"Marketing Univates\" \/>\n<meta name=\"twitter:card\" content=\"summary_large_image\" \/>\n<meta name=\"twitter:label1\" content=\"Escrito por\" \/>\n\t<meta name=\"twitter:data1\" content=\"Marketing Univates\" \/>\n\t<meta name=\"twitter:label2\" content=\"Est. tempo de leitura\" \/>\n\t<meta name=\"twitter:data2\" content=\"8 minutos\" \/>\n<script type=\"application\/ld+json\" class=\"yoast-schema-graph\">{\"@context\":\"https:\\\/\\\/schema.org\",\"@graph\":[{\"@type\":\"Article\",\"@id\":\"https:\\\/\\\/www.univates.br\\\/blog\\\/o-que-faz-o-profissional-de-logistica\\\/#article\",\"isPartOf\":{\"@id\":\"https:\\\/\\\/www.univates.br\\\/blog\\\/o-que-faz-o-profissional-de-logistica\\\/\"},\"author\":{\"name\":\"Marketing Univates\",\"@id\":\"https:\\\/\\\/www.univates.br\\\/blog\\\/#\\\/schema\\\/person\\\/15c63917440cc5e70160c247b309af2f\"},\"headline\":\"O que faz o profissional de Log\u00edstica?\",\"datePublished\":\"2022-05-06T17:16:37+00:00\",\"dateModified\":\"2025-12-11T17:08:46+00:00\",\"mainEntityOfPage\":{\"@id\":\"https:\\\/\\\/www.univates.br\\\/blog\\\/o-que-faz-o-profissional-de-logistica\\\/\"},\"wordCount\":1300,\"commentCount\":0,\"image\":{\"@id\":\"https:\\\/\\\/www.univates.br\\\/blog\\\/o-que-faz-o-profissional-de-logistica\\\/#primaryimage\"},\"thumbnailUrl\":\"https:\\\/\\\/www.univates.br\\\/blog\\\/wp-content\\\/uploads\\\/2022\\\/05\\\/logistica-faz-o-que.jpg\",\"articleSection\":[\"Carreira\"],\"inLanguage\":\"pt-BR\",\"potentialAction\":[{\"@type\":\"CommentAction\",\"name\":\"Comment\",\"target\":[\"https:\\\/\\\/www.univates.br\\\/blog\\\/o-que-faz-o-profissional-de-logistica\\\/#respond\"]}]},{\"@type\":\"WebPage\",\"@id\":\"https:\\\/\\\/www.univates.br\\\/blog\\\/o-que-faz-o-profissional-de-logistica\\\/\",\"url\":\"https:\\\/\\\/www.univates.br\\\/blog\\\/o-que-faz-o-profissional-de-logistica\\\/\",\"name\":\"Profissional de Log\u00edstica: faz o qu\u00ea? - Univates\",\"isPartOf\":{\"@id\":\"https:\\\/\\\/www.univates.br\\\/blog\\\/#website\"},\"primaryImageOfPage\":{\"@id\":\"https:\\\/\\\/www.univates.br\\\/blog\\\/o-que-faz-o-profissional-de-logistica\\\/#primaryimage\"},\"image\":{\"@id\":\"https:\\\/\\\/www.univates.br\\\/blog\\\/o-que-faz-o-profissional-de-logistica\\\/#primaryimage\"},\"thumbnailUrl\":\"https:\\\/\\\/www.univates.br\\\/blog\\\/wp-content\\\/uploads\\\/2022\\\/05\\\/logistica-faz-o-que.jpg\",\"datePublished\":\"2022-05-06T17:16:37+00:00\",\"dateModified\":\"2025-12-11T17:08:46+00:00\",\"author\":{\"@id\":\"https:\\\/\\\/www.univates.br\\\/blog\\\/#\\\/schema\\\/person\\\/15c63917440cc5e70160c247b309af2f\"},\"description\":\"Profissional de log\u00edstica: faz o qu\u00ea? Conhe\u00e7a as principais atua\u00e7\u00f5es desse profissional e entenda onde ele pode trabalhar. Saiba mais!\",\"breadcrumb\":{\"@id\":\"https:\\\/\\\/www.univates.br\\\/blog\\\/o-que-faz-o-profissional-de-logistica\\\/#breadcrumb\"},\"inLanguage\":\"pt-BR\",\"potentialAction\":[{\"@type\":\"ReadAction\",\"target\":[\"https:\\\/\\\/www.univates.br\\\/blog\\\/o-que-faz-o-profissional-de-logistica\\\/\"]}]},{\"@type\":\"ImageObject\",\"inLanguage\":\"pt-BR\",\"@id\":\"https:\\\/\\\/www.univates.br\\\/blog\\\/o-que-faz-o-profissional-de-logistica\\\/#primaryimage\",\"url\":\"https:\\\/\\\/www.univates.br\\\/blog\\\/wp-content\\\/uploads\\\/2022\\\/05\\\/logistica-faz-o-que.jpg\",\"contentUrl\":\"https:\\\/\\\/www.univates.br\\\/blog\\\/wp-content\\\/uploads\\\/2022\\\/05\\\/logistica-faz-o-que.jpg\",\"width\":729,\"height\":486,\"caption\":\"Mulher e homem brancos apertando as m\u00e3os em uma loja, ela respons\u00e1vel da log\u00edstica ap\u00f3s entender sobre log\u00edstica faz o qu\u00ea.\"},{\"@type\":\"BreadcrumbList\",\"@id\":\"https:\\\/\\\/www.univates.br\\\/blog\\\/o-que-faz-o-profissional-de-logistica\\\/#breadcrumb\",\"itemListElement\":[{\"@type\":\"ListItem\",\"position\":1,\"name\":\"Home\",\"item\":\"https:\\\/\\\/www.univates.br\\\/blog\\\/\"},{\"@type\":\"ListItem\",\"position\":2,\"name\":\"O que faz o profissional de Log\u00edstica?\"}]},{\"@type\":\"WebSite\",\"@id\":\"https:\\\/\\\/www.univates.br\\\/blog\\\/#website\",\"url\":\"https:\\\/\\\/www.univates.br\\\/blog\\\/\",\"name\":\"Univates Blog\",\"description\":\"\",\"potentialAction\":[{\"@type\":\"SearchAction\",\"target\":{\"@type\":\"EntryPoint\",\"urlTemplate\":\"https:\\\/\\\/www.univates.br\\\/blog\\\/?s={search_term_string}\"},\"query-input\":{\"@type\":\"PropertyValueSpecification\",\"valueRequired\":true,\"valueName\":\"search_term_string\"}}],\"inLanguage\":\"pt-BR\"},{\"@type\":\"Person\",\"@id\":\"https:\\\/\\\/www.univates.br\\\/blog\\\/#\\\/schema\\\/person\\\/15c63917440cc5e70160c247b309af2f\",\"name\":\"Marketing Univates\",\"image\":{\"@type\":\"ImageObject\",\"inLanguage\":\"pt-BR\",\"@id\":\"https:\\\/\\\/secure.gravatar.com\\\/avatar\\\/511f9e77a6a3d0cddd9074f69a722364bc7f787e73d4a0da1f727ba62704eda4?s=96&d=mm&r=g\",\"url\":\"https:\\\/\\\/secure.gravatar.com\\\/avatar\\\/511f9e77a6a3d0cddd9074f69a722364bc7f787e73d4a0da1f727ba62704eda4?s=96&d=mm&r=g\",\"contentUrl\":\"https:\\\/\\\/secure.gravatar.com\\\/avatar\\\/511f9e77a6a3d0cddd9074f69a722364bc7f787e73d4a0da1f727ba62704eda4?s=96&d=mm&r=g\",\"caption\":\"Marketing Univates\"},\"sameAs\":[\"http:\\\/\\\/univates.br\"],\"url\":\"https:\\\/\\\/www.univates.br\\\/blog\\\/author\\\/marketing\\\/\"}]}<\/script>\n<!-- \/ Yoast SEO plugin. -->","yoast_head_json":{"title":"Profissional de Log\u00edstica: faz o qu\u00ea? - Univates","description":"Profissional de log\u00edstica: faz o qu\u00ea? Conhe\u00e7a as principais atua\u00e7\u00f5es desse profissional e entenda onde ele pode trabalhar. Saiba mais!","robots":{"index":"index","follow":"follow","max-snippet":"max-snippet:-1","max-image-preview":"max-image-preview:large","max-video-preview":"max-video-preview:-1"},"canonical":"https:\/\/www.univates.br\/blog\/o-que-faz-o-profissional-de-logistica\/","og_locale":"pt_BR","og_type":"article","og_title":"Profissional de Log\u00edstica: faz o qu\u00ea? - Univates","og_description":"Profissional de log\u00edstica: faz o qu\u00ea? Conhe\u00e7a as principais atua\u00e7\u00f5es desse profissional e entenda onde ele pode trabalhar. Saiba mais!","og_url":"https:\/\/www.univates.br\/blog\/o-que-faz-o-profissional-de-logistica\/","og_site_name":"Univates Blog","article_published_time":"2022-05-06T17:16:37+00:00","article_modified_time":"2025-12-11T17:08:46+00:00","og_image":[{"width":729,"height":486,"url":"https:\/\/www.univates.br\/blog\/wp-content\/uploads\/2022\/05\/logistica-faz-o-que.jpg","type":"image\/jpeg"}],"author":"Marketing Univates","twitter_card":"summary_large_image","twitter_misc":{"Escrito por":"Marketing Univates","Est. tempo de leitura":"8 minutos"},"schema":{"@context":"https:\/\/schema.org","@graph":[{"@type":"Article","@id":"https:\/\/www.univates.br\/blog\/o-que-faz-o-profissional-de-logistica\/#article","isPartOf":{"@id":"https:\/\/www.univates.br\/blog\/o-que-faz-o-profissional-de-logistica\/"},"author":{"name":"Marketing Univates","@id":"https:\/\/www.univates.br\/blog\/#\/schema\/person\/15c63917440cc5e70160c247b309af2f"},"headline":"O que faz o profissional de Log\u00edstica?","datePublished":"2022-05-06T17:16:37+00:00","dateModified":"2025-12-11T17:08:46+00:00","mainEntityOfPage":{"@id":"https:\/\/www.univates.br\/blog\/o-que-faz-o-profissional-de-logistica\/"},"wordCount":1300,"commentCount":0,"image":{"@id":"https:\/\/www.univates.br\/blog\/o-que-faz-o-profissional-de-logistica\/#primaryimage"},"thumbnailUrl":"https:\/\/www.univates.br\/blog\/wp-content\/uploads\/2022\/05\/logistica-faz-o-que.jpg","articleSection":["Carreira"],"inLanguage":"pt-BR","potentialAction":[{"@type":"CommentAction","name":"Comment","target":["https:\/\/www.univates.br\/blog\/o-que-faz-o-profissional-de-logistica\/#respond"]}]},{"@type":"WebPage","@id":"https:\/\/www.univates.br\/blog\/o-que-faz-o-profissional-de-logistica\/","url":"https:\/\/www.univates.br\/blog\/o-que-faz-o-profissional-de-logistica\/","name":"Profissional de Log\u00edstica: faz o qu\u00ea? - Univates","isPartOf":{"@id":"https:\/\/www.univates.br\/blog\/#website"},"primaryImageOfPage":{"@id":"https:\/\/www.univates.br\/blog\/o-que-faz-o-profissional-de-logistica\/#primaryimage"},"image":{"@id":"https:\/\/www.univates.br\/blog\/o-que-faz-o-profissional-de-logistica\/#primaryimage"},"thumbnailUrl":"https:\/\/www.univates.br\/blog\/wp-content\/uploads\/2022\/05\/logistica-faz-o-que.jpg","datePublished":"2022-05-06T17:16:37+00:00","dateModified":"2025-12-11T17:08:46+00:00","author":{"@id":"https:\/\/www.univates.br\/blog\/#\/schema\/person\/15c63917440cc5e70160c247b309af2f"},"description":"Profissional de log\u00edstica: faz o qu\u00ea? Conhe\u00e7a as principais atua\u00e7\u00f5es desse profissional e entenda onde ele pode trabalhar. Saiba mais!","breadcrumb":{"@id":"https:\/\/www.univates.br\/blog\/o-que-faz-o-profissional-de-logistica\/#breadcrumb"},"inLanguage":"pt-BR","potentialAction":[{"@type":"ReadAction","target":["https:\/\/www.univates.br\/blog\/o-que-faz-o-profissional-de-logistica\/"]}]},{"@type":"ImageObject","inLanguage":"pt-BR","@id":"https:\/\/www.univates.br\/blog\/o-que-faz-o-profissional-de-logistica\/#primaryimage","url":"https:\/\/www.univates.br\/blog\/wp-content\/uploads\/2022\/05\/logistica-faz-o-que.jpg","contentUrl":"https:\/\/www.univates.br\/blog\/wp-content\/uploads\/2022\/05\/logistica-faz-o-que.jpg","width":729,"height":486,"caption":"Mulher e homem brancos apertando as m\u00e3os em uma loja, ela respons\u00e1vel da log\u00edstica ap\u00f3s entender sobre log\u00edstica faz o qu\u00ea."},{"@type":"BreadcrumbList","@id":"https:\/\/www.univates.br\/blog\/o-que-faz-o-profissional-de-logistica\/#breadcrumb","itemListElement":[{"@type":"ListItem","position":1,"name":"Home","item":"https:\/\/www.univates.br\/blog\/"},{"@type":"ListItem","position":2,"name":"O que faz o profissional de Log\u00edstica?"}]},{"@type":"WebSite","@id":"https:\/\/www.univates.br\/blog\/#website","url":"https:\/\/www.univates.br\/blog\/","name":"Univates Blog","description":"","potentialAction":[{"@type":"SearchAction","target":{"@type":"EntryPoint","urlTemplate":"https:\/\/www.univates.br\/blog\/?s={search_term_string}"},"query-input":{"@type":"PropertyValueSpecification","valueRequired":true,"valueName":"search_term_string"}}],"inLanguage":"pt-BR"},{"@type":"Person","@id":"https:\/\/www.univates.br\/blog\/#\/schema\/person\/15c63917440cc5e70160c247b309af2f","name":"Marketing Univates","image":{"@type":"ImageObject","inLanguage":"pt-BR","@id":"https:\/\/secure.gravatar.com\/avatar\/511f9e77a6a3d0cddd9074f69a722364bc7f787e73d4a0da1f727ba62704eda4?s=96&d=mm&r=g","url":"https:\/\/secure.gravatar.com\/avatar\/511f9e77a6a3d0cddd9074f69a722364bc7f787e73d4a0da1f727ba62704eda4?s=96&d=mm&r=g","contentUrl":"https:\/\/secure.gravatar.com\/avatar\/511f9e77a6a3d0cddd9074f69a722364bc7f787e73d4a0da1f727ba62704eda4?s=96&d=mm&r=g","caption":"Marketing Univates"},"sameAs":["http:\/\/univates.br"],"url":"https:\/\/www.univates.br\/blog\/author\/marketing\/"}]}},"_links":{"self":[{"href":"https:\/\/www.univates.br\/blog\/wp-json\/wp\/v2\/posts\/840","targetHints":{"allow":["GET"]}}],"collection":[{"href":"https:\/\/www.univates.br\/blog\/wp-json\/wp\/v2\/posts"}],"about":[{"href":"https:\/\/www.univates.br\/blog\/wp-json\/wp\/v2\/types\/post"}],"author":[{"embeddable":true,"href":"https:\/\/www.univates.br\/blog\/wp-json\/wp\/v2\/users\/2"}],"replies":[{"embeddable":true,"href":"https:\/\/www.univates.br\/blog\/wp-json\/wp\/v2\/comments?post=840"}],"version-history":[{"count":22,"href":"https:\/\/www.univates.br\/blog\/wp-json\/wp\/v2\/posts\/840\/revisions"}],"predecessor-version":[{"id":7218,"href":"https:\/\/www.univates.br\/blog\/wp-json\/wp\/v2\/posts\/840\/revisions\/7218"}],"wp:attachment":[{"href":"https:\/\/www.univates.br\/blog\/wp-json\/wp\/v2\/media?parent=840"}],"wp:term":[{"taxonomy":"category","embeddable":true,"href":"https:\/\/www.univates.br\/blog\/wp-json\/wp\/v2\/categories?post=840"}],"curies":[{"name":"wp","href":"https:\/\/api.w.org\/{rel}","templated":true}]}}