{"id":856,"date":"2022-05-06T15:43:31","date_gmt":"2022-05-06T18:43:31","guid":{"rendered":"https:\/\/desenvolvimento.bravo.st\/univatesblog\/?p=856"},"modified":"2023-12-20T14:15:43","modified_gmt":"2023-12-20T17:15:43","slug":"o-que-fazem-os-advogados","status":"publish","type":"post","link":"https:\/\/www.univates.br\/blog\/o-que-fazem-os-advogados\/","title":{"rendered":"O que fazem os advogados?"},"content":{"rendered":"\n<p>Sabia que apenas alguns\u00a0<strong>advogados\u00a0\ud83d\udc68\u200d\u2696\ufe0f\u00a0<\/strong>t\u00eam como instrumento de trabalho um martelinho dourado e um p\u00falpito de tribunal? O\u00a0<a href=\"https:\/\/www.univates.br\/blog\/\/post\/projeto-proporciona-aos-alunos-de-direito-vivencia-juridica-empresarial\">ramo de atua\u00e7\u00e3o<\/a>\u00a0para graduados em\u00a0<a href=\"https:\/\/www.univates.br\/graduacao\/direito\">Direito<\/a>\u00a0\u00e9 extremamente abrangente. Em termos pr\u00e1ticos, isso significa que, caso desejem, os diplomados podem experimentar desempenhar diversas atividades dentro da profiss\u00e3o que escolheram exercer. A gente aposta que, a esta altura do j\u00fari \ud83d\ude02, suas sobrancelhas est\u00e3o franzidas em express\u00e3o de d\u00favida: \u201c<em>oras, mas\u00a0<strong>o que<\/strong>\u00a0de fato\u00a0<strong>fazem<\/strong>\u00a0os profissionais que passaram no m\u00ednimo cinco anos estudando para transformar a sociedade em um lugar melhor e mais justo?\u201d<\/em>. O\u00a0<em>post<\/em>\u00a0de hoje apresenta tr\u00eas cl\u00e1usulas \ud83d\udcdd (palavrinha muito utilizada no mundo da advocacia, ali\u00e1s) que descrevem op\u00e7\u00f5es de\u00a0<a href=\"https:\/\/www.univates.br\/blog\/\/post\/estou-formadoa-e-agora-conheca-historias-de-sucesso-que-podem-te-inspirar\">carreira<\/a>\u00a0na \u00e1rea do Direito. Lendo-as atentamente voc\u00ea descobrir\u00e1 que n\u00e3o somente proferindo senten\u00e7as absolut\u00f3rias (aquelas que isentam os r\u00e9us de culpa) ou condenat\u00f3rias vivem os\u00a0<strong>advogados<\/strong>.\u00a0<\/p>\n\n\n\n<figure class=\"wp-block-image size-full\"><img loading=\"lazy\" decoding=\"async\" width=\"730\" height=\"470\" src=\"https:\/\/desenvolvimento.bravo.st\/univatesblog\/wp-content\/uploads\/2022\/05\/1579280419.1842-1.jpg\" alt=\"\" class=\"wp-image-1963\" srcset=\"https:\/\/www.univates.br\/blog\/wp-content\/uploads\/2022\/05\/1579280419.1842-1.jpg 730w, https:\/\/www.univates.br\/blog\/wp-content\/uploads\/2022\/05\/1579280419.1842-1-600x386.jpg 600w, https:\/\/www.univates.br\/blog\/wp-content\/uploads\/2022\/05\/1579280419.1842-1-150x97.jpg 150w\" sizes=\"auto, (max-width: 730px) 100vw, 730px\" \/><figcaption>Foto: Nicole Mor\u00e1s<\/figcaption><\/figure>\n\n\n\n<h2 class=\"wp-block-heading\">\ud83d\udcddCl\u00e1usula I: Estabelece que advogados podem abrir seus pr\u00f3prios escrit\u00f3rios de advocacia<\/h2>\n\n\n\n<p>Montar e gerenciar o pr\u00f3prio neg\u00f3cio \u00e9 o sonho de muitas pessoas que concluem a faculdade. Com o diploma em m\u00e3os e a situa\u00e7\u00e3o regulamentada na Ordem dos&nbsp;<strong>Advogados<\/strong>&nbsp;do Brasil (OAB), os profissionais formados no curso de Direito, se desejarem, podem come\u00e7ar a empreender na \u00e1rea jur\u00eddica abrindo e administrando seus escrit\u00f3rios de advocacia. \ud83d\ude4c<\/p>\n\n\n\n<div class=\"wp-block-media-text alignwide is-stacked-on-mobile\"><figure class=\"wp-block-media-text__media\"><img loading=\"lazy\" decoding=\"async\" width=\"291\" height=\"194\" src=\"https:\/\/desenvolvimento.bravo.st\/univatesblog\/wp-content\/uploads\/2022\/05\/1579280938.1676.jpg\" alt=\"\" class=\"wp-image-857 size-full\" srcset=\"https:\/\/www.univates.br\/blog\/wp-content\/uploads\/2022\/05\/1579280938.1676.jpg 291w, https:\/\/www.univates.br\/blog\/wp-content\/uploads\/2022\/05\/1579280938.1676-150x100.jpg 150w\" sizes=\"auto, (max-width: 291px) 100vw, 291px\" \/><\/figure><div class=\"wp-block-media-text__content\">\n<p>Voc\u00ea sabia que&nbsp;<strong>advogados<\/strong>&nbsp;que trabalham por conta pr\u00f3pria desenvolvem habilidades capazes de melhorar suas vidas para al\u00e9m do \u00e2mbito profissional? Por exemplo: com o tempo, exercendo atividades de forma aut\u00f4noma, os indiv\u00edduos&nbsp; acabam aprendendo a administrar melhor seu tempo e a aprimorar sua capacidade de relacionamento interpessoal e a maneira como lidam com imprevistos.<\/p>\n\n\n\n<p><em>(Foto: Tuane Eggers)<\/em><\/p>\n<\/div><\/div>\n\n\n\n<p>Existem diversas possibilidades de atua\u00e7\u00e3o profissional para&nbsp;<strong>advogados<\/strong>&nbsp;que desejam seguir carreiras independentes (n\u00e3o vinculadas a cargos em organiza\u00e7\u00f5es). Saiba mais sobre duas op\u00e7\u00f5es de \u00e1reas nas quais graduados em Direito podem atuar dando uma espiadinha nas \ud83d\udcdd cl\u00e1usulas II e III.&nbsp;<\/p>\n\n\n\n<div class=\"bloco-gutenberg\">\n\n    <a href=\"https:\/\/materiais.univates.br\/mercado-de-trabalho-modalidade\" target=\"_blank\" class=\"guten-material\" style=\"background-color: #01e37f; color: #0a0a0a;\">\n                    <img decoding=\"async\" src=\"https:\/\/www.univates.br\/blog\/wp-content\/uploads\/2022\/05\/Design-sem-nome-4.png\" loading=\"lazy\">\n                <div class=\"texto\">\n                            <span>Descubra como se destacar no mercado de trabalho<\/span>\n                            <strong>Baixar e-book<\/strong>\n                    <\/div>\n    <\/a>\n    <\/div>\n\n\n<h2 class=\"wp-block-heading\">\ud83d\udcddCl\u00e1usula II: Estabelece que advogados podem trabalhar no ramo de Direito Digital<\/h2>\n\n\n\n<figure class=\"wp-block-image size-full\"><img loading=\"lazy\" decoding=\"async\" width=\"729\" height=\"486\" src=\"https:\/\/desenvolvimento.bravo.st\/univatesblog\/wp-content\/uploads\/2022\/05\/1579281305.5489.jpg\" alt=\"\" class=\"wp-image-1965\" srcset=\"https:\/\/www.univates.br\/blog\/wp-content\/uploads\/2022\/05\/1579281305.5489.jpg 729w, https:\/\/www.univates.br\/blog\/wp-content\/uploads\/2022\/05\/1579281305.5489-600x400.jpg 600w, https:\/\/www.univates.br\/blog\/wp-content\/uploads\/2022\/05\/1579281305.5489-150x100.jpg 150w\" sizes=\"auto, (max-width: 729px) 100vw, 729px\" \/><figcaption>Foto: Tuane Eggers<\/figcaption><\/figure>\n\n\n\n<p>Talvez voc\u00ea j\u00e1 tenha se perguntado:&nbsp;<strong>o que fazem<\/strong>&nbsp;os&nbsp;<strong>advogados<\/strong>&nbsp;que atuam na \u00e1rea de Direito Digital \ud83e\udd14\ud83d\udcbb? Vamos lhe explicar direitinho: esses profissionais trabalham fiscalizando as condutas que caracterizam as rela\u00e7\u00f5es no ambiente&nbsp;<em>on-line<\/em>. No Brasil as tr\u00eas principais normas que regulamentam o ramo s\u00e3o o&nbsp;<a href=\"http:\/\/www.planalto.gov.br\/ccivil_03\/_ato2011-2014\/2014\/lei\/l12965.htm\">Marco Civil da Internet<\/a>, a&nbsp;<a href=\"http:\/\/www.planalto.gov.br\/ccivil_03\/_ato2011-2014\/2012\/lei\/l12737.htm\">Lei Carolina Dieckmann<\/a>&nbsp;e a&nbsp;<a href=\"http:\/\/www.planalto.gov.br\/ccivil_03\/_ato2015-2018\/2018\/lei\/L13709.htm\">Lei Geral de Prote\u00e7\u00e3o de Dados (LGPD)<\/a>.&nbsp;<\/p>\n\n\n\n<p>O desenvolvimento da\u00a0<a href=\"https:\/\/www.univates.br\/blog\/\/post\/quais-sao-as-vantagens-de-uma-carreira-na-area-de-ti\">tecnologia<\/a>\u00a0permitiu a pessoas e empresas beneficiarem-se dos recursos da\u00a0<em>internet<\/em>\u00a0para interagir e fazer neg\u00f3cios. A previs\u00e3o \u00e9 de que cada vez mais o ambiente\u00a0<em>on-line<\/em>\u00a0re\u00fana comodidades e servi\u00e7os, potencializando a relev\u00e2ncia da \u00e1rea de Direito Digital. Os especialistas dizem, inclusive, que o ramo j\u00e1 \u00e9 tend\u00eancia profissional \ud83d\ude0e na sociedade.\u00a0De acordo com informa\u00e7\u00f5es do\u00a0<em>site<\/em>\u00a0<a href=\"https:\/\/www.salario.com.br\/\">Sal\u00e1rio<\/a>,\u00a0<strong>advogados<\/strong>\u00a0especializados em Direito Digital recebem sal\u00e1rios que giram em torno de R$ 4.600 mensais.<\/p>\n\n\n\n<h2 class=\"wp-block-heading\">\ud83d\udcddCl\u00e1usula III: Estabelece que advogados podem trabalhar no ramo de Direito de Defesa do Consumidor<\/h2>\n\n\n\n<figure class=\"wp-block-image size-full\"><img loading=\"lazy\" decoding=\"async\" width=\"729\" height=\"486\" src=\"https:\/\/desenvolvimento.bravo.st\/univatesblog\/wp-content\/uploads\/2022\/05\/1579282103.5909.jpg\" alt=\"\" class=\"wp-image-1966\" srcset=\"https:\/\/www.univates.br\/blog\/wp-content\/uploads\/2022\/05\/1579282103.5909.jpg 729w, https:\/\/www.univates.br\/blog\/wp-content\/uploads\/2022\/05\/1579282103.5909-600x400.jpg 600w, https:\/\/www.univates.br\/blog\/wp-content\/uploads\/2022\/05\/1579282103.5909-150x100.jpg 150w\" sizes=\"auto, (max-width: 729px) 100vw, 729px\" \/><figcaption>Foto: Tuane Eggers<\/figcaption><\/figure>\n\n\n\n<p>Imagine que voc\u00ea passou um temp\u00e3o economizando para comprar uma televis\u00e3o novinha em folha, cheia de fun\u00e7\u00f5es legais. Depois de algumas semanas de uso, o aparelho, sem mais nem menos, pifou. Diante de uma situa\u00e7\u00e3o assim, \u00e9 normal que qualquer ser humano respire bem fundo e pergunte a si mesmo: \u201coh, e agora, quem poder\u00e1 me defender?\u201d \ud83d\ude31<\/p>\n\n\n\n<p>Para resolver problemas que, \u00e0 primeira vista, parecem imposs\u00edveis de serem solucionados, chame os&nbsp;<strong>advogados<\/strong>&nbsp;de defesa dos consumidores (e n\u00e3o o Chapolin Colorado, que provavelmente deve estar de f\u00e9rias \ud83e\udd23). Esses profissionais s\u00e3o respons\u00e1veis por cuidar dos casos relacionados ao consumo e \u00e0 defesa dos direitos que as pessoas, sejam elas f\u00edsicas ou jur\u00eddicas, possuem em rela\u00e7\u00e3o a determinado produto, bem ou servi\u00e7o.<\/p>\n\n\n\n<div class=\"bloco-gutenberg\">\n\n    <a href=\"https:\/\/materiais.univates.br\/saiba-qual-profissao-e-a-sua-cara\" target=\"_blank\" class=\"guten-material\" style=\"background-color: #ff5d4a; color: #0a0a0a;\">\n                    <img decoding=\"async\" src=\"https:\/\/www.univates.br\/blog\/wp-content\/uploads\/2022\/05\/Design-sem-nome-4.png\" loading=\"lazy\">\n                <div class=\"texto\">\n                            <span>Saiba qual profiss\u00e3o \u00e9 a sua cara<\/span>\n                            <strong>Baixar e-book<\/strong>\n                    <\/div>\n    <\/a>\n    <\/div>\n\n\n<figure class=\"wp-block-image size-full\"><img loading=\"lazy\" decoding=\"async\" width=\"729\" height=\"486\" src=\"https:\/\/desenvolvimento.bravo.st\/univatesblog\/wp-content\/uploads\/2022\/05\/1579283049.9569.jpg\" alt=\"\" class=\"wp-image-1967\" srcset=\"https:\/\/www.univates.br\/blog\/wp-content\/uploads\/2022\/05\/1579283049.9569.jpg 729w, https:\/\/www.univates.br\/blog\/wp-content\/uploads\/2022\/05\/1579283049.9569-600x400.jpg 600w, https:\/\/www.univates.br\/blog\/wp-content\/uploads\/2022\/05\/1579283049.9569-150x100.jpg 150w\" sizes=\"auto, (max-width: 729px) 100vw, 729px\" \/><figcaption>Foto: Tuane Eggers<\/figcaption><\/figure>\n\n\n\n<p>No ramo do Direito do Consumidor existem diversas oportunidades \ud83d\udc4f para os&nbsp;<strong>advogados<\/strong>&nbsp;que nele desejam trabalhar. Se quiserem, por exemplo, os profissionais podem oferecer assist\u00eancia aos fornecedores (aqueles que fornecem produtos ou servi\u00e7os aos consumidores) ou trabalhar com consultoria jur\u00eddica, prestando aux\u00edlio especializado (aconselhamento, elabora\u00e7\u00e3o de contratos, emiss\u00e3o de pareceres, dentre outras fun\u00e7\u00f5es) a organiza\u00e7\u00f5es, estabelecimentos comerciais e empres\u00e1rios. Segundo informa\u00e7\u00f5es do&nbsp;<em>site<\/em>&nbsp;<a href=\"https:\/\/www.mundovestibular.com.br\/\">Mundo Vestibular<\/a>, os sal\u00e1rios de&nbsp;<strong>advogados<\/strong>&nbsp;que atuam em \u00f3rg\u00e3os de iniciativa privada na \u00e1rea de Direito do Consumidor chegam a R$ 3.500 mensais.<\/p>\n\n\n\n<h2 class=\"wp-block-heading\">\ud83e\udd1dResolu\u00e7\u00e3o final: tendo tudo isto posto, acorda-se que&#8230;<\/h2>\n\n\n\n<p>[\u2026], caso queira cursar Direito e tornar-se um&nbsp;<strong>advogado<\/strong>, voc\u00ea ficar\u00e1 constantemente de olho \ud83d\udc40 nas diversas oportunidades que o mercado de trabalho da sua \u00e1rea oferece. Sem desculpas, certo?<\/p>\n\n\n\n<p>Fizemos nossa parte: elaboramos um&nbsp;<em>post<\/em>&nbsp;superinformativo apresentando tr\u00eas ramos nos quais os diplomados em Direito podem atuar profissionalmente. Agora \u00e9 hora de voc\u00ea fazer a sua (que, ali\u00e1s, \u00e9 muito mais divertida), escolhendo a \u00e1rea que d\u00e1&nbsp;<em>match<\/em>&nbsp;com suas aptid\u00f5es. Comece agora e divirta-se! \ud83d\udc98\ud83d\ude01<\/p>\n","protected":false},"excerpt":{"rendered":"<p>Sabia que apenas alguns\u00a0advogados\u00a0\ud83d\udc68\u200d\u2696\ufe0f\u00a0t\u00eam como instrumento de trabalho um martelinho dourado e um p\u00falpito de tribunal? O\u00a0ramo de atua\u00e7\u00e3o\u00a0para graduados em\u00a0Direito\u00a0\u00e9 extremamente abrangente. Em termos pr\u00e1ticos, isso significa que, caso desejem, os diplomados podem experimentar desempenhar diversas atividades dentro da\u2026<\/p>\n","protected":false},"author":2,"featured_media":0,"comment_status":"open","ping_status":"open","sticky":false,"template":"","format":"standard","meta":{"_acf_changed":false,"footnotes":""},"categories":[33],"class_list":["post-856","post","type-post","status-publish","format-standard","hentry","category-carreira","autor-lais-pontin-matos","curso-direito"],"acf":[],"yoast_head":"<!-- This site is optimized with the Yoast SEO plugin v27.3 - https:\/\/yoast.com\/product\/yoast-seo-wordpress\/ -->\n<title>O que fazem os advogados? - Univates Blog<\/title>\n<meta name=\"robots\" content=\"index, follow, max-snippet:-1, max-image-preview:large, max-video-preview:-1\" \/>\n<link rel=\"canonical\" href=\"https:\/\/www.univates.br\/blog\/o-que-fazem-os-advogados\/\" \/>\n<meta property=\"og:locale\" content=\"pt_BR\" \/>\n<meta property=\"og:type\" content=\"article\" \/>\n<meta property=\"og:title\" content=\"O que fazem os advogados? - Univates Blog\" \/>\n<meta property=\"og:description\" content=\"Sabia que apenas alguns\u00a0advogados\u00a0\ud83d\udc68\u200d\u2696\ufe0f\u00a0t\u00eam como instrumento de trabalho um martelinho dourado e um p\u00falpito de tribunal? O\u00a0ramo de atua\u00e7\u00e3o\u00a0para graduados em\u00a0Direito\u00a0\u00e9 extremamente abrangente. Em termos pr\u00e1ticos, isso significa que, caso desejem, os diplomados podem experimentar desempenhar diversas atividades dentro da\u2026\" \/>\n<meta property=\"og:url\" content=\"https:\/\/www.univates.br\/blog\/o-que-fazem-os-advogados\/\" \/>\n<meta property=\"og:site_name\" content=\"Univates Blog\" \/>\n<meta property=\"article:published_time\" content=\"2022-05-06T18:43:31+00:00\" \/>\n<meta property=\"article:modified_time\" content=\"2023-12-20T17:15:43+00:00\" \/>\n<meta property=\"og:image\" content=\"https:\/\/desenvolvimento.bravo.st\/univatesblog\/wp-content\/uploads\/2022\/05\/1579280419.1842-1.jpg\" \/>\n<meta name=\"author\" content=\"Marketing Univates\" \/>\n<meta name=\"twitter:card\" content=\"summary_large_image\" \/>\n<meta name=\"twitter:label1\" content=\"Escrito por\" \/>\n\t<meta name=\"twitter:data1\" content=\"Marketing Univates\" \/>\n\t<meta name=\"twitter:label2\" content=\"Est. tempo de leitura\" \/>\n\t<meta name=\"twitter:data2\" content=\"6 minutos\" \/>\n<script type=\"application\/ld+json\" class=\"yoast-schema-graph\">{\"@context\":\"https:\\\/\\\/schema.org\",\"@graph\":[{\"@type\":\"Article\",\"@id\":\"https:\\\/\\\/www.univates.br\\\/blog\\\/o-que-fazem-os-advogados\\\/#article\",\"isPartOf\":{\"@id\":\"https:\\\/\\\/www.univates.br\\\/blog\\\/o-que-fazem-os-advogados\\\/\"},\"author\":{\"name\":\"Marketing Univates\",\"@id\":\"https:\\\/\\\/www.univates.br\\\/blog\\\/#\\\/schema\\\/person\\\/15c63917440cc5e70160c247b309af2f\"},\"headline\":\"O que fazem os advogados?\",\"datePublished\":\"2022-05-06T18:43:31+00:00\",\"dateModified\":\"2023-12-20T17:15:43+00:00\",\"mainEntityOfPage\":{\"@id\":\"https:\\\/\\\/www.univates.br\\\/blog\\\/o-que-fazem-os-advogados\\\/\"},\"wordCount\":883,\"commentCount\":0,\"image\":{\"@id\":\"https:\\\/\\\/www.univates.br\\\/blog\\\/o-que-fazem-os-advogados\\\/#primaryimage\"},\"thumbnailUrl\":\"https:\\\/\\\/desenvolvimento.bravo.st\\\/univatesblog\\\/wp-content\\\/uploads\\\/2022\\\/05\\\/1579280419.1842-1.jpg\",\"articleSection\":[\"Carreira\"],\"inLanguage\":\"pt-BR\",\"potentialAction\":[{\"@type\":\"CommentAction\",\"name\":\"Comment\",\"target\":[\"https:\\\/\\\/www.univates.br\\\/blog\\\/o-que-fazem-os-advogados\\\/#respond\"]}]},{\"@type\":\"WebPage\",\"@id\":\"https:\\\/\\\/www.univates.br\\\/blog\\\/o-que-fazem-os-advogados\\\/\",\"url\":\"https:\\\/\\\/www.univates.br\\\/blog\\\/o-que-fazem-os-advogados\\\/\",\"name\":\"O que fazem os advogados? - Univates Blog\",\"isPartOf\":{\"@id\":\"https:\\\/\\\/www.univates.br\\\/blog\\\/#website\"},\"primaryImageOfPage\":{\"@id\":\"https:\\\/\\\/www.univates.br\\\/blog\\\/o-que-fazem-os-advogados\\\/#primaryimage\"},\"image\":{\"@id\":\"https:\\\/\\\/www.univates.br\\\/blog\\\/o-que-fazem-os-advogados\\\/#primaryimage\"},\"thumbnailUrl\":\"https:\\\/\\\/desenvolvimento.bravo.st\\\/univatesblog\\\/wp-content\\\/uploads\\\/2022\\\/05\\\/1579280419.1842-1.jpg\",\"datePublished\":\"2022-05-06T18:43:31+00:00\",\"dateModified\":\"2023-12-20T17:15:43+00:00\",\"author\":{\"@id\":\"https:\\\/\\\/www.univates.br\\\/blog\\\/#\\\/schema\\\/person\\\/15c63917440cc5e70160c247b309af2f\"},\"breadcrumb\":{\"@id\":\"https:\\\/\\\/www.univates.br\\\/blog\\\/o-que-fazem-os-advogados\\\/#breadcrumb\"},\"inLanguage\":\"pt-BR\",\"potentialAction\":[{\"@type\":\"ReadAction\",\"target\":[\"https:\\\/\\\/www.univates.br\\\/blog\\\/o-que-fazem-os-advogados\\\/\"]}]},{\"@type\":\"ImageObject\",\"inLanguage\":\"pt-BR\",\"@id\":\"https:\\\/\\\/www.univates.br\\\/blog\\\/o-que-fazem-os-advogados\\\/#primaryimage\",\"url\":\"https:\\\/\\\/desenvolvimento.bravo.st\\\/univatesblog\\\/wp-content\\\/uploads\\\/2022\\\/05\\\/1579280419.1842-1.jpg\",\"contentUrl\":\"https:\\\/\\\/desenvolvimento.bravo.st\\\/univatesblog\\\/wp-content\\\/uploads\\\/2022\\\/05\\\/1579280419.1842-1.jpg\"},{\"@type\":\"BreadcrumbList\",\"@id\":\"https:\\\/\\\/www.univates.br\\\/blog\\\/o-que-fazem-os-advogados\\\/#breadcrumb\",\"itemListElement\":[{\"@type\":\"ListItem\",\"position\":1,\"name\":\"Home\",\"item\":\"https:\\\/\\\/www.univates.br\\\/blog\\\/\"},{\"@type\":\"ListItem\",\"position\":2,\"name\":\"O que fazem os advogados?\"}]},{\"@type\":\"WebSite\",\"@id\":\"https:\\\/\\\/www.univates.br\\\/blog\\\/#website\",\"url\":\"https:\\\/\\\/www.univates.br\\\/blog\\\/\",\"name\":\"Univates Blog\",\"description\":\"\",\"potentialAction\":[{\"@type\":\"SearchAction\",\"target\":{\"@type\":\"EntryPoint\",\"urlTemplate\":\"https:\\\/\\\/www.univates.br\\\/blog\\\/?s={search_term_string}\"},\"query-input\":{\"@type\":\"PropertyValueSpecification\",\"valueRequired\":true,\"valueName\":\"search_term_string\"}}],\"inLanguage\":\"pt-BR\"},{\"@type\":\"Person\",\"@id\":\"https:\\\/\\\/www.univates.br\\\/blog\\\/#\\\/schema\\\/person\\\/15c63917440cc5e70160c247b309af2f\",\"name\":\"Marketing Univates\",\"image\":{\"@type\":\"ImageObject\",\"inLanguage\":\"pt-BR\",\"@id\":\"https:\\\/\\\/secure.gravatar.com\\\/avatar\\\/511f9e77a6a3d0cddd9074f69a722364bc7f787e73d4a0da1f727ba62704eda4?s=96&d=mm&r=g\",\"url\":\"https:\\\/\\\/secure.gravatar.com\\\/avatar\\\/511f9e77a6a3d0cddd9074f69a722364bc7f787e73d4a0da1f727ba62704eda4?s=96&d=mm&r=g\",\"contentUrl\":\"https:\\\/\\\/secure.gravatar.com\\\/avatar\\\/511f9e77a6a3d0cddd9074f69a722364bc7f787e73d4a0da1f727ba62704eda4?s=96&d=mm&r=g\",\"caption\":\"Marketing Univates\"},\"sameAs\":[\"http:\\\/\\\/univates.br\"],\"url\":\"https:\\\/\\\/www.univates.br\\\/blog\\\/author\\\/marketing\\\/\"}]}<\/script>\n<!-- \/ Yoast SEO plugin. -->","yoast_head_json":{"title":"O que fazem os advogados? - Univates Blog","robots":{"index":"index","follow":"follow","max-snippet":"max-snippet:-1","max-image-preview":"max-image-preview:large","max-video-preview":"max-video-preview:-1"},"canonical":"https:\/\/www.univates.br\/blog\/o-que-fazem-os-advogados\/","og_locale":"pt_BR","og_type":"article","og_title":"O que fazem os advogados? - Univates Blog","og_description":"Sabia que apenas alguns\u00a0advogados\u00a0\ud83d\udc68\u200d\u2696\ufe0f\u00a0t\u00eam como instrumento de trabalho um martelinho dourado e um p\u00falpito de tribunal? O\u00a0ramo de atua\u00e7\u00e3o\u00a0para graduados em\u00a0Direito\u00a0\u00e9 extremamente abrangente. Em termos pr\u00e1ticos, isso significa que, caso desejem, os diplomados podem experimentar desempenhar diversas atividades dentro da\u2026","og_url":"https:\/\/www.univates.br\/blog\/o-que-fazem-os-advogados\/","og_site_name":"Univates Blog","article_published_time":"2022-05-06T18:43:31+00:00","article_modified_time":"2023-12-20T17:15:43+00:00","og_image":[{"url":"https:\/\/desenvolvimento.bravo.st\/univatesblog\/wp-content\/uploads\/2022\/05\/1579280419.1842-1.jpg","type":"","width":"","height":""}],"author":"Marketing Univates","twitter_card":"summary_large_image","twitter_misc":{"Escrito por":"Marketing Univates","Est. tempo de leitura":"6 minutos"},"schema":{"@context":"https:\/\/schema.org","@graph":[{"@type":"Article","@id":"https:\/\/www.univates.br\/blog\/o-que-fazem-os-advogados\/#article","isPartOf":{"@id":"https:\/\/www.univates.br\/blog\/o-que-fazem-os-advogados\/"},"author":{"name":"Marketing Univates","@id":"https:\/\/www.univates.br\/blog\/#\/schema\/person\/15c63917440cc5e70160c247b309af2f"},"headline":"O que fazem os advogados?","datePublished":"2022-05-06T18:43:31+00:00","dateModified":"2023-12-20T17:15:43+00:00","mainEntityOfPage":{"@id":"https:\/\/www.univates.br\/blog\/o-que-fazem-os-advogados\/"},"wordCount":883,"commentCount":0,"image":{"@id":"https:\/\/www.univates.br\/blog\/o-que-fazem-os-advogados\/#primaryimage"},"thumbnailUrl":"https:\/\/desenvolvimento.bravo.st\/univatesblog\/wp-content\/uploads\/2022\/05\/1579280419.1842-1.jpg","articleSection":["Carreira"],"inLanguage":"pt-BR","potentialAction":[{"@type":"CommentAction","name":"Comment","target":["https:\/\/www.univates.br\/blog\/o-que-fazem-os-advogados\/#respond"]}]},{"@type":"WebPage","@id":"https:\/\/www.univates.br\/blog\/o-que-fazem-os-advogados\/","url":"https:\/\/www.univates.br\/blog\/o-que-fazem-os-advogados\/","name":"O que fazem os advogados? - Univates Blog","isPartOf":{"@id":"https:\/\/www.univates.br\/blog\/#website"},"primaryImageOfPage":{"@id":"https:\/\/www.univates.br\/blog\/o-que-fazem-os-advogados\/#primaryimage"},"image":{"@id":"https:\/\/www.univates.br\/blog\/o-que-fazem-os-advogados\/#primaryimage"},"thumbnailUrl":"https:\/\/desenvolvimento.bravo.st\/univatesblog\/wp-content\/uploads\/2022\/05\/1579280419.1842-1.jpg","datePublished":"2022-05-06T18:43:31+00:00","dateModified":"2023-12-20T17:15:43+00:00","author":{"@id":"https:\/\/www.univates.br\/blog\/#\/schema\/person\/15c63917440cc5e70160c247b309af2f"},"breadcrumb":{"@id":"https:\/\/www.univates.br\/blog\/o-que-fazem-os-advogados\/#breadcrumb"},"inLanguage":"pt-BR","potentialAction":[{"@type":"ReadAction","target":["https:\/\/www.univates.br\/blog\/o-que-fazem-os-advogados\/"]}]},{"@type":"ImageObject","inLanguage":"pt-BR","@id":"https:\/\/www.univates.br\/blog\/o-que-fazem-os-advogados\/#primaryimage","url":"https:\/\/desenvolvimento.bravo.st\/univatesblog\/wp-content\/uploads\/2022\/05\/1579280419.1842-1.jpg","contentUrl":"https:\/\/desenvolvimento.bravo.st\/univatesblog\/wp-content\/uploads\/2022\/05\/1579280419.1842-1.jpg"},{"@type":"BreadcrumbList","@id":"https:\/\/www.univates.br\/blog\/o-que-fazem-os-advogados\/#breadcrumb","itemListElement":[{"@type":"ListItem","position":1,"name":"Home","item":"https:\/\/www.univates.br\/blog\/"},{"@type":"ListItem","position":2,"name":"O que fazem os advogados?"}]},{"@type":"WebSite","@id":"https:\/\/www.univates.br\/blog\/#website","url":"https:\/\/www.univates.br\/blog\/","name":"Univates Blog","description":"","potentialAction":[{"@type":"SearchAction","target":{"@type":"EntryPoint","urlTemplate":"https:\/\/www.univates.br\/blog\/?s={search_term_string}"},"query-input":{"@type":"PropertyValueSpecification","valueRequired":true,"valueName":"search_term_string"}}],"inLanguage":"pt-BR"},{"@type":"Person","@id":"https:\/\/www.univates.br\/blog\/#\/schema\/person\/15c63917440cc5e70160c247b309af2f","name":"Marketing Univates","image":{"@type":"ImageObject","inLanguage":"pt-BR","@id":"https:\/\/secure.gravatar.com\/avatar\/511f9e77a6a3d0cddd9074f69a722364bc7f787e73d4a0da1f727ba62704eda4?s=96&d=mm&r=g","url":"https:\/\/secure.gravatar.com\/avatar\/511f9e77a6a3d0cddd9074f69a722364bc7f787e73d4a0da1f727ba62704eda4?s=96&d=mm&r=g","contentUrl":"https:\/\/secure.gravatar.com\/avatar\/511f9e77a6a3d0cddd9074f69a722364bc7f787e73d4a0da1f727ba62704eda4?s=96&d=mm&r=g","caption":"Marketing Univates"},"sameAs":["http:\/\/univates.br"],"url":"https:\/\/www.univates.br\/blog\/author\/marketing\/"}]}},"_links":{"self":[{"href":"https:\/\/www.univates.br\/blog\/wp-json\/wp\/v2\/posts\/856","targetHints":{"allow":["GET"]}}],"collection":[{"href":"https:\/\/www.univates.br\/blog\/wp-json\/wp\/v2\/posts"}],"about":[{"href":"https:\/\/www.univates.br\/blog\/wp-json\/wp\/v2\/types\/post"}],"author":[{"embeddable":true,"href":"https:\/\/www.univates.br\/blog\/wp-json\/wp\/v2\/users\/2"}],"replies":[{"embeddable":true,"href":"https:\/\/www.univates.br\/blog\/wp-json\/wp\/v2\/comments?post=856"}],"version-history":[{"count":8,"href":"https:\/\/www.univates.br\/blog\/wp-json\/wp\/v2\/posts\/856\/revisions"}],"predecessor-version":[{"id":4792,"href":"https:\/\/www.univates.br\/blog\/wp-json\/wp\/v2\/posts\/856\/revisions\/4792"}],"wp:attachment":[{"href":"https:\/\/www.univates.br\/blog\/wp-json\/wp\/v2\/media?parent=856"}],"wp:term":[{"taxonomy":"category","embeddable":true,"href":"https:\/\/www.univates.br\/blog\/wp-json\/wp\/v2\/categories?post=856"}],"curies":[{"name":"wp","href":"https:\/\/api.w.org\/{rel}","templated":true}]}}