{"id":860,"date":"2022-05-06T15:52:59","date_gmt":"2022-05-06T18:52:59","guid":{"rendered":"https:\/\/desenvolvimento.bravo.st\/univatesblog\/?p=860"},"modified":"2023-12-20T14:14:55","modified_gmt":"2023-12-20T17:14:55","slug":"em-quais-areas-profissionais-um-dentista-pode-trabalhar","status":"publish","type":"post","link":"https:\/\/www.univates.br\/blog\/em-quais-areas-profissionais-um-dentista-pode-trabalhar\/","title":{"rendered":"Em quais \u00e1reas profissionais um dentista pode trabalhar?"},"content":{"rendered":"\n<p>Voc\u00ea pensa em cursar\u00a0<a href=\"https:\/\/www.univates.br\/graduacao\/odontologia\">Odontologia<\/a>\u00a0\ud83e\uddb7 e tornar-se um competente\u00a0<strong>dentista<\/strong>? Se sua resposta \u00e0 pergunta veio em um balan\u00e7ar afirmativo de cabe\u00e7a, saiba que existe uma infinidade de\u00a0<strong>\u00e1reas profissionais<\/strong>\u00a0nas quais voc\u00ea pode\u00a0<strong>trabalhar<\/strong>\u00a0<a href=\"https:\/\/www.univates.br\/blog\/\/post\/estou-formadoa-e-agora-conheca-historias-de-sucesso-que-podem-te-inspirar\">depois de formado(a)<\/a>. Tente adivinhar nossas charadas \ud83e\udd14 para desvendar quatro op\u00e7\u00f5es de carreira que o esperam no futuro. Vamos l\u00e1? \u2b07\ufe0f<\/p>\n\n\n\n<figure class=\"wp-block-image size-full\"><img loading=\"lazy\" decoding=\"async\" width=\"729\" height=\"486\" src=\"https:\/\/desenvolvimento.bravo.st\/univatesblog\/wp-content\/uploads\/2022\/05\/1578501992.2572-1.jpg\" alt=\"\" class=\"wp-image-1969\" srcset=\"https:\/\/www.univates.br\/blog\/wp-content\/uploads\/2022\/05\/1578501992.2572-1.jpg 729w, https:\/\/www.univates.br\/blog\/wp-content\/uploads\/2022\/05\/1578501992.2572-1-600x400.jpg 600w, https:\/\/www.univates.br\/blog\/wp-content\/uploads\/2022\/05\/1578501992.2572-1-150x100.jpg 150w\" sizes=\"auto, (max-width: 729px) 100vw, 729px\" \/><figcaption>Foto: Nath\u00e1lia Braga<\/figcaption><\/figure>\n\n\n\n<h2 class=\"wp-block-heading\">1) De \ud83d\udc40 no futuro: primeira op\u00e7\u00e3o de carreira<\/h2>\n\n\n\n<p>\u2753&nbsp;<em>Adivinhe se puder:<\/em>&nbsp;<em>\u201cPor que o rio foi ao&nbsp;<strong>dentista<\/strong>?&nbsp;<\/em><\/p>\n\n\n\n<p><em>Resposta: Porque ele queria atravessar um canal!<\/em><em>\u201d&nbsp;<\/em>\ud83d\ude02<\/p>\n\n\n\n<p><em>Especialidade relacionada: Endodontia<\/em>&nbsp;<\/p>\n\n\n\n<p>\u00a0A Endodontia \u00e9 uma\u00a0<a href=\"https:\/\/www.univates.br\/blog\/\/post\/qual-profissao-mais-combina-comigo\">\u00e1rea profissional<\/a>\u00a0da Odontologia que objetiva diagnosticar, tratar e prevenir doen\u00e7as e les\u00f5es que afetam as ra\u00edzes dos dentes. Visitas ao endodontista costumam ocorrer quando, por exemplo, os pacientes necessitam realizar um tratamento de canal, procedimento que consiste na retirada de um tecido dent\u00e1rio interno (chamado cientificamente de polpa) que se encontra danificado.\u00a0\u00a0<\/p>\n\n\n\n<p>Se desejar tornar-se endodontista, o\u00a0<strong>dentista<\/strong>, depois de concluir a faculdade de Odontologia, deve ingressar em um\u00a0<a href=\"https:\/\/www.univates.br\/blog\/\/post\/qual-pos-graduacao-escolher\">curso de p\u00f3s-gradua\u00e7\u00e3o<\/a>\u00a0espec\u00edfico na \u00e1rea de Endodontia. Durante a especializa\u00e7\u00e3o, que pode chegar a quase dois anos, o profissional ir\u00e1 aprender t\u00e9cnicas e procedimentos adequados para preservar a sa\u00fade das ra\u00edzes dos dentes de seus futuros pacientes. Cursos de especializa\u00e7\u00e3o em Endodontia s\u00e3o ofertados de Norte a Sul do Brasil, por universidades privadas e federais.<\/p>\n\n\n\n<figure class=\"wp-block-image size-full\"><img loading=\"lazy\" decoding=\"async\" width=\"729\" height=\"486\" src=\"https:\/\/desenvolvimento.bravo.st\/univatesblog\/wp-content\/uploads\/2022\/05\/1578502789.0746.jpg\" alt=\"\" class=\"wp-image-1970\" srcset=\"https:\/\/www.univates.br\/blog\/wp-content\/uploads\/2022\/05\/1578502789.0746.jpg 729w, https:\/\/www.univates.br\/blog\/wp-content\/uploads\/2022\/05\/1578502789.0746-600x400.jpg 600w, https:\/\/www.univates.br\/blog\/wp-content\/uploads\/2022\/05\/1578502789.0746-150x100.jpg 150w\" sizes=\"auto, (max-width: 729px) 100vw, 729px\" \/><figcaption>Foto: Nath\u00e1lia Braga<\/figcaption><\/figure>\n\n\n\n<div class=\"bloco-gutenberg\">\n\n    <a href=\"https:\/\/materiais.univates.br\/saiba-qual-profissao-e-a-sua-cara\" target=\"_blank\" class=\"guten-material\" style=\"background-color: #ff5d4a; color: #0a0a0a;\">\n                    <img decoding=\"async\" src=\"https:\/\/www.univates.br\/blog\/wp-content\/uploads\/2022\/05\/Design-sem-nome-4.png\" loading=\"lazy\">\n                <div class=\"texto\">\n                            <span>Saiba qual profiss\u00e3o \u00e9 a sua cara<\/span>\n                            <strong>Baixar e-book<\/strong>\n                    <\/div>\n    <\/a>\n    <\/div>\n\n\n<h2 class=\"wp-block-heading\">2) De \ud83d\udc40 no futuro: segunda op\u00e7\u00e3o de carreira<\/h2>\n\n\n\n<figure class=\"wp-block-image size-full\"><img loading=\"lazy\" decoding=\"async\" width=\"729\" height=\"486\" src=\"https:\/\/desenvolvimento.bravo.st\/univatesblog\/wp-content\/uploads\/2022\/05\/1578502953.2256.jpg\" alt=\"\" class=\"wp-image-1972\" srcset=\"https:\/\/www.univates.br\/blog\/wp-content\/uploads\/2022\/05\/1578502953.2256.jpg 729w, https:\/\/www.univates.br\/blog\/wp-content\/uploads\/2022\/05\/1578502953.2256-600x400.jpg 600w, https:\/\/www.univates.br\/blog\/wp-content\/uploads\/2022\/05\/1578502953.2256-150x100.jpg 150w\" sizes=\"auto, (max-width: 729px) 100vw, 729px\" \/><figcaption>Foto: Nath\u00e1lia Braga<\/figcaption><\/figure>\n\n\n\n<p>Quem nunca foi ao&nbsp;<strong>dentista<\/strong>&nbsp;e ficou indeciso no momento de escolher a cor das borrachinhas do aparelho que atire o primeiro&nbsp;<em>bracket<\/em>! Os aparelhos ortod\u00f4nticos, que podem ser fixos ou m\u00f3veis, desempenham uma fun\u00e7\u00e3o important\u00edssima dentro da boca de milh\u00f5es de pessoas: eles s\u00e3o respons\u00e1veis pelo realinhamento de dentes e sorrisos para fins est\u00e9ticos ou de mastiga\u00e7\u00e3o. O profissional que se capacita para realizar essas tarefas recebe o nome de ortodontista.&nbsp;<\/p>\n\n\n\n<p>O curso de especializa\u00e7\u00e3o em Ortodontia dura dois anos e \u00e9 destinado a quem j\u00e1 se formou na faculdade de Odontologia. De acordo com um levantamento realizado pela\u00a0<em>American Association of Orthodontics<\/em>\u00a0(Associa\u00e7\u00e3o Americana de Ortodontistas), existem somente nos Estados Unidos cerca de quatro milh\u00f5es de pessoas que usam algum tipo de aparelho ortod\u00f4ntico, sendo 25% dos pacientes adultos com mais de 21 anos. Observando o panorama estat\u00edstico, fica f\u00e1cil constatar que o mercado para ortodontistas est\u00e1 aquecido. Se voc\u00ea optar por especializar-se nessa\u00a0<strong>\u00e1rea profissional<\/strong>, ter\u00e1 excelentes oportunidades de trabalho tamb\u00e9m no\u00a0<a href=\"https:\/\/www.univates.br\/blog\/\/post\/cinco-motivos-para-voce-realizar-intercambio-academico\">exterior<\/a>. Legal, n\u00e9?<\/p>\n\n\n\n<h2 class=\"wp-block-heading\">3) De \ud83d\udc40 no futuro: terceira op\u00e7\u00e3o de carreira<\/h2>\n\n\n\n<div class=\"wp-block-media-text alignwide is-stacked-on-mobile\"><figure class=\"wp-block-media-text__media\"><img loading=\"lazy\" decoding=\"async\" width=\"291\" height=\"194\" src=\"https:\/\/desenvolvimento.bravo.st\/univatesblog\/wp-content\/uploads\/2022\/05\/1578504029.3412.jpg\" alt=\"\" class=\"wp-image-861 size-full\" srcset=\"https:\/\/www.univates.br\/blog\/wp-content\/uploads\/2022\/05\/1578504029.3412.jpg 291w, https:\/\/www.univates.br\/blog\/wp-content\/uploads\/2022\/05\/1578504029.3412-150x100.jpg 150w\" sizes=\"auto, (max-width: 291px) 100vw, 291px\" \/><\/figure><div class=\"wp-block-media-text__content\">\n<p>A Implantodontia \u00e9 uma&nbsp;<strong>\u00e1rea profissional<\/strong>&nbsp;da Odontologia que se preocupa com a reabilita\u00e7\u00e3o das fun\u00e7\u00f5es orais (como a mastiga\u00e7\u00e3o, a est\u00e9tica e a fon\u00e9tica, por exemplo) das pessoas. O tratamento por implantes dent\u00e1rios melhora, dentre outros aspectos, a autoestima, a qualidade de vida e os problemas de oclus\u00e3o (mastiga\u00e7\u00e3o correta) dos pacientes que se submetem a ele.<\/p>\n\n\n\n<p><em>(Foto: Ana Paula Vieira Labres)<\/em><\/p>\n<\/div><\/div>\n\n\n\n<p>Caso queira tornar-se implantodontista, o\u00a0<strong>dentista<\/strong>\u00a0deve ingressar em um\u00a0<a href=\"https:\/\/www.univates.br\/blog\/\/post\/quais-as-vantagens-de-cursar-pos-graduacao-em-regime-intensivo\">curso de p\u00f3s-gradua\u00e7\u00e3o<\/a>\u00a0na \u00e1rea de Implantodontia. Durante aproximadamente dois anos, o estudante recebe forma\u00e7\u00e3o te\u00f3rico-pr\u00e1tica, executando etapas cir\u00fargicas e prot\u00e9ticas de implantes dent\u00e1rios, aprofundando-se no diagn\u00f3stico e no planejamento de casos variados e analisando as op\u00e7\u00f5es prot\u00e9ticas adequadas para cada situa\u00e7\u00e3o.<\/p>\n\n\n\n<div class=\"bloco-gutenberg\">\n\n    <a href=\"https:\/\/materiais.univates.br\/com-que-curso-eu-vou-modalidade\" target=\"_blank\" class=\"guten-material\" style=\"background-color: #6b00e8; \">\n                    <img decoding=\"async\" src=\"https:\/\/www.univates.br\/blog\/wp-content\/uploads\/2022\/05\/Design-sem-nome-3.png\" loading=\"lazy\">\n                <div class=\"texto\">\n                            <span>Descubra seu perfil profissional e qual curso \u00e9 perfeito pra voc\u00ea<\/span>\n                            <strong>Baixar e-book<\/strong>\n                    <\/div>\n    <\/a>\n    <\/div>\n\n\n<h2 class=\"wp-block-heading\">4) De \ud83d\udc40 no futuro: quarta op\u00e7\u00e3o de carreira<\/h2>\n\n\n\n<div class=\"wp-block-media-text alignwide is-stacked-on-mobile\"><figure class=\"wp-block-media-text__media\"><img loading=\"lazy\" decoding=\"async\" width=\"291\" height=\"194\" src=\"https:\/\/desenvolvimento.bravo.st\/univatesblog\/wp-content\/uploads\/2022\/05\/1578504568.3275.jpg\" alt=\"\" class=\"wp-image-862 size-full\" srcset=\"https:\/\/www.univates.br\/blog\/wp-content\/uploads\/2022\/05\/1578504568.3275.jpg 291w, https:\/\/www.univates.br\/blog\/wp-content\/uploads\/2022\/05\/1578504568.3275-150x100.jpg 150w\" sizes=\"auto, (max-width: 291px) 100vw, 291px\" \/><\/figure><div class=\"wp-block-media-text__content\">\n<p>O&nbsp;<strong>dentista<\/strong>&nbsp;que ingressa na&nbsp;<strong>\u00e1rea profissional<\/strong>&nbsp;de Odontologia Legal dedica-se \u00e0 pesquisa de fen\u00f4menos ps\u00edquicos, f\u00edsicos, qu\u00edmicos e biol\u00f3gicos que podem atingir ou ter atingido o homem, vivo, morto ou ossada. O campo de trabalho da especialidade engloba diferentes tipos de atividades periciais, fundamentais para, por exemplo, facilitar a identifica\u00e7\u00e3o de corpos de v\u00edtimas de acidentes a\u00e9reos.<\/p>\n\n\n\n<p><em>(Foto: Tuane Eggers)<\/em><\/p>\n<\/div><\/div>\n\n\n\n<p>Uma p\u00f3s-gradua\u00e7\u00e3o na \u00e1rea de Odontologia Legal tem dura\u00e7\u00e3o m\u00e9dia de 18 meses e \u00e9 uma \u00f3tima op\u00e7\u00e3o para o profissional que desempenha trabalho forense ou relacionado \u00e0 Justi\u00e7a, que \u00e9 auditor odontol\u00f3gico ou que tem interesse em aprofundar-se na especialidade, a fim de posteriormente prestar concursos p\u00fablicos. Durante o curso, o aluno estuda disciplinas como tanatologia forense, proped\u00eautica cl\u00ednica e traumatologia odontolegal.<\/p>\n\n\n\n<p>\ud83d\udcd6\u00a0<a href=\"https:\/\/www.univates.br\/blog\/\/post\/25897-ja-conhece-os-beneficios-de-ser-aluno-da-nossa-universidade\">J\u00e1 conhece os benef\u00edcios de ser aluno da nossa<\/a><a href=\"https:\/\/www.univates.br\/blog\/\/post\/ja-conhece-os-beneficios-de-ser-aluno-da-nossa-universidade\">\u00a0Universidade?<\/a><\/p>\n\n\n\n<p>\ud83d\udcd6\u00a0<a href=\"https:\/\/www.univates.br\/blog\/\/post\/por-que-estudar-na-univates-pode-ser-uma-opcao-para-voce\">Por que estudar na Univates pode ser uma boa op\u00e7\u00e3o para voc\u00ea?<\/a><\/p>\n","protected":false},"excerpt":{"rendered":"<p>Voc\u00ea pensa em cursar\u00a0Odontologia\u00a0\ud83e\uddb7 e tornar-se um competente\u00a0dentista? Se sua resposta \u00e0 pergunta veio em um balan\u00e7ar afirmativo de cabe\u00e7a, saiba que existe uma infinidade de\u00a0\u00e1reas profissionais\u00a0nas quais voc\u00ea pode\u00a0trabalhar\u00a0depois de formado(a). Tente adivinhar nossas charadas \ud83e\udd14 para desvendar quatro\u2026<\/p>\n","protected":false},"author":2,"featured_media":0,"comment_status":"open","ping_status":"open","sticky":false,"template":"","format":"standard","meta":{"_acf_changed":false,"footnotes":""},"categories":[33],"class_list":["post-860","post","type-post","status-publish","format-standard","hentry","category-carreira","autor-lais-pontin-matos","curso-odontologia","area-saude"],"acf":[],"yoast_head":"<!-- This site is optimized with the Yoast SEO plugin v27.3 - https:\/\/yoast.com\/product\/yoast-seo-wordpress\/ -->\n<title>Em quais \u00e1reas profissionais um dentista pode trabalhar? - Univates Blog<\/title>\n<meta name=\"robots\" content=\"index, follow, max-snippet:-1, max-image-preview:large, max-video-preview:-1\" \/>\n<link rel=\"canonical\" href=\"https:\/\/www.univates.br\/blog\/em-quais-areas-profissionais-um-dentista-pode-trabalhar\/\" \/>\n<meta property=\"og:locale\" content=\"pt_BR\" \/>\n<meta property=\"og:type\" content=\"article\" \/>\n<meta property=\"og:title\" content=\"Em quais \u00e1reas profissionais um dentista pode trabalhar? - Univates Blog\" \/>\n<meta property=\"og:description\" content=\"Voc\u00ea pensa em cursar\u00a0Odontologia\u00a0\ud83e\uddb7 e tornar-se um competente\u00a0dentista? Se sua resposta \u00e0 pergunta veio em um balan\u00e7ar afirmativo de cabe\u00e7a, saiba que existe uma infinidade de\u00a0\u00e1reas profissionais\u00a0nas quais voc\u00ea pode\u00a0trabalhar\u00a0depois de formado(a). Tente adivinhar nossas charadas \ud83e\udd14 para desvendar quatro\u2026\" \/>\n<meta property=\"og:url\" content=\"https:\/\/www.univates.br\/blog\/em-quais-areas-profissionais-um-dentista-pode-trabalhar\/\" \/>\n<meta property=\"og:site_name\" content=\"Univates Blog\" \/>\n<meta property=\"article:published_time\" content=\"2022-05-06T18:52:59+00:00\" \/>\n<meta property=\"article:modified_time\" content=\"2023-12-20T17:14:55+00:00\" \/>\n<meta property=\"og:image\" content=\"https:\/\/desenvolvimento.bravo.st\/univatesblog\/wp-content\/uploads\/2022\/05\/1578501992.2572-1.jpg\" \/>\n<meta name=\"author\" content=\"Marketing Univates\" \/>\n<meta name=\"twitter:card\" content=\"summary_large_image\" \/>\n<meta name=\"twitter:label1\" content=\"Escrito por\" \/>\n\t<meta name=\"twitter:data1\" content=\"Marketing Univates\" \/>\n\t<meta name=\"twitter:label2\" content=\"Est. tempo de leitura\" \/>\n\t<meta name=\"twitter:data2\" content=\"5 minutos\" \/>\n<script type=\"application\/ld+json\" class=\"yoast-schema-graph\">{\"@context\":\"https:\\\/\\\/schema.org\",\"@graph\":[{\"@type\":\"Article\",\"@id\":\"https:\\\/\\\/www.univates.br\\\/blog\\\/em-quais-areas-profissionais-um-dentista-pode-trabalhar\\\/#article\",\"isPartOf\":{\"@id\":\"https:\\\/\\\/www.univates.br\\\/blog\\\/em-quais-areas-profissionais-um-dentista-pode-trabalhar\\\/\"},\"author\":{\"name\":\"Marketing Univates\",\"@id\":\"https:\\\/\\\/www.univates.br\\\/blog\\\/#\\\/schema\\\/person\\\/15c63917440cc5e70160c247b309af2f\"},\"headline\":\"Em quais \u00e1reas profissionais um dentista pode trabalhar?\",\"datePublished\":\"2022-05-06T18:52:59+00:00\",\"dateModified\":\"2023-12-20T17:14:55+00:00\",\"mainEntityOfPage\":{\"@id\":\"https:\\\/\\\/www.univates.br\\\/blog\\\/em-quais-areas-profissionais-um-dentista-pode-trabalhar\\\/\"},\"wordCount\":764,\"commentCount\":0,\"image\":{\"@id\":\"https:\\\/\\\/www.univates.br\\\/blog\\\/em-quais-areas-profissionais-um-dentista-pode-trabalhar\\\/#primaryimage\"},\"thumbnailUrl\":\"https:\\\/\\\/desenvolvimento.bravo.st\\\/univatesblog\\\/wp-content\\\/uploads\\\/2022\\\/05\\\/1578501992.2572-1.jpg\",\"articleSection\":[\"Carreira\"],\"inLanguage\":\"pt-BR\",\"potentialAction\":[{\"@type\":\"CommentAction\",\"name\":\"Comment\",\"target\":[\"https:\\\/\\\/www.univates.br\\\/blog\\\/em-quais-areas-profissionais-um-dentista-pode-trabalhar\\\/#respond\"]}]},{\"@type\":\"WebPage\",\"@id\":\"https:\\\/\\\/www.univates.br\\\/blog\\\/em-quais-areas-profissionais-um-dentista-pode-trabalhar\\\/\",\"url\":\"https:\\\/\\\/www.univates.br\\\/blog\\\/em-quais-areas-profissionais-um-dentista-pode-trabalhar\\\/\",\"name\":\"Em quais \u00e1reas profissionais um dentista pode trabalhar? - Univates Blog\",\"isPartOf\":{\"@id\":\"https:\\\/\\\/www.univates.br\\\/blog\\\/#website\"},\"primaryImageOfPage\":{\"@id\":\"https:\\\/\\\/www.univates.br\\\/blog\\\/em-quais-areas-profissionais-um-dentista-pode-trabalhar\\\/#primaryimage\"},\"image\":{\"@id\":\"https:\\\/\\\/www.univates.br\\\/blog\\\/em-quais-areas-profissionais-um-dentista-pode-trabalhar\\\/#primaryimage\"},\"thumbnailUrl\":\"https:\\\/\\\/desenvolvimento.bravo.st\\\/univatesblog\\\/wp-content\\\/uploads\\\/2022\\\/05\\\/1578501992.2572-1.jpg\",\"datePublished\":\"2022-05-06T18:52:59+00:00\",\"dateModified\":\"2023-12-20T17:14:55+00:00\",\"author\":{\"@id\":\"https:\\\/\\\/www.univates.br\\\/blog\\\/#\\\/schema\\\/person\\\/15c63917440cc5e70160c247b309af2f\"},\"breadcrumb\":{\"@id\":\"https:\\\/\\\/www.univates.br\\\/blog\\\/em-quais-areas-profissionais-um-dentista-pode-trabalhar\\\/#breadcrumb\"},\"inLanguage\":\"pt-BR\",\"potentialAction\":[{\"@type\":\"ReadAction\",\"target\":[\"https:\\\/\\\/www.univates.br\\\/blog\\\/em-quais-areas-profissionais-um-dentista-pode-trabalhar\\\/\"]}]},{\"@type\":\"ImageObject\",\"inLanguage\":\"pt-BR\",\"@id\":\"https:\\\/\\\/www.univates.br\\\/blog\\\/em-quais-areas-profissionais-um-dentista-pode-trabalhar\\\/#primaryimage\",\"url\":\"https:\\\/\\\/desenvolvimento.bravo.st\\\/univatesblog\\\/wp-content\\\/uploads\\\/2022\\\/05\\\/1578501992.2572-1.jpg\",\"contentUrl\":\"https:\\\/\\\/desenvolvimento.bravo.st\\\/univatesblog\\\/wp-content\\\/uploads\\\/2022\\\/05\\\/1578501992.2572-1.jpg\"},{\"@type\":\"BreadcrumbList\",\"@id\":\"https:\\\/\\\/www.univates.br\\\/blog\\\/em-quais-areas-profissionais-um-dentista-pode-trabalhar\\\/#breadcrumb\",\"itemListElement\":[{\"@type\":\"ListItem\",\"position\":1,\"name\":\"Home\",\"item\":\"https:\\\/\\\/www.univates.br\\\/blog\\\/\"},{\"@type\":\"ListItem\",\"position\":2,\"name\":\"Em quais \u00e1reas profissionais um dentista pode trabalhar?\"}]},{\"@type\":\"WebSite\",\"@id\":\"https:\\\/\\\/www.univates.br\\\/blog\\\/#website\",\"url\":\"https:\\\/\\\/www.univates.br\\\/blog\\\/\",\"name\":\"Univates Blog\",\"description\":\"\",\"potentialAction\":[{\"@type\":\"SearchAction\",\"target\":{\"@type\":\"EntryPoint\",\"urlTemplate\":\"https:\\\/\\\/www.univates.br\\\/blog\\\/?s={search_term_string}\"},\"query-input\":{\"@type\":\"PropertyValueSpecification\",\"valueRequired\":true,\"valueName\":\"search_term_string\"}}],\"inLanguage\":\"pt-BR\"},{\"@type\":\"Person\",\"@id\":\"https:\\\/\\\/www.univates.br\\\/blog\\\/#\\\/schema\\\/person\\\/15c63917440cc5e70160c247b309af2f\",\"name\":\"Marketing Univates\",\"image\":{\"@type\":\"ImageObject\",\"inLanguage\":\"pt-BR\",\"@id\":\"https:\\\/\\\/secure.gravatar.com\\\/avatar\\\/511f9e77a6a3d0cddd9074f69a722364bc7f787e73d4a0da1f727ba62704eda4?s=96&d=mm&r=g\",\"url\":\"https:\\\/\\\/secure.gravatar.com\\\/avatar\\\/511f9e77a6a3d0cddd9074f69a722364bc7f787e73d4a0da1f727ba62704eda4?s=96&d=mm&r=g\",\"contentUrl\":\"https:\\\/\\\/secure.gravatar.com\\\/avatar\\\/511f9e77a6a3d0cddd9074f69a722364bc7f787e73d4a0da1f727ba62704eda4?s=96&d=mm&r=g\",\"caption\":\"Marketing Univates\"},\"sameAs\":[\"http:\\\/\\\/univates.br\"],\"url\":\"https:\\\/\\\/www.univates.br\\\/blog\\\/author\\\/marketing\\\/\"}]}<\/script>\n<!-- \/ Yoast SEO plugin. -->","yoast_head_json":{"title":"Em quais \u00e1reas profissionais um dentista pode trabalhar? - Univates Blog","robots":{"index":"index","follow":"follow","max-snippet":"max-snippet:-1","max-image-preview":"max-image-preview:large","max-video-preview":"max-video-preview:-1"},"canonical":"https:\/\/www.univates.br\/blog\/em-quais-areas-profissionais-um-dentista-pode-trabalhar\/","og_locale":"pt_BR","og_type":"article","og_title":"Em quais \u00e1reas profissionais um dentista pode trabalhar? - Univates Blog","og_description":"Voc\u00ea pensa em cursar\u00a0Odontologia\u00a0\ud83e\uddb7 e tornar-se um competente\u00a0dentista? Se sua resposta \u00e0 pergunta veio em um balan\u00e7ar afirmativo de cabe\u00e7a, saiba que existe uma infinidade de\u00a0\u00e1reas profissionais\u00a0nas quais voc\u00ea pode\u00a0trabalhar\u00a0depois de formado(a). Tente adivinhar nossas charadas \ud83e\udd14 para desvendar quatro\u2026","og_url":"https:\/\/www.univates.br\/blog\/em-quais-areas-profissionais-um-dentista-pode-trabalhar\/","og_site_name":"Univates Blog","article_published_time":"2022-05-06T18:52:59+00:00","article_modified_time":"2023-12-20T17:14:55+00:00","og_image":[{"url":"https:\/\/desenvolvimento.bravo.st\/univatesblog\/wp-content\/uploads\/2022\/05\/1578501992.2572-1.jpg","type":"","width":"","height":""}],"author":"Marketing Univates","twitter_card":"summary_large_image","twitter_misc":{"Escrito por":"Marketing Univates","Est. tempo de leitura":"5 minutos"},"schema":{"@context":"https:\/\/schema.org","@graph":[{"@type":"Article","@id":"https:\/\/www.univates.br\/blog\/em-quais-areas-profissionais-um-dentista-pode-trabalhar\/#article","isPartOf":{"@id":"https:\/\/www.univates.br\/blog\/em-quais-areas-profissionais-um-dentista-pode-trabalhar\/"},"author":{"name":"Marketing Univates","@id":"https:\/\/www.univates.br\/blog\/#\/schema\/person\/15c63917440cc5e70160c247b309af2f"},"headline":"Em quais \u00e1reas profissionais um dentista pode trabalhar?","datePublished":"2022-05-06T18:52:59+00:00","dateModified":"2023-12-20T17:14:55+00:00","mainEntityOfPage":{"@id":"https:\/\/www.univates.br\/blog\/em-quais-areas-profissionais-um-dentista-pode-trabalhar\/"},"wordCount":764,"commentCount":0,"image":{"@id":"https:\/\/www.univates.br\/blog\/em-quais-areas-profissionais-um-dentista-pode-trabalhar\/#primaryimage"},"thumbnailUrl":"https:\/\/desenvolvimento.bravo.st\/univatesblog\/wp-content\/uploads\/2022\/05\/1578501992.2572-1.jpg","articleSection":["Carreira"],"inLanguage":"pt-BR","potentialAction":[{"@type":"CommentAction","name":"Comment","target":["https:\/\/www.univates.br\/blog\/em-quais-areas-profissionais-um-dentista-pode-trabalhar\/#respond"]}]},{"@type":"WebPage","@id":"https:\/\/www.univates.br\/blog\/em-quais-areas-profissionais-um-dentista-pode-trabalhar\/","url":"https:\/\/www.univates.br\/blog\/em-quais-areas-profissionais-um-dentista-pode-trabalhar\/","name":"Em quais \u00e1reas profissionais um dentista pode trabalhar? - Univates Blog","isPartOf":{"@id":"https:\/\/www.univates.br\/blog\/#website"},"primaryImageOfPage":{"@id":"https:\/\/www.univates.br\/blog\/em-quais-areas-profissionais-um-dentista-pode-trabalhar\/#primaryimage"},"image":{"@id":"https:\/\/www.univates.br\/blog\/em-quais-areas-profissionais-um-dentista-pode-trabalhar\/#primaryimage"},"thumbnailUrl":"https:\/\/desenvolvimento.bravo.st\/univatesblog\/wp-content\/uploads\/2022\/05\/1578501992.2572-1.jpg","datePublished":"2022-05-06T18:52:59+00:00","dateModified":"2023-12-20T17:14:55+00:00","author":{"@id":"https:\/\/www.univates.br\/blog\/#\/schema\/person\/15c63917440cc5e70160c247b309af2f"},"breadcrumb":{"@id":"https:\/\/www.univates.br\/blog\/em-quais-areas-profissionais-um-dentista-pode-trabalhar\/#breadcrumb"},"inLanguage":"pt-BR","potentialAction":[{"@type":"ReadAction","target":["https:\/\/www.univates.br\/blog\/em-quais-areas-profissionais-um-dentista-pode-trabalhar\/"]}]},{"@type":"ImageObject","inLanguage":"pt-BR","@id":"https:\/\/www.univates.br\/blog\/em-quais-areas-profissionais-um-dentista-pode-trabalhar\/#primaryimage","url":"https:\/\/desenvolvimento.bravo.st\/univatesblog\/wp-content\/uploads\/2022\/05\/1578501992.2572-1.jpg","contentUrl":"https:\/\/desenvolvimento.bravo.st\/univatesblog\/wp-content\/uploads\/2022\/05\/1578501992.2572-1.jpg"},{"@type":"BreadcrumbList","@id":"https:\/\/www.univates.br\/blog\/em-quais-areas-profissionais-um-dentista-pode-trabalhar\/#breadcrumb","itemListElement":[{"@type":"ListItem","position":1,"name":"Home","item":"https:\/\/www.univates.br\/blog\/"},{"@type":"ListItem","position":2,"name":"Em quais \u00e1reas profissionais um dentista pode trabalhar?"}]},{"@type":"WebSite","@id":"https:\/\/www.univates.br\/blog\/#website","url":"https:\/\/www.univates.br\/blog\/","name":"Univates Blog","description":"","potentialAction":[{"@type":"SearchAction","target":{"@type":"EntryPoint","urlTemplate":"https:\/\/www.univates.br\/blog\/?s={search_term_string}"},"query-input":{"@type":"PropertyValueSpecification","valueRequired":true,"valueName":"search_term_string"}}],"inLanguage":"pt-BR"},{"@type":"Person","@id":"https:\/\/www.univates.br\/blog\/#\/schema\/person\/15c63917440cc5e70160c247b309af2f","name":"Marketing Univates","image":{"@type":"ImageObject","inLanguage":"pt-BR","@id":"https:\/\/secure.gravatar.com\/avatar\/511f9e77a6a3d0cddd9074f69a722364bc7f787e73d4a0da1f727ba62704eda4?s=96&d=mm&r=g","url":"https:\/\/secure.gravatar.com\/avatar\/511f9e77a6a3d0cddd9074f69a722364bc7f787e73d4a0da1f727ba62704eda4?s=96&d=mm&r=g","contentUrl":"https:\/\/secure.gravatar.com\/avatar\/511f9e77a6a3d0cddd9074f69a722364bc7f787e73d4a0da1f727ba62704eda4?s=96&d=mm&r=g","caption":"Marketing Univates"},"sameAs":["http:\/\/univates.br"],"url":"https:\/\/www.univates.br\/blog\/author\/marketing\/"}]}},"_links":{"self":[{"href":"https:\/\/www.univates.br\/blog\/wp-json\/wp\/v2\/posts\/860","targetHints":{"allow":["GET"]}}],"collection":[{"href":"https:\/\/www.univates.br\/blog\/wp-json\/wp\/v2\/posts"}],"about":[{"href":"https:\/\/www.univates.br\/blog\/wp-json\/wp\/v2\/types\/post"}],"author":[{"embeddable":true,"href":"https:\/\/www.univates.br\/blog\/wp-json\/wp\/v2\/users\/2"}],"replies":[{"embeddable":true,"href":"https:\/\/www.univates.br\/blog\/wp-json\/wp\/v2\/comments?post=860"}],"version-history":[{"count":17,"href":"https:\/\/www.univates.br\/blog\/wp-json\/wp\/v2\/posts\/860\/revisions"}],"predecessor-version":[{"id":4790,"href":"https:\/\/www.univates.br\/blog\/wp-json\/wp\/v2\/posts\/860\/revisions\/4790"}],"wp:attachment":[{"href":"https:\/\/www.univates.br\/blog\/wp-json\/wp\/v2\/media?parent=860"}],"wp:term":[{"taxonomy":"category","embeddable":true,"href":"https:\/\/www.univates.br\/blog\/wp-json\/wp\/v2\/categories?post=860"}],"curies":[{"name":"wp","href":"https:\/\/api.w.org\/{rel}","templated":true}]}}