{"id":889,"date":"2022-05-06T16:19:46","date_gmt":"2022-05-06T19:19:46","guid":{"rendered":"https:\/\/desenvolvimento.bravo.st\/univatesblog\/?p=889"},"modified":"2026-03-24T10:41:43","modified_gmt":"2026-03-24T13:41:43","slug":"como-e-a-faculdade-de-administracao-de-empresas","status":"publish","type":"post","link":"https:\/\/www.univates.br\/blog\/como-e-a-faculdade-de-administracao-de-empresas\/","title":{"rendered":"Como \u00e9 a faculdade de Administra\u00e7\u00e3o de Empresas?"},"content":{"rendered":"\n<p>Voc\u00ea sabe&nbsp;<strong>como \u00e9<\/strong>&nbsp;uma&nbsp;<strong>faculdade<\/strong>&nbsp;de&nbsp;<strong>Administra\u00e7\u00e3o de Empresas<\/strong>? Muitas pessoas acreditam que o of\u00edcio de administrador s\u00f3 pode ser exercido por quem j\u00e1 \u00e9 dono do pr\u00f3prio neg\u00f3cio. Mas isso n\u00e3o \u00e9 verdade! Se voc\u00ea sempre pensou que leva jeito para organizar e administrar projetos, fique com a gente que vamos desconstruir mitos que causam d\u00favidas aos futuros estudantes. Elaboramos um pequeno dicion\u00e1rio com algumas explica\u00e7\u00f5es sobre o modo de funcionamento do curso. Nosso b\u00ea-\u00e1-b\u00e1 \u00e9 superdescomplicado e gostoso de ler. Quer tirar a prova? \ud83d\udcd6\ud83d\udcac<\/p>\n\n\n\n<figure class=\"wp-block-image size-full\"><img loading=\"lazy\" decoding=\"async\" width=\"729\" height=\"486\" src=\"https:\/\/desenvolvimento.bravo.st\/univatesblog\/wp-content\/uploads\/2022\/05\/1578053431.0536-1.jpg\" alt=\"\" class=\"wp-image-1983\" srcset=\"https:\/\/www.univates.br\/blog\/wp-content\/uploads\/2022\/05\/1578053431.0536-1.jpg 729w, https:\/\/www.univates.br\/blog\/wp-content\/uploads\/2022\/05\/1578053431.0536-1-600x400.jpg 600w, https:\/\/www.univates.br\/blog\/wp-content\/uploads\/2022\/05\/1578053431.0536-1-150x100.jpg 150w\" sizes=\"auto, (max-width: 729px) 100vw, 729px\" \/><figcaption class=\"wp-element-caption\">Foto: Elise Bozzetto<\/figcaption><\/figure>\n\n\n\n<h2 class=\"wp-block-heading\">M de mat\u00e9rias (que comp\u00f5em o curr\u00edculo do curso) \ud83d\udcd3\u270f\ufe0f<\/h2>\n\n\n\n<p>Geralmente as primeiras mat\u00e9rias que comp\u00f5em a grade curricular de um curso de&nbsp;<strong>Administra\u00e7\u00e3o de Empresas<\/strong>&nbsp;constituem-se de conte\u00fados mais abrangentes. Al\u00e9m de estudar c\u00e1lculo, estat\u00edstica e inform\u00e1tica, os alunos aprofundam-se em no\u00e7\u00f5es de psicologia e em aspectos relacionados \u00e0 gest\u00e3o de organiza\u00e7\u00f5es, por exemplo.&nbsp;<\/p>\n\n\n\n<p>Ao longo da&nbsp;<strong>faculdade<\/strong>, as mat\u00e9rias tornam-se espec\u00edficas, e os acad\u00eamicos do curso de&nbsp;<strong>Administra\u00e7\u00e3o de Empresas<\/strong>&nbsp;podem at\u00e9 escolher os conte\u00fados sobre os quais desejam se debru\u00e7ar minuciosamente. A gradua\u00e7\u00e3o oferece forma\u00e7\u00e3o generalista aos alunos: isso quer dizer que os administradores saem da universidade dominando um pouco de cada \u00e1rea de seu campo de estudos.<\/p>\n\n\n\n<figure class=\"wp-block-image size-full\"><img loading=\"lazy\" decoding=\"async\" width=\"729\" height=\"486\" src=\"https:\/\/desenvolvimento.bravo.st\/univatesblog\/wp-content\/uploads\/2022\/05\/1578053786.5376.jpg\" alt=\"\" class=\"wp-image-1984\" srcset=\"https:\/\/www.univates.br\/blog\/wp-content\/uploads\/2022\/05\/1578053786.5376.jpg 729w, https:\/\/www.univates.br\/blog\/wp-content\/uploads\/2022\/05\/1578053786.5376-600x400.jpg 600w, https:\/\/www.univates.br\/blog\/wp-content\/uploads\/2022\/05\/1578053786.5376-150x100.jpg 150w\" sizes=\"auto, (max-width: 729px) 100vw, 729px\" \/><figcaption class=\"wp-element-caption\">Foto: Elise Bozzetto<\/figcaption><\/figure>\n\n\n\n<p><strong>O que vou estudar?&nbsp;<\/strong><strong>\ud83d\udcdd<\/strong>\ud83e\udd13<\/p>\n\n\n\n<p><strong>\ud83d\udd0e&nbsp;<\/strong><strong>Gest\u00e3o de pessoas:<\/strong>&nbsp;nessa mat\u00e9ria os acad\u00eamicos aprendem conceitos e teorias relacionados \u00e0 valoriza\u00e7\u00e3o das pessoas no ambiente organizacional. A disciplina aborda, por exemplo, aspectos da cultura das institui\u00e7\u00f5es (como h\u00e1bitos, normas e cren\u00e7as) e algumas no\u00e7\u00f5es de&nbsp;<em>marketing<\/em>&nbsp;estrat\u00e9gico.<\/p>\n\n\n\n<p><strong>\ud83d\udd0e&nbsp;<\/strong><strong>Gest\u00e3o de processos:<\/strong>&nbsp;a disciplina objetiva apresentar aos futuros administradores ferramentas e recursos importantes para analisar, definir, otimizar, monitorar e controlar processos de neg\u00f3cios. Al\u00e9m disso, a mat\u00e9ria capacita os estudantes para que eles possam medir e melhorar o desempenho de processos de neg\u00f3cios interdependentes. Chique, n\u00e3o \u00e9?<\/p>\n\n\n\n<p><strong>\ud83d\udd0e&nbsp;<\/strong><strong>Finan\u00e7as:<\/strong>&nbsp;nessa mat\u00e9ria os acad\u00eamicos aprendem a lidar, da forma mais consciente poss\u00edvel, com o dinheiro que entra e sai das empresas das quais s\u00e3o donos. Os estudantes aprofundam-se em no\u00e7\u00f5es relacionadas a tributos e impostos, contas-correntes e investimentos, por exemplo.&nbsp;<\/p>\n\n\n\n<p><strong>\ud83d\udd0e&nbsp;<\/strong><strong>T\u00e9cnicas de gest\u00e3o empresarial:<\/strong>&nbsp;na disciplina os estudantes aprendem a elaborar conjuntos de a\u00e7\u00f5es e estrat\u00e9gias capazes de manter o funcionamento satisfat\u00f3rio das organiza\u00e7\u00f5es.<\/p>\n\n\n\n<p><a href=\"https:\/\/www.univates.br\/blog\/\/post\/15-aplicativos-que-vao-te-ajudar-na-hora-de-estudar\">15 aplicativos que v\u00e3o te ajudar na hora de estudar&nbsp;<\/a><\/p>\n\n\n\n<div class=\"bloco-gutenberg\">\n\n    <a href=\"https:\/\/materiais.univates.br\/com-que-curso-eu-vou-modalidade\" target=\"_blank\" class=\"guten-material\" style=\"background-color: #6b00e8; \">\n                    <img decoding=\"async\" src=\"https:\/\/www.univates.br\/blog\/wp-content\/uploads\/2022\/05\/Design-sem-nome-3.png\" loading=\"lazy\">\n                <div class=\"texto\">\n                            <span>Descubra seu perfil profissional e qual curso \u00e9 perfeito pra voc\u00ea<\/span>\n                            <strong>Baixar e-book<\/strong>\n                    <\/div>\n    <\/a>\n    <\/div>\n\n\n<h2 class=\"wp-block-heading\">E de est\u00e1gio remunerado \ud83d\udcbc\ud83d\udcb0<\/h2>\n\n\n\n<div class=\"wp-block-media-text alignwide is-stacked-on-mobile\"><figure class=\"wp-block-media-text__media\"><img loading=\"lazy\" decoding=\"async\" width=\"291\" height=\"194\" src=\"https:\/\/desenvolvimento.bravo.st\/univatesblog\/wp-content\/uploads\/2022\/05\/1578055083.2905.jpg\" alt=\"\" class=\"wp-image-890 size-full\" srcset=\"https:\/\/www.univates.br\/blog\/wp-content\/uploads\/2022\/05\/1578055083.2905.jpg 291w, https:\/\/www.univates.br\/blog\/wp-content\/uploads\/2022\/05\/1578055083.2905-150x100.jpg 150w\" sizes=\"auto, (max-width: 291px) 100vw, 291px\" \/><\/figure><div class=\"wp-block-media-text__content\">\n<p>A possibilidade de est\u00e1gios remunerados existe durante a realiza\u00e7\u00e3o da&nbsp;<strong>faculdade<\/strong>&nbsp;de&nbsp;<strong>Administra\u00e7\u00e3o de Empresas<\/strong>. Os acad\u00eamicos podem participar de in\u00fameras oportunidades candidatando-se a&nbsp;<a href=\"https:\/\/www.univates.br\/blog\/\/post\/vai-um-emprego-ai\">vagas de emprego<\/a>&nbsp;relacionadas ao seu campo de estudos.<\/p>\n\n\n\n<p><em>(Foto: Nicole Mor\u00e1s)<\/em><\/p>\n<\/div><\/div>\n\n\n\n<p>Geralmente os profissionais em forma\u00e7\u00e3o s\u00e3o orientados e supervisionados por administradores que j\u00e1 possuem vasta experi\u00eancia na \u00e1rea. Chegar preparado ao mercado de trabalho \u00e9 um baita diferencial, sabia? Aposte nisso!&nbsp;<\/p>\n\n\n\n<p><a href=\"https:\/\/www.univates.br\/noticia\/univates-apresenta-nova-plataforma-de-comunicacao-entre-aluno-e-mercado-de-trabalho\">Plataforma de Carreira: j\u00e1 conhece?<\/a><\/p>\n\n\n\n<h2 class=\"wp-block-heading\">T de o t\u00e3o temido Trabalho de Conclus\u00e3o de Curso (TCC) \ud83d\ude31\ud83e\udd14<\/h2>\n\n\n\n<figure class=\"wp-block-image size-full\"><img loading=\"lazy\" decoding=\"async\" width=\"730\" height=\"1095\" src=\"https:\/\/desenvolvimento.bravo.st\/univatesblog\/wp-content\/uploads\/2022\/05\/1578055536.2107.jpg\" alt=\"\" class=\"wp-image-1986\" srcset=\"https:\/\/www.univates.br\/blog\/wp-content\/uploads\/2022\/05\/1578055536.2107.jpg 730w, https:\/\/www.univates.br\/blog\/wp-content\/uploads\/2022\/05\/1578055536.2107-400x600.jpg 400w, https:\/\/www.univates.br\/blog\/wp-content\/uploads\/2022\/05\/1578055536.2107-100x150.jpg 100w\" sizes=\"auto, (max-width: 730px) 100vw, 730px\" \/><figcaption class=\"wp-element-caption\">Foto: Elise Bozzetto<\/figcaption><\/figure>\n\n\n\n<p>Mesmo quem ainda n\u00e3o ingressou no ensino superior j\u00e1 deve ter ouvido falar a respeito do Trabalho de Conclus\u00e3o de Curso (TCC), que \u00e9 exigido na maioria das universidades brasileiras para a obten\u00e7\u00e3o do grau acad\u00eamico.&nbsp;<\/p>\n\n\n\n<p>Para o pessoal de&nbsp;<strong>Administra\u00e7\u00e3o<\/strong>, o TCC (que nem \u00e9 t\u00e3o terr\u00edvel como dizem, acredite) funciona mais ou menos assim: os alunos elegem um tema com o qual se identificam dentro da sua \u00e1rea de estudos e, depois de realizarem pesquisa aprofundada sobre ele, produzem uma monografia ou um artigo cient\u00edfico expondo pontos de vista e conclus\u00f5es a respeito da investiga\u00e7\u00e3o. Os trabalhos de pesquisa dos acad\u00eamicos s\u00e3o acompanhados de pertinho por professores orientadores, que t\u00eam a miss\u00e3o de auxiliar os estudantes durante a execu\u00e7\u00e3o das tarefas.<\/p>\n\n\n\n<div class=\"bloco-gutenberg\">\n\n    <a href=\"https:\/\/materiais.univates.br\/mercado-de-trabalho-modalidade\" target=\"_blank\" class=\"guten-material\" style=\"background-color: #01e37f; color: #0a0a0a;\">\n                    <img decoding=\"async\" src=\"https:\/\/www.univates.br\/blog\/wp-content\/uploads\/2022\/05\/Design-sem-nome-4.png\" loading=\"lazy\">\n                <div class=\"texto\">\n                            <span>Descubra como se destacar no mercado de trabalho<\/span>\n                            <strong>Baixar e-book<\/strong>\n                    <\/div>\n    <\/a>\n    <\/div>\n\n\n<h2 class=\"wp-block-heading\">I de interc\u00e2mbio acad\u00eamico \ud83c\udf0d\u2708\ufe0f<\/h2>\n\n\n\n<p>J\u00e1 pensou que maravilha poder conhecer como funciona o ensino na sua \u00e1rea de forma\u00e7\u00e3o em outra parte do mundo? A grande maioria das universidades do Brasil tem conv\u00eanio com diferentes institui\u00e7\u00f5es em diversos pa\u00edses e, semestralmente, envia alunos para estudar no exterior.&nbsp;<\/p>\n\n\n\n<figure class=\"wp-block-image size-full\"><img loading=\"lazy\" decoding=\"async\" width=\"729\" height=\"486\" src=\"https:\/\/desenvolvimento.bravo.st\/univatesblog\/wp-content\/uploads\/2022\/05\/1578056041.8236.jpg\" alt=\"\" class=\"wp-image-1987\" srcset=\"https:\/\/www.univates.br\/blog\/wp-content\/uploads\/2022\/05\/1578056041.8236.jpg 729w, https:\/\/www.univates.br\/blog\/wp-content\/uploads\/2022\/05\/1578056041.8236-600x400.jpg 600w, https:\/\/www.univates.br\/blog\/wp-content\/uploads\/2022\/05\/1578056041.8236-150x100.jpg 150w\" sizes=\"auto, (max-width: 729px) 100vw, 729px\" \/><figcaption class=\"wp-element-caption\">Foto: Lais Pontin Matos<\/figcaption><\/figure>\n\n\n\n<p>Seu sonho sempre foi realizar uma&nbsp;<a href=\"https:\/\/www.univates.br\/blog\/\/post\/cinco-motivos-para-voce-realizar-intercambio-academico\">imers\u00e3o internacional<\/a>, mas ainda n\u00e3o conseguiu juntar grana suficiente para bancar sua estadia l\u00e1 fora? Fique tranquilo e muito feliz: algumas universidades oferecem bolsas-aux\u00edlio a fim de ajudar os estudantes a se manterem financeiramente no pa\u00eds de destino. Existem bolsas que cobrem, por exemplo, o alojamento e as refei\u00e7\u00f5es dos acad\u00eamicos. Oportunidades do tipo n\u00e3o batem \u00e0 porta duas vezes. O que voc\u00ea est\u00e1 esperando para deix\u00e1-las entrar?<\/p>\n\n\n\n<h2 class=\"wp-block-heading\">M de mercado de trabalho (que, ali\u00e1s, \u00e9 \u00f3timo) \ud83c\udf93\u270c<\/h2>\n\n\n\n<div class=\"wp-block-media-text alignwide is-stacked-on-mobile\"><figure class=\"wp-block-media-text__media\"><img loading=\"lazy\" decoding=\"async\" width=\"291\" height=\"194\" src=\"https:\/\/desenvolvimento.bravo.st\/univatesblog\/wp-content\/uploads\/2022\/05\/1578056324.2758.jpg\" alt=\"\" class=\"wp-image-891 size-full\" srcset=\"https:\/\/www.univates.br\/blog\/wp-content\/uploads\/2022\/05\/1578056324.2758.jpg 291w, https:\/\/www.univates.br\/blog\/wp-content\/uploads\/2022\/05\/1578056324.2758-150x100.jpg 150w\" sizes=\"auto, (max-width: 291px) 100vw, 291px\" \/><\/figure><div class=\"wp-block-media-text__content\">\n<p>De acordo com informa\u00e7\u00f5es do&nbsp;<em>site<\/em>&nbsp;<a href=\"https:\/\/guiadoestudante.abril.com.br\/\">Guia do Estudante<\/a>, o&nbsp;<a href=\"https:\/\/materiais.univates.br\/mercado-de-trabalho-modalidade\">mercado de trabalho<\/a>&nbsp;para rec\u00e9m-formados em cursos de&nbsp;<strong>Administra\u00e7\u00e3o de Empresas<\/strong>&nbsp;\u00e9 \u00f3timo. As \u00e1reas em que os administradores atuam profissionalmente s\u00e3o muitas: h\u00e1 a possibilidade de trabalhar, por exemplo, com finan\u00e7as,&nbsp;<em>marketing<\/em>, inform\u00e1tica, gest\u00e3o de pessoas e opera\u00e7\u00f5es em qualquer organiza\u00e7\u00e3o.<\/p>\n\n\n\n<p><em>(Foto: Nicole Mor\u00e1s)<\/em><\/p>\n<\/div><\/div>\n\n\n\n<p>Ainda, se desejarem, os diplomados podem abrir seu pr\u00f3prio neg\u00f3cio para lidar com demandas que sempre quiseram solucionar.&nbsp;<\/p>\n\n\n\n<h2 class=\"wp-block-heading\">V de vantagens da carreira \ud83e\udd35\ud83d\ude4c<\/h2>\n\n\n\n<figure class=\"wp-block-image size-full\"><img loading=\"lazy\" decoding=\"async\" width=\"729\" height=\"486\" src=\"https:\/\/desenvolvimento.bravo.st\/univatesblog\/wp-content\/uploads\/2022\/05\/1578057003.4371.jpg\" alt=\"\" class=\"wp-image-1988\" srcset=\"https:\/\/www.univates.br\/blog\/wp-content\/uploads\/2022\/05\/1578057003.4371.jpg 729w, https:\/\/www.univates.br\/blog\/wp-content\/uploads\/2022\/05\/1578057003.4371-600x400.jpg 600w, https:\/\/www.univates.br\/blog\/wp-content\/uploads\/2022\/05\/1578057003.4371-150x100.jpg 150w\" sizes=\"auto, (max-width: 729px) 100vw, 729px\" \/><figcaption class=\"wp-element-caption\">Foto: Artur Dullius<\/figcaption><\/figure>\n\n\n\n<div class=\"bloco-gutenberg\">\n\n    <a href=\"https:\/\/materiais.univates.br\/saiba-qual-profissao-e-a-sua-cara\" target=\"_blank\" class=\"guten-material\" style=\"background-color: #ff5d4a; color: #0a0a0a;\">\n                    <img decoding=\"async\" src=\"https:\/\/www.univates.br\/blog\/wp-content\/uploads\/2022\/05\/Design-sem-nome-4.png\" loading=\"lazy\">\n                <div class=\"texto\">\n                            <span>Saiba qual profiss\u00e3o \u00e9 a sua cara<\/span>\n                            <strong>Baixar e-book<\/strong>\n                    <\/div>\n    <\/a>\n    <\/div>\n\n\n<p>Como j\u00e1 explicamos, a&nbsp;<strong>faculdade<\/strong>&nbsp;de&nbsp;<strong>Administra\u00e7\u00e3o de Empresas<\/strong>&nbsp;\u00e9 muito abrangente. Da mesma forma, o mercado de trabalho permite que os diplomados insiram-se em m\u00faltiplas \u00e1reas de atua\u00e7\u00e3o profissional. Uma das maiores vantagens da carreira \u00e9 que os graduandos podem escolher em qual \u00e2mbito desejam desempenhar fun\u00e7\u00f5es.<\/p>\n\n\n\n<p>Tomara que o pequeno dicion\u00e1rio que elaboramos com muita dedica\u00e7\u00e3o tenha ajudado voc\u00ea a compreender&nbsp;<strong>como \u00e9<\/strong>&nbsp;a&nbsp;<strong>faculdade<\/strong>&nbsp;de&nbsp;<strong>Administra\u00e7\u00e3o de Empresas<\/strong>. Algumas quest\u00f5es pertinentes ao curso n\u00e3o s\u00e3o t\u00e3o dif\u00edceis de entender.&nbsp;<a href=\"https:\/\/www.univates.br\/blog\/\/post\/por-que-estudar-na-univates-pode-ser-uma-opcao-para-voce\">Venha para a Univates<\/a>&nbsp;e comece a decifr\u00e1-las agora mesmo. \ud83e\uddd0\ud83e\udd29<a href=\"https:\/\/www.univates.br\/blog\/\/post\/27103-como-e-a-faculdade-de-administracao-de-empresas#popup\"><\/a><\/p>\n\n\n\n<p>Confira tamb\u00e9m: <a href=\"https:\/\/www.univates.br\/graduacao\/administracao-de-empresas\" target=\"_blank\" rel=\"noreferrer noopener\">Curso de Administra\u00e7\u00e3o<\/a><\/p>\n","protected":false},"excerpt":{"rendered":"<p>Voc\u00ea sabe&nbsp;como \u00e9&nbsp;uma&nbsp;faculdade&nbsp;de&nbsp;Administra\u00e7\u00e3o de Empresas? Muitas pessoas acreditam que o of\u00edcio de administrador s\u00f3 pode ser exercido por quem j\u00e1 \u00e9 dono do pr\u00f3prio neg\u00f3cio. Mas isso n\u00e3o \u00e9 verdade! Se voc\u00ea sempre pensou que leva jeito para organizar e\u2026<\/p>\n","protected":false},"author":2,"featured_media":0,"comment_status":"open","ping_status":"open","sticky":false,"template":"","format":"standard","meta":{"_acf_changed":false,"footnotes":""},"categories":[7],"class_list":["post-889","post","type-post","status-publish","format-standard","hentry","category-univates","autor-lais-pontin-matos","curso-administracao","area-gestao"],"acf":[],"yoast_head":"<!-- This site is optimized with the Yoast SEO plugin v27.3 - https:\/\/yoast.com\/product\/yoast-seo-wordpress\/ -->\n<title>Como \u00e9 a faculdade de Administra\u00e7\u00e3o de Empresas? - Univates Blog<\/title>\n<meta name=\"robots\" content=\"index, follow, max-snippet:-1, max-image-preview:large, max-video-preview:-1\" \/>\n<link rel=\"canonical\" href=\"https:\/\/www.univates.br\/blog\/como-e-a-faculdade-de-administracao-de-empresas\/\" \/>\n<meta property=\"og:locale\" content=\"pt_BR\" \/>\n<meta property=\"og:type\" content=\"article\" \/>\n<meta property=\"og:title\" content=\"Como \u00e9 a faculdade de Administra\u00e7\u00e3o de Empresas? - Univates Blog\" \/>\n<meta property=\"og:description\" content=\"Voc\u00ea sabe&nbsp;como \u00e9&nbsp;uma&nbsp;faculdade&nbsp;de&nbsp;Administra\u00e7\u00e3o de Empresas? Muitas pessoas acreditam que o of\u00edcio de administrador s\u00f3 pode ser exercido por quem j\u00e1 \u00e9 dono do pr\u00f3prio neg\u00f3cio. Mas isso n\u00e3o \u00e9 verdade! Se voc\u00ea sempre pensou que leva jeito para organizar e\u2026\" \/>\n<meta property=\"og:url\" content=\"https:\/\/www.univates.br\/blog\/como-e-a-faculdade-de-administracao-de-empresas\/\" \/>\n<meta property=\"og:site_name\" content=\"Univates Blog\" \/>\n<meta property=\"article:published_time\" content=\"2022-05-06T19:19:46+00:00\" \/>\n<meta property=\"article:modified_time\" content=\"2026-03-24T13:41:43+00:00\" \/>\n<meta property=\"og:image\" content=\"https:\/\/www.univates.br\/blog\/wp-content\/uploads\/2022\/05\/1578053431.0536-1.jpg\" \/>\n\t<meta property=\"og:image:width\" content=\"729\" \/>\n\t<meta property=\"og:image:height\" content=\"486\" \/>\n\t<meta property=\"og:image:type\" content=\"image\/jpeg\" \/>\n<meta name=\"author\" content=\"Marketing Univates\" \/>\n<meta name=\"twitter:card\" content=\"summary_large_image\" \/>\n<meta name=\"twitter:label1\" content=\"Escrito por\" \/>\n\t<meta name=\"twitter:data1\" content=\"Marketing Univates\" \/>\n\t<meta name=\"twitter:label2\" content=\"Est. tempo de leitura\" \/>\n\t<meta name=\"twitter:data2\" content=\"7 minutos\" \/>\n<script type=\"application\/ld+json\" class=\"yoast-schema-graph\">{\"@context\":\"https:\\\/\\\/schema.org\",\"@graph\":[{\"@type\":\"Article\",\"@id\":\"https:\\\/\\\/www.univates.br\\\/blog\\\/como-e-a-faculdade-de-administracao-de-empresas\\\/#article\",\"isPartOf\":{\"@id\":\"https:\\\/\\\/www.univates.br\\\/blog\\\/como-e-a-faculdade-de-administracao-de-empresas\\\/\"},\"author\":{\"name\":\"Marketing Univates\",\"@id\":\"https:\\\/\\\/www.univates.br\\\/blog\\\/#\\\/schema\\\/person\\\/15c63917440cc5e70160c247b309af2f\"},\"headline\":\"Como \u00e9 a faculdade de Administra\u00e7\u00e3o de Empresas?\",\"datePublished\":\"2022-05-06T19:19:46+00:00\",\"dateModified\":\"2026-03-24T13:41:43+00:00\",\"mainEntityOfPage\":{\"@id\":\"https:\\\/\\\/www.univates.br\\\/blog\\\/como-e-a-faculdade-de-administracao-de-empresas\\\/\"},\"wordCount\":1068,\"commentCount\":0,\"image\":{\"@id\":\"https:\\\/\\\/www.univates.br\\\/blog\\\/como-e-a-faculdade-de-administracao-de-empresas\\\/#primaryimage\"},\"thumbnailUrl\":\"https:\\\/\\\/desenvolvimento.bravo.st\\\/univatesblog\\\/wp-content\\\/uploads\\\/2022\\\/05\\\/1578053431.0536-1.jpg\",\"articleSection\":[\"Univates\"],\"inLanguage\":\"pt-BR\",\"potentialAction\":[{\"@type\":\"CommentAction\",\"name\":\"Comment\",\"target\":[\"https:\\\/\\\/www.univates.br\\\/blog\\\/como-e-a-faculdade-de-administracao-de-empresas\\\/#respond\"]}]},{\"@type\":\"WebPage\",\"@id\":\"https:\\\/\\\/www.univates.br\\\/blog\\\/como-e-a-faculdade-de-administracao-de-empresas\\\/\",\"url\":\"https:\\\/\\\/www.univates.br\\\/blog\\\/como-e-a-faculdade-de-administracao-de-empresas\\\/\",\"name\":\"Como \u00e9 a faculdade de Administra\u00e7\u00e3o de Empresas? - Univates Blog\",\"isPartOf\":{\"@id\":\"https:\\\/\\\/www.univates.br\\\/blog\\\/#website\"},\"primaryImageOfPage\":{\"@id\":\"https:\\\/\\\/www.univates.br\\\/blog\\\/como-e-a-faculdade-de-administracao-de-empresas\\\/#primaryimage\"},\"image\":{\"@id\":\"https:\\\/\\\/www.univates.br\\\/blog\\\/como-e-a-faculdade-de-administracao-de-empresas\\\/#primaryimage\"},\"thumbnailUrl\":\"https:\\\/\\\/desenvolvimento.bravo.st\\\/univatesblog\\\/wp-content\\\/uploads\\\/2022\\\/05\\\/1578053431.0536-1.jpg\",\"datePublished\":\"2022-05-06T19:19:46+00:00\",\"dateModified\":\"2026-03-24T13:41:43+00:00\",\"author\":{\"@id\":\"https:\\\/\\\/www.univates.br\\\/blog\\\/#\\\/schema\\\/person\\\/15c63917440cc5e70160c247b309af2f\"},\"breadcrumb\":{\"@id\":\"https:\\\/\\\/www.univates.br\\\/blog\\\/como-e-a-faculdade-de-administracao-de-empresas\\\/#breadcrumb\"},\"inLanguage\":\"pt-BR\",\"potentialAction\":[{\"@type\":\"ReadAction\",\"target\":[\"https:\\\/\\\/www.univates.br\\\/blog\\\/como-e-a-faculdade-de-administracao-de-empresas\\\/\"]}]},{\"@type\":\"ImageObject\",\"inLanguage\":\"pt-BR\",\"@id\":\"https:\\\/\\\/www.univates.br\\\/blog\\\/como-e-a-faculdade-de-administracao-de-empresas\\\/#primaryimage\",\"url\":\"https:\\\/\\\/desenvolvimento.bravo.st\\\/univatesblog\\\/wp-content\\\/uploads\\\/2022\\\/05\\\/1578053431.0536-1.jpg\",\"contentUrl\":\"https:\\\/\\\/desenvolvimento.bravo.st\\\/univatesblog\\\/wp-content\\\/uploads\\\/2022\\\/05\\\/1578053431.0536-1.jpg\"},{\"@type\":\"BreadcrumbList\",\"@id\":\"https:\\\/\\\/www.univates.br\\\/blog\\\/como-e-a-faculdade-de-administracao-de-empresas\\\/#breadcrumb\",\"itemListElement\":[{\"@type\":\"ListItem\",\"position\":1,\"name\":\"Home\",\"item\":\"https:\\\/\\\/www.univates.br\\\/blog\\\/\"},{\"@type\":\"ListItem\",\"position\":2,\"name\":\"Como \u00e9 a faculdade de Administra\u00e7\u00e3o de Empresas?\"}]},{\"@type\":\"WebSite\",\"@id\":\"https:\\\/\\\/www.univates.br\\\/blog\\\/#website\",\"url\":\"https:\\\/\\\/www.univates.br\\\/blog\\\/\",\"name\":\"Univates Blog\",\"description\":\"\",\"potentialAction\":[{\"@type\":\"SearchAction\",\"target\":{\"@type\":\"EntryPoint\",\"urlTemplate\":\"https:\\\/\\\/www.univates.br\\\/blog\\\/?s={search_term_string}\"},\"query-input\":{\"@type\":\"PropertyValueSpecification\",\"valueRequired\":true,\"valueName\":\"search_term_string\"}}],\"inLanguage\":\"pt-BR\"},{\"@type\":\"Person\",\"@id\":\"https:\\\/\\\/www.univates.br\\\/blog\\\/#\\\/schema\\\/person\\\/15c63917440cc5e70160c247b309af2f\",\"name\":\"Marketing Univates\",\"image\":{\"@type\":\"ImageObject\",\"inLanguage\":\"pt-BR\",\"@id\":\"https:\\\/\\\/secure.gravatar.com\\\/avatar\\\/511f9e77a6a3d0cddd9074f69a722364bc7f787e73d4a0da1f727ba62704eda4?s=96&d=mm&r=g\",\"url\":\"https:\\\/\\\/secure.gravatar.com\\\/avatar\\\/511f9e77a6a3d0cddd9074f69a722364bc7f787e73d4a0da1f727ba62704eda4?s=96&d=mm&r=g\",\"contentUrl\":\"https:\\\/\\\/secure.gravatar.com\\\/avatar\\\/511f9e77a6a3d0cddd9074f69a722364bc7f787e73d4a0da1f727ba62704eda4?s=96&d=mm&r=g\",\"caption\":\"Marketing Univates\"},\"sameAs\":[\"http:\\\/\\\/univates.br\"],\"url\":\"https:\\\/\\\/www.univates.br\\\/blog\\\/author\\\/marketing\\\/\"}]}<\/script>\n<!-- \/ Yoast SEO plugin. -->","yoast_head_json":{"title":"Como \u00e9 a faculdade de Administra\u00e7\u00e3o de Empresas? - Univates Blog","robots":{"index":"index","follow":"follow","max-snippet":"max-snippet:-1","max-image-preview":"max-image-preview:large","max-video-preview":"max-video-preview:-1"},"canonical":"https:\/\/www.univates.br\/blog\/como-e-a-faculdade-de-administracao-de-empresas\/","og_locale":"pt_BR","og_type":"article","og_title":"Como \u00e9 a faculdade de Administra\u00e7\u00e3o de Empresas? - Univates Blog","og_description":"Voc\u00ea sabe&nbsp;como \u00e9&nbsp;uma&nbsp;faculdade&nbsp;de&nbsp;Administra\u00e7\u00e3o de Empresas? Muitas pessoas acreditam que o of\u00edcio de administrador s\u00f3 pode ser exercido por quem j\u00e1 \u00e9 dono do pr\u00f3prio neg\u00f3cio. Mas isso n\u00e3o \u00e9 verdade! Se voc\u00ea sempre pensou que leva jeito para organizar e\u2026","og_url":"https:\/\/www.univates.br\/blog\/como-e-a-faculdade-de-administracao-de-empresas\/","og_site_name":"Univates Blog","article_published_time":"2022-05-06T19:19:46+00:00","article_modified_time":"2026-03-24T13:41:43+00:00","og_image":[{"width":729,"height":486,"url":"https:\/\/www.univates.br\/blog\/wp-content\/uploads\/2022\/05\/1578053431.0536-1.jpg","type":"image\/jpeg"}],"author":"Marketing Univates","twitter_card":"summary_large_image","twitter_misc":{"Escrito por":"Marketing Univates","Est. tempo de leitura":"7 minutos"},"schema":{"@context":"https:\/\/schema.org","@graph":[{"@type":"Article","@id":"https:\/\/www.univates.br\/blog\/como-e-a-faculdade-de-administracao-de-empresas\/#article","isPartOf":{"@id":"https:\/\/www.univates.br\/blog\/como-e-a-faculdade-de-administracao-de-empresas\/"},"author":{"name":"Marketing Univates","@id":"https:\/\/www.univates.br\/blog\/#\/schema\/person\/15c63917440cc5e70160c247b309af2f"},"headline":"Como \u00e9 a faculdade de Administra\u00e7\u00e3o de Empresas?","datePublished":"2022-05-06T19:19:46+00:00","dateModified":"2026-03-24T13:41:43+00:00","mainEntityOfPage":{"@id":"https:\/\/www.univates.br\/blog\/como-e-a-faculdade-de-administracao-de-empresas\/"},"wordCount":1068,"commentCount":0,"image":{"@id":"https:\/\/www.univates.br\/blog\/como-e-a-faculdade-de-administracao-de-empresas\/#primaryimage"},"thumbnailUrl":"https:\/\/desenvolvimento.bravo.st\/univatesblog\/wp-content\/uploads\/2022\/05\/1578053431.0536-1.jpg","articleSection":["Univates"],"inLanguage":"pt-BR","potentialAction":[{"@type":"CommentAction","name":"Comment","target":["https:\/\/www.univates.br\/blog\/como-e-a-faculdade-de-administracao-de-empresas\/#respond"]}]},{"@type":"WebPage","@id":"https:\/\/www.univates.br\/blog\/como-e-a-faculdade-de-administracao-de-empresas\/","url":"https:\/\/www.univates.br\/blog\/como-e-a-faculdade-de-administracao-de-empresas\/","name":"Como \u00e9 a faculdade de Administra\u00e7\u00e3o de Empresas? - Univates Blog","isPartOf":{"@id":"https:\/\/www.univates.br\/blog\/#website"},"primaryImageOfPage":{"@id":"https:\/\/www.univates.br\/blog\/como-e-a-faculdade-de-administracao-de-empresas\/#primaryimage"},"image":{"@id":"https:\/\/www.univates.br\/blog\/como-e-a-faculdade-de-administracao-de-empresas\/#primaryimage"},"thumbnailUrl":"https:\/\/desenvolvimento.bravo.st\/univatesblog\/wp-content\/uploads\/2022\/05\/1578053431.0536-1.jpg","datePublished":"2022-05-06T19:19:46+00:00","dateModified":"2026-03-24T13:41:43+00:00","author":{"@id":"https:\/\/www.univates.br\/blog\/#\/schema\/person\/15c63917440cc5e70160c247b309af2f"},"breadcrumb":{"@id":"https:\/\/www.univates.br\/blog\/como-e-a-faculdade-de-administracao-de-empresas\/#breadcrumb"},"inLanguage":"pt-BR","potentialAction":[{"@type":"ReadAction","target":["https:\/\/www.univates.br\/blog\/como-e-a-faculdade-de-administracao-de-empresas\/"]}]},{"@type":"ImageObject","inLanguage":"pt-BR","@id":"https:\/\/www.univates.br\/blog\/como-e-a-faculdade-de-administracao-de-empresas\/#primaryimage","url":"https:\/\/desenvolvimento.bravo.st\/univatesblog\/wp-content\/uploads\/2022\/05\/1578053431.0536-1.jpg","contentUrl":"https:\/\/desenvolvimento.bravo.st\/univatesblog\/wp-content\/uploads\/2022\/05\/1578053431.0536-1.jpg"},{"@type":"BreadcrumbList","@id":"https:\/\/www.univates.br\/blog\/como-e-a-faculdade-de-administracao-de-empresas\/#breadcrumb","itemListElement":[{"@type":"ListItem","position":1,"name":"Home","item":"https:\/\/www.univates.br\/blog\/"},{"@type":"ListItem","position":2,"name":"Como \u00e9 a faculdade de Administra\u00e7\u00e3o de Empresas?"}]},{"@type":"WebSite","@id":"https:\/\/www.univates.br\/blog\/#website","url":"https:\/\/www.univates.br\/blog\/","name":"Univates Blog","description":"","potentialAction":[{"@type":"SearchAction","target":{"@type":"EntryPoint","urlTemplate":"https:\/\/www.univates.br\/blog\/?s={search_term_string}"},"query-input":{"@type":"PropertyValueSpecification","valueRequired":true,"valueName":"search_term_string"}}],"inLanguage":"pt-BR"},{"@type":"Person","@id":"https:\/\/www.univates.br\/blog\/#\/schema\/person\/15c63917440cc5e70160c247b309af2f","name":"Marketing Univates","image":{"@type":"ImageObject","inLanguage":"pt-BR","@id":"https:\/\/secure.gravatar.com\/avatar\/511f9e77a6a3d0cddd9074f69a722364bc7f787e73d4a0da1f727ba62704eda4?s=96&d=mm&r=g","url":"https:\/\/secure.gravatar.com\/avatar\/511f9e77a6a3d0cddd9074f69a722364bc7f787e73d4a0da1f727ba62704eda4?s=96&d=mm&r=g","contentUrl":"https:\/\/secure.gravatar.com\/avatar\/511f9e77a6a3d0cddd9074f69a722364bc7f787e73d4a0da1f727ba62704eda4?s=96&d=mm&r=g","caption":"Marketing Univates"},"sameAs":["http:\/\/univates.br"],"url":"https:\/\/www.univates.br\/blog\/author\/marketing\/"}]}},"_links":{"self":[{"href":"https:\/\/www.univates.br\/blog\/wp-json\/wp\/v2\/posts\/889","targetHints":{"allow":["GET"]}}],"collection":[{"href":"https:\/\/www.univates.br\/blog\/wp-json\/wp\/v2\/posts"}],"about":[{"href":"https:\/\/www.univates.br\/blog\/wp-json\/wp\/v2\/types\/post"}],"author":[{"embeddable":true,"href":"https:\/\/www.univates.br\/blog\/wp-json\/wp\/v2\/users\/2"}],"replies":[{"embeddable":true,"href":"https:\/\/www.univates.br\/blog\/wp-json\/wp\/v2\/comments?post=889"}],"version-history":[{"count":18,"href":"https:\/\/www.univates.br\/blog\/wp-json\/wp\/v2\/posts\/889\/revisions"}],"predecessor-version":[{"id":7402,"href":"https:\/\/www.univates.br\/blog\/wp-json\/wp\/v2\/posts\/889\/revisions\/7402"}],"wp:attachment":[{"href":"https:\/\/www.univates.br\/blog\/wp-json\/wp\/v2\/media?parent=889"}],"wp:term":[{"taxonomy":"category","embeddable":true,"href":"https:\/\/www.univates.br\/blog\/wp-json\/wp\/v2\/categories?post=889"}],"curies":[{"name":"wp","href":"https:\/\/api.w.org\/{rel}","templated":true}]}}