{"id":894,"date":"2022-05-06T16:37:23","date_gmt":"2022-05-06T19:37:23","guid":{"rendered":"https:\/\/desenvolvimento.bravo.st\/univatesblog\/?p=894"},"modified":"2024-08-01T09:54:37","modified_gmt":"2024-08-01T12:54:37","slug":"qual-profissao-mais-combina-comigo","status":"publish","type":"post","link":"https:\/\/www.univates.br\/blog\/qual-profissao-mais-combina-comigo\/","title":{"rendered":"Qual profiss\u00e3o mais combina comigo?"},"content":{"rendered":"\n<p>Ufa, o ensino m\u00e9dio acabou! \u00c9 chegada a hora de come\u00e7ar a pensar sobre a&nbsp;<strong>profiss\u00e3o<\/strong>&nbsp;que&nbsp;<strong>combina<\/strong>&nbsp;com voc\u00ea. Nem sempre a escolha de um of\u00edcio \u00e9 f\u00e1cil, principalmente quando ainda somos jovens e temos milhares de d\u00favidas a respeito do que realmente acontece no mercado de trabalho. Apesar de nutrirmos algumas incertezas (que s\u00e3o supernormais), sabia que \u00e9 perfeitamente poss\u00edvel eleger o emprego dos sonhos de acordo com certas habilidades que constituem nossa personalidade? Continue de olho em nosso&nbsp;<em>post<\/em>&nbsp;para descobrir, de uma vez por todas,&nbsp;<strong>qual<\/strong>&nbsp;\u00e1rea profissional d\u00e1&nbsp;<em>match<\/em>&nbsp;com suas aptid\u00f5es. \ud83e\udd14\ud83c\udf93\u2753<\/p>\n\n\n\n<figure class=\"wp-block-image size-full\"><img loading=\"lazy\" decoding=\"async\" width=\"729\" height=\"486\" src=\"https:\/\/desenvolvimento.bravo.st\/univatesblog\/wp-content\/uploads\/2022\/05\/1577708431.2199.jpg\" alt=\"\" class=\"wp-image-895\" srcset=\"https:\/\/www.univates.br\/blog\/wp-content\/uploads\/2022\/05\/1577708431.2199.jpg 729w, https:\/\/www.univates.br\/blog\/wp-content\/uploads\/2022\/05\/1577708431.2199-600x400.jpg 600w, https:\/\/www.univates.br\/blog\/wp-content\/uploads\/2022\/05\/1577708431.2199-150x100.jpg 150w\" sizes=\"auto, (max-width: 729px) 100vw, 729px\" \/><figcaption class=\"wp-element-caption\">Foto: J\u00falia dos Santos<\/figcaption><\/figure>\n\n\n\n<h2 class=\"wp-block-heading\">Campos de atua\u00e7\u00e3o profissional<\/h2>\n\n\n\n<h2 class=\"wp-block-heading\">1) \u00c1rea da Sa\u00fade \ud83d\udc89\ud83e\ude7a<\/h2>\n\n\n\n<p>Os indiv\u00edduos que trabalham na \u00c1rea da Sa\u00fade empenham-se para promover o bem-estar f\u00edsico e mental dos pacientes que procuram suas orienta\u00e7\u00f5es. Os profissionais que obt\u00eam seus diplomas nesse campo de atua\u00e7\u00e3o geralmente possuem um bom relacionamento interpessoal com as pessoas: eles sabem ouvi-las, respeit\u00e1-las e deix\u00e1-las \u00e0 vontade durante uma consulta, por exemplo.&nbsp;<\/p>\n\n\n\n<div class=\"wp-block-media-text alignwide is-stacked-on-mobile\"><figure class=\"wp-block-media-text__media\"><img loading=\"lazy\" decoding=\"async\" width=\"291\" height=\"194\" src=\"https:\/\/desenvolvimento.bravo.st\/univatesblog\/wp-content\/uploads\/2022\/05\/1577708744.9482.jpg\" alt=\"\" class=\"wp-image-896 size-full\" srcset=\"https:\/\/www.univates.br\/blog\/wp-content\/uploads\/2022\/05\/1577708744.9482.jpg 291w, https:\/\/www.univates.br\/blog\/wp-content\/uploads\/2022\/05\/1577708744.9482-150x100.jpg 150w\" sizes=\"auto, (max-width: 291px) 100vw, 291px\" \/><\/figure><div class=\"wp-block-media-text__content\">\n<p>Durante a faculdade, os acad\u00eamicos precisam conciliar disciplinas curriculares como Anatomia e Fisiologia com participa\u00e7\u00f5es em congressos,&nbsp;<em>workshops<\/em>&nbsp;e eventos. Depois de formados, alguns profissionais d\u00e3o plant\u00f5es em hospitais e atendem pacientes em consult\u00f3rios particulares. Ufa, que correria! Nem \u00e9 necess\u00e1rio dizer que as pessoas que exercem atividades ligadas ao ramo das Ci\u00eancias da Sa\u00fade precisam manter-se focadas em seus ambientes de trabalho, n\u00e9?<\/p>\n\n\n\n<p><em>(Foto: Nicole Mor\u00e1s)<\/em><\/p>\n<\/div><\/div>\n\n\n\n<div class=\"bloco-gutenberg\">\n\n    <a href=\"https:\/\/materiais.univates.br\/e-book-saude\" target=\"_blank\" class=\"guten-material\" style=\"background-color: #00c2ff; color: #ffffff;\">\n                    <img decoding=\"async\" src=\"https:\/\/www.univates.br\/blog\/wp-content\/uploads\/2024\/03\/stethoscope-medical-tool.png\" loading=\"lazy\">\n                <div class=\"texto\">\n                            <span>Onde posso trabalhar depois de formado na \u00e1rea da sa\u00fade?<\/span>\n                            <strong>Acessar e-book<\/strong>\n                    <\/div>\n    <\/a>\n    <\/div>\n\n\n<h2 class=\"wp-block-heading\">2) \u00c1reas das Ci\u00eancias Exatas e da Inform\u00e1tica \ud83d\udd22\ud83d\udcbb<\/h2>\n\n\n\n<figure class=\"wp-block-image size-full\"><img loading=\"lazy\" decoding=\"async\" width=\"729\" height=\"486\" src=\"https:\/\/desenvolvimento.bravo.st\/univatesblog\/wp-content\/uploads\/2022\/05\/1577709391.4799.jpg\" alt=\"\" class=\"wp-image-1991\" srcset=\"https:\/\/www.univates.br\/blog\/wp-content\/uploads\/2022\/05\/1577709391.4799.jpg 729w, https:\/\/www.univates.br\/blog\/wp-content\/uploads\/2022\/05\/1577709391.4799-600x400.jpg 600w, https:\/\/www.univates.br\/blog\/wp-content\/uploads\/2022\/05\/1577709391.4799-150x100.jpg 150w\" sizes=\"auto, (max-width: 729px) 100vw, 729px\" \/><figcaption class=\"wp-element-caption\">Foto: Tuane Eggers<\/figcaption><\/figure>\n\n\n\n<p>Se voc\u00ea gosta de mat\u00e9rias como qu\u00edmica, f\u00edsica e matem\u00e1tica, talvez seu destino seja exercendo uma\u00a0<strong>profiss\u00e3o<\/strong>\u00a0das \u00c1reas das Ci\u00eancias Exatas e da Inform\u00e1tica. As pessoas que se d\u00e3o bem atuando nesse campo geralmente s\u00e3o curiosas, realizam planejamentos e conseguem facilmente resolver problemas de l\u00f3gica.\u00a0<\/p>\n\n\n\n<p>As Ci\u00eancias Exatas e a Inform\u00e1tica est\u00e3o&nbsp;em constante evolu\u00e7\u00e3o. Se n\u00e3o quiserem ficar para tr\u00e1s, as pessoas que atuam nesse ramo profissional devem buscar atualiza\u00e7\u00f5es a fim de manter ou melhorar seu desempenho no trabalho.<\/p>\n\n\n\n<h2 class=\"wp-block-heading\">Um e-book pensado para ajudar voc\u00ea a decidir seu futuro profissional \ud83e\uddd0\ud83d\udc4f<\/h2>\n\n\n\n<p>Quer continuar descobrindo as \u00e1reas profissionais nas quais voc\u00ea pode trabalhar? Pensando em auxili\u00e1-lo(a) em suas escolhas futuras, elaboramos um\u00a0<a href=\"https:\/\/materiais.univates.br\/saiba-qual-profissao-e-a-sua-cara\">e-book interativo<\/a>\u00a0recheado de informa\u00e7\u00f5es sobre carreiras de diferentes ramos. Fa\u00e7a o\u00a0<em>download<\/em>\u00a0do material em seu computador ou celular e aproveite nosso conte\u00fado exclusivo onde e quando quiser! \ud83d\ude0d<\/p>\n","protected":false},"excerpt":{"rendered":"<p>Ufa, o ensino m\u00e9dio acabou! \u00c9 chegada a hora de come\u00e7ar a pensar sobre a&nbsp;profiss\u00e3o&nbsp;que&nbsp;combina&nbsp;com voc\u00ea. Nem sempre a escolha de um of\u00edcio \u00e9 f\u00e1cil, principalmente quando ainda somos jovens e temos milhares de d\u00favidas a respeito do que realmente\u2026<\/p>\n","protected":false},"author":2,"featured_media":0,"comment_status":"open","ping_status":"open","sticky":false,"template":"","format":"standard","meta":{"_acf_changed":false,"footnotes":""},"categories":[33,23],"class_list":["post-894","post","type-post","status-publish","format-standard","hentry","category-carreira","category-estudos","autor-lais-pontin-matos"],"acf":[],"yoast_head":"<!-- This site is optimized with the Yoast SEO plugin v27.3 - https:\/\/yoast.com\/product\/yoast-seo-wordpress\/ -->\n<title>Qual profiss\u00e3o mais combina comigo? - Univates Blog<\/title>\n<meta name=\"robots\" content=\"index, follow, max-snippet:-1, max-image-preview:large, max-video-preview:-1\" \/>\n<link rel=\"canonical\" href=\"https:\/\/www.univates.br\/blog\/qual-profissao-mais-combina-comigo\/\" \/>\n<meta property=\"og:locale\" content=\"pt_BR\" \/>\n<meta property=\"og:type\" content=\"article\" \/>\n<meta property=\"og:title\" content=\"Qual profiss\u00e3o mais combina comigo? - Univates Blog\" \/>\n<meta property=\"og:description\" content=\"Ufa, o ensino m\u00e9dio acabou! \u00c9 chegada a hora de come\u00e7ar a pensar sobre a&nbsp;profiss\u00e3o&nbsp;que&nbsp;combina&nbsp;com voc\u00ea. Nem sempre a escolha de um of\u00edcio \u00e9 f\u00e1cil, principalmente quando ainda somos jovens e temos milhares de d\u00favidas a respeito do que realmente\u2026\" \/>\n<meta property=\"og:url\" content=\"https:\/\/www.univates.br\/blog\/qual-profissao-mais-combina-comigo\/\" \/>\n<meta property=\"og:site_name\" content=\"Univates Blog\" \/>\n<meta property=\"article:published_time\" content=\"2022-05-06T19:37:23+00:00\" \/>\n<meta property=\"article:modified_time\" content=\"2024-08-01T12:54:37+00:00\" \/>\n<meta property=\"og:image\" content=\"https:\/\/desenvolvimento.bravo.st\/univatesblog\/wp-content\/uploads\/2022\/05\/1577708431.2199.jpg\" \/>\n<meta name=\"author\" content=\"Marketing Univates\" \/>\n<meta name=\"twitter:card\" content=\"summary_large_image\" \/>\n<meta name=\"twitter:label1\" content=\"Escrito por\" \/>\n\t<meta name=\"twitter:data1\" content=\"Marketing Univates\" \/>\n\t<meta name=\"twitter:label2\" content=\"Est. tempo de leitura\" \/>\n\t<meta name=\"twitter:data2\" content=\"3 minutos\" \/>\n<script type=\"application\/ld+json\" class=\"yoast-schema-graph\">{\"@context\":\"https:\\\/\\\/schema.org\",\"@graph\":[{\"@type\":\"Article\",\"@id\":\"https:\\\/\\\/www.univates.br\\\/blog\\\/qual-profissao-mais-combina-comigo\\\/#article\",\"isPartOf\":{\"@id\":\"https:\\\/\\\/www.univates.br\\\/blog\\\/qual-profissao-mais-combina-comigo\\\/\"},\"author\":{\"name\":\"Marketing Univates\",\"@id\":\"https:\\\/\\\/www.univates.br\\\/blog\\\/#\\\/schema\\\/person\\\/15c63917440cc5e70160c247b309af2f\"},\"headline\":\"Qual profiss\u00e3o mais combina comigo?\",\"datePublished\":\"2022-05-06T19:37:23+00:00\",\"dateModified\":\"2024-08-01T12:54:37+00:00\",\"mainEntityOfPage\":{\"@id\":\"https:\\\/\\\/www.univates.br\\\/blog\\\/qual-profissao-mais-combina-comigo\\\/\"},\"wordCount\":449,\"commentCount\":0,\"image\":{\"@id\":\"https:\\\/\\\/www.univates.br\\\/blog\\\/qual-profissao-mais-combina-comigo\\\/#primaryimage\"},\"thumbnailUrl\":\"https:\\\/\\\/desenvolvimento.bravo.st\\\/univatesblog\\\/wp-content\\\/uploads\\\/2022\\\/05\\\/1577708431.2199.jpg\",\"articleSection\":[\"Carreira\",\"Estudos\"],\"inLanguage\":\"pt-BR\",\"potentialAction\":[{\"@type\":\"CommentAction\",\"name\":\"Comment\",\"target\":[\"https:\\\/\\\/www.univates.br\\\/blog\\\/qual-profissao-mais-combina-comigo\\\/#respond\"]}]},{\"@type\":\"WebPage\",\"@id\":\"https:\\\/\\\/www.univates.br\\\/blog\\\/qual-profissao-mais-combina-comigo\\\/\",\"url\":\"https:\\\/\\\/www.univates.br\\\/blog\\\/qual-profissao-mais-combina-comigo\\\/\",\"name\":\"Qual profiss\u00e3o mais combina comigo? - Univates Blog\",\"isPartOf\":{\"@id\":\"https:\\\/\\\/www.univates.br\\\/blog\\\/#website\"},\"primaryImageOfPage\":{\"@id\":\"https:\\\/\\\/www.univates.br\\\/blog\\\/qual-profissao-mais-combina-comigo\\\/#primaryimage\"},\"image\":{\"@id\":\"https:\\\/\\\/www.univates.br\\\/blog\\\/qual-profissao-mais-combina-comigo\\\/#primaryimage\"},\"thumbnailUrl\":\"https:\\\/\\\/desenvolvimento.bravo.st\\\/univatesblog\\\/wp-content\\\/uploads\\\/2022\\\/05\\\/1577708431.2199.jpg\",\"datePublished\":\"2022-05-06T19:37:23+00:00\",\"dateModified\":\"2024-08-01T12:54:37+00:00\",\"author\":{\"@id\":\"https:\\\/\\\/www.univates.br\\\/blog\\\/#\\\/schema\\\/person\\\/15c63917440cc5e70160c247b309af2f\"},\"breadcrumb\":{\"@id\":\"https:\\\/\\\/www.univates.br\\\/blog\\\/qual-profissao-mais-combina-comigo\\\/#breadcrumb\"},\"inLanguage\":\"pt-BR\",\"potentialAction\":[{\"@type\":\"ReadAction\",\"target\":[\"https:\\\/\\\/www.univates.br\\\/blog\\\/qual-profissao-mais-combina-comigo\\\/\"]}]},{\"@type\":\"ImageObject\",\"inLanguage\":\"pt-BR\",\"@id\":\"https:\\\/\\\/www.univates.br\\\/blog\\\/qual-profissao-mais-combina-comigo\\\/#primaryimage\",\"url\":\"https:\\\/\\\/desenvolvimento.bravo.st\\\/univatesblog\\\/wp-content\\\/uploads\\\/2022\\\/05\\\/1577708431.2199.jpg\",\"contentUrl\":\"https:\\\/\\\/desenvolvimento.bravo.st\\\/univatesblog\\\/wp-content\\\/uploads\\\/2022\\\/05\\\/1577708431.2199.jpg\"},{\"@type\":\"BreadcrumbList\",\"@id\":\"https:\\\/\\\/www.univates.br\\\/blog\\\/qual-profissao-mais-combina-comigo\\\/#breadcrumb\",\"itemListElement\":[{\"@type\":\"ListItem\",\"position\":1,\"name\":\"Home\",\"item\":\"https:\\\/\\\/www.univates.br\\\/blog\\\/\"},{\"@type\":\"ListItem\",\"position\":2,\"name\":\"Qual profiss\u00e3o mais combina comigo?\"}]},{\"@type\":\"WebSite\",\"@id\":\"https:\\\/\\\/www.univates.br\\\/blog\\\/#website\",\"url\":\"https:\\\/\\\/www.univates.br\\\/blog\\\/\",\"name\":\"Univates Blog\",\"description\":\"\",\"potentialAction\":[{\"@type\":\"SearchAction\",\"target\":{\"@type\":\"EntryPoint\",\"urlTemplate\":\"https:\\\/\\\/www.univates.br\\\/blog\\\/?s={search_term_string}\"},\"query-input\":{\"@type\":\"PropertyValueSpecification\",\"valueRequired\":true,\"valueName\":\"search_term_string\"}}],\"inLanguage\":\"pt-BR\"},{\"@type\":\"Person\",\"@id\":\"https:\\\/\\\/www.univates.br\\\/blog\\\/#\\\/schema\\\/person\\\/15c63917440cc5e70160c247b309af2f\",\"name\":\"Marketing Univates\",\"image\":{\"@type\":\"ImageObject\",\"inLanguage\":\"pt-BR\",\"@id\":\"https:\\\/\\\/secure.gravatar.com\\\/avatar\\\/511f9e77a6a3d0cddd9074f69a722364bc7f787e73d4a0da1f727ba62704eda4?s=96&d=mm&r=g\",\"url\":\"https:\\\/\\\/secure.gravatar.com\\\/avatar\\\/511f9e77a6a3d0cddd9074f69a722364bc7f787e73d4a0da1f727ba62704eda4?s=96&d=mm&r=g\",\"contentUrl\":\"https:\\\/\\\/secure.gravatar.com\\\/avatar\\\/511f9e77a6a3d0cddd9074f69a722364bc7f787e73d4a0da1f727ba62704eda4?s=96&d=mm&r=g\",\"caption\":\"Marketing Univates\"},\"sameAs\":[\"http:\\\/\\\/univates.br\"],\"url\":\"https:\\\/\\\/www.univates.br\\\/blog\\\/author\\\/marketing\\\/\"}]}<\/script>\n<!-- \/ Yoast SEO plugin. -->","yoast_head_json":{"title":"Qual profiss\u00e3o mais combina comigo? - Univates Blog","robots":{"index":"index","follow":"follow","max-snippet":"max-snippet:-1","max-image-preview":"max-image-preview:large","max-video-preview":"max-video-preview:-1"},"canonical":"https:\/\/www.univates.br\/blog\/qual-profissao-mais-combina-comigo\/","og_locale":"pt_BR","og_type":"article","og_title":"Qual profiss\u00e3o mais combina comigo? - Univates Blog","og_description":"Ufa, o ensino m\u00e9dio acabou! \u00c9 chegada a hora de come\u00e7ar a pensar sobre a&nbsp;profiss\u00e3o&nbsp;que&nbsp;combina&nbsp;com voc\u00ea. Nem sempre a escolha de um of\u00edcio \u00e9 f\u00e1cil, principalmente quando ainda somos jovens e temos milhares de d\u00favidas a respeito do que realmente\u2026","og_url":"https:\/\/www.univates.br\/blog\/qual-profissao-mais-combina-comigo\/","og_site_name":"Univates Blog","article_published_time":"2022-05-06T19:37:23+00:00","article_modified_time":"2024-08-01T12:54:37+00:00","og_image":[{"url":"https:\/\/desenvolvimento.bravo.st\/univatesblog\/wp-content\/uploads\/2022\/05\/1577708431.2199.jpg","type":"","width":"","height":""}],"author":"Marketing Univates","twitter_card":"summary_large_image","twitter_misc":{"Escrito por":"Marketing Univates","Est. tempo de leitura":"3 minutos"},"schema":{"@context":"https:\/\/schema.org","@graph":[{"@type":"Article","@id":"https:\/\/www.univates.br\/blog\/qual-profissao-mais-combina-comigo\/#article","isPartOf":{"@id":"https:\/\/www.univates.br\/blog\/qual-profissao-mais-combina-comigo\/"},"author":{"name":"Marketing Univates","@id":"https:\/\/www.univates.br\/blog\/#\/schema\/person\/15c63917440cc5e70160c247b309af2f"},"headline":"Qual profiss\u00e3o mais combina comigo?","datePublished":"2022-05-06T19:37:23+00:00","dateModified":"2024-08-01T12:54:37+00:00","mainEntityOfPage":{"@id":"https:\/\/www.univates.br\/blog\/qual-profissao-mais-combina-comigo\/"},"wordCount":449,"commentCount":0,"image":{"@id":"https:\/\/www.univates.br\/blog\/qual-profissao-mais-combina-comigo\/#primaryimage"},"thumbnailUrl":"https:\/\/desenvolvimento.bravo.st\/univatesblog\/wp-content\/uploads\/2022\/05\/1577708431.2199.jpg","articleSection":["Carreira","Estudos"],"inLanguage":"pt-BR","potentialAction":[{"@type":"CommentAction","name":"Comment","target":["https:\/\/www.univates.br\/blog\/qual-profissao-mais-combina-comigo\/#respond"]}]},{"@type":"WebPage","@id":"https:\/\/www.univates.br\/blog\/qual-profissao-mais-combina-comigo\/","url":"https:\/\/www.univates.br\/blog\/qual-profissao-mais-combina-comigo\/","name":"Qual profiss\u00e3o mais combina comigo? - Univates Blog","isPartOf":{"@id":"https:\/\/www.univates.br\/blog\/#website"},"primaryImageOfPage":{"@id":"https:\/\/www.univates.br\/blog\/qual-profissao-mais-combina-comigo\/#primaryimage"},"image":{"@id":"https:\/\/www.univates.br\/blog\/qual-profissao-mais-combina-comigo\/#primaryimage"},"thumbnailUrl":"https:\/\/desenvolvimento.bravo.st\/univatesblog\/wp-content\/uploads\/2022\/05\/1577708431.2199.jpg","datePublished":"2022-05-06T19:37:23+00:00","dateModified":"2024-08-01T12:54:37+00:00","author":{"@id":"https:\/\/www.univates.br\/blog\/#\/schema\/person\/15c63917440cc5e70160c247b309af2f"},"breadcrumb":{"@id":"https:\/\/www.univates.br\/blog\/qual-profissao-mais-combina-comigo\/#breadcrumb"},"inLanguage":"pt-BR","potentialAction":[{"@type":"ReadAction","target":["https:\/\/www.univates.br\/blog\/qual-profissao-mais-combina-comigo\/"]}]},{"@type":"ImageObject","inLanguage":"pt-BR","@id":"https:\/\/www.univates.br\/blog\/qual-profissao-mais-combina-comigo\/#primaryimage","url":"https:\/\/desenvolvimento.bravo.st\/univatesblog\/wp-content\/uploads\/2022\/05\/1577708431.2199.jpg","contentUrl":"https:\/\/desenvolvimento.bravo.st\/univatesblog\/wp-content\/uploads\/2022\/05\/1577708431.2199.jpg"},{"@type":"BreadcrumbList","@id":"https:\/\/www.univates.br\/blog\/qual-profissao-mais-combina-comigo\/#breadcrumb","itemListElement":[{"@type":"ListItem","position":1,"name":"Home","item":"https:\/\/www.univates.br\/blog\/"},{"@type":"ListItem","position":2,"name":"Qual profiss\u00e3o mais combina comigo?"}]},{"@type":"WebSite","@id":"https:\/\/www.univates.br\/blog\/#website","url":"https:\/\/www.univates.br\/blog\/","name":"Univates Blog","description":"","potentialAction":[{"@type":"SearchAction","target":{"@type":"EntryPoint","urlTemplate":"https:\/\/www.univates.br\/blog\/?s={search_term_string}"},"query-input":{"@type":"PropertyValueSpecification","valueRequired":true,"valueName":"search_term_string"}}],"inLanguage":"pt-BR"},{"@type":"Person","@id":"https:\/\/www.univates.br\/blog\/#\/schema\/person\/15c63917440cc5e70160c247b309af2f","name":"Marketing Univates","image":{"@type":"ImageObject","inLanguage":"pt-BR","@id":"https:\/\/secure.gravatar.com\/avatar\/511f9e77a6a3d0cddd9074f69a722364bc7f787e73d4a0da1f727ba62704eda4?s=96&d=mm&r=g","url":"https:\/\/secure.gravatar.com\/avatar\/511f9e77a6a3d0cddd9074f69a722364bc7f787e73d4a0da1f727ba62704eda4?s=96&d=mm&r=g","contentUrl":"https:\/\/secure.gravatar.com\/avatar\/511f9e77a6a3d0cddd9074f69a722364bc7f787e73d4a0da1f727ba62704eda4?s=96&d=mm&r=g","caption":"Marketing Univates"},"sameAs":["http:\/\/univates.br"],"url":"https:\/\/www.univates.br\/blog\/author\/marketing\/"}]}},"_links":{"self":[{"href":"https:\/\/www.univates.br\/blog\/wp-json\/wp\/v2\/posts\/894","targetHints":{"allow":["GET"]}}],"collection":[{"href":"https:\/\/www.univates.br\/blog\/wp-json\/wp\/v2\/posts"}],"about":[{"href":"https:\/\/www.univates.br\/blog\/wp-json\/wp\/v2\/types\/post"}],"author":[{"embeddable":true,"href":"https:\/\/www.univates.br\/blog\/wp-json\/wp\/v2\/users\/2"}],"replies":[{"embeddable":true,"href":"https:\/\/www.univates.br\/blog\/wp-json\/wp\/v2\/comments?post=894"}],"version-history":[{"count":8,"href":"https:\/\/www.univates.br\/blog\/wp-json\/wp\/v2\/posts\/894\/revisions"}],"predecessor-version":[{"id":5755,"href":"https:\/\/www.univates.br\/blog\/wp-json\/wp\/v2\/posts\/894\/revisions\/5755"}],"wp:attachment":[{"href":"https:\/\/www.univates.br\/blog\/wp-json\/wp\/v2\/media?parent=894"}],"wp:term":[{"taxonomy":"category","embeddable":true,"href":"https:\/\/www.univates.br\/blog\/wp-json\/wp\/v2\/categories?post=894"}],"curies":[{"name":"wp","href":"https:\/\/api.w.org\/{rel}","templated":true}]}}