{"id":922,"date":"2022-05-06T16:52:47","date_gmt":"2022-05-06T19:52:47","guid":{"rendered":"https:\/\/desenvolvimento.bravo.st\/univatesblog\/?p=922"},"modified":"2023-12-19T14:05:11","modified_gmt":"2023-12-19T17:05:11","slug":"tres-duvidas-que-so-quem-parou-de-estudar-tem","status":"publish","type":"post","link":"https:\/\/www.univates.br\/blog\/tres-duvidas-que-so-quem-parou-de-estudar-tem\/","title":{"rendered":"Tr\u00eas d\u00favidas que s\u00f3 quem parou de estudar tem"},"content":{"rendered":"\n<p>Um grande sonho nunca \u00e9 esquecido. Sempre queremos buscar o melhor para nossa vida. \u00c0s vezes, no entanto, as coisas n\u00e3o acontecem exatamente como imaginamos. Quem&nbsp;<strong>parou de estudar<\/strong>&nbsp;e est\u00e1 se preparando para voltar \u00e0 universidade geralmente&nbsp;<strong>tem<\/strong>&nbsp;tr\u00eas&nbsp;<strong>d\u00favidas<\/strong>&nbsp;cru\u00e9is que, \u00e0 primeira vista, parecem complicadas:&nbsp;<em>e se\u2026?<\/em>&nbsp;<em>D\u00e1 tempo?<\/em>&nbsp;<em>Ser\u00e1 que vou conseguir?<\/em>&nbsp;Objetivando esclarecer essas quest\u00f5es, elaboramos um&nbsp;<em>post<\/em>&nbsp;que certamente far\u00e1 voc\u00ea refletir a respeito de suas escolhas e, principalmente, de seu desejo (agora fort\u00edssimo &#8211; por nada, viu? \ud83d\ude02) de retomar os estudos o mais breve poss\u00edvel. Boa leitura!<\/p>\n\n\n\n<figure class=\"wp-block-image size-full\"><img loading=\"lazy\" decoding=\"async\" width=\"729\" height=\"486\" src=\"https:\/\/desenvolvimento.bravo.st\/univatesblog\/wp-content\/uploads\/2022\/05\/1576171760.4703.jpg\" alt=\"\" class=\"wp-image-923\" srcset=\"https:\/\/www.univates.br\/blog\/wp-content\/uploads\/2022\/05\/1576171760.4703.jpg 729w, https:\/\/www.univates.br\/blog\/wp-content\/uploads\/2022\/05\/1576171760.4703-600x400.jpg 600w, https:\/\/www.univates.br\/blog\/wp-content\/uploads\/2022\/05\/1576171760.4703-150x100.jpg 150w\" sizes=\"auto, (max-width: 729px) 100vw, 729px\" \/><figcaption>Foto: Elise Bozzetto<\/figcaption><\/figure>\n\n\n\n<h2 class=\"wp-block-heading\">E se&#8230; \ud83e\udd14<\/h2>\n\n\n\n<div class=\"wp-block-media-text alignwide is-stacked-on-mobile\"><figure class=\"wp-block-media-text__media\"><img loading=\"lazy\" decoding=\"async\" width=\"291\" height=\"194\" src=\"https:\/\/desenvolvimento.bravo.st\/univatesblog\/wp-content\/uploads\/2022\/05\/1576172011.3885.jpg\" alt=\"\" class=\"wp-image-924 size-full\" srcset=\"https:\/\/www.univates.br\/blog\/wp-content\/uploads\/2022\/05\/1576172011.3885.jpg 291w, https:\/\/www.univates.br\/blog\/wp-content\/uploads\/2022\/05\/1576172011.3885-150x100.jpg 150w\" sizes=\"auto, (max-width: 291px) 100vw, 291px\" \/><\/figure><div class=\"wp-block-media-text__content\">\n<p>Saiu da universidade, mas a universidade nunca saiu de voc\u00ea, n\u00e3o \u00e9?&nbsp;<em><strong>#cl\u00e1ssico&nbsp;<\/strong><\/em><\/p>\n\n\n\n<p>N\u00f3s conseguimos entender voc\u00ea perfeitamente! Quem&nbsp;<strong>parou de estudar<\/strong>&nbsp;sempre fica com aquela&nbsp;<strong>d\u00favida<\/strong>&nbsp;na cabe\u00e7a:&nbsp;<em>\u201ce se eu tivesse terminado?\u201d<\/em>&nbsp;E se voc\u00ea pudesse voltar? Se tivesse outra chance de realizar seu sonho?&nbsp;<\/p>\n\n\n\n<p><em>(Foto: Elise Bozzetto)<\/em><\/p>\n<\/div><\/div>\n\n\n\n<p>Retomar os estudos n\u00e3o \u00e9 t\u00e3o complicado quanto parece, sabia? Voc\u00ea s\u00f3 precisa encarar o desafio do recome\u00e7o como uma oportunidade incr\u00edvel de tornar-se algu\u00e9m mais s\u00e1bio. J\u00e1 pensou que bacana absorver conhecimento e, de quebra, ainda poder compartilhar o aprendizado com pessoas que est\u00e3o ao seu redor? S\u00e3o atitudes assim que mudam o mundo. Preparado para ajudar a transformar a realidade? \ud83c\udfa9\u2728<\/p>\n\n\n\n<div class=\"bloco-gutenberg\">\n\n    <a href=\"https:\/\/materiais.univates.br\/saiba-qual-profissao-e-a-sua-cara\" target=\"_blank\" class=\"guten-material\" style=\"background-color: #ff5d4a; color: #0a0a0a;\">\n                    <img decoding=\"async\" src=\"https:\/\/www.univates.br\/blog\/wp-content\/uploads\/2022\/05\/Design-sem-nome-4.png\" loading=\"lazy\">\n                <div class=\"texto\">\n                            <span>Saiba qual profiss\u00e3o \u00e9 a sua cara<\/span>\n                            <strong>Baixar e-book<\/strong>\n                    <\/div>\n    <\/a>\n    <\/div>\n\n\n<h2 class=\"wp-block-heading\">D\u00e1 tempo? \ud83e\udd14<\/h2>\n\n\n\n<p><strong>Tem<\/strong>&nbsp;um ditado que diz:&nbsp;<em>\u201cS\u00f3 n\u00e3o d\u00e1 para mudar o tempo que passou\u201d<\/em>. Ent\u00e3o, esta pode ser sua hora. Nunca \u00e9 tarde para recome\u00e7ar. Afinal, o conhecimento n\u00e3o \u00e9 algo que voc\u00ea usa apenas para exercer uma profiss\u00e3o ou para ter um diploma. O conhecimento \u00e9 muito mais do que isso. Ele engrandece qualquer e toda a alma. \ud83d\udcda\ud83d\udc96<\/p>\n\n\n\n<figure class=\"wp-block-image size-full\"><img loading=\"lazy\" decoding=\"async\" width=\"729\" height=\"486\" src=\"https:\/\/desenvolvimento.bravo.st\/univatesblog\/wp-content\/uploads\/2022\/05\/1576173257.5016.jpg\" alt=\"\" class=\"wp-image-1999\" srcset=\"https:\/\/www.univates.br\/blog\/wp-content\/uploads\/2022\/05\/1576173257.5016.jpg 729w, https:\/\/www.univates.br\/blog\/wp-content\/uploads\/2022\/05\/1576173257.5016-600x400.jpg 600w, https:\/\/www.univates.br\/blog\/wp-content\/uploads\/2022\/05\/1576173257.5016-150x100.jpg 150w\" sizes=\"auto, (max-width: 729px) 100vw, 729px\" \/><figcaption>Foto: Elise Bozzetto<\/figcaption><\/figure>\n\n\n\n<h2 class=\"wp-block-heading\">Ser\u00e1 que vou conseguir? \ud83e\udd14<\/h2>\n\n\n\n<div class=\"wp-block-media-text alignwide is-stacked-on-mobile\"><figure class=\"wp-block-media-text__media\"><img loading=\"lazy\" decoding=\"async\" width=\"291\" height=\"194\" src=\"https:\/\/desenvolvimento.bravo.st\/univatesblog\/wp-content\/uploads\/2022\/05\/1576173989.8261.jpg\" alt=\"\" class=\"wp-image-925 size-full\" srcset=\"https:\/\/www.univates.br\/blog\/wp-content\/uploads\/2022\/05\/1576173989.8261.jpg 291w, https:\/\/www.univates.br\/blog\/wp-content\/uploads\/2022\/05\/1576173989.8261-150x100.jpg 150w\" sizes=\"auto, (max-width: 291px) 100vw, 291px\" \/><\/figure><div class=\"wp-block-media-text__content\">\n<p>S\u00f3 n\u00e3o consegue quem n\u00e3o tenta. Aqui na Univates temos o N\u00facleo de Apoio Pedag\u00f3gico (<a href=\"https:\/\/www.univates.br\/servicos\/nap\">NAP<\/a>) e o Laborat\u00f3rio de Aprendizagem (<a href=\"https:\/\/www.univates.br\/servicos\/laboratorio-de-aprendizagem\">Uniapren)<\/a>&nbsp;para auxiliar os estudantes que apresentam alguma dificuldade de aprendizagem. Al\u00e9m disso, nossos professores utilizam metodologias de ensino que ajudam os acad\u00eamicos a colocarem seus conhecimentos em pr\u00e1tica. \ud83d\udcdd\ud83d\udd0d<\/p>\n\n\n\n<p><em>(Foto: Artur Dullius)<\/em><\/p>\n<\/div><\/div>\n\n\n\n<p>Viu s\u00f3 como voltar \u00e0 universidade pode ser f\u00e1cil? Existem oportunidades que a gente n\u00e3o deve se dar ao luxo de perder, e a chance de reingressar no ensino superior \u00e9 uma delas!&nbsp;&nbsp;<\/p>\n\n\n\n<p>Ainda&nbsp;<strong>tem<\/strong>&nbsp;<strong>d\u00favidas<\/strong>&nbsp;sobre como s\u00e3o as coisas na universidade? Ent\u00e3o recomendamos a leitura de outros&nbsp;<em>posts<\/em>&nbsp;aqui do&nbsp;<em>blog<\/em>:<\/p>\n\n\n\n<p>\ud83d\udc49\u00a0<a href=\"https:\/\/www.univates.br\/blog\/\/post\/como-uma-graduacao-pode-fazer-diferenca-na-minha-carreira-profissional\">Como uma gradua\u00e7\u00e3o pode fazer diferen\u00e7a na minha carreira profissional?<\/a><\/p>\n\n\n\n<p>\ud83d\udc49\u00a0<a href=\"https:\/\/www.univates.br\/blog\/\/post\/05-dicas-de-como-estudar-para-as-provas\">Cinco dicas de como estudar para as provas<\/a><\/p>\n\n\n\n<p>\ud83d\udc49\u00a0<a href=\"https:\/\/www.univates.br\/blog\/\/post\/estudos-e-trabalho-como-se-organizar\">Estudos e trabalho: como se organizar\u00a0<\/a><\/p>\n\n\n\n<p>\ud83d\udc49\u00a0<a href=\"https:\/\/www.univates.br\/blog\/\/post\/ja-conhece-os-beneficios-de-ser-aluno-da-nossa-universidade\">J\u00e1 conhece os benef\u00edcios de ser aluno da nossa Universidade?<\/a><\/p>\n","protected":false},"excerpt":{"rendered":"<p>Um grande sonho nunca \u00e9 esquecido. Sempre queremos buscar o melhor para nossa vida. \u00c0s vezes, no entanto, as coisas n\u00e3o acontecem exatamente como imaginamos. Quem&nbsp;parou de estudar&nbsp;e est\u00e1 se preparando para voltar \u00e0 universidade geralmente&nbsp;tem&nbsp;tr\u00eas&nbsp;d\u00favidas&nbsp;cru\u00e9is que, \u00e0 primeira vista,\u2026<\/p>\n","protected":false},"author":2,"featured_media":0,"comment_status":"open","ping_status":"open","sticky":false,"template":"","format":"standard","meta":{"_acf_changed":false,"footnotes":""},"categories":[23],"class_list":["post-922","post","type-post","status-publish","format-standard","hentry","category-estudos"],"acf":[],"yoast_head":"<!-- This site is optimized with the Yoast SEO plugin v27.3 - https:\/\/yoast.com\/product\/yoast-seo-wordpress\/ -->\n<title>Tr\u00eas d\u00favidas que s\u00f3 quem parou de estudar tem - Univates Blog<\/title>\n<meta name=\"robots\" content=\"index, follow, max-snippet:-1, max-image-preview:large, max-video-preview:-1\" \/>\n<link rel=\"canonical\" href=\"https:\/\/www.univates.br\/blog\/tres-duvidas-que-so-quem-parou-de-estudar-tem\/\" \/>\n<meta property=\"og:locale\" content=\"pt_BR\" \/>\n<meta property=\"og:type\" content=\"article\" \/>\n<meta property=\"og:title\" content=\"Tr\u00eas d\u00favidas que s\u00f3 quem parou de estudar tem - Univates Blog\" \/>\n<meta property=\"og:description\" content=\"Um grande sonho nunca \u00e9 esquecido. Sempre queremos buscar o melhor para nossa vida. \u00c0s vezes, no entanto, as coisas n\u00e3o acontecem exatamente como imaginamos. Quem&nbsp;parou de estudar&nbsp;e est\u00e1 se preparando para voltar \u00e0 universidade geralmente&nbsp;tem&nbsp;tr\u00eas&nbsp;d\u00favidas&nbsp;cru\u00e9is que, \u00e0 primeira vista,\u2026\" \/>\n<meta property=\"og:url\" content=\"https:\/\/www.univates.br\/blog\/tres-duvidas-que-so-quem-parou-de-estudar-tem\/\" \/>\n<meta property=\"og:site_name\" content=\"Univates Blog\" \/>\n<meta property=\"article:published_time\" content=\"2022-05-06T19:52:47+00:00\" \/>\n<meta property=\"article:modified_time\" content=\"2023-12-19T17:05:11+00:00\" \/>\n<meta property=\"og:image\" content=\"https:\/\/desenvolvimento.bravo.st\/univatesblog\/wp-content\/uploads\/2022\/05\/1576171760.4703.jpg\" \/>\n<meta name=\"author\" content=\"Marketing Univates\" \/>\n<meta name=\"twitter:card\" content=\"summary_large_image\" \/>\n<meta name=\"twitter:label1\" content=\"Escrito por\" \/>\n\t<meta name=\"twitter:data1\" content=\"Marketing Univates\" \/>\n\t<meta name=\"twitter:label2\" content=\"Est. tempo de leitura\" \/>\n\t<meta name=\"twitter:data2\" content=\"4 minutos\" \/>\n<script type=\"application\/ld+json\" class=\"yoast-schema-graph\">{\"@context\":\"https:\\\/\\\/schema.org\",\"@graph\":[{\"@type\":\"Article\",\"@id\":\"https:\\\/\\\/www.univates.br\\\/blog\\\/tres-duvidas-que-so-quem-parou-de-estudar-tem\\\/#article\",\"isPartOf\":{\"@id\":\"https:\\\/\\\/www.univates.br\\\/blog\\\/tres-duvidas-que-so-quem-parou-de-estudar-tem\\\/\"},\"author\":{\"name\":\"Marketing Univates\",\"@id\":\"https:\\\/\\\/www.univates.br\\\/blog\\\/#\\\/schema\\\/person\\\/15c63917440cc5e70160c247b309af2f\"},\"headline\":\"Tr\u00eas d\u00favidas que s\u00f3 quem parou de estudar tem\",\"datePublished\":\"2022-05-06T19:52:47+00:00\",\"dateModified\":\"2023-12-19T17:05:11+00:00\",\"mainEntityOfPage\":{\"@id\":\"https:\\\/\\\/www.univates.br\\\/blog\\\/tres-duvidas-que-so-quem-parou-de-estudar-tem\\\/\"},\"wordCount\":493,\"commentCount\":0,\"image\":{\"@id\":\"https:\\\/\\\/www.univates.br\\\/blog\\\/tres-duvidas-que-so-quem-parou-de-estudar-tem\\\/#primaryimage\"},\"thumbnailUrl\":\"https:\\\/\\\/desenvolvimento.bravo.st\\\/univatesblog\\\/wp-content\\\/uploads\\\/2022\\\/05\\\/1576171760.4703.jpg\",\"articleSection\":[\"Estudos\"],\"inLanguage\":\"pt-BR\",\"potentialAction\":[{\"@type\":\"CommentAction\",\"name\":\"Comment\",\"target\":[\"https:\\\/\\\/www.univates.br\\\/blog\\\/tres-duvidas-que-so-quem-parou-de-estudar-tem\\\/#respond\"]}]},{\"@type\":\"WebPage\",\"@id\":\"https:\\\/\\\/www.univates.br\\\/blog\\\/tres-duvidas-que-so-quem-parou-de-estudar-tem\\\/\",\"url\":\"https:\\\/\\\/www.univates.br\\\/blog\\\/tres-duvidas-que-so-quem-parou-de-estudar-tem\\\/\",\"name\":\"Tr\u00eas d\u00favidas que s\u00f3 quem parou de estudar tem - Univates Blog\",\"isPartOf\":{\"@id\":\"https:\\\/\\\/www.univates.br\\\/blog\\\/#website\"},\"primaryImageOfPage\":{\"@id\":\"https:\\\/\\\/www.univates.br\\\/blog\\\/tres-duvidas-que-so-quem-parou-de-estudar-tem\\\/#primaryimage\"},\"image\":{\"@id\":\"https:\\\/\\\/www.univates.br\\\/blog\\\/tres-duvidas-que-so-quem-parou-de-estudar-tem\\\/#primaryimage\"},\"thumbnailUrl\":\"https:\\\/\\\/desenvolvimento.bravo.st\\\/univatesblog\\\/wp-content\\\/uploads\\\/2022\\\/05\\\/1576171760.4703.jpg\",\"datePublished\":\"2022-05-06T19:52:47+00:00\",\"dateModified\":\"2023-12-19T17:05:11+00:00\",\"author\":{\"@id\":\"https:\\\/\\\/www.univates.br\\\/blog\\\/#\\\/schema\\\/person\\\/15c63917440cc5e70160c247b309af2f\"},\"breadcrumb\":{\"@id\":\"https:\\\/\\\/www.univates.br\\\/blog\\\/tres-duvidas-que-so-quem-parou-de-estudar-tem\\\/#breadcrumb\"},\"inLanguage\":\"pt-BR\",\"potentialAction\":[{\"@type\":\"ReadAction\",\"target\":[\"https:\\\/\\\/www.univates.br\\\/blog\\\/tres-duvidas-que-so-quem-parou-de-estudar-tem\\\/\"]}]},{\"@type\":\"ImageObject\",\"inLanguage\":\"pt-BR\",\"@id\":\"https:\\\/\\\/www.univates.br\\\/blog\\\/tres-duvidas-que-so-quem-parou-de-estudar-tem\\\/#primaryimage\",\"url\":\"https:\\\/\\\/desenvolvimento.bravo.st\\\/univatesblog\\\/wp-content\\\/uploads\\\/2022\\\/05\\\/1576171760.4703.jpg\",\"contentUrl\":\"https:\\\/\\\/desenvolvimento.bravo.st\\\/univatesblog\\\/wp-content\\\/uploads\\\/2022\\\/05\\\/1576171760.4703.jpg\"},{\"@type\":\"BreadcrumbList\",\"@id\":\"https:\\\/\\\/www.univates.br\\\/blog\\\/tres-duvidas-que-so-quem-parou-de-estudar-tem\\\/#breadcrumb\",\"itemListElement\":[{\"@type\":\"ListItem\",\"position\":1,\"name\":\"Home\",\"item\":\"https:\\\/\\\/www.univates.br\\\/blog\\\/\"},{\"@type\":\"ListItem\",\"position\":2,\"name\":\"Tr\u00eas d\u00favidas que s\u00f3 quem parou de estudar tem\"}]},{\"@type\":\"WebSite\",\"@id\":\"https:\\\/\\\/www.univates.br\\\/blog\\\/#website\",\"url\":\"https:\\\/\\\/www.univates.br\\\/blog\\\/\",\"name\":\"Univates Blog\",\"description\":\"\",\"potentialAction\":[{\"@type\":\"SearchAction\",\"target\":{\"@type\":\"EntryPoint\",\"urlTemplate\":\"https:\\\/\\\/www.univates.br\\\/blog\\\/?s={search_term_string}\"},\"query-input\":{\"@type\":\"PropertyValueSpecification\",\"valueRequired\":true,\"valueName\":\"search_term_string\"}}],\"inLanguage\":\"pt-BR\"},{\"@type\":\"Person\",\"@id\":\"https:\\\/\\\/www.univates.br\\\/blog\\\/#\\\/schema\\\/person\\\/15c63917440cc5e70160c247b309af2f\",\"name\":\"Marketing Univates\",\"image\":{\"@type\":\"ImageObject\",\"inLanguage\":\"pt-BR\",\"@id\":\"https:\\\/\\\/secure.gravatar.com\\\/avatar\\\/511f9e77a6a3d0cddd9074f69a722364bc7f787e73d4a0da1f727ba62704eda4?s=96&d=mm&r=g\",\"url\":\"https:\\\/\\\/secure.gravatar.com\\\/avatar\\\/511f9e77a6a3d0cddd9074f69a722364bc7f787e73d4a0da1f727ba62704eda4?s=96&d=mm&r=g\",\"contentUrl\":\"https:\\\/\\\/secure.gravatar.com\\\/avatar\\\/511f9e77a6a3d0cddd9074f69a722364bc7f787e73d4a0da1f727ba62704eda4?s=96&d=mm&r=g\",\"caption\":\"Marketing Univates\"},\"sameAs\":[\"http:\\\/\\\/univates.br\"],\"url\":\"https:\\\/\\\/www.univates.br\\\/blog\\\/author\\\/marketing\\\/\"}]}<\/script>\n<!-- \/ Yoast SEO plugin. -->","yoast_head_json":{"title":"Tr\u00eas d\u00favidas que s\u00f3 quem parou de estudar tem - Univates Blog","robots":{"index":"index","follow":"follow","max-snippet":"max-snippet:-1","max-image-preview":"max-image-preview:large","max-video-preview":"max-video-preview:-1"},"canonical":"https:\/\/www.univates.br\/blog\/tres-duvidas-que-so-quem-parou-de-estudar-tem\/","og_locale":"pt_BR","og_type":"article","og_title":"Tr\u00eas d\u00favidas que s\u00f3 quem parou de estudar tem - Univates Blog","og_description":"Um grande sonho nunca \u00e9 esquecido. Sempre queremos buscar o melhor para nossa vida. \u00c0s vezes, no entanto, as coisas n\u00e3o acontecem exatamente como imaginamos. Quem&nbsp;parou de estudar&nbsp;e est\u00e1 se preparando para voltar \u00e0 universidade geralmente&nbsp;tem&nbsp;tr\u00eas&nbsp;d\u00favidas&nbsp;cru\u00e9is que, \u00e0 primeira vista,\u2026","og_url":"https:\/\/www.univates.br\/blog\/tres-duvidas-que-so-quem-parou-de-estudar-tem\/","og_site_name":"Univates Blog","article_published_time":"2022-05-06T19:52:47+00:00","article_modified_time":"2023-12-19T17:05:11+00:00","og_image":[{"url":"https:\/\/desenvolvimento.bravo.st\/univatesblog\/wp-content\/uploads\/2022\/05\/1576171760.4703.jpg","type":"","width":"","height":""}],"author":"Marketing Univates","twitter_card":"summary_large_image","twitter_misc":{"Escrito por":"Marketing Univates","Est. tempo de leitura":"4 minutos"},"schema":{"@context":"https:\/\/schema.org","@graph":[{"@type":"Article","@id":"https:\/\/www.univates.br\/blog\/tres-duvidas-que-so-quem-parou-de-estudar-tem\/#article","isPartOf":{"@id":"https:\/\/www.univates.br\/blog\/tres-duvidas-que-so-quem-parou-de-estudar-tem\/"},"author":{"name":"Marketing Univates","@id":"https:\/\/www.univates.br\/blog\/#\/schema\/person\/15c63917440cc5e70160c247b309af2f"},"headline":"Tr\u00eas d\u00favidas que s\u00f3 quem parou de estudar tem","datePublished":"2022-05-06T19:52:47+00:00","dateModified":"2023-12-19T17:05:11+00:00","mainEntityOfPage":{"@id":"https:\/\/www.univates.br\/blog\/tres-duvidas-que-so-quem-parou-de-estudar-tem\/"},"wordCount":493,"commentCount":0,"image":{"@id":"https:\/\/www.univates.br\/blog\/tres-duvidas-que-so-quem-parou-de-estudar-tem\/#primaryimage"},"thumbnailUrl":"https:\/\/desenvolvimento.bravo.st\/univatesblog\/wp-content\/uploads\/2022\/05\/1576171760.4703.jpg","articleSection":["Estudos"],"inLanguage":"pt-BR","potentialAction":[{"@type":"CommentAction","name":"Comment","target":["https:\/\/www.univates.br\/blog\/tres-duvidas-que-so-quem-parou-de-estudar-tem\/#respond"]}]},{"@type":"WebPage","@id":"https:\/\/www.univates.br\/blog\/tres-duvidas-que-so-quem-parou-de-estudar-tem\/","url":"https:\/\/www.univates.br\/blog\/tres-duvidas-que-so-quem-parou-de-estudar-tem\/","name":"Tr\u00eas d\u00favidas que s\u00f3 quem parou de estudar tem - Univates Blog","isPartOf":{"@id":"https:\/\/www.univates.br\/blog\/#website"},"primaryImageOfPage":{"@id":"https:\/\/www.univates.br\/blog\/tres-duvidas-que-so-quem-parou-de-estudar-tem\/#primaryimage"},"image":{"@id":"https:\/\/www.univates.br\/blog\/tres-duvidas-que-so-quem-parou-de-estudar-tem\/#primaryimage"},"thumbnailUrl":"https:\/\/desenvolvimento.bravo.st\/univatesblog\/wp-content\/uploads\/2022\/05\/1576171760.4703.jpg","datePublished":"2022-05-06T19:52:47+00:00","dateModified":"2023-12-19T17:05:11+00:00","author":{"@id":"https:\/\/www.univates.br\/blog\/#\/schema\/person\/15c63917440cc5e70160c247b309af2f"},"breadcrumb":{"@id":"https:\/\/www.univates.br\/blog\/tres-duvidas-que-so-quem-parou-de-estudar-tem\/#breadcrumb"},"inLanguage":"pt-BR","potentialAction":[{"@type":"ReadAction","target":["https:\/\/www.univates.br\/blog\/tres-duvidas-que-so-quem-parou-de-estudar-tem\/"]}]},{"@type":"ImageObject","inLanguage":"pt-BR","@id":"https:\/\/www.univates.br\/blog\/tres-duvidas-que-so-quem-parou-de-estudar-tem\/#primaryimage","url":"https:\/\/desenvolvimento.bravo.st\/univatesblog\/wp-content\/uploads\/2022\/05\/1576171760.4703.jpg","contentUrl":"https:\/\/desenvolvimento.bravo.st\/univatesblog\/wp-content\/uploads\/2022\/05\/1576171760.4703.jpg"},{"@type":"BreadcrumbList","@id":"https:\/\/www.univates.br\/blog\/tres-duvidas-que-so-quem-parou-de-estudar-tem\/#breadcrumb","itemListElement":[{"@type":"ListItem","position":1,"name":"Home","item":"https:\/\/www.univates.br\/blog\/"},{"@type":"ListItem","position":2,"name":"Tr\u00eas d\u00favidas que s\u00f3 quem parou de estudar tem"}]},{"@type":"WebSite","@id":"https:\/\/www.univates.br\/blog\/#website","url":"https:\/\/www.univates.br\/blog\/","name":"Univates Blog","description":"","potentialAction":[{"@type":"SearchAction","target":{"@type":"EntryPoint","urlTemplate":"https:\/\/www.univates.br\/blog\/?s={search_term_string}"},"query-input":{"@type":"PropertyValueSpecification","valueRequired":true,"valueName":"search_term_string"}}],"inLanguage":"pt-BR"},{"@type":"Person","@id":"https:\/\/www.univates.br\/blog\/#\/schema\/person\/15c63917440cc5e70160c247b309af2f","name":"Marketing Univates","image":{"@type":"ImageObject","inLanguage":"pt-BR","@id":"https:\/\/secure.gravatar.com\/avatar\/511f9e77a6a3d0cddd9074f69a722364bc7f787e73d4a0da1f727ba62704eda4?s=96&d=mm&r=g","url":"https:\/\/secure.gravatar.com\/avatar\/511f9e77a6a3d0cddd9074f69a722364bc7f787e73d4a0da1f727ba62704eda4?s=96&d=mm&r=g","contentUrl":"https:\/\/secure.gravatar.com\/avatar\/511f9e77a6a3d0cddd9074f69a722364bc7f787e73d4a0da1f727ba62704eda4?s=96&d=mm&r=g","caption":"Marketing Univates"},"sameAs":["http:\/\/univates.br"],"url":"https:\/\/www.univates.br\/blog\/author\/marketing\/"}]}},"_links":{"self":[{"href":"https:\/\/www.univates.br\/blog\/wp-json\/wp\/v2\/posts\/922","targetHints":{"allow":["GET"]}}],"collection":[{"href":"https:\/\/www.univates.br\/blog\/wp-json\/wp\/v2\/posts"}],"about":[{"href":"https:\/\/www.univates.br\/blog\/wp-json\/wp\/v2\/types\/post"}],"author":[{"embeddable":true,"href":"https:\/\/www.univates.br\/blog\/wp-json\/wp\/v2\/users\/2"}],"replies":[{"embeddable":true,"href":"https:\/\/www.univates.br\/blog\/wp-json\/wp\/v2\/comments?post=922"}],"version-history":[{"count":6,"href":"https:\/\/www.univates.br\/blog\/wp-json\/wp\/v2\/posts\/922\/revisions"}],"predecessor-version":[{"id":2625,"href":"https:\/\/www.univates.br\/blog\/wp-json\/wp\/v2\/posts\/922\/revisions\/2625"}],"wp:attachment":[{"href":"https:\/\/www.univates.br\/blog\/wp-json\/wp\/v2\/media?parent=922"}],"wp:term":[{"taxonomy":"category","embeddable":true,"href":"https:\/\/www.univates.br\/blog\/wp-json\/wp\/v2\/categories?post=922"}],"curies":[{"name":"wp","href":"https:\/\/api.w.org\/{rel}","templated":true}]}}