{"id":950,"date":"2022-05-06T17:23:41","date_gmt":"2022-05-06T20:23:41","guid":{"rendered":"https:\/\/desenvolvimento.bravo.st\/univatesblog\/?p=950"},"modified":"2025-06-09T14:20:24","modified_gmt":"2025-06-09T17:20:24","slug":"faculdade-presencial-ou-ead-qual-combina-mais-comigo-01","status":"publish","type":"post","link":"https:\/\/www.univates.br\/blog\/faculdade-presencial-ou-ead-qual-combina-mais-comigo-01\/","title":{"rendered":"Faculdade presencial ou EAD: qual combina mais comigo? &#8211; 01"},"content":{"rendered":"\n<p>Concluiu o ensino m\u00e9dio e agora est\u00e1 indeciso(a) entre iniciar uma faculdade\u00a0<strong><a href=\"https:\/\/www.univates.br\/graduacao\/\">presencial<\/a><\/strong>\u00a0ou\u00a0<strong><a href=\"https:\/\/www.univates.br\/ead\/\">EAD<\/a><\/strong>? Pois saiba que outras pessoas por a\u00ed tamb\u00e9m sentem-se curiosas a respeito dessas duas modalidades de ensino que conduzem os estudantes por\u00a0<em>\u266a caminhos de sol ao fim \u266a<\/em>\u00a0da jornada universit\u00e1ria. Talvez, num primeiro momento, pensar na escolha do tipo de gradua\u00e7\u00e3o que mais\u00a0<strong>combina<\/strong>\u00a0com seu estilo de vida pare\u00e7a complicado, mas se voc\u00ea receber as informa\u00e7\u00f5es certas, vai perceber que a tarefa \u00e9 extremamente simples (e, claro, divertida).\u00a0<em>\u266a D\u00favidas, d\u00favidas? \u266a<\/em>\u00a0 A fim de esclarec\u00ea-las, elaboramos uma mat\u00e9ria explicativa que objetiva deix\u00e1-lo(a) a par de todas as diferen\u00e7as que caracterizam ambas as formas de estudar e obter o t\u00e3o desejado\u00a0<a href=\"https:\/\/www.univates.br\/blog\/\/post\/como-uma-graduacao-pode-fazer-diferenca-na-minha-carreira-profissional\">diploma<\/a>. O dia da formatura e a certeza de que\u00a0<em>\u266a vale a pena acreditar no sonho que se tem \u266a<\/em>\u00a0sempre chegam, viu? Pode apostar!\u00a0<\/p>\n\n\n\n<figure class=\"wp-block-image size-full\"><img loading=\"lazy\" decoding=\"async\" width=\"729\" height=\"486\" src=\"https:\/\/desenvolvimento.bravo.st\/univatesblog\/wp-content\/uploads\/2022\/05\/1573654156.2949-1.jpg\" alt=\"\" class=\"wp-image-2025\" srcset=\"https:\/\/www.univates.br\/blog\/wp-content\/uploads\/2022\/05\/1573654156.2949-1.jpg 729w, https:\/\/www.univates.br\/blog\/wp-content\/uploads\/2022\/05\/1573654156.2949-1-600x400.jpg 600w, https:\/\/www.univates.br\/blog\/wp-content\/uploads\/2022\/05\/1573654156.2949-1-150x100.jpg 150w\" sizes=\"auto, (max-width: 729px) 100vw, 729px\" \/><figcaption>Foto: Elise Bozzetto<\/figcaption><\/figure>\n\n\n\n<div class=\"bloco-gutenberg\">\n\n    <a href=\"https:\/\/materiais.univates.br\/com-que-curso-eu-vou-modalidade\" target=\"_blank\" class=\"guten-material\" style=\"background-color: #6b00e8; \">\n                    <img decoding=\"async\" src=\"https:\/\/www.univates.br\/blog\/wp-content\/uploads\/2022\/05\/Design-sem-nome-3.png\" loading=\"lazy\">\n                <div class=\"texto\">\n                            <span>Descubra seu perfil profissional e qual curso \u00e9 perfeito pra voc\u00ea<\/span>\n                            <strong>Baixar e-book<\/strong>\n                    <\/div>\n    <\/a>\n    <\/div>\n\n\n<h2 class=\"wp-block-heading\">Como funciona uma faculdade presencial?<\/h2>\n\n\n\n<div class=\"wp-block-media-text alignwide is-stacked-on-mobile\"><figure class=\"wp-block-media-text__media\"><img loading=\"lazy\" decoding=\"async\" width=\"292\" height=\"438\" src=\"https:\/\/desenvolvimento.bravo.st\/univatesblog\/wp-content\/uploads\/2022\/05\/1573654389.7788.jpg\" alt=\"\" class=\"wp-image-951 size-full\" srcset=\"https:\/\/www.univates.br\/blog\/wp-content\/uploads\/2022\/05\/1573654389.7788.jpg 292w, https:\/\/www.univates.br\/blog\/wp-content\/uploads\/2022\/05\/1573654389.7788-100x150.jpg 100w\" sizes=\"auto, (max-width: 292px) 100vw, 292px\" \/><\/figure><div class=\"wp-block-media-text__content\">\n<p>Quando se opta por cursar uma&nbsp;<strong>faculdade presencial<\/strong>, \u00e9 necess\u00e1rio reservar brechas na agenda para dedicar-se exclusivamente aos estudos. Na modalidade de ensino em quest\u00e3o, as aulas acontecem na universidade, em hor\u00e1rios espec\u00edficos (as disciplinas de um curso podem ser ministradas tanto durante o dia quanto \u00e0 noite). Preste muita aten\u00e7\u00e3o nesse detalhe para conseguir encaixar adequadamente o novo compromisso acad\u00eamico dentro de uma rotina j\u00e1 existente, procurando n\u00e3o alter\u00e1-la bruscamente. Dizem que&nbsp;<em>\u266a \u00e9 caminhando que se faz o caminho&nbsp;\u266a&nbsp;<\/em>e a gente espera que voc\u00ea trilhe o seu sem deixar de realizar todas as coisas que o animam e motivam!&nbsp;<\/p>\n\n\n\n<p><em>(Foto: Tuane Eggers)<\/em><\/p>\n<\/div><\/div>\n\n\n\n<p>A dura\u00e7\u00e3o de uma\u00a0<strong>faculdade presencial<\/strong>\u00a0varia. Para tornar-se<a href=\"https:\/\/www.univates.br\/blog\/\/post\/dez-motivos-para-voce-fazer-medicina-na-nossa-universidade\">\u00a0m\u00e9dico<\/a>, o estudante deve permanecer na universidade por, no m\u00ednimo, seis anos. Existem gradua\u00e7\u00f5es que possuem cargas hor\u00e1rias menores, como \u00e9 o caso dos cursos de\u00a0<a href=\"https:\/\/www.univates.br\/graduacao\/logistica\">Log\u00edstica<\/a>,\u00a0<a href=\"https:\/\/www.univates.br\/graduacao\/publicidade-e-propaganda\">Publicidade e Propaganda<\/a>\u00a0e\u00a0<a href=\"https:\/\/www.univates.br\/graduacao\/nutricao\">Nutri\u00e7\u00e3o<\/a>, por exemplo. Provas e trabalhos servem como instrumentos de avalia\u00e7\u00e3o da aprendizagem e s\u00e3o aplicadas regularmente pelos professores. Fique sabendo, ali\u00e1s: as li\u00e7\u00f5es que esses profissionais ensinam perpassam o \u00e2mbito acad\u00eamico. Com eles voc\u00ea tamb\u00e9m vai\u00a0<em>\u266a aprender a repartir tesouros e a respeitar os outros\u00a0\u266a<\/em>. Bacana, n\u00e9?\u00a0<a href=\"https:\/\/materiais.univates.br\/com-que-curso-eu-vou-modalidade\" target=\"_blank\" rel=\"noreferrer noopener\"><\/a><\/p>\n\n\n\n<figure class=\"wp-block-image size-full\"><img loading=\"lazy\" decoding=\"async\" width=\"729\" height=\"486\" src=\"https:\/\/desenvolvimento.bravo.st\/univatesblog\/wp-content\/uploads\/2022\/05\/1573655136.7969.jpg\" alt=\"\" class=\"wp-image-2027\" srcset=\"https:\/\/www.univates.br\/blog\/wp-content\/uploads\/2022\/05\/1573655136.7969.jpg 729w, https:\/\/www.univates.br\/blog\/wp-content\/uploads\/2022\/05\/1573655136.7969-600x400.jpg 600w, https:\/\/www.univates.br\/blog\/wp-content\/uploads\/2022\/05\/1573655136.7969-150x100.jpg 150w\" sizes=\"auto, (max-width: 729px) 100vw, 729px\" \/><figcaption>Foto: Nicole Mor\u00e1s<\/figcaption><\/figure>\n\n\n\n<p>As pessoas que cursam\u00a0<strong>faculdades presenciais<\/strong>\u00a0t\u00eam acesso frequente \u00e0 <a href=\"https:\/\/www.univates.br\/blog\/\/post\/top-6-conheca-os-espacos-mais-legais-da-nossa-universidade\">infraestrutura<\/a>\u00a0do <em>campus<\/em>\u00a0 universit\u00e1rio onde estudam. Elas experienciam conte\u00fado te\u00f3rico e pr\u00e1tico, participando de aulas expositivas e posteriormente aplicando os conhecimentos adquiridos em espa\u00e7os como laborat\u00f3rios,\u00a0<em>ateliers<\/em>\u00a0e est\u00fadios de r\u00e1dio e televis\u00e3o. Qualificar-se \u00e9, com certeza, uma alternativa certeira para quem deseja\u00a0<em>\u266a viver dias melhores, dias de paz, dias a mais\u00a0\u266a<\/em>. \ud83e\udd17\ud83e\udd17<\/p>\n\n\n\n<figure class=\"wp-block-image size-full\"><img loading=\"lazy\" decoding=\"async\" width=\"729\" height=\"486\" src=\"https:\/\/desenvolvimento.bravo.st\/univatesblog\/wp-content\/uploads\/2022\/05\/1573655566.9871.jpg\" alt=\"\" class=\"wp-image-2028\" srcset=\"https:\/\/www.univates.br\/blog\/wp-content\/uploads\/2022\/05\/1573655566.9871.jpg 729w, https:\/\/www.univates.br\/blog\/wp-content\/uploads\/2022\/05\/1573655566.9871-600x400.jpg 600w, https:\/\/www.univates.br\/blog\/wp-content\/uploads\/2022\/05\/1573655566.9871-150x100.jpg 150w\" sizes=\"auto, (max-width: 729px) 100vw, 729px\" \/><figcaption>Foto: Lucas George Wendt<\/figcaption><\/figure>\n\n\n\n<h2 class=\"wp-block-heading\">Vantagens<\/h2>\n\n\n\n<p>Cursando uma&nbsp;<strong>faculdade presencial<\/strong>, voc\u00ea:<\/p>\n\n\n\n<p>\u2b50&nbsp;Troca ideias a respeito do que aprende com professores e colegas de forma imediata;<\/p>\n\n\n\n<p>\u2b50 Desfruta rotineiramente da infraestrutura do&nbsp;<em>campus<\/em>&nbsp;universit\u00e1rio;<\/p>\n\n\n\n<p>\u2b50\u00a0Tem uma\u00a0<a href=\"https:\/\/www.univates.br\/blog\/\/post\/estudos-e-trabalho-como-se-organizar\">rotina organizada<\/a>, j\u00e1 que precisa conciliar estudos, trabalho e vida social, por exemplo;<\/p>\n\n\n\n<p>\u2b50 Participa de palestras que ocorrem diariamente na universidade (alguns eventos s\u00e3o abertos a estudantes de todos os cursos, inclusive);<\/p>\n\n\n\n<p>\u2b50&nbsp;Pode descolar um&nbsp;<em>job<\/em>&nbsp;maneira\u00e7o na institui\u00e7\u00e3o de ensino superior em que \u00e9 aluno.<\/p>\n\n\n\n<figure class=\"wp-block-image size-full\"><img loading=\"lazy\" decoding=\"async\" width=\"729\" height=\"486\" src=\"https:\/\/desenvolvimento.bravo.st\/univatesblog\/wp-content\/uploads\/2022\/05\/1573656368.8866.jpg\" alt=\"\" class=\"wp-image-2029\" srcset=\"https:\/\/www.univates.br\/blog\/wp-content\/uploads\/2022\/05\/1573656368.8866.jpg 729w, https:\/\/www.univates.br\/blog\/wp-content\/uploads\/2022\/05\/1573656368.8866-600x400.jpg 600w, https:\/\/www.univates.br\/blog\/wp-content\/uploads\/2022\/05\/1573656368.8866-150x100.jpg 150w\" sizes=\"auto, (max-width: 729px) 100vw, 729px\" \/><figcaption>Foto: Elise Bozzetto<\/figcaption><\/figure>\n\n\n\n<p><em>Voc\u00ea quer saber mais a respeito de como s\u00e3o os cursos em regime&nbsp;<strong>EAD<\/strong><\/em><strong>&nbsp;<\/strong><em>na universidade? Ent\u00e3o basta ficar ligadinho(a) aqui no blog: amanh\u00e3 a gente te explica t-u-d-i-n-h-o sobre essa modalidade de ensino.&nbsp;<\/em>\ud83d\udcda\ud83d\udcbb\ud83c\udf93<\/p>\n","protected":false},"excerpt":{"rendered":"<p>Concluiu o ensino m\u00e9dio e agora est\u00e1 indeciso(a) entre iniciar uma faculdade\u00a0presencial\u00a0ou\u00a0EAD? Pois saiba que outras pessoas por a\u00ed tamb\u00e9m sentem-se curiosas a respeito dessas duas modalidades de ensino que conduzem os estudantes por\u00a0\u266a caminhos de sol ao fim \u266a\u00a0da\u2026<\/p>\n","protected":false},"author":2,"featured_media":0,"comment_status":"open","ping_status":"open","sticky":false,"template":"","format":"standard","meta":{"_acf_changed":false,"footnotes":""},"categories":[23,28],"class_list":["post-950","post","type-post","status-publish","format-standard","hentry","category-estudos","category-graduacao-ead","autor-lais-pontin-matos"],"acf":[],"yoast_head":"<!-- This site is optimized with the Yoast SEO plugin v27.3 - https:\/\/yoast.com\/product\/yoast-seo-wordpress\/ -->\n<title>Faculdade presencial ou EAD: qual combina mais comigo? - 01 - Univates Blog<\/title>\n<meta name=\"robots\" content=\"index, follow, max-snippet:-1, max-image-preview:large, max-video-preview:-1\" \/>\n<link rel=\"canonical\" href=\"https:\/\/www.univates.br\/blog\/faculdade-presencial-ou-ead-qual-combina-mais-comigo-01\/\" \/>\n<meta property=\"og:locale\" content=\"pt_BR\" \/>\n<meta property=\"og:type\" content=\"article\" \/>\n<meta property=\"og:title\" content=\"Faculdade presencial ou EAD: qual combina mais comigo? - 01 - Univates Blog\" \/>\n<meta property=\"og:description\" content=\"Concluiu o ensino m\u00e9dio e agora est\u00e1 indeciso(a) entre iniciar uma faculdade\u00a0presencial\u00a0ou\u00a0EAD? Pois saiba que outras pessoas por a\u00ed tamb\u00e9m sentem-se curiosas a respeito dessas duas modalidades de ensino que conduzem os estudantes por\u00a0\u266a caminhos de sol ao fim \u266a\u00a0da\u2026\" \/>\n<meta property=\"og:url\" content=\"https:\/\/www.univates.br\/blog\/faculdade-presencial-ou-ead-qual-combina-mais-comigo-01\/\" \/>\n<meta property=\"og:site_name\" content=\"Univates Blog\" \/>\n<meta property=\"article:published_time\" content=\"2022-05-06T20:23:41+00:00\" \/>\n<meta property=\"article:modified_time\" content=\"2025-06-09T17:20:24+00:00\" \/>\n<meta property=\"og:image\" content=\"https:\/\/desenvolvimento.bravo.st\/univatesblog\/wp-content\/uploads\/2022\/05\/1573654156.2949-1.jpg\" \/>\n<meta name=\"author\" content=\"Marketing Univates\" \/>\n<meta name=\"twitter:card\" content=\"summary_large_image\" \/>\n<meta name=\"twitter:label1\" content=\"Escrito por\" \/>\n\t<meta name=\"twitter:data1\" content=\"Marketing Univates\" \/>\n\t<meta name=\"twitter:label2\" content=\"Est. tempo de leitura\" \/>\n\t<meta name=\"twitter:data2\" content=\"4 minutos\" \/>\n<script type=\"application\/ld+json\" class=\"yoast-schema-graph\">{\"@context\":\"https:\\\/\\\/schema.org\",\"@graph\":[{\"@type\":\"Article\",\"@id\":\"https:\\\/\\\/www.univates.br\\\/blog\\\/faculdade-presencial-ou-ead-qual-combina-mais-comigo-01\\\/#article\",\"isPartOf\":{\"@id\":\"https:\\\/\\\/www.univates.br\\\/blog\\\/faculdade-presencial-ou-ead-qual-combina-mais-comigo-01\\\/\"},\"author\":{\"name\":\"Marketing Univates\",\"@id\":\"https:\\\/\\\/www.univates.br\\\/blog\\\/#\\\/schema\\\/person\\\/15c63917440cc5e70160c247b309af2f\"},\"headline\":\"Faculdade presencial ou EAD: qual combina mais comigo? &#8211; 01\",\"datePublished\":\"2022-05-06T20:23:41+00:00\",\"dateModified\":\"2025-06-09T17:20:24+00:00\",\"mainEntityOfPage\":{\"@id\":\"https:\\\/\\\/www.univates.br\\\/blog\\\/faculdade-presencial-ou-ead-qual-combina-mais-comigo-01\\\/\"},\"wordCount\":590,\"commentCount\":0,\"image\":{\"@id\":\"https:\\\/\\\/www.univates.br\\\/blog\\\/faculdade-presencial-ou-ead-qual-combina-mais-comigo-01\\\/#primaryimage\"},\"thumbnailUrl\":\"https:\\\/\\\/desenvolvimento.bravo.st\\\/univatesblog\\\/wp-content\\\/uploads\\\/2022\\\/05\\\/1573654156.2949-1.jpg\",\"articleSection\":[\"Estudos\",\"Gradua\u00e7\u00e3o EAD\"],\"inLanguage\":\"pt-BR\",\"potentialAction\":[{\"@type\":\"CommentAction\",\"name\":\"Comment\",\"target\":[\"https:\\\/\\\/www.univates.br\\\/blog\\\/faculdade-presencial-ou-ead-qual-combina-mais-comigo-01\\\/#respond\"]}]},{\"@type\":\"WebPage\",\"@id\":\"https:\\\/\\\/www.univates.br\\\/blog\\\/faculdade-presencial-ou-ead-qual-combina-mais-comigo-01\\\/\",\"url\":\"https:\\\/\\\/www.univates.br\\\/blog\\\/faculdade-presencial-ou-ead-qual-combina-mais-comigo-01\\\/\",\"name\":\"Faculdade presencial ou EAD: qual combina mais comigo? - 01 - Univates Blog\",\"isPartOf\":{\"@id\":\"https:\\\/\\\/www.univates.br\\\/blog\\\/#website\"},\"primaryImageOfPage\":{\"@id\":\"https:\\\/\\\/www.univates.br\\\/blog\\\/faculdade-presencial-ou-ead-qual-combina-mais-comigo-01\\\/#primaryimage\"},\"image\":{\"@id\":\"https:\\\/\\\/www.univates.br\\\/blog\\\/faculdade-presencial-ou-ead-qual-combina-mais-comigo-01\\\/#primaryimage\"},\"thumbnailUrl\":\"https:\\\/\\\/desenvolvimento.bravo.st\\\/univatesblog\\\/wp-content\\\/uploads\\\/2022\\\/05\\\/1573654156.2949-1.jpg\",\"datePublished\":\"2022-05-06T20:23:41+00:00\",\"dateModified\":\"2025-06-09T17:20:24+00:00\",\"author\":{\"@id\":\"https:\\\/\\\/www.univates.br\\\/blog\\\/#\\\/schema\\\/person\\\/15c63917440cc5e70160c247b309af2f\"},\"breadcrumb\":{\"@id\":\"https:\\\/\\\/www.univates.br\\\/blog\\\/faculdade-presencial-ou-ead-qual-combina-mais-comigo-01\\\/#breadcrumb\"},\"inLanguage\":\"pt-BR\",\"potentialAction\":[{\"@type\":\"ReadAction\",\"target\":[\"https:\\\/\\\/www.univates.br\\\/blog\\\/faculdade-presencial-ou-ead-qual-combina-mais-comigo-01\\\/\"]}]},{\"@type\":\"ImageObject\",\"inLanguage\":\"pt-BR\",\"@id\":\"https:\\\/\\\/www.univates.br\\\/blog\\\/faculdade-presencial-ou-ead-qual-combina-mais-comigo-01\\\/#primaryimage\",\"url\":\"https:\\\/\\\/desenvolvimento.bravo.st\\\/univatesblog\\\/wp-content\\\/uploads\\\/2022\\\/05\\\/1573654156.2949-1.jpg\",\"contentUrl\":\"https:\\\/\\\/desenvolvimento.bravo.st\\\/univatesblog\\\/wp-content\\\/uploads\\\/2022\\\/05\\\/1573654156.2949-1.jpg\"},{\"@type\":\"BreadcrumbList\",\"@id\":\"https:\\\/\\\/www.univates.br\\\/blog\\\/faculdade-presencial-ou-ead-qual-combina-mais-comigo-01\\\/#breadcrumb\",\"itemListElement\":[{\"@type\":\"ListItem\",\"position\":1,\"name\":\"Home\",\"item\":\"https:\\\/\\\/www.univates.br\\\/blog\\\/\"},{\"@type\":\"ListItem\",\"position\":2,\"name\":\"Faculdade presencial ou EAD: qual combina mais comigo? &#8211; 01\"}]},{\"@type\":\"WebSite\",\"@id\":\"https:\\\/\\\/www.univates.br\\\/blog\\\/#website\",\"url\":\"https:\\\/\\\/www.univates.br\\\/blog\\\/\",\"name\":\"Univates Blog\",\"description\":\"\",\"potentialAction\":[{\"@type\":\"SearchAction\",\"target\":{\"@type\":\"EntryPoint\",\"urlTemplate\":\"https:\\\/\\\/www.univates.br\\\/blog\\\/?s={search_term_string}\"},\"query-input\":{\"@type\":\"PropertyValueSpecification\",\"valueRequired\":true,\"valueName\":\"search_term_string\"}}],\"inLanguage\":\"pt-BR\"},{\"@type\":\"Person\",\"@id\":\"https:\\\/\\\/www.univates.br\\\/blog\\\/#\\\/schema\\\/person\\\/15c63917440cc5e70160c247b309af2f\",\"name\":\"Marketing Univates\",\"image\":{\"@type\":\"ImageObject\",\"inLanguage\":\"pt-BR\",\"@id\":\"https:\\\/\\\/secure.gravatar.com\\\/avatar\\\/511f9e77a6a3d0cddd9074f69a722364bc7f787e73d4a0da1f727ba62704eda4?s=96&d=mm&r=g\",\"url\":\"https:\\\/\\\/secure.gravatar.com\\\/avatar\\\/511f9e77a6a3d0cddd9074f69a722364bc7f787e73d4a0da1f727ba62704eda4?s=96&d=mm&r=g\",\"contentUrl\":\"https:\\\/\\\/secure.gravatar.com\\\/avatar\\\/511f9e77a6a3d0cddd9074f69a722364bc7f787e73d4a0da1f727ba62704eda4?s=96&d=mm&r=g\",\"caption\":\"Marketing Univates\"},\"sameAs\":[\"http:\\\/\\\/univates.br\"],\"url\":\"https:\\\/\\\/www.univates.br\\\/blog\\\/author\\\/marketing\\\/\"}]}<\/script>\n<!-- \/ Yoast SEO plugin. -->","yoast_head_json":{"title":"Faculdade presencial ou EAD: qual combina mais comigo? - 01 - Univates Blog","robots":{"index":"index","follow":"follow","max-snippet":"max-snippet:-1","max-image-preview":"max-image-preview:large","max-video-preview":"max-video-preview:-1"},"canonical":"https:\/\/www.univates.br\/blog\/faculdade-presencial-ou-ead-qual-combina-mais-comigo-01\/","og_locale":"pt_BR","og_type":"article","og_title":"Faculdade presencial ou EAD: qual combina mais comigo? - 01 - Univates Blog","og_description":"Concluiu o ensino m\u00e9dio e agora est\u00e1 indeciso(a) entre iniciar uma faculdade\u00a0presencial\u00a0ou\u00a0EAD? Pois saiba que outras pessoas por a\u00ed tamb\u00e9m sentem-se curiosas a respeito dessas duas modalidades de ensino que conduzem os estudantes por\u00a0\u266a caminhos de sol ao fim \u266a\u00a0da\u2026","og_url":"https:\/\/www.univates.br\/blog\/faculdade-presencial-ou-ead-qual-combina-mais-comigo-01\/","og_site_name":"Univates Blog","article_published_time":"2022-05-06T20:23:41+00:00","article_modified_time":"2025-06-09T17:20:24+00:00","og_image":[{"url":"https:\/\/desenvolvimento.bravo.st\/univatesblog\/wp-content\/uploads\/2022\/05\/1573654156.2949-1.jpg","type":"","width":"","height":""}],"author":"Marketing Univates","twitter_card":"summary_large_image","twitter_misc":{"Escrito por":"Marketing Univates","Est. tempo de leitura":"4 minutos"},"schema":{"@context":"https:\/\/schema.org","@graph":[{"@type":"Article","@id":"https:\/\/www.univates.br\/blog\/faculdade-presencial-ou-ead-qual-combina-mais-comigo-01\/#article","isPartOf":{"@id":"https:\/\/www.univates.br\/blog\/faculdade-presencial-ou-ead-qual-combina-mais-comigo-01\/"},"author":{"name":"Marketing Univates","@id":"https:\/\/www.univates.br\/blog\/#\/schema\/person\/15c63917440cc5e70160c247b309af2f"},"headline":"Faculdade presencial ou EAD: qual combina mais comigo? &#8211; 01","datePublished":"2022-05-06T20:23:41+00:00","dateModified":"2025-06-09T17:20:24+00:00","mainEntityOfPage":{"@id":"https:\/\/www.univates.br\/blog\/faculdade-presencial-ou-ead-qual-combina-mais-comigo-01\/"},"wordCount":590,"commentCount":0,"image":{"@id":"https:\/\/www.univates.br\/blog\/faculdade-presencial-ou-ead-qual-combina-mais-comigo-01\/#primaryimage"},"thumbnailUrl":"https:\/\/desenvolvimento.bravo.st\/univatesblog\/wp-content\/uploads\/2022\/05\/1573654156.2949-1.jpg","articleSection":["Estudos","Gradua\u00e7\u00e3o EAD"],"inLanguage":"pt-BR","potentialAction":[{"@type":"CommentAction","name":"Comment","target":["https:\/\/www.univates.br\/blog\/faculdade-presencial-ou-ead-qual-combina-mais-comigo-01\/#respond"]}]},{"@type":"WebPage","@id":"https:\/\/www.univates.br\/blog\/faculdade-presencial-ou-ead-qual-combina-mais-comigo-01\/","url":"https:\/\/www.univates.br\/blog\/faculdade-presencial-ou-ead-qual-combina-mais-comigo-01\/","name":"Faculdade presencial ou EAD: qual combina mais comigo? - 01 - Univates Blog","isPartOf":{"@id":"https:\/\/www.univates.br\/blog\/#website"},"primaryImageOfPage":{"@id":"https:\/\/www.univates.br\/blog\/faculdade-presencial-ou-ead-qual-combina-mais-comigo-01\/#primaryimage"},"image":{"@id":"https:\/\/www.univates.br\/blog\/faculdade-presencial-ou-ead-qual-combina-mais-comigo-01\/#primaryimage"},"thumbnailUrl":"https:\/\/desenvolvimento.bravo.st\/univatesblog\/wp-content\/uploads\/2022\/05\/1573654156.2949-1.jpg","datePublished":"2022-05-06T20:23:41+00:00","dateModified":"2025-06-09T17:20:24+00:00","author":{"@id":"https:\/\/www.univates.br\/blog\/#\/schema\/person\/15c63917440cc5e70160c247b309af2f"},"breadcrumb":{"@id":"https:\/\/www.univates.br\/blog\/faculdade-presencial-ou-ead-qual-combina-mais-comigo-01\/#breadcrumb"},"inLanguage":"pt-BR","potentialAction":[{"@type":"ReadAction","target":["https:\/\/www.univates.br\/blog\/faculdade-presencial-ou-ead-qual-combina-mais-comigo-01\/"]}]},{"@type":"ImageObject","inLanguage":"pt-BR","@id":"https:\/\/www.univates.br\/blog\/faculdade-presencial-ou-ead-qual-combina-mais-comigo-01\/#primaryimage","url":"https:\/\/desenvolvimento.bravo.st\/univatesblog\/wp-content\/uploads\/2022\/05\/1573654156.2949-1.jpg","contentUrl":"https:\/\/desenvolvimento.bravo.st\/univatesblog\/wp-content\/uploads\/2022\/05\/1573654156.2949-1.jpg"},{"@type":"BreadcrumbList","@id":"https:\/\/www.univates.br\/blog\/faculdade-presencial-ou-ead-qual-combina-mais-comigo-01\/#breadcrumb","itemListElement":[{"@type":"ListItem","position":1,"name":"Home","item":"https:\/\/www.univates.br\/blog\/"},{"@type":"ListItem","position":2,"name":"Faculdade presencial ou EAD: qual combina mais comigo? &#8211; 01"}]},{"@type":"WebSite","@id":"https:\/\/www.univates.br\/blog\/#website","url":"https:\/\/www.univates.br\/blog\/","name":"Univates Blog","description":"","potentialAction":[{"@type":"SearchAction","target":{"@type":"EntryPoint","urlTemplate":"https:\/\/www.univates.br\/blog\/?s={search_term_string}"},"query-input":{"@type":"PropertyValueSpecification","valueRequired":true,"valueName":"search_term_string"}}],"inLanguage":"pt-BR"},{"@type":"Person","@id":"https:\/\/www.univates.br\/blog\/#\/schema\/person\/15c63917440cc5e70160c247b309af2f","name":"Marketing Univates","image":{"@type":"ImageObject","inLanguage":"pt-BR","@id":"https:\/\/secure.gravatar.com\/avatar\/511f9e77a6a3d0cddd9074f69a722364bc7f787e73d4a0da1f727ba62704eda4?s=96&d=mm&r=g","url":"https:\/\/secure.gravatar.com\/avatar\/511f9e77a6a3d0cddd9074f69a722364bc7f787e73d4a0da1f727ba62704eda4?s=96&d=mm&r=g","contentUrl":"https:\/\/secure.gravatar.com\/avatar\/511f9e77a6a3d0cddd9074f69a722364bc7f787e73d4a0da1f727ba62704eda4?s=96&d=mm&r=g","caption":"Marketing Univates"},"sameAs":["http:\/\/univates.br"],"url":"https:\/\/www.univates.br\/blog\/author\/marketing\/"}]}},"_links":{"self":[{"href":"https:\/\/www.univates.br\/blog\/wp-json\/wp\/v2\/posts\/950","targetHints":{"allow":["GET"]}}],"collection":[{"href":"https:\/\/www.univates.br\/blog\/wp-json\/wp\/v2\/posts"}],"about":[{"href":"https:\/\/www.univates.br\/blog\/wp-json\/wp\/v2\/types\/post"}],"author":[{"embeddable":true,"href":"https:\/\/www.univates.br\/blog\/wp-json\/wp\/v2\/users\/2"}],"replies":[{"embeddable":true,"href":"https:\/\/www.univates.br\/blog\/wp-json\/wp\/v2\/comments?post=950"}],"version-history":[{"count":8,"href":"https:\/\/www.univates.br\/blog\/wp-json\/wp\/v2\/posts\/950\/revisions"}],"predecessor-version":[{"id":5076,"href":"https:\/\/www.univates.br\/blog\/wp-json\/wp\/v2\/posts\/950\/revisions\/5076"}],"wp:attachment":[{"href":"https:\/\/www.univates.br\/blog\/wp-json\/wp\/v2\/media?parent=950"}],"wp:term":[{"taxonomy":"category","embeddable":true,"href":"https:\/\/www.univates.br\/blog\/wp-json\/wp\/v2\/categories?post=950"}],"curies":[{"name":"wp","href":"https:\/\/api.w.org\/{rel}","templated":true}]}}