{"id":958,"date":"2022-05-09T08:20:15","date_gmt":"2022-05-09T11:20:15","guid":{"rendered":"https:\/\/desenvolvimento.bravo.st\/univatesblog\/?p=958"},"modified":"2024-07-25T10:27:34","modified_gmt":"2024-07-25T13:27:34","slug":"estudos-e-trabalho-como-se-organizar","status":"publish","type":"post","link":"https:\/\/www.univates.br\/blog\/estudos-e-trabalho-como-se-organizar\/","title":{"rendered":"Estudos e trabalho: como se organizar?"},"content":{"rendered":"\n<p>Conciliar os estudos com o trabalho pode parecer um grande desafio. Mas voc\u00ea sabia que \u00e9 isso o que a maioria dos estudantes de gradua\u00e7\u00e3o faz? De acordo com o Censo da Educa\u00e7\u00e3o Superior de 2022, publicado pelo Minist\u00e9rio da Educa\u00e7\u00e3o (MEC), 64,3% dos estudantes de gradua\u00e7\u00e3o no Brasil est\u00e3o matriculados em cursos noturnos. Grande parte desse percentual se deve \u00e0 oportunidade de trabalhar ou fazer est\u00e1gio durante o dia. Al\u00e9m de contribuir para a renda da fam\u00edlia e ser uma forma de pagar a mensalidade, o trabalho ou est\u00e1gio pode ser a chance de colocar em pr\u00e1tica o conhecimento adquirido em sala de aula.<\/p>\n\n\n\n<p>Quer saber como se organizar para estudar mesmo estando no mercado de trabalho? Ent\u00e3o confira algumas dicas para equilibrar suas responsabilidades e <a href=\"https:\/\/www.univates.br\/blog\/\/como-aumentar-a-produtividade-nos-estudos\/\">aumentar sua produtividade<\/a>.<\/p>\n\n\n\n<p><a href=\"https:\/\/www.univates.br\/blog\/\/como-organizar-seu-dia-para-aumentar-sua-produtividade-nos-estudos\/\">Como organizar seu dia para aumentar sua produtividade nos estudos?<\/a><\/p>\n\n\n\n<p><a href=\"https:\/\/www.univates.br\/blog\/\/aplicativo-para-ajudar-nos-estudos\/\">7 aplicativos para ajudar nos estudos e otimizar a rotina<\/a><\/p>\n\n\n<div class=\"wp-block-image\">\n<figure class=\"aligncenter size-large\"><img loading=\"lazy\" decoding=\"async\" width=\"1920\" height=\"1280\" src=\"https:\/\/www.univates.br\/blog\/\/wp-content\/uploads\/2022\/05\/Imagens-posts-blog-20-1920x1280.jpg\" alt=\"\" class=\"wp-image-5687\" srcset=\"https:\/\/www.univates.br\/blog\/wp-content\/uploads\/2022\/05\/Imagens-posts-blog-20-1920x1280.jpg 1920w, https:\/\/www.univates.br\/blog\/wp-content\/uploads\/2022\/05\/Imagens-posts-blog-20-1200x800.jpg 1200w, https:\/\/www.univates.br\/blog\/wp-content\/uploads\/2022\/05\/Imagens-posts-blog-20-600x400.jpg 600w, https:\/\/www.univates.br\/blog\/wp-content\/uploads\/2022\/05\/Imagens-posts-blog-20-150x100.jpg 150w\" sizes=\"auto, (max-width: 1920px) 100vw, 1920px\" \/><figcaption class=\"wp-element-caption\">Foto: Divulga\u00e7\u00e3o Univates\/Vit\u00f3ria Giovanella<\/figcaption><\/figure>\n<\/div>\n\n\n<h2 class=\"wp-block-heading\"><strong>Planejamento \u00e9 a regra!&nbsp;<\/strong><\/h2>\n\n\n\n<p>O segredo para trabalhar, estudar e ainda aproveitar o tempo livre \u00e9 planejamento! Comece fazendo um cronograma semanal de atividades. Destaque aquelas que s\u00e3o fixas e os seus hor\u00e1rios livres.&nbsp;<br>Clique no <em>link<\/em> a seguir para baixar um cronograma de estudos feito especialmente para voc\u00ea.<\/p>\n\n\n\n<div class=\"bloco-gutenberg\">\n\n    <a href=\"https:\/\/materiais.univates.br\/planner-digital\" target=\"_blank\" class=\"guten-material\" style=\"background-color: #dd0180; color: #0a0a0a;\">\n                    <img decoding=\"async\" src=\"https:\/\/www.univates.br\/blog\/wp-content\/uploads\/2024\/07\/calendar.png\" loading=\"lazy\">\n                <div class=\"texto\">\n                            <span>Planner Digital Gratuito<\/span>\n                            <strong>Acessar Planner<\/strong>\n                    <\/div>\n    <\/a>\n    <\/div>\n\n\n<ul class=\"wp-block-list\">\n<li>Liste todas as atividades que voc\u00ea precisa fazer;&nbsp;<\/li>\n\n\n\n<li>Organize por ordem de prioridade: fa\u00e7a primeiro as atividades que s\u00e3o urgentes, depois as mais importantes e por \u00faltimo aquelas que voc\u00ea pode executar em um prazo maior;&nbsp;<\/li>\n\n\n\n<li>Distribua suas tarefas nos dias e hor\u00e1rios livres;&nbsp;<\/li>\n\n\n\n<li>Reserve alguns hor\u00e1rios para relaxar, assistir \u00e0 sua s\u00e9rie favorita ou ler um livro. Afinal, sua mente tamb\u00e9m precisa ser estimulada para encarar uma agenda cheia;&nbsp;<\/li>\n\n\n\n<li>Estabele\u00e7a hor\u00e1rios para dormir e acordar e cumpra-os rigorosamente. Seu corpo e sua mente precisam descansar.<\/li>\n<\/ul>\n\n\n\n<p><a href=\"https:\/\/www.univates.br\/blog\/\/dicas-para-montar-um-cronograma-de-estudos\/\">4 dicas para montar um cronograma de estudos&nbsp;<\/a><\/p>\n\n\n\n<div class=\"wp-block-media-text is-stacked-on-mobile\"><figure class=\"wp-block-media-text__media\"><img loading=\"lazy\" decoding=\"async\" width=\"1920\" height=\"1280\" src=\"https:\/\/www.univates.br\/blog\/\/wp-content\/uploads\/2022\/05\/Imagens-posts-blog-21-1920x1280.jpg\" alt=\"\" class=\"wp-image-5690 size-full\" srcset=\"https:\/\/www.univates.br\/blog\/wp-content\/uploads\/2022\/05\/Imagens-posts-blog-21-1920x1280.jpg 1920w, https:\/\/www.univates.br\/blog\/wp-content\/uploads\/2022\/05\/Imagens-posts-blog-21-1200x800.jpg 1200w, https:\/\/www.univates.br\/blog\/wp-content\/uploads\/2022\/05\/Imagens-posts-blog-21-600x400.jpg 600w, https:\/\/www.univates.br\/blog\/wp-content\/uploads\/2022\/05\/Imagens-posts-blog-21-150x100.jpg 150w\" sizes=\"auto, (max-width: 1920px) 100vw, 1920px\" \/><\/figure><div class=\"wp-block-media-text__content\">\n<p>Outra dica valiosa \u00e9 aproveitar bem seus momentos de estudo. Para isso, aprenda a estudar. Isso mesmo! Descubra <a href=\"https:\/\/www.univates.br\/blog\/\/metodos-de-estudo-incriveis\/\">t\u00e9cnicas de estudo<\/a> que lhe permitam aprender com mais facilidade, como elaborar mapas mentais para organizar a informa\u00e7\u00e3o. Elabore um plano de estudos, organizando suas provas, trabalhos e outras atividades que precisam ser realizadas, e tente fazer tudo com anteced\u00eancia. Lembre-se: estudar na v\u00e9spera de uma prova n\u00e3o \u00e9 estudar, \u00e9 revisar!<\/p>\n<\/div><\/div>\n\n\n\n<p>Quer saber mais? O livro \u201cVoc\u00ea sabe estudar?\u201d, de Cl\u00e1udio de Moura Castro, est\u00e1 dispon\u00edvel na Biblioteca Univates. #ficadica<\/p>\n\n\n\n<h2 class=\"wp-block-heading\"><strong>Conhe\u00e7a algumas op\u00e7\u00f5es de atividades remuneradas&nbsp;<\/strong><\/h2>\n\n\n\n<ul class=\"wp-block-list\">\n<li><strong>Trabalho formal:<\/strong> um trabalho formal \u00e9 aquele emprego com registro em carteira, que garante um sal\u00e1rio fixo todo m\u00eas e outros direitos, como f\u00e9rias, 13\u00ba sal\u00e1rio e dep\u00f3sitos no Fundo de Garantia por Tempo de Servi\u00e7o (FGTS). Tamb\u00e9m inclui contribui\u00e7\u00f5es sociais que garantem benef\u00edcios previdenci\u00e1rios se voc\u00ea n\u00e3o puder trabalhar ou que contam para sua aposentadoria no futuro.<\/li>\n<\/ul>\n\n\n\n<ul class=\"wp-block-list\">\n<li><strong>Trabalho informal:<\/strong> \u00e9 a atividade remunerada, mas sem contrato formal. Pode ser um trabalho que voc\u00ea presta para outra pessoa ou uma iniciativa sua para produzir algo que gere renda. Por exemplo: voc\u00ea pode trabalhar com a revenda de produtos de beleza, com servi\u00e7os de manuten\u00e7\u00e3o de resid\u00eancias ou desenvolver algum produto artesanal.<\/li>\n<\/ul>\n\n\n\n<ul class=\"wp-block-list\">\n<li><strong>Est\u00e1gio remunerado:<\/strong> \u00e9 uma oportunidade de realizar atividade remunerada na sua \u00e1rea de forma\u00e7\u00e3o. Geralmente \u00e9 o primeiro passo para entrar no mercado de trabalho ou para <a href=\"https:\/\/www.univates.br\/blog\/\/transicao-de-carreira-o-que-e-e-como-fazer\/\">mudar sua \u00e1rea de atua\u00e7\u00e3o<\/a> para alguma mais relacionada \u00e0 sua \u00e1rea de estudo. Os est\u00e1gios remunerados s\u00e3o regulados por legisla\u00e7\u00e3o pr\u00f3pria, que limita as atividades di\u00e1rias a seis horas e garante recesso remunerado, por exemplo. Saiba mais sobre est\u00e1gios clicando <a href=\"https:\/\/www.univates.br\/blog\/\/estagio\/\">aqui<\/a>.<\/li>\n<\/ul>\n\n\n\n<ul class=\"wp-block-list\">\n<li><strong>Bolsa de inicia\u00e7\u00e3o cient\u00edfica:<\/strong> \u00e9 uma op\u00e7\u00e3o de atividade para quem gosta de pesquisa e da \u00e1rea acad\u00eamica. Essa modalidade de bolsa oferece aos alunos de gradua\u00e7\u00e3o a oportunidade de participar de <a href=\"https:\/\/www.univates.br\/blog\/\/projeto-de-pesquisa-por-onde-comecar\/\">projetos de pesquisa<\/a> sob a orienta\u00e7\u00e3o de professores experientes. Al\u00e9m de oferecer uma introdu\u00e7\u00e3o pr\u00e1tica ao m\u00e9todo cient\u00edfico, a inicia\u00e7\u00e3o cient\u00edfica permite que os estudantes desenvolvam habilidades como an\u00e1lise de dados, <a href=\"https:\/\/www.univates.br\/blog\/\/escrita-academica-o-que-e-e-como-aprimorar\/\">escrita acad\u00eamica<\/a> e apresenta\u00e7\u00e3o de resultados.<\/li>\n<\/ul>\n\n\n\n<ul class=\"wp-block-list\">\n<li><strong>Bolsa de extens\u00e3o:<\/strong> segue a mesma ideia da bolsa de inicia\u00e7\u00e3o cient\u00edfica, por\u00e9m \u00e9 voltada para as atividades dos projetos de extens\u00e3o, n\u00e3o para a pesquisa. Os <a href=\"https:\/\/www.univates.br\/blog\/\/o-que-e-projeto-de-extensao\/\">projetos de extens\u00e3o<\/a> s\u00e3o aqueles em que a universidade interage com a comunidade e que t\u00eam car\u00e1ter educativo, social, cultural, cient\u00edfico ou tecnol\u00f3gico, ou seja, s\u00e3o atividades que promovem a responsabilidade social, o exerc\u00edcio cidad\u00e3o e envolvem estudantes, professores e comunidade.<\/li>\n<\/ul>\n\n\n\n<ul class=\"wp-block-list\">\n<li><strong>Voluntariado:<\/strong> \u00e9 uma oportunidade de aproveitar seu tempo livre para realizar atividades na sua \u00e1rea de estudo. Assim, voc\u00ea adquire experi\u00eancia e coloca em pr\u00e1tica o que v\u00ea em sala de aula. N\u00e3o \u00e9 uma atividade remunerada, mas pode ser uma chance de melhorar seu curr\u00edculo e, futuramente, ingressar no mercado de trabalho. Saiba mais sobre voluntariado clicando <a href=\"https:\/\/www.univates.br\/blog\/\/por-que-fazer-voluntariado\/\">aqui<\/a>.<\/li>\n<\/ul>\n\n\n\n<p>Equilibrar estudos e trabalho pode ser desafiador, mas, com planejamento e dedica\u00e7\u00e3o, \u00e9 poss\u00edvel alcan\u00e7ar seus objetivos. Lembre-se de que cada passo dado nessa jornada \u00e9 um investimento para o seu futuro. Continue focado e determinado, pois todo o seu esfor\u00e7o valer\u00e1 a pena!<\/p>\n","protected":false},"excerpt":{"rendered":"<p>Confira dicas para equilibrar suas responsabilidades e aumentar sua produtividade. <\/p>\n","protected":false},"author":2,"featured_media":0,"comment_status":"open","ping_status":"open","sticky":false,"template":"","format":"standard","meta":{"_acf_changed":false,"footnotes":""},"categories":[33,23],"class_list":["post-958","post","type-post","status-publish","format-standard","hentry","category-carreira","category-estudos","autor-nicole-moras"],"acf":[],"yoast_head":"<!-- This site is optimized with the Yoast SEO plugin v27.3 - https:\/\/yoast.com\/product\/yoast-seo-wordpress\/ -->\n<title>Estudos e trabalho: como se organizar? - Univates Blog<\/title>\n<meta name=\"description\" content=\"Estudos e trabalho: como se organizar? Confira dicas para equilibrar suas responsabilidades e aumentar sua produtividade.\" \/>\n<meta name=\"robots\" content=\"index, follow, max-snippet:-1, max-image-preview:large, max-video-preview:-1\" \/>\n<link rel=\"canonical\" href=\"https:\/\/www.univates.br\/blog\/estudos-e-trabalho-como-se-organizar\/\" \/>\n<meta property=\"og:locale\" content=\"pt_BR\" \/>\n<meta property=\"og:type\" content=\"article\" \/>\n<meta property=\"og:title\" content=\"Estudos e trabalho: como se organizar? - Univates Blog\" \/>\n<meta property=\"og:description\" content=\"Estudos e trabalho: como se organizar? Confira dicas para equilibrar suas responsabilidades e aumentar sua produtividade.\" \/>\n<meta property=\"og:url\" content=\"https:\/\/www.univates.br\/blog\/estudos-e-trabalho-como-se-organizar\/\" \/>\n<meta property=\"og:site_name\" content=\"Univates Blog\" \/>\n<meta property=\"article:published_time\" content=\"2022-05-09T11:20:15+00:00\" \/>\n<meta property=\"article:modified_time\" content=\"2024-07-25T13:27:34+00:00\" \/>\n<meta property=\"og:image\" content=\"https:\/\/www.univates.br\/blog\/\/wp-content\/uploads\/2022\/05\/Imagens-posts-blog-20-1920x1280.jpg\" \/>\n<meta name=\"author\" content=\"Marketing Univates\" \/>\n<meta name=\"twitter:card\" content=\"summary_large_image\" \/>\n<meta name=\"twitter:label1\" content=\"Escrito por\" \/>\n\t<meta name=\"twitter:data1\" content=\"Marketing Univates\" \/>\n\t<meta name=\"twitter:label2\" content=\"Est. tempo de leitura\" \/>\n\t<meta name=\"twitter:data2\" content=\"5 minutos\" \/>\n<script type=\"application\/ld+json\" class=\"yoast-schema-graph\">{\"@context\":\"https:\\\/\\\/schema.org\",\"@graph\":[{\"@type\":\"Article\",\"@id\":\"https:\\\/\\\/www.univates.br\\\/blog\\\/estudos-e-trabalho-como-se-organizar\\\/#article\",\"isPartOf\":{\"@id\":\"https:\\\/\\\/www.univates.br\\\/blog\\\/estudos-e-trabalho-como-se-organizar\\\/\"},\"author\":{\"name\":\"Marketing Univates\",\"@id\":\"https:\\\/\\\/www.univates.br\\\/blog\\\/#\\\/schema\\\/person\\\/15c63917440cc5e70160c247b309af2f\"},\"headline\":\"Estudos e trabalho: como se organizar?\",\"datePublished\":\"2022-05-09T11:20:15+00:00\",\"dateModified\":\"2024-07-25T13:27:34+00:00\",\"mainEntityOfPage\":{\"@id\":\"https:\\\/\\\/www.univates.br\\\/blog\\\/estudos-e-trabalho-como-se-organizar\\\/\"},\"wordCount\":898,\"commentCount\":0,\"image\":{\"@id\":\"https:\\\/\\\/www.univates.br\\\/blog\\\/estudos-e-trabalho-como-se-organizar\\\/#primaryimage\"},\"thumbnailUrl\":\"https:\\\/\\\/www.univates.br\\\/blog\\\/\\\/wp-content\\\/uploads\\\/2022\\\/05\\\/Imagens-posts-blog-20-1920x1280.jpg\",\"articleSection\":[\"Carreira\",\"Estudos\"],\"inLanguage\":\"pt-BR\",\"potentialAction\":[{\"@type\":\"CommentAction\",\"name\":\"Comment\",\"target\":[\"https:\\\/\\\/www.univates.br\\\/blog\\\/estudos-e-trabalho-como-se-organizar\\\/#respond\"]}]},{\"@type\":\"WebPage\",\"@id\":\"https:\\\/\\\/www.univates.br\\\/blog\\\/estudos-e-trabalho-como-se-organizar\\\/\",\"url\":\"https:\\\/\\\/www.univates.br\\\/blog\\\/estudos-e-trabalho-como-se-organizar\\\/\",\"name\":\"Estudos e trabalho: como se organizar? - Univates Blog\",\"isPartOf\":{\"@id\":\"https:\\\/\\\/www.univates.br\\\/blog\\\/#website\"},\"primaryImageOfPage\":{\"@id\":\"https:\\\/\\\/www.univates.br\\\/blog\\\/estudos-e-trabalho-como-se-organizar\\\/#primaryimage\"},\"image\":{\"@id\":\"https:\\\/\\\/www.univates.br\\\/blog\\\/estudos-e-trabalho-como-se-organizar\\\/#primaryimage\"},\"thumbnailUrl\":\"https:\\\/\\\/www.univates.br\\\/blog\\\/\\\/wp-content\\\/uploads\\\/2022\\\/05\\\/Imagens-posts-blog-20-1920x1280.jpg\",\"datePublished\":\"2022-05-09T11:20:15+00:00\",\"dateModified\":\"2024-07-25T13:27:34+00:00\",\"author\":{\"@id\":\"https:\\\/\\\/www.univates.br\\\/blog\\\/#\\\/schema\\\/person\\\/15c63917440cc5e70160c247b309af2f\"},\"description\":\"Estudos e trabalho: como se organizar? Confira dicas para equilibrar suas responsabilidades e aumentar sua produtividade.\",\"breadcrumb\":{\"@id\":\"https:\\\/\\\/www.univates.br\\\/blog\\\/estudos-e-trabalho-como-se-organizar\\\/#breadcrumb\"},\"inLanguage\":\"pt-BR\",\"potentialAction\":[{\"@type\":\"ReadAction\",\"target\":[\"https:\\\/\\\/www.univates.br\\\/blog\\\/estudos-e-trabalho-como-se-organizar\\\/\"]}]},{\"@type\":\"ImageObject\",\"inLanguage\":\"pt-BR\",\"@id\":\"https:\\\/\\\/www.univates.br\\\/blog\\\/estudos-e-trabalho-como-se-organizar\\\/#primaryimage\",\"url\":\"https:\\\/\\\/www.univates.br\\\/blog\\\/\\\/wp-content\\\/uploads\\\/2022\\\/05\\\/Imagens-posts-blog-20-1920x1280.jpg\",\"contentUrl\":\"https:\\\/\\\/www.univates.br\\\/blog\\\/\\\/wp-content\\\/uploads\\\/2022\\\/05\\\/Imagens-posts-blog-20-1920x1280.jpg\"},{\"@type\":\"BreadcrumbList\",\"@id\":\"https:\\\/\\\/www.univates.br\\\/blog\\\/estudos-e-trabalho-como-se-organizar\\\/#breadcrumb\",\"itemListElement\":[{\"@type\":\"ListItem\",\"position\":1,\"name\":\"Home\",\"item\":\"https:\\\/\\\/www.univates.br\\\/blog\\\/\"},{\"@type\":\"ListItem\",\"position\":2,\"name\":\"Estudos e trabalho: como se organizar?\"}]},{\"@type\":\"WebSite\",\"@id\":\"https:\\\/\\\/www.univates.br\\\/blog\\\/#website\",\"url\":\"https:\\\/\\\/www.univates.br\\\/blog\\\/\",\"name\":\"Univates Blog\",\"description\":\"\",\"potentialAction\":[{\"@type\":\"SearchAction\",\"target\":{\"@type\":\"EntryPoint\",\"urlTemplate\":\"https:\\\/\\\/www.univates.br\\\/blog\\\/?s={search_term_string}\"},\"query-input\":{\"@type\":\"PropertyValueSpecification\",\"valueRequired\":true,\"valueName\":\"search_term_string\"}}],\"inLanguage\":\"pt-BR\"},{\"@type\":\"Person\",\"@id\":\"https:\\\/\\\/www.univates.br\\\/blog\\\/#\\\/schema\\\/person\\\/15c63917440cc5e70160c247b309af2f\",\"name\":\"Marketing Univates\",\"image\":{\"@type\":\"ImageObject\",\"inLanguage\":\"pt-BR\",\"@id\":\"https:\\\/\\\/secure.gravatar.com\\\/avatar\\\/511f9e77a6a3d0cddd9074f69a722364bc7f787e73d4a0da1f727ba62704eda4?s=96&d=mm&r=g\",\"url\":\"https:\\\/\\\/secure.gravatar.com\\\/avatar\\\/511f9e77a6a3d0cddd9074f69a722364bc7f787e73d4a0da1f727ba62704eda4?s=96&d=mm&r=g\",\"contentUrl\":\"https:\\\/\\\/secure.gravatar.com\\\/avatar\\\/511f9e77a6a3d0cddd9074f69a722364bc7f787e73d4a0da1f727ba62704eda4?s=96&d=mm&r=g\",\"caption\":\"Marketing Univates\"},\"sameAs\":[\"http:\\\/\\\/univates.br\"],\"url\":\"https:\\\/\\\/www.univates.br\\\/blog\\\/author\\\/marketing\\\/\"}]}<\/script>\n<!-- \/ Yoast SEO plugin. -->","yoast_head_json":{"title":"Estudos e trabalho: como se organizar? - Univates Blog","description":"Estudos e trabalho: como se organizar? Confira dicas para equilibrar suas responsabilidades e aumentar sua produtividade.","robots":{"index":"index","follow":"follow","max-snippet":"max-snippet:-1","max-image-preview":"max-image-preview:large","max-video-preview":"max-video-preview:-1"},"canonical":"https:\/\/www.univates.br\/blog\/estudos-e-trabalho-como-se-organizar\/","og_locale":"pt_BR","og_type":"article","og_title":"Estudos e trabalho: como se organizar? - Univates Blog","og_description":"Estudos e trabalho: como se organizar? Confira dicas para equilibrar suas responsabilidades e aumentar sua produtividade.","og_url":"https:\/\/www.univates.br\/blog\/estudos-e-trabalho-como-se-organizar\/","og_site_name":"Univates Blog","article_published_time":"2022-05-09T11:20:15+00:00","article_modified_time":"2024-07-25T13:27:34+00:00","og_image":[{"url":"https:\/\/www.univates.br\/blog\/\/wp-content\/uploads\/2022\/05\/Imagens-posts-blog-20-1920x1280.jpg","type":"","width":"","height":""}],"author":"Marketing Univates","twitter_card":"summary_large_image","twitter_misc":{"Escrito por":"Marketing Univates","Est. tempo de leitura":"5 minutos"},"schema":{"@context":"https:\/\/schema.org","@graph":[{"@type":"Article","@id":"https:\/\/www.univates.br\/blog\/estudos-e-trabalho-como-se-organizar\/#article","isPartOf":{"@id":"https:\/\/www.univates.br\/blog\/estudos-e-trabalho-como-se-organizar\/"},"author":{"name":"Marketing Univates","@id":"https:\/\/www.univates.br\/blog\/#\/schema\/person\/15c63917440cc5e70160c247b309af2f"},"headline":"Estudos e trabalho: como se organizar?","datePublished":"2022-05-09T11:20:15+00:00","dateModified":"2024-07-25T13:27:34+00:00","mainEntityOfPage":{"@id":"https:\/\/www.univates.br\/blog\/estudos-e-trabalho-como-se-organizar\/"},"wordCount":898,"commentCount":0,"image":{"@id":"https:\/\/www.univates.br\/blog\/estudos-e-trabalho-como-se-organizar\/#primaryimage"},"thumbnailUrl":"https:\/\/www.univates.br\/blog\/\/wp-content\/uploads\/2022\/05\/Imagens-posts-blog-20-1920x1280.jpg","articleSection":["Carreira","Estudos"],"inLanguage":"pt-BR","potentialAction":[{"@type":"CommentAction","name":"Comment","target":["https:\/\/www.univates.br\/blog\/estudos-e-trabalho-como-se-organizar\/#respond"]}]},{"@type":"WebPage","@id":"https:\/\/www.univates.br\/blog\/estudos-e-trabalho-como-se-organizar\/","url":"https:\/\/www.univates.br\/blog\/estudos-e-trabalho-como-se-organizar\/","name":"Estudos e trabalho: como se organizar? - Univates Blog","isPartOf":{"@id":"https:\/\/www.univates.br\/blog\/#website"},"primaryImageOfPage":{"@id":"https:\/\/www.univates.br\/blog\/estudos-e-trabalho-como-se-organizar\/#primaryimage"},"image":{"@id":"https:\/\/www.univates.br\/blog\/estudos-e-trabalho-como-se-organizar\/#primaryimage"},"thumbnailUrl":"https:\/\/www.univates.br\/blog\/\/wp-content\/uploads\/2022\/05\/Imagens-posts-blog-20-1920x1280.jpg","datePublished":"2022-05-09T11:20:15+00:00","dateModified":"2024-07-25T13:27:34+00:00","author":{"@id":"https:\/\/www.univates.br\/blog\/#\/schema\/person\/15c63917440cc5e70160c247b309af2f"},"description":"Estudos e trabalho: como se organizar? Confira dicas para equilibrar suas responsabilidades e aumentar sua produtividade.","breadcrumb":{"@id":"https:\/\/www.univates.br\/blog\/estudos-e-trabalho-como-se-organizar\/#breadcrumb"},"inLanguage":"pt-BR","potentialAction":[{"@type":"ReadAction","target":["https:\/\/www.univates.br\/blog\/estudos-e-trabalho-como-se-organizar\/"]}]},{"@type":"ImageObject","inLanguage":"pt-BR","@id":"https:\/\/www.univates.br\/blog\/estudos-e-trabalho-como-se-organizar\/#primaryimage","url":"https:\/\/www.univates.br\/blog\/\/wp-content\/uploads\/2022\/05\/Imagens-posts-blog-20-1920x1280.jpg","contentUrl":"https:\/\/www.univates.br\/blog\/\/wp-content\/uploads\/2022\/05\/Imagens-posts-blog-20-1920x1280.jpg"},{"@type":"BreadcrumbList","@id":"https:\/\/www.univates.br\/blog\/estudos-e-trabalho-como-se-organizar\/#breadcrumb","itemListElement":[{"@type":"ListItem","position":1,"name":"Home","item":"https:\/\/www.univates.br\/blog\/"},{"@type":"ListItem","position":2,"name":"Estudos e trabalho: como se organizar?"}]},{"@type":"WebSite","@id":"https:\/\/www.univates.br\/blog\/#website","url":"https:\/\/www.univates.br\/blog\/","name":"Univates Blog","description":"","potentialAction":[{"@type":"SearchAction","target":{"@type":"EntryPoint","urlTemplate":"https:\/\/www.univates.br\/blog\/?s={search_term_string}"},"query-input":{"@type":"PropertyValueSpecification","valueRequired":true,"valueName":"search_term_string"}}],"inLanguage":"pt-BR"},{"@type":"Person","@id":"https:\/\/www.univates.br\/blog\/#\/schema\/person\/15c63917440cc5e70160c247b309af2f","name":"Marketing Univates","image":{"@type":"ImageObject","inLanguage":"pt-BR","@id":"https:\/\/secure.gravatar.com\/avatar\/511f9e77a6a3d0cddd9074f69a722364bc7f787e73d4a0da1f727ba62704eda4?s=96&d=mm&r=g","url":"https:\/\/secure.gravatar.com\/avatar\/511f9e77a6a3d0cddd9074f69a722364bc7f787e73d4a0da1f727ba62704eda4?s=96&d=mm&r=g","contentUrl":"https:\/\/secure.gravatar.com\/avatar\/511f9e77a6a3d0cddd9074f69a722364bc7f787e73d4a0da1f727ba62704eda4?s=96&d=mm&r=g","caption":"Marketing Univates"},"sameAs":["http:\/\/univates.br"],"url":"https:\/\/www.univates.br\/blog\/author\/marketing\/"}]}},"_links":{"self":[{"href":"https:\/\/www.univates.br\/blog\/wp-json\/wp\/v2\/posts\/958","targetHints":{"allow":["GET"]}}],"collection":[{"href":"https:\/\/www.univates.br\/blog\/wp-json\/wp\/v2\/posts"}],"about":[{"href":"https:\/\/www.univates.br\/blog\/wp-json\/wp\/v2\/types\/post"}],"author":[{"embeddable":true,"href":"https:\/\/www.univates.br\/blog\/wp-json\/wp\/v2\/users\/2"}],"replies":[{"embeddable":true,"href":"https:\/\/www.univates.br\/blog\/wp-json\/wp\/v2\/comments?post=958"}],"version-history":[{"count":14,"href":"https:\/\/www.univates.br\/blog\/wp-json\/wp\/v2\/posts\/958\/revisions"}],"predecessor-version":[{"id":5700,"href":"https:\/\/www.univates.br\/blog\/wp-json\/wp\/v2\/posts\/958\/revisions\/5700"}],"wp:attachment":[{"href":"https:\/\/www.univates.br\/blog\/wp-json\/wp\/v2\/media?parent=958"}],"wp:term":[{"taxonomy":"category","embeddable":true,"href":"https:\/\/www.univates.br\/blog\/wp-json\/wp\/v2\/categories?post=958"}],"curies":[{"name":"wp","href":"https:\/\/api.w.org\/{rel}","templated":true}]}}