{"id":975,"date":"2022-05-09T08:37:24","date_gmt":"2022-05-09T11:37:24","guid":{"rendered":"https:\/\/desenvolvimento.bravo.st\/univatesblog\/?p=975"},"modified":"2025-06-09T14:19:51","modified_gmt":"2025-06-09T17:19:51","slug":"sem-internet-em-casa-aluna-ead-frequenta-polo-da-nossa-universidade-para-estudar","status":"publish","type":"post","link":"https:\/\/www.univates.br\/blog\/sem-internet-em-casa-aluna-ead-frequenta-polo-da-nossa-universidade-para-estudar\/","title":{"rendered":"Sem internet em casa, aluna EAD frequenta polo da nossa Universidade para estudar"},"content":{"rendered":"\n<p>Solange Maria Seibel Pavan tem 30 anos e mora no interior de&nbsp;<strong>Carlos Barbosa<\/strong>&nbsp;com seu marido e sua filha de 5 anos. Com&nbsp;<strong>dificuldade para se deslocar a Lajeado<\/strong>, uma filha para cuidar e&nbsp;<strong>sem&nbsp;<em>internet<\/em>&nbsp;em casa<\/strong>, Solange pensou que n\u00e3o seria poss\u00edvel&nbsp;<strong>concluir uma faculdade<\/strong>. At\u00e9 2018, quando abriu o&nbsp;<strong>polo Univates EAD<\/strong>&nbsp;<strong>em Carlos Barbosa<\/strong>&nbsp;e \u201ctornou realidade o que at\u00e9 ent\u00e3o era sonho\u201d, conta a acad\u00eamica do&nbsp;<strong>curso de gradua\u00e7\u00e3o<\/strong>&nbsp;<a href=\"https:\/\/www.univates.br\/graduacao\/processos-gerenciais-ead\">Processos Gerenciais<\/a>&nbsp;<strong>a dist\u00e2ncia (EAD)<\/strong>.<br>&nbsp;<\/p>\n\n\n\n<p>Solange trabalha o dia todo como auxiliar de controle de estoque na Cooperativa Santa Clara. A partir das 18h ela se\u00a0<strong>dedica aos estudos<\/strong>.\u00a0<\/p>\n\n\n\n<figure class=\"wp-block-image size-full\"><img loading=\"lazy\" decoding=\"async\" width=\"729\" height=\"547\" src=\"https:\/\/desenvolvimento.bravo.st\/univatesblog\/wp-content\/uploads\/2022\/05\/1560886690.2141_300_300-1.jpg\" alt=\"\" class=\"wp-image-2050\" srcset=\"https:\/\/www.univates.br\/blog\/wp-content\/uploads\/2022\/05\/1560886690.2141_300_300-1.jpg 729w, https:\/\/www.univates.br\/blog\/wp-content\/uploads\/2022\/05\/1560886690.2141_300_300-1-600x450.jpg 600w, https:\/\/www.univates.br\/blog\/wp-content\/uploads\/2022\/05\/1560886690.2141_300_300-1-150x113.jpg 150w\" sizes=\"auto, (max-width: 729px) 100vw, 729px\" \/><figcaption>Foto: Divulga\u00e7\u00e3o<\/figcaption><\/figure>\n\n\n\n<p>A minha sorte \u00e9 que o polo est\u00e1 aberto at\u00e9 as 21h. Levo meu notebook para postar atividades no Ambiente Virtual ou baixar o conte\u00fado. Quando esque\u00e7o o computador, o polo empresta chromebook. \u00c0s vezes vou duas vezes por semana para l\u00e1, outras vezes mais. Sou amiga das meninas do atendimento e tomamos at\u00e9 chimarr\u00e3o juntascomenta Solange Maria Seibel Pavan, acad\u00eamica do curso de gradua\u00e7\u00e3o Processos Gerenciais a dist\u00e2ncia (EAD)<\/p>\n\n\n\n<p>De acordo com Solange, o&nbsp;<strong>curso de Processos Gerenciais<\/strong>&nbsp;abrange&nbsp;<strong>v\u00e1rias \u00e1reas<\/strong>. \u201cAl\u00e9m disso, o acompanhamento pedag\u00f3gico \u00e9 frequente, realizado pela equipe docente e tutorial por meio de&nbsp;<em>feedbacks<\/em>&nbsp;sobre os trabalhos, atividades de f\u00f3rum e d\u00favidas encaminhadas pelo&nbsp;<strong>ambiente virtual<\/strong>. As&nbsp;<strong>videoaulas<\/strong>&nbsp;s\u00e3o explicativas, e temos um grupo entre colegas no&nbsp;<em>WhatsApp<\/em>&nbsp;no qual solucionamos d\u00favidas\u201d, explica.<\/p>\n\n\n\n<h2 class=\"wp-block-heading\">Processos Gerenciais \u00e9 op\u00e7\u00e3o na EAD<\/h2>\n\n\n\n<div class=\"wp-block-media-text alignwide is-stacked-on-mobile\"><figure class=\"wp-block-media-text__media\"><img loading=\"lazy\" decoding=\"async\" width=\"291\" height=\"194\" src=\"https:\/\/desenvolvimento.bravo.st\/univatesblog\/wp-content\/uploads\/2022\/05\/1560886690.2987_300_300.jpg\" alt=\"\" class=\"wp-image-976 size-full\" srcset=\"https:\/\/www.univates.br\/blog\/wp-content\/uploads\/2022\/05\/1560886690.2987_300_300.jpg 291w, https:\/\/www.univates.br\/blog\/wp-content\/uploads\/2022\/05\/1560886690.2987_300_300-150x100.jpg 150w\" sizes=\"auto, (max-width: 291px) 100vw, 291px\" \/><\/figure><div class=\"wp-block-media-text__content\">\n<p>O\u00a0<strong>curso de<\/strong>\u00a0<a href=\"https:\/\/www.univates.br\/graduacao\/processos-gerenciais-ead\">Processos Gerenciais<\/a>\u00a0<strong>a dist\u00e2ncia (EAD)<\/strong>\u00a0da\u00a0<strong>Univates<\/strong>\u00a0est\u00e1 sendo oferecido no Vestibular. \u00c9 poss\u00edvel ingressar em um dos\u00a0<strong>17 cursos EAD da Institui\u00e7\u00e3o<\/strong>\u00a0com a nota do Exame Nacional do Ensino M\u00e9dio (Enem) desde 2009 ou aproveitar o resultado de um vestibular anterior da\u00a0<strong>Univates<\/strong>. Al\u00e9m disso, a\u00a0<strong>Univates<\/strong>\u00a0oferece\u00a0<strong>vagas em 36\u00a0cursos presenciais<\/strong>.<\/p>\n\n\n\n<p><em>(Foto: Tuane Eggers)<\/em><\/p>\n<\/div><\/div>\n\n\n\n<div class=\"bloco-gutenberg\">\n\n    <a href=\"https:\/\/materiais.univates.br\/mercado-de-trabalho-modalidade\" target=\"_blank\" class=\"guten-material\" style=\"background-color: #01e37f; color: #0a0a0a;\">\n                    <img decoding=\"async\" src=\"https:\/\/www.univates.br\/blog\/wp-content\/uploads\/2022\/05\/Design-sem-nome-4.png\" loading=\"lazy\">\n                <div class=\"texto\">\n                            <span>Descubra como se destacar no mercado de trabalho<\/span>\n                            <strong>Baixar e-book<\/strong>\n                    <\/div>\n    <\/a>\n    <\/div>\n\n\n<p>Outra&nbsp;<strong>op\u00e7\u00e3o<\/strong>&nbsp;que busca&nbsp;<strong>facilitar o processo de ingresso nos cursos<\/strong>&nbsp;&#8211;&nbsp;<strong>presenciais<\/strong>&nbsp;ou&nbsp;<strong>a dist\u00e2ncia<\/strong>&nbsp;&#8211; \u00e9 a&nbsp;<strong>realiza\u00e7\u00e3o de provas agendadas nos 17 polos da Univates<\/strong>. As inscri\u00e7\u00f5es para os&nbsp;<strong>cursos presenciais<\/strong>&nbsp;podem ser realizadas em&nbsp;<a href=\"https:\/\/www.univates.br\/vestibular\/inscricao?orig=gradnoti2019B\">univates.br\/vestibular\/inscricao<\/a>. Os que desejam realizar um&nbsp;<strong>curso EAD<\/strong>&nbsp;podem se inscrever no&nbsp;<em>link<\/em><a href=\"https:\/\/www.univates.br\/ead\/inscricao?orig=eadnoti2019AII\">univates.br\/ead\/inscricao<\/a>.<\/p>\n\n\n\n<p>Mais informa\u00e7\u00f5es podem ser obtidas pelo&nbsp;<em>e-mail<\/em><a href=\"mailto:vemprauni@univates.br\">vemprauni@univates.br<\/a>&nbsp;ou pelo telefone 0800 7 07 08 09.<\/p>\n","protected":false},"excerpt":{"rendered":"<p>Solange Maria Seibel Pavan tem 30 anos e mora no interior de&nbsp;Carlos Barbosa&nbsp;com seu marido e sua filha de 5 anos. Com&nbsp;dificuldade para se deslocar a Lajeado, uma filha para cuidar e&nbsp;sem&nbsp;internet&nbsp;em casa, Solange pensou que n\u00e3o seria poss\u00edvel&nbsp;concluir uma\u2026<\/p>\n","protected":false},"author":2,"featured_media":0,"comment_status":"open","ping_status":"open","sticky":false,"template":"","format":"standard","meta":{"_acf_changed":false,"footnotes":""},"categories":[28,7],"class_list":["post-975","post","type-post","status-publish","format-standard","hentry","category-graduacao-ead","category-univates","autor-natalia-bottoni"],"acf":[],"yoast_head":"<!-- This site is optimized with the Yoast SEO plugin v27.3 - https:\/\/yoast.com\/product\/yoast-seo-wordpress\/ -->\n<title>Sem internet em casa, aluna EAD frequenta polo da nossa Universidade para estudar - Univates Blog<\/title>\n<meta name=\"robots\" content=\"index, follow, max-snippet:-1, max-image-preview:large, max-video-preview:-1\" \/>\n<link rel=\"canonical\" href=\"https:\/\/www.univates.br\/blog\/sem-internet-em-casa-aluna-ead-frequenta-polo-da-nossa-universidade-para-estudar\/\" \/>\n<meta property=\"og:locale\" content=\"pt_BR\" \/>\n<meta property=\"og:type\" content=\"article\" \/>\n<meta property=\"og:title\" content=\"Sem internet em casa, aluna EAD frequenta polo da nossa Universidade para estudar - Univates Blog\" \/>\n<meta property=\"og:description\" content=\"Solange Maria Seibel Pavan tem 30 anos e mora no interior de&nbsp;Carlos Barbosa&nbsp;com seu marido e sua filha de 5 anos. Com&nbsp;dificuldade para se deslocar a Lajeado, uma filha para cuidar e&nbsp;sem&nbsp;internet&nbsp;em casa, Solange pensou que n\u00e3o seria poss\u00edvel&nbsp;concluir uma\u2026\" \/>\n<meta property=\"og:url\" content=\"https:\/\/www.univates.br\/blog\/sem-internet-em-casa-aluna-ead-frequenta-polo-da-nossa-universidade-para-estudar\/\" \/>\n<meta property=\"og:site_name\" content=\"Univates Blog\" \/>\n<meta property=\"article:published_time\" content=\"2022-05-09T11:37:24+00:00\" \/>\n<meta property=\"article:modified_time\" content=\"2025-06-09T17:19:51+00:00\" \/>\n<meta property=\"og:image\" content=\"https:\/\/desenvolvimento.bravo.st\/univatesblog\/wp-content\/uploads\/2022\/05\/1560886690.2141_300_300-1.jpg\" \/>\n<meta name=\"author\" content=\"Marketing Univates\" \/>\n<meta name=\"twitter:card\" content=\"summary_large_image\" \/>\n<meta name=\"twitter:label1\" content=\"Escrito por\" \/>\n\t<meta name=\"twitter:data1\" content=\"Marketing Univates\" \/>\n\t<meta name=\"twitter:label2\" content=\"Est. tempo de leitura\" \/>\n\t<meta name=\"twitter:data2\" content=\"3 minutos\" \/>\n<script type=\"application\/ld+json\" class=\"yoast-schema-graph\">{\"@context\":\"https:\\\/\\\/schema.org\",\"@graph\":[{\"@type\":\"Article\",\"@id\":\"https:\\\/\\\/www.univates.br\\\/blog\\\/sem-internet-em-casa-aluna-ead-frequenta-polo-da-nossa-universidade-para-estudar\\\/#article\",\"isPartOf\":{\"@id\":\"https:\\\/\\\/www.univates.br\\\/blog\\\/sem-internet-em-casa-aluna-ead-frequenta-polo-da-nossa-universidade-para-estudar\\\/\"},\"author\":{\"name\":\"Marketing Univates\",\"@id\":\"https:\\\/\\\/www.univates.br\\\/blog\\\/#\\\/schema\\\/person\\\/15c63917440cc5e70160c247b309af2f\"},\"headline\":\"Sem internet em casa, aluna EAD frequenta polo da nossa Universidade para estudar\",\"datePublished\":\"2022-05-09T11:37:24+00:00\",\"dateModified\":\"2025-06-09T17:19:51+00:00\",\"mainEntityOfPage\":{\"@id\":\"https:\\\/\\\/www.univates.br\\\/blog\\\/sem-internet-em-casa-aluna-ead-frequenta-polo-da-nossa-universidade-para-estudar\\\/\"},\"wordCount\":445,\"commentCount\":0,\"image\":{\"@id\":\"https:\\\/\\\/www.univates.br\\\/blog\\\/sem-internet-em-casa-aluna-ead-frequenta-polo-da-nossa-universidade-para-estudar\\\/#primaryimage\"},\"thumbnailUrl\":\"https:\\\/\\\/desenvolvimento.bravo.st\\\/univatesblog\\\/wp-content\\\/uploads\\\/2022\\\/05\\\/1560886690.2141_300_300-1.jpg\",\"articleSection\":[\"Gradua\u00e7\u00e3o EAD\",\"Univates\"],\"inLanguage\":\"pt-BR\",\"potentialAction\":[{\"@type\":\"CommentAction\",\"name\":\"Comment\",\"target\":[\"https:\\\/\\\/www.univates.br\\\/blog\\\/sem-internet-em-casa-aluna-ead-frequenta-polo-da-nossa-universidade-para-estudar\\\/#respond\"]}]},{\"@type\":\"WebPage\",\"@id\":\"https:\\\/\\\/www.univates.br\\\/blog\\\/sem-internet-em-casa-aluna-ead-frequenta-polo-da-nossa-universidade-para-estudar\\\/\",\"url\":\"https:\\\/\\\/www.univates.br\\\/blog\\\/sem-internet-em-casa-aluna-ead-frequenta-polo-da-nossa-universidade-para-estudar\\\/\",\"name\":\"Sem internet em casa, aluna EAD frequenta polo da nossa Universidade para estudar - Univates Blog\",\"isPartOf\":{\"@id\":\"https:\\\/\\\/www.univates.br\\\/blog\\\/#website\"},\"primaryImageOfPage\":{\"@id\":\"https:\\\/\\\/www.univates.br\\\/blog\\\/sem-internet-em-casa-aluna-ead-frequenta-polo-da-nossa-universidade-para-estudar\\\/#primaryimage\"},\"image\":{\"@id\":\"https:\\\/\\\/www.univates.br\\\/blog\\\/sem-internet-em-casa-aluna-ead-frequenta-polo-da-nossa-universidade-para-estudar\\\/#primaryimage\"},\"thumbnailUrl\":\"https:\\\/\\\/desenvolvimento.bravo.st\\\/univatesblog\\\/wp-content\\\/uploads\\\/2022\\\/05\\\/1560886690.2141_300_300-1.jpg\",\"datePublished\":\"2022-05-09T11:37:24+00:00\",\"dateModified\":\"2025-06-09T17:19:51+00:00\",\"author\":{\"@id\":\"https:\\\/\\\/www.univates.br\\\/blog\\\/#\\\/schema\\\/person\\\/15c63917440cc5e70160c247b309af2f\"},\"breadcrumb\":{\"@id\":\"https:\\\/\\\/www.univates.br\\\/blog\\\/sem-internet-em-casa-aluna-ead-frequenta-polo-da-nossa-universidade-para-estudar\\\/#breadcrumb\"},\"inLanguage\":\"pt-BR\",\"potentialAction\":[{\"@type\":\"ReadAction\",\"target\":[\"https:\\\/\\\/www.univates.br\\\/blog\\\/sem-internet-em-casa-aluna-ead-frequenta-polo-da-nossa-universidade-para-estudar\\\/\"]}]},{\"@type\":\"ImageObject\",\"inLanguage\":\"pt-BR\",\"@id\":\"https:\\\/\\\/www.univates.br\\\/blog\\\/sem-internet-em-casa-aluna-ead-frequenta-polo-da-nossa-universidade-para-estudar\\\/#primaryimage\",\"url\":\"https:\\\/\\\/desenvolvimento.bravo.st\\\/univatesblog\\\/wp-content\\\/uploads\\\/2022\\\/05\\\/1560886690.2141_300_300-1.jpg\",\"contentUrl\":\"https:\\\/\\\/desenvolvimento.bravo.st\\\/univatesblog\\\/wp-content\\\/uploads\\\/2022\\\/05\\\/1560886690.2141_300_300-1.jpg\"},{\"@type\":\"BreadcrumbList\",\"@id\":\"https:\\\/\\\/www.univates.br\\\/blog\\\/sem-internet-em-casa-aluna-ead-frequenta-polo-da-nossa-universidade-para-estudar\\\/#breadcrumb\",\"itemListElement\":[{\"@type\":\"ListItem\",\"position\":1,\"name\":\"Home\",\"item\":\"https:\\\/\\\/www.univates.br\\\/blog\\\/\"},{\"@type\":\"ListItem\",\"position\":2,\"name\":\"Sem internet em casa, aluna EAD frequenta polo da nossa Universidade para estudar\"}]},{\"@type\":\"WebSite\",\"@id\":\"https:\\\/\\\/www.univates.br\\\/blog\\\/#website\",\"url\":\"https:\\\/\\\/www.univates.br\\\/blog\\\/\",\"name\":\"Univates Blog\",\"description\":\"\",\"potentialAction\":[{\"@type\":\"SearchAction\",\"target\":{\"@type\":\"EntryPoint\",\"urlTemplate\":\"https:\\\/\\\/www.univates.br\\\/blog\\\/?s={search_term_string}\"},\"query-input\":{\"@type\":\"PropertyValueSpecification\",\"valueRequired\":true,\"valueName\":\"search_term_string\"}}],\"inLanguage\":\"pt-BR\"},{\"@type\":\"Person\",\"@id\":\"https:\\\/\\\/www.univates.br\\\/blog\\\/#\\\/schema\\\/person\\\/15c63917440cc5e70160c247b309af2f\",\"name\":\"Marketing Univates\",\"image\":{\"@type\":\"ImageObject\",\"inLanguage\":\"pt-BR\",\"@id\":\"https:\\\/\\\/secure.gravatar.com\\\/avatar\\\/511f9e77a6a3d0cddd9074f69a722364bc7f787e73d4a0da1f727ba62704eda4?s=96&d=mm&r=g\",\"url\":\"https:\\\/\\\/secure.gravatar.com\\\/avatar\\\/511f9e77a6a3d0cddd9074f69a722364bc7f787e73d4a0da1f727ba62704eda4?s=96&d=mm&r=g\",\"contentUrl\":\"https:\\\/\\\/secure.gravatar.com\\\/avatar\\\/511f9e77a6a3d0cddd9074f69a722364bc7f787e73d4a0da1f727ba62704eda4?s=96&d=mm&r=g\",\"caption\":\"Marketing Univates\"},\"sameAs\":[\"http:\\\/\\\/univates.br\"],\"url\":\"https:\\\/\\\/www.univates.br\\\/blog\\\/author\\\/marketing\\\/\"}]}<\/script>\n<!-- \/ Yoast SEO plugin. -->","yoast_head_json":{"title":"Sem internet em casa, aluna EAD frequenta polo da nossa Universidade para estudar - Univates Blog","robots":{"index":"index","follow":"follow","max-snippet":"max-snippet:-1","max-image-preview":"max-image-preview:large","max-video-preview":"max-video-preview:-1"},"canonical":"https:\/\/www.univates.br\/blog\/sem-internet-em-casa-aluna-ead-frequenta-polo-da-nossa-universidade-para-estudar\/","og_locale":"pt_BR","og_type":"article","og_title":"Sem internet em casa, aluna EAD frequenta polo da nossa Universidade para estudar - Univates Blog","og_description":"Solange Maria Seibel Pavan tem 30 anos e mora no interior de&nbsp;Carlos Barbosa&nbsp;com seu marido e sua filha de 5 anos. Com&nbsp;dificuldade para se deslocar a Lajeado, uma filha para cuidar e&nbsp;sem&nbsp;internet&nbsp;em casa, Solange pensou que n\u00e3o seria poss\u00edvel&nbsp;concluir uma\u2026","og_url":"https:\/\/www.univates.br\/blog\/sem-internet-em-casa-aluna-ead-frequenta-polo-da-nossa-universidade-para-estudar\/","og_site_name":"Univates Blog","article_published_time":"2022-05-09T11:37:24+00:00","article_modified_time":"2025-06-09T17:19:51+00:00","og_image":[{"url":"https:\/\/desenvolvimento.bravo.st\/univatesblog\/wp-content\/uploads\/2022\/05\/1560886690.2141_300_300-1.jpg","type":"","width":"","height":""}],"author":"Marketing Univates","twitter_card":"summary_large_image","twitter_misc":{"Escrito por":"Marketing Univates","Est. tempo de leitura":"3 minutos"},"schema":{"@context":"https:\/\/schema.org","@graph":[{"@type":"Article","@id":"https:\/\/www.univates.br\/blog\/sem-internet-em-casa-aluna-ead-frequenta-polo-da-nossa-universidade-para-estudar\/#article","isPartOf":{"@id":"https:\/\/www.univates.br\/blog\/sem-internet-em-casa-aluna-ead-frequenta-polo-da-nossa-universidade-para-estudar\/"},"author":{"name":"Marketing Univates","@id":"https:\/\/www.univates.br\/blog\/#\/schema\/person\/15c63917440cc5e70160c247b309af2f"},"headline":"Sem internet em casa, aluna EAD frequenta polo da nossa Universidade para estudar","datePublished":"2022-05-09T11:37:24+00:00","dateModified":"2025-06-09T17:19:51+00:00","mainEntityOfPage":{"@id":"https:\/\/www.univates.br\/blog\/sem-internet-em-casa-aluna-ead-frequenta-polo-da-nossa-universidade-para-estudar\/"},"wordCount":445,"commentCount":0,"image":{"@id":"https:\/\/www.univates.br\/blog\/sem-internet-em-casa-aluna-ead-frequenta-polo-da-nossa-universidade-para-estudar\/#primaryimage"},"thumbnailUrl":"https:\/\/desenvolvimento.bravo.st\/univatesblog\/wp-content\/uploads\/2022\/05\/1560886690.2141_300_300-1.jpg","articleSection":["Gradua\u00e7\u00e3o EAD","Univates"],"inLanguage":"pt-BR","potentialAction":[{"@type":"CommentAction","name":"Comment","target":["https:\/\/www.univates.br\/blog\/sem-internet-em-casa-aluna-ead-frequenta-polo-da-nossa-universidade-para-estudar\/#respond"]}]},{"@type":"WebPage","@id":"https:\/\/www.univates.br\/blog\/sem-internet-em-casa-aluna-ead-frequenta-polo-da-nossa-universidade-para-estudar\/","url":"https:\/\/www.univates.br\/blog\/sem-internet-em-casa-aluna-ead-frequenta-polo-da-nossa-universidade-para-estudar\/","name":"Sem internet em casa, aluna EAD frequenta polo da nossa Universidade para estudar - Univates Blog","isPartOf":{"@id":"https:\/\/www.univates.br\/blog\/#website"},"primaryImageOfPage":{"@id":"https:\/\/www.univates.br\/blog\/sem-internet-em-casa-aluna-ead-frequenta-polo-da-nossa-universidade-para-estudar\/#primaryimage"},"image":{"@id":"https:\/\/www.univates.br\/blog\/sem-internet-em-casa-aluna-ead-frequenta-polo-da-nossa-universidade-para-estudar\/#primaryimage"},"thumbnailUrl":"https:\/\/desenvolvimento.bravo.st\/univatesblog\/wp-content\/uploads\/2022\/05\/1560886690.2141_300_300-1.jpg","datePublished":"2022-05-09T11:37:24+00:00","dateModified":"2025-06-09T17:19:51+00:00","author":{"@id":"https:\/\/www.univates.br\/blog\/#\/schema\/person\/15c63917440cc5e70160c247b309af2f"},"breadcrumb":{"@id":"https:\/\/www.univates.br\/blog\/sem-internet-em-casa-aluna-ead-frequenta-polo-da-nossa-universidade-para-estudar\/#breadcrumb"},"inLanguage":"pt-BR","potentialAction":[{"@type":"ReadAction","target":["https:\/\/www.univates.br\/blog\/sem-internet-em-casa-aluna-ead-frequenta-polo-da-nossa-universidade-para-estudar\/"]}]},{"@type":"ImageObject","inLanguage":"pt-BR","@id":"https:\/\/www.univates.br\/blog\/sem-internet-em-casa-aluna-ead-frequenta-polo-da-nossa-universidade-para-estudar\/#primaryimage","url":"https:\/\/desenvolvimento.bravo.st\/univatesblog\/wp-content\/uploads\/2022\/05\/1560886690.2141_300_300-1.jpg","contentUrl":"https:\/\/desenvolvimento.bravo.st\/univatesblog\/wp-content\/uploads\/2022\/05\/1560886690.2141_300_300-1.jpg"},{"@type":"BreadcrumbList","@id":"https:\/\/www.univates.br\/blog\/sem-internet-em-casa-aluna-ead-frequenta-polo-da-nossa-universidade-para-estudar\/#breadcrumb","itemListElement":[{"@type":"ListItem","position":1,"name":"Home","item":"https:\/\/www.univates.br\/blog\/"},{"@type":"ListItem","position":2,"name":"Sem internet em casa, aluna EAD frequenta polo da nossa Universidade para estudar"}]},{"@type":"WebSite","@id":"https:\/\/www.univates.br\/blog\/#website","url":"https:\/\/www.univates.br\/blog\/","name":"Univates Blog","description":"","potentialAction":[{"@type":"SearchAction","target":{"@type":"EntryPoint","urlTemplate":"https:\/\/www.univates.br\/blog\/?s={search_term_string}"},"query-input":{"@type":"PropertyValueSpecification","valueRequired":true,"valueName":"search_term_string"}}],"inLanguage":"pt-BR"},{"@type":"Person","@id":"https:\/\/www.univates.br\/blog\/#\/schema\/person\/15c63917440cc5e70160c247b309af2f","name":"Marketing Univates","image":{"@type":"ImageObject","inLanguage":"pt-BR","@id":"https:\/\/secure.gravatar.com\/avatar\/511f9e77a6a3d0cddd9074f69a722364bc7f787e73d4a0da1f727ba62704eda4?s=96&d=mm&r=g","url":"https:\/\/secure.gravatar.com\/avatar\/511f9e77a6a3d0cddd9074f69a722364bc7f787e73d4a0da1f727ba62704eda4?s=96&d=mm&r=g","contentUrl":"https:\/\/secure.gravatar.com\/avatar\/511f9e77a6a3d0cddd9074f69a722364bc7f787e73d4a0da1f727ba62704eda4?s=96&d=mm&r=g","caption":"Marketing Univates"},"sameAs":["http:\/\/univates.br"],"url":"https:\/\/www.univates.br\/blog\/author\/marketing\/"}]}},"_links":{"self":[{"href":"https:\/\/www.univates.br\/blog\/wp-json\/wp\/v2\/posts\/975","targetHints":{"allow":["GET"]}}],"collection":[{"href":"https:\/\/www.univates.br\/blog\/wp-json\/wp\/v2\/posts"}],"about":[{"href":"https:\/\/www.univates.br\/blog\/wp-json\/wp\/v2\/types\/post"}],"author":[{"embeddable":true,"href":"https:\/\/www.univates.br\/blog\/wp-json\/wp\/v2\/users\/2"}],"replies":[{"embeddable":true,"href":"https:\/\/www.univates.br\/blog\/wp-json\/wp\/v2\/comments?post=975"}],"version-history":[{"count":8,"href":"https:\/\/www.univates.br\/blog\/wp-json\/wp\/v2\/posts\/975\/revisions"}],"predecessor-version":[{"id":5067,"href":"https:\/\/www.univates.br\/blog\/wp-json\/wp\/v2\/posts\/975\/revisions\/5067"}],"wp:attachment":[{"href":"https:\/\/www.univates.br\/blog\/wp-json\/wp\/v2\/media?parent=975"}],"wp:term":[{"taxonomy":"category","embeddable":true,"href":"https:\/\/www.univates.br\/blog\/wp-json\/wp\/v2\/categories?post=975"}],"curies":[{"name":"wp","href":"https:\/\/api.w.org\/{rel}","templated":true}]}}