{"id":979,"date":"2022-05-09T08:41:57","date_gmt":"2022-05-09T11:41:57","guid":{"rendered":"https:\/\/desenvolvimento.bravo.st\/univatesblog\/?p=979"},"modified":"2023-12-20T10:19:21","modified_gmt":"2023-12-20T13:19:21","slug":"gestao-na-pratica-experiencias-geram-conhecimentos-para-o-mercado-de-trabalho","status":"publish","type":"post","link":"https:\/\/www.univates.br\/blog\/gestao-na-pratica-experiencias-geram-conhecimentos-para-o-mercado-de-trabalho\/","title":{"rendered":"Gest\u00e3o na pr\u00e1tica: experi\u00eancias geram conhecimentos para o mercado de trabalho"},"content":{"rendered":"\n<p><strong>Ter viv\u00eancias em empresas \u00e9 essencial para os estudantes dos cursos do&nbsp;<\/strong><a href=\"https:\/\/www.univates.br\/institucional\/centros\/gestao-organizacional\">Centro de Gest\u00e3o Organizacional (CGO)<\/a><strong>&nbsp;da Univates.<\/strong>&nbsp;<strong>Experimentar na pr\u00e1tica o que \u00e9 visto na teoria<\/strong>&nbsp;significa passar por&nbsp;<strong>desafios reais<\/strong>&nbsp;que ser\u00e3o vistas pelos profissionais no&nbsp;<strong>dia a dia do mercado de trabalho<\/strong>&nbsp;posteriormente. Pensando nisso, v\u00e1rias disciplinas da&nbsp;<strong>Institui\u00e7\u00e3o<\/strong>&nbsp;proporcionam aos alunos da \u00e1rea o&nbsp;<strong>contato com organiza\u00e7\u00f5es<\/strong>, principalmente em parceria com as&nbsp;<a href=\"https:\/\/www.univates.br\/tecnovates\/empresas-vinculadas\">empresas vinculadas<\/a>&nbsp;ao&nbsp;<a href=\"https:\/\/www.univates.br\/tecnovates\/\">Parque Cient\u00edfico e Tecnol\u00f3gico do Vale do Taquari (Tecnovates)<\/a>.<\/p>\n\n\n\n<h2 class=\"wp-block-heading\">Confira alguns exemplos de atividades realizadas com os estudantes:<\/h2>\n\n\n\n<h2 class=\"wp-block-heading\">Internacionaliza\u00e7\u00e3o na pr\u00e1tica<\/h2>\n\n\n\n<div class=\"wp-block-media-text alignwide is-stacked-on-mobile\"><figure class=\"wp-block-media-text__media\"><img loading=\"lazy\" decoding=\"async\" width=\"291\" height=\"194\" src=\"https:\/\/desenvolvimento.bravo.st\/univatesblog\/wp-content\/uploads\/2022\/05\/1560366913.6868_300_300.jpg\" alt=\"\" class=\"wp-image-980 size-full\" srcset=\"https:\/\/www.univates.br\/blog\/wp-content\/uploads\/2022\/05\/1560366913.6868_300_300.jpg 291w, https:\/\/www.univates.br\/blog\/wp-content\/uploads\/2022\/05\/1560366913.6868_300_300-150x100.jpg 150w\" sizes=\"auto, (max-width: 291px) 100vw, 291px\" \/><\/figure><div class=\"wp-block-media-text__content\">\n<p>Entre elas est\u00e1 o trabalho desenvolvido na disciplina\u00a0<strong><em>Marketing<\/em>\u00a0Internacional<\/strong>\u00a0com a orienta\u00e7\u00e3o do professor Marlon Dalmoro. Os estudantes est\u00e3o realizando um\u00a0<strong>estudo de caso da empresa de pesquisa<\/strong>\u00a0e\u00a0<strong>desenvolvimento de\u00a0<em>softwares<\/em>\u00a0para gest\u00e3o corporativa\u00a0<em>Interact<\/em><\/strong>, de Lajeado.<\/p>\n\n\n\n<p><em>(Foto: Tuane Eggers)<\/em><\/p>\n<\/div><\/div>\n\n\n\n<p>Cinco grupos de acad\u00eamicos dos&nbsp;<strong>cursos de gradua\u00e7\u00e3o<\/strong>&nbsp;em&nbsp;<a href=\"https:\/\/www.univates.br\/graduacao\/comercio-exterior\">Com\u00e9rcio Exterior<\/a>&nbsp;e&nbsp;<a href=\"https:\/\/www.univates.br\/graduacao\/relacoes-internacionais\">Rela\u00e7\u00f5es Internacionais<\/a>&nbsp;s\u00e3o respons\u00e1veis pelas&nbsp;<strong>an\u00e1lises dos mercados<\/strong>&nbsp;da Argentina, Col\u00f4mbia e Peru, onde a&nbsp;<em><strong>Interact<\/strong><\/em>&nbsp;j\u00e1 atua, e Espanha e Portugal, pa\u00edses em prospec\u00e7\u00e3o. O objetivo \u00e9&nbsp;<strong>aplicar as metodologias estudadas na disciplina para produ\u00e7\u00e3o das an\u00e1lises de macroambiente empresarial com base em um caso real<\/strong>.<\/p>\n\n\n\n<blockquote class=\"wp-block-quote is-layout-flow wp-block-quote-is-layout-flow\"><p>&#8220;A Interact Bridges, instalada no Tecnovates, possibilitou a adequa\u00e7\u00e3o do modelo pedag\u00f3gico envolvendo uma empresa real, no qual a organiza\u00e7\u00e3o n\u00e3o s\u00f3 serve como exemplo mas participa de fato no desenvolvimento da atividade acad\u00eamica. Esse apoio da Interact visa justamente a somar esfor\u00e7os em projetos que unem internacionaliza\u00e7\u00e3o, pesquisa, mercado e ensino. Os gestores da empresa est\u00e3o dispostos a encarar o desafio de desenvolver atividades pedag\u00f3gicas que envolvem a empresa para que haja uma intera\u00e7\u00e3o entre alunos e os gestores da empresa ao longo do processo, o que facilita&#8221;, afirma Marlon Dalmoro, professor da disciplina de Marketing Internacional.<\/p><\/blockquote>\n\n\n\n<div class=\"bloco-gutenberg\">\n\n    <a href=\"https:\/\/materiais.univates.br\/com-que-curso-eu-vou-modalidade\" target=\"_blank\" class=\"guten-material\" style=\"background-color: #6b00e8; \">\n                    <img decoding=\"async\" src=\"https:\/\/www.univates.br\/blog\/wp-content\/uploads\/2022\/05\/Design-sem-nome-3.png\" loading=\"lazy\">\n                <div class=\"texto\">\n                            <span>Descubra seu perfil profissional e qual curso \u00e9 perfeito pra voc\u00ea<\/span>\n                            <strong>Baixar e-book<\/strong>\n                    <\/div>\n    <\/a>\n    <\/div>\n\n\n<p>Assim os alunos t\u00eam&nbsp;<strong>contato com a ger\u00eancia da \u00e1rea internacional da&nbsp;<em>Interact<\/em><\/strong>,&nbsp;<strong>elaborando estrat\u00e9gias para a empresa nos diferentes mercados<\/strong>. De acordo com o professor, as atividades pedag\u00f3gicas que envolvem&nbsp;<strong>atividades de transforma\u00e7\u00e3o da realidade<\/strong>&nbsp;s\u00e3o sempre mais instigantes aos alunos, pois permitem que eles desenvolvam&nbsp;<strong>algo com um prop\u00f3sito final<\/strong>. \u201cN\u00e3o se trata apenas de obter aprova\u00e7\u00e3o ou se apropriar de determinado conhecimento. \u00c9&nbsp;<strong>se testar e se experimentar<\/strong>&nbsp;<strong>enquanto gestor de&nbsp;<em>marketing<\/em>&nbsp;internacional<\/strong>&nbsp;e, principalmente, ao final da atividade, entregar o resultado obtido para algu\u00e9m que pode fazer uso disso\u201d, garante.&nbsp;<\/p>\n\n\n\n<p>O estudante do&nbsp;<strong>curso de gradua\u00e7\u00e3o<\/strong>&nbsp;de Rela\u00e7\u00f5es Internacionais da&nbsp;<strong>Univates<\/strong>&nbsp;Lucas Ghilardi Saatkamp faz parte da a\u00e7\u00e3o. \u201c\u00c9 enriquecedor vivenciar uma situa\u00e7\u00e3o real daquilo que se aprende em sala de aula e receber&nbsp;<em>feedback<\/em>&nbsp;do diretor internacional da organiza\u00e7\u00e3o. Sem d\u00favidas&nbsp;<strong>a\u00e7\u00f5es assim d\u00e3o bagagem para qualquer aluno no mercado de trabalho<\/strong>, al\u00e9m de proporcionar&nbsp;<em>networking<\/em>&nbsp;com a empresa estudada\u201d, aponta o acad\u00eamico.&nbsp;&nbsp;<\/p>\n\n\n\n<p>Para Dalmoro, expor os estudantes a casos e dificuldades reais permite uma&nbsp;<strong>forma\u00e7\u00e3o acad\u00eamica muitos mais rica<\/strong>. \u201cEles s\u00e3o preparados n\u00e3o apenas para a operacionaliza\u00e7\u00e3o das fun\u00e7\u00f5es de&nbsp;<em>marketing<\/em>&nbsp;internacional, mas tamb\u00e9m&nbsp;<strong>vivenciam dificuldades reais<\/strong>. Por mais que tenham experi\u00eancias profissionais pr\u00e9vias e atividades pr\u00e1ticas ao longo do curso, a inclus\u00e3o de atividades como essa permite-lhes experienciar um universo ao qual n\u00e3o est\u00e3o acostumados: outra empresa, outras ferramentas, interagir com outras pessoas\u201d, conclui.<\/p>\n\n\n\n<p><a href=\"https:\/\/www.univates.br\/noticia\/25544-objetivos-do-desenvolvimento-sustentavel-da-onu-sao-tema-de-oficinas-em-escolas-da-regiao\">Objetivos do Desenvolvimento Sustent\u00e1vel da ONU s\u00e3o tema de oficinas em escolas da regi\u00e3o<\/a><\/p>\n\n\n\n<figure class=\"wp-block-image size-full\"><img loading=\"lazy\" decoding=\"async\" width=\"729\" height=\"486\" src=\"https:\/\/desenvolvimento.bravo.st\/univatesblog\/wp-content\/uploads\/2022\/05\/1560366913.8833_300_300.jpg\" alt=\"\" class=\"wp-image-2053\" srcset=\"https:\/\/www.univates.br\/blog\/wp-content\/uploads\/2022\/05\/1560366913.8833_300_300.jpg 729w, https:\/\/www.univates.br\/blog\/wp-content\/uploads\/2022\/05\/1560366913.8833_300_300-600x400.jpg 600w, https:\/\/www.univates.br\/blog\/wp-content\/uploads\/2022\/05\/1560366913.8833_300_300-150x100.jpg 150w\" sizes=\"auto, (max-width: 729px) 100vw, 729px\" \/><figcaption>Foto: Tuane Eggers<\/figcaption><\/figure>\n\n\n\n<h2 class=\"wp-block-heading\">\u201cTempestade de ideias\u201d<\/h2>\n\n\n\n<p>O termo&nbsp;<em><strong>brainstorming<\/strong><\/em>&nbsp;\u00e9 utilizado como uma&nbsp;<strong>t\u00e9cnica para resolver problemas espec\u00edficos de uma empresa<\/strong>,&nbsp;<strong>desenvolver ideias ou estimular a criatividade de profissionais<\/strong>&nbsp;para a&nbsp;<strong>solu\u00e7\u00e3o de dificuldades<\/strong>. Tamb\u00e9m chamado de \u201c<strong>tempestade de ideias<\/strong>\u201d, esse m\u00e9todo foi usado pelos estudantes da disciplina Fundamentos de&nbsp;<em>Marketing&nbsp;<\/em>ao realizar um trabalho de&nbsp;<em>marketing<\/em>&nbsp;com a empresa&nbsp;<em>Retta<\/em>, incubada do&nbsp;<strong>Tecnovates<\/strong>. Atuante como f\u00e1brica de&nbsp;<em>software<\/em>, a empresa demandou dos alunos explorar potencialidades de um&nbsp;<em>software<\/em>&nbsp;de vendas espec\u00edfico que est\u00e1 sendo desenvolvido pela organiza\u00e7\u00e3o. Os&nbsp;<strong>cursos de ensino superior<\/strong>&nbsp;participantes dessa disciplina s\u00e3o:&nbsp;<a href=\"https:\/\/www.univates.br\/graduacao\/gestao-financeira\">Gest\u00e3o Financeira<\/a>,&nbsp;<a href=\"https:\/\/www.univates.br\/graduacao\/logistica\">Log\u00edstica<\/a>,&nbsp;<a href=\"https:\/\/www.univates.br\/graduacao\/comercio-exterior\">Com\u00e9rcio Exterior<\/a>,&nbsp;<a href=\"https:\/\/www.univates.br\/graduacao\/publicidade-e-propaganda\">Publicidade e Propaganda<\/a>,&nbsp;<a href=\"https:\/\/www.univates.br\/graduacao\/administracao-de-empresas\">Administra\u00e7\u00e3o de Empresas<\/a>,&nbsp;<a href=\"https:\/\/www.univates.br\/graduacao\/tecnologia-de-gestao-de-micro-e-pequenas-empresas\">Gest\u00e3o de Micro e Pequenas Empresas<\/a>,&nbsp;<a href=\"https:\/\/www.univates.br\/graduacao\/engenharia-de-producao\">Engenharia de Produ\u00e7\u00e3o<\/a>,&nbsp;<a href=\"https:\/\/www.univates.br\/graduacao\/jornalismo\">Jornalismo<\/a>,&nbsp;<a href=\"https:\/\/www.univates.br\/graduacao\/tecnologia-em-gastronomia\">Gastronomia<\/a>&nbsp;e&nbsp;<a href=\"https:\/\/www.univates.br\/graduacao\/engenharia-civil\">Engenharia Civil<\/a>.<\/p>\n\n\n\n<h2 class=\"wp-block-heading\">Plano de marketing<\/h2>\n\n\n\n<figure class=\"wp-block-image size-full\"><img loading=\"lazy\" decoding=\"async\" width=\"729\" height=\"486\" src=\"https:\/\/desenvolvimento.bravo.st\/univatesblog\/wp-content\/uploads\/2022\/05\/1560366911.6022_300_300.jpg\" alt=\"\" class=\"wp-image-2054\" srcset=\"https:\/\/www.univates.br\/blog\/wp-content\/uploads\/2022\/05\/1560366911.6022_300_300.jpg 729w, https:\/\/www.univates.br\/blog\/wp-content\/uploads\/2022\/05\/1560366911.6022_300_300-600x400.jpg 600w, https:\/\/www.univates.br\/blog\/wp-content\/uploads\/2022\/05\/1560366911.6022_300_300-150x100.jpg 150w\" sizes=\"auto, (max-width: 729px) 100vw, 729px\" \/><figcaption>Foto: Tuane Eggers<\/figcaption><\/figure>\n\n\n\n<p>Outro projeto, que est\u00e1 sendo feito na disciplina Estrat\u00e9gias de&nbsp;<em>Marketing<\/em>, consiste em&nbsp;<strong>elaborar um plano de&nbsp;<em>marketing<\/em><\/strong>&nbsp;para outro&nbsp;<em>software<\/em>&nbsp;que a&nbsp;<em>Retta<\/em>&nbsp;criou. Para tal, um grupo de alunos, incluindo uma intercambista da Col\u00f4mbia que atualmente trabalha na empresa, est\u00e1 usando como&nbsp;<strong>metodologia<\/strong>&nbsp;a ferramenta&nbsp;<em>Swot<\/em>, utilizada como base para&nbsp;<strong>gest\u00e3o e planejamento estrat\u00e9gico de uma organiza\u00e7\u00e3o<\/strong>, a fim de identificar&nbsp;<strong>oportunidades<\/strong>,&nbsp;<strong>amea\u00e7as<\/strong>,&nbsp;<strong>pontos fracos e fortes<\/strong>&nbsp;da empresa. A partir da an\u00e1lise, os acad\u00eamicos ir\u00e3o sugerir&nbsp;<strong>a\u00e7\u00f5es de&nbsp;<em>marketing<\/em><\/strong>&nbsp;para aproveitar e potencializar as&nbsp;<strong>oportunidades<\/strong>&nbsp;e&nbsp;<strong>pontos fortes<\/strong>&nbsp;do neg\u00f3cio e diminuir ou eliminar as&nbsp;<strong>amea\u00e7as<\/strong>&nbsp;e os&nbsp;<strong>pontos fracos<\/strong>. Os&nbsp;<strong>cursos de gradua\u00e7\u00e3o<\/strong>&nbsp;participantes dessa disciplina s\u00e3o:&nbsp;<a href=\"https:\/\/www.univates.br\/graduacao\/tecnologia-de-gestao-de-micro-e-pequenas-empresas\">Gest\u00e3o de Micro e Pequenas Empresas<\/a>,&nbsp;<a href=\"https:\/\/www.univates.br\/graduacao\/administracao-de-empresas\">Administra\u00e7\u00e3o de Empresas<\/a>,&nbsp;<a href=\"https:\/\/www.univates.br\/graduacao\/logistica\">Log\u00edstica<\/a>,&nbsp;<a href=\"https:\/\/www.univates.br\/graduacao\/engenharia-mecanica\">Engenharia Mec\u00e2nica<\/a>,&nbsp;<a href=\"https:\/\/www.univates.br\/graduacao\/arquitetura-e-urbanismo\">Arquitetura e Urbanismo<\/a>,&nbsp;<a href=\"https:\/\/www.univates.br\/graduacao\/publicidade-e-propaganda\">Publicidade e Propaganda<\/a>.&nbsp;<\/p>\n\n\n\n<p>\u201cEssas atividades s\u00e3o maravilhosas para os estudantes\u201d, declara a professora das disciplinas, Lizete Berr\u00e1. \u201cNa medida em que eles&nbsp;<strong>conciliam teoria e pr\u00e1tica<\/strong>&nbsp;com&nbsp;<em>cases<\/em>&nbsp;de empresas reais, sugerem&nbsp;<strong>a\u00e7\u00f5es como resposta \u00e0s demandas<\/strong>. \u00c9 uma forma de perceberem o proveito pr\u00e1tico dos conhecimentos adquiridos. Nas disciplinas dos&nbsp;<strong>cursos<\/strong>&nbsp;<strong>do CGO<\/strong>&nbsp;cada vez mais esse tipo de a\u00e7\u00e3o tem espa\u00e7o. \u00c9 uma parceria entre&nbsp;<strong>Tecnovates<\/strong>&nbsp;e&nbsp;<strong>cursos de gradua\u00e7\u00e3o<\/strong>&nbsp;em que os dois ganham, afinal s\u00e3o solu\u00e7\u00f5es apresentadas por acad\u00eamicos que estudam essas&nbsp;<strong>demandas<\/strong>, com orienta\u00e7\u00e3o de um docente da \u00e1rea\u201d, informa.<a href=\"https:\/\/materiais.univates.br\/e-book-saiba-qual-profissao-e-a-sua-cara\" target=\"_blank\" rel=\"noreferrer noopener\"><\/a><\/p>\n\n\n\n<h2 class=\"wp-block-heading\">Viv\u00eancia em Gest\u00e3o<\/h2>\n\n\n\n<div class=\"wp-block-media-text alignwide is-stacked-on-mobile\"><figure class=\"wp-block-media-text__media\"><img loading=\"lazy\" decoding=\"async\" width=\"291\" height=\"194\" src=\"https:\/\/desenvolvimento.bravo.st\/univatesblog\/wp-content\/uploads\/2022\/05\/1560366911.8102_300_300.jpg\" alt=\"\" class=\"wp-image-981 size-full\" srcset=\"https:\/\/www.univates.br\/blog\/wp-content\/uploads\/2022\/05\/1560366911.8102_300_300.jpg 291w, https:\/\/www.univates.br\/blog\/wp-content\/uploads\/2022\/05\/1560366911.8102_300_300-150x100.jpg 150w\" sizes=\"auto, (max-width: 291px) 100vw, 291px\" \/><\/figure><div class=\"wp-block-media-text__content\">\n<p>Ofertada aos\u00a0<strong>cursos<\/strong>\u00a0<strong>do CGO<\/strong>, a disciplina Viv\u00eancia em Gest\u00e3o, como o nome j\u00e1 diz, pretende\u00a0<strong>aprimorar os conhecimentos te\u00f3ricos na pr\u00e1tica<\/strong>. Neste semestre alunos dos\u00a0<strong>cursos<\/strong>\u00a0de\u00a0<a href=\"https:\/\/www.univates.br\/graduacao\/gestao-financeira\">Gest\u00e3o Financeira<\/a>,\u00a0<a href=\"https:\/\/www.univates.br\/graduacao\/logistica\">Log\u00edstica<\/a>\u00a0e\u00a0<a href=\"https:\/\/www.univates.br\/graduacao\/tecnologia-de-gestao-de-micro-e-pequenas-empresas\">Gest\u00e3o de Micro e Pequenas Empresas<\/a>\u00a0da\u00a0<strong>Univates<\/strong>\u00a0est\u00e3o realizando uma\u00a0<strong>atividade de interven\u00e7\u00e3o<\/strong>\u00a0nas empresas Agrado Integral e Pr\u00f3-Bios, incubadas no\u00a0<strong>Tecnovates<\/strong>.<\/p>\n\n\n\n<p><em>(Foto: Tuane Eggers)<\/em><\/p>\n<\/div><\/div>\n\n\n\n<p>A partir dos objetivos propostos por organiza\u00e7\u00e3o, os estudantes&nbsp;<strong>fizeram um diagn\u00f3stico e propuseram uma solu\u00e7\u00e3o<\/strong>&nbsp;por empresa. As etapas dessa a\u00e7\u00e3o permitiram que os alunos tivessem&nbsp;<strong>contato com pesquisa<\/strong>,&nbsp;<strong>ensino<\/strong>&nbsp;<strong>e extens\u00e3o<\/strong>&nbsp;<strong>de forma integrada<\/strong>. De acordo com os professores Samuel Martim de Conto e Gabriel Machado Braido, ao contr\u00e1rio de alguns&nbsp;<strong>cursos<\/strong>&nbsp;que t\u00eam laborat\u00f3rios e est\u00fadios espec\u00edficos nos quais os acad\u00eamicos exercitam a pr\u00e1tica, \u201cos laborat\u00f3rios dos&nbsp;<strong>cursos<\/strong>&nbsp;<strong>do CGO<\/strong>&nbsp;s\u00e3o as pr\u00f3prias empresas\u201d.&nbsp;<\/p>\n\n\n\n<p>A disciplina Viv\u00eancia em Gest\u00e3o tamb\u00e9m possibilita a&nbsp;<a href=\"https:\/\/www.univates.br\/noticia\/24778-imersao-no-exterior-e-uma-das-oportunidades-ofertadas-aos-alunos-da-area-de-gestao-da-univates\">imers\u00e3o em realidades diferentes do Vale do Taquari em uma viagem de estudos<\/a>, na qual s\u00e3o feitas&nbsp;<strong>visitas t\u00e9cnicas a empresas<\/strong>&nbsp;do local de destino.<\/p>\n","protected":false},"excerpt":{"rendered":"<p>Ter viv\u00eancias em empresas \u00e9 essencial para os estudantes dos cursos do&nbsp;Centro de Gest\u00e3o Organizacional (CGO)&nbsp;da Univates.&nbsp;Experimentar na pr\u00e1tica o que \u00e9 visto na teoria&nbsp;significa passar por&nbsp;desafios reais&nbsp;que ser\u00e3o vistas pelos profissionais no&nbsp;dia a dia do mercado de trabalho&nbsp;posteriormente. Pensando\u2026<\/p>\n","protected":false},"author":2,"featured_media":0,"comment_status":"open","ping_status":"open","sticky":false,"template":"","format":"standard","meta":{"_acf_changed":false,"footnotes":""},"categories":[33],"class_list":["post-979","post","type-post","status-publish","format-standard","hentry","category-carreira","autor-natalia-bottoni","area-gestao"],"acf":[],"yoast_head":"<!-- This site is optimized with the Yoast SEO plugin v27.3 - https:\/\/yoast.com\/product\/yoast-seo-wordpress\/ -->\n<title>Gest\u00e3o na pr\u00e1tica: experi\u00eancias geram conhecimentos para o mercado de trabalho - Univates Blog<\/title>\n<meta name=\"robots\" content=\"index, follow, max-snippet:-1, max-image-preview:large, max-video-preview:-1\" \/>\n<link rel=\"canonical\" href=\"https:\/\/www.univates.br\/blog\/gestao-na-pratica-experiencias-geram-conhecimentos-para-o-mercado-de-trabalho\/\" \/>\n<meta property=\"og:locale\" content=\"pt_BR\" \/>\n<meta property=\"og:type\" content=\"article\" \/>\n<meta property=\"og:title\" content=\"Gest\u00e3o na pr\u00e1tica: experi\u00eancias geram conhecimentos para o mercado de trabalho - Univates Blog\" \/>\n<meta property=\"og:description\" content=\"Ter viv\u00eancias em empresas \u00e9 essencial para os estudantes dos cursos do&nbsp;Centro de Gest\u00e3o Organizacional (CGO)&nbsp;da Univates.&nbsp;Experimentar na pr\u00e1tica o que \u00e9 visto na teoria&nbsp;significa passar por&nbsp;desafios reais&nbsp;que ser\u00e3o vistas pelos profissionais no&nbsp;dia a dia do mercado de trabalho&nbsp;posteriormente. Pensando\u2026\" \/>\n<meta property=\"og:url\" content=\"https:\/\/www.univates.br\/blog\/gestao-na-pratica-experiencias-geram-conhecimentos-para-o-mercado-de-trabalho\/\" \/>\n<meta property=\"og:site_name\" content=\"Univates Blog\" \/>\n<meta property=\"article:published_time\" content=\"2022-05-09T11:41:57+00:00\" \/>\n<meta property=\"article:modified_time\" content=\"2023-12-20T13:19:21+00:00\" \/>\n<meta property=\"og:image\" content=\"https:\/\/desenvolvimento.bravo.st\/univatesblog\/wp-content\/uploads\/2022\/05\/1560366913.6868_300_300.jpg\" \/>\n<meta name=\"author\" content=\"Marketing Univates\" \/>\n<meta name=\"twitter:card\" content=\"summary_large_image\" \/>\n<meta name=\"twitter:label1\" content=\"Escrito por\" \/>\n\t<meta name=\"twitter:data1\" content=\"Marketing Univates\" \/>\n\t<meta name=\"twitter:label2\" content=\"Est. tempo de leitura\" \/>\n\t<meta name=\"twitter:data2\" content=\"7 minutos\" \/>\n<script type=\"application\/ld+json\" class=\"yoast-schema-graph\">{\"@context\":\"https:\\\/\\\/schema.org\",\"@graph\":[{\"@type\":\"Article\",\"@id\":\"https:\\\/\\\/www.univates.br\\\/blog\\\/gestao-na-pratica-experiencias-geram-conhecimentos-para-o-mercado-de-trabalho\\\/#article\",\"isPartOf\":{\"@id\":\"https:\\\/\\\/www.univates.br\\\/blog\\\/gestao-na-pratica-experiencias-geram-conhecimentos-para-o-mercado-de-trabalho\\\/\"},\"author\":{\"name\":\"Marketing Univates\",\"@id\":\"https:\\\/\\\/www.univates.br\\\/blog\\\/#\\\/schema\\\/person\\\/15c63917440cc5e70160c247b309af2f\"},\"headline\":\"Gest\u00e3o na pr\u00e1tica: experi\u00eancias geram conhecimentos para o mercado de trabalho\",\"datePublished\":\"2022-05-09T11:41:57+00:00\",\"dateModified\":\"2023-12-20T13:19:21+00:00\",\"mainEntityOfPage\":{\"@id\":\"https:\\\/\\\/www.univates.br\\\/blog\\\/gestao-na-pratica-experiencias-geram-conhecimentos-para-o-mercado-de-trabalho\\\/\"},\"wordCount\":1353,\"commentCount\":0,\"image\":{\"@id\":\"https:\\\/\\\/www.univates.br\\\/blog\\\/gestao-na-pratica-experiencias-geram-conhecimentos-para-o-mercado-de-trabalho\\\/#primaryimage\"},\"thumbnailUrl\":\"https:\\\/\\\/desenvolvimento.bravo.st\\\/univatesblog\\\/wp-content\\\/uploads\\\/2022\\\/05\\\/1560366913.6868_300_300.jpg\",\"articleSection\":[\"Carreira\"],\"inLanguage\":\"pt-BR\",\"potentialAction\":[{\"@type\":\"CommentAction\",\"name\":\"Comment\",\"target\":[\"https:\\\/\\\/www.univates.br\\\/blog\\\/gestao-na-pratica-experiencias-geram-conhecimentos-para-o-mercado-de-trabalho\\\/#respond\"]}]},{\"@type\":\"WebPage\",\"@id\":\"https:\\\/\\\/www.univates.br\\\/blog\\\/gestao-na-pratica-experiencias-geram-conhecimentos-para-o-mercado-de-trabalho\\\/\",\"url\":\"https:\\\/\\\/www.univates.br\\\/blog\\\/gestao-na-pratica-experiencias-geram-conhecimentos-para-o-mercado-de-trabalho\\\/\",\"name\":\"Gest\u00e3o na pr\u00e1tica: experi\u00eancias geram conhecimentos para o mercado de trabalho - Univates Blog\",\"isPartOf\":{\"@id\":\"https:\\\/\\\/www.univates.br\\\/blog\\\/#website\"},\"primaryImageOfPage\":{\"@id\":\"https:\\\/\\\/www.univates.br\\\/blog\\\/gestao-na-pratica-experiencias-geram-conhecimentos-para-o-mercado-de-trabalho\\\/#primaryimage\"},\"image\":{\"@id\":\"https:\\\/\\\/www.univates.br\\\/blog\\\/gestao-na-pratica-experiencias-geram-conhecimentos-para-o-mercado-de-trabalho\\\/#primaryimage\"},\"thumbnailUrl\":\"https:\\\/\\\/desenvolvimento.bravo.st\\\/univatesblog\\\/wp-content\\\/uploads\\\/2022\\\/05\\\/1560366913.6868_300_300.jpg\",\"datePublished\":\"2022-05-09T11:41:57+00:00\",\"dateModified\":\"2023-12-20T13:19:21+00:00\",\"author\":{\"@id\":\"https:\\\/\\\/www.univates.br\\\/blog\\\/#\\\/schema\\\/person\\\/15c63917440cc5e70160c247b309af2f\"},\"breadcrumb\":{\"@id\":\"https:\\\/\\\/www.univates.br\\\/blog\\\/gestao-na-pratica-experiencias-geram-conhecimentos-para-o-mercado-de-trabalho\\\/#breadcrumb\"},\"inLanguage\":\"pt-BR\",\"potentialAction\":[{\"@type\":\"ReadAction\",\"target\":[\"https:\\\/\\\/www.univates.br\\\/blog\\\/gestao-na-pratica-experiencias-geram-conhecimentos-para-o-mercado-de-trabalho\\\/\"]}]},{\"@type\":\"ImageObject\",\"inLanguage\":\"pt-BR\",\"@id\":\"https:\\\/\\\/www.univates.br\\\/blog\\\/gestao-na-pratica-experiencias-geram-conhecimentos-para-o-mercado-de-trabalho\\\/#primaryimage\",\"url\":\"https:\\\/\\\/desenvolvimento.bravo.st\\\/univatesblog\\\/wp-content\\\/uploads\\\/2022\\\/05\\\/1560366913.6868_300_300.jpg\",\"contentUrl\":\"https:\\\/\\\/desenvolvimento.bravo.st\\\/univatesblog\\\/wp-content\\\/uploads\\\/2022\\\/05\\\/1560366913.6868_300_300.jpg\"},{\"@type\":\"BreadcrumbList\",\"@id\":\"https:\\\/\\\/www.univates.br\\\/blog\\\/gestao-na-pratica-experiencias-geram-conhecimentos-para-o-mercado-de-trabalho\\\/#breadcrumb\",\"itemListElement\":[{\"@type\":\"ListItem\",\"position\":1,\"name\":\"Home\",\"item\":\"https:\\\/\\\/www.univates.br\\\/blog\\\/\"},{\"@type\":\"ListItem\",\"position\":2,\"name\":\"Gest\u00e3o na pr\u00e1tica: experi\u00eancias geram conhecimentos para o mercado de trabalho\"}]},{\"@type\":\"WebSite\",\"@id\":\"https:\\\/\\\/www.univates.br\\\/blog\\\/#website\",\"url\":\"https:\\\/\\\/www.univates.br\\\/blog\\\/\",\"name\":\"Univates Blog\",\"description\":\"\",\"potentialAction\":[{\"@type\":\"SearchAction\",\"target\":{\"@type\":\"EntryPoint\",\"urlTemplate\":\"https:\\\/\\\/www.univates.br\\\/blog\\\/?s={search_term_string}\"},\"query-input\":{\"@type\":\"PropertyValueSpecification\",\"valueRequired\":true,\"valueName\":\"search_term_string\"}}],\"inLanguage\":\"pt-BR\"},{\"@type\":\"Person\",\"@id\":\"https:\\\/\\\/www.univates.br\\\/blog\\\/#\\\/schema\\\/person\\\/15c63917440cc5e70160c247b309af2f\",\"name\":\"Marketing Univates\",\"image\":{\"@type\":\"ImageObject\",\"inLanguage\":\"pt-BR\",\"@id\":\"https:\\\/\\\/secure.gravatar.com\\\/avatar\\\/511f9e77a6a3d0cddd9074f69a722364bc7f787e73d4a0da1f727ba62704eda4?s=96&d=mm&r=g\",\"url\":\"https:\\\/\\\/secure.gravatar.com\\\/avatar\\\/511f9e77a6a3d0cddd9074f69a722364bc7f787e73d4a0da1f727ba62704eda4?s=96&d=mm&r=g\",\"contentUrl\":\"https:\\\/\\\/secure.gravatar.com\\\/avatar\\\/511f9e77a6a3d0cddd9074f69a722364bc7f787e73d4a0da1f727ba62704eda4?s=96&d=mm&r=g\",\"caption\":\"Marketing Univates\"},\"sameAs\":[\"http:\\\/\\\/univates.br\"],\"url\":\"https:\\\/\\\/www.univates.br\\\/blog\\\/author\\\/marketing\\\/\"}]}<\/script>\n<!-- \/ Yoast SEO plugin. -->","yoast_head_json":{"title":"Gest\u00e3o na pr\u00e1tica: experi\u00eancias geram conhecimentos para o mercado de trabalho - Univates Blog","robots":{"index":"index","follow":"follow","max-snippet":"max-snippet:-1","max-image-preview":"max-image-preview:large","max-video-preview":"max-video-preview:-1"},"canonical":"https:\/\/www.univates.br\/blog\/gestao-na-pratica-experiencias-geram-conhecimentos-para-o-mercado-de-trabalho\/","og_locale":"pt_BR","og_type":"article","og_title":"Gest\u00e3o na pr\u00e1tica: experi\u00eancias geram conhecimentos para o mercado de trabalho - Univates Blog","og_description":"Ter viv\u00eancias em empresas \u00e9 essencial para os estudantes dos cursos do&nbsp;Centro de Gest\u00e3o Organizacional (CGO)&nbsp;da Univates.&nbsp;Experimentar na pr\u00e1tica o que \u00e9 visto na teoria&nbsp;significa passar por&nbsp;desafios reais&nbsp;que ser\u00e3o vistas pelos profissionais no&nbsp;dia a dia do mercado de trabalho&nbsp;posteriormente. Pensando\u2026","og_url":"https:\/\/www.univates.br\/blog\/gestao-na-pratica-experiencias-geram-conhecimentos-para-o-mercado-de-trabalho\/","og_site_name":"Univates Blog","article_published_time":"2022-05-09T11:41:57+00:00","article_modified_time":"2023-12-20T13:19:21+00:00","og_image":[{"url":"https:\/\/desenvolvimento.bravo.st\/univatesblog\/wp-content\/uploads\/2022\/05\/1560366913.6868_300_300.jpg","type":"","width":"","height":""}],"author":"Marketing Univates","twitter_card":"summary_large_image","twitter_misc":{"Escrito por":"Marketing Univates","Est. tempo de leitura":"7 minutos"},"schema":{"@context":"https:\/\/schema.org","@graph":[{"@type":"Article","@id":"https:\/\/www.univates.br\/blog\/gestao-na-pratica-experiencias-geram-conhecimentos-para-o-mercado-de-trabalho\/#article","isPartOf":{"@id":"https:\/\/www.univates.br\/blog\/gestao-na-pratica-experiencias-geram-conhecimentos-para-o-mercado-de-trabalho\/"},"author":{"name":"Marketing Univates","@id":"https:\/\/www.univates.br\/blog\/#\/schema\/person\/15c63917440cc5e70160c247b309af2f"},"headline":"Gest\u00e3o na pr\u00e1tica: experi\u00eancias geram conhecimentos para o mercado de trabalho","datePublished":"2022-05-09T11:41:57+00:00","dateModified":"2023-12-20T13:19:21+00:00","mainEntityOfPage":{"@id":"https:\/\/www.univates.br\/blog\/gestao-na-pratica-experiencias-geram-conhecimentos-para-o-mercado-de-trabalho\/"},"wordCount":1353,"commentCount":0,"image":{"@id":"https:\/\/www.univates.br\/blog\/gestao-na-pratica-experiencias-geram-conhecimentos-para-o-mercado-de-trabalho\/#primaryimage"},"thumbnailUrl":"https:\/\/desenvolvimento.bravo.st\/univatesblog\/wp-content\/uploads\/2022\/05\/1560366913.6868_300_300.jpg","articleSection":["Carreira"],"inLanguage":"pt-BR","potentialAction":[{"@type":"CommentAction","name":"Comment","target":["https:\/\/www.univates.br\/blog\/gestao-na-pratica-experiencias-geram-conhecimentos-para-o-mercado-de-trabalho\/#respond"]}]},{"@type":"WebPage","@id":"https:\/\/www.univates.br\/blog\/gestao-na-pratica-experiencias-geram-conhecimentos-para-o-mercado-de-trabalho\/","url":"https:\/\/www.univates.br\/blog\/gestao-na-pratica-experiencias-geram-conhecimentos-para-o-mercado-de-trabalho\/","name":"Gest\u00e3o na pr\u00e1tica: experi\u00eancias geram conhecimentos para o mercado de trabalho - Univates Blog","isPartOf":{"@id":"https:\/\/www.univates.br\/blog\/#website"},"primaryImageOfPage":{"@id":"https:\/\/www.univates.br\/blog\/gestao-na-pratica-experiencias-geram-conhecimentos-para-o-mercado-de-trabalho\/#primaryimage"},"image":{"@id":"https:\/\/www.univates.br\/blog\/gestao-na-pratica-experiencias-geram-conhecimentos-para-o-mercado-de-trabalho\/#primaryimage"},"thumbnailUrl":"https:\/\/desenvolvimento.bravo.st\/univatesblog\/wp-content\/uploads\/2022\/05\/1560366913.6868_300_300.jpg","datePublished":"2022-05-09T11:41:57+00:00","dateModified":"2023-12-20T13:19:21+00:00","author":{"@id":"https:\/\/www.univates.br\/blog\/#\/schema\/person\/15c63917440cc5e70160c247b309af2f"},"breadcrumb":{"@id":"https:\/\/www.univates.br\/blog\/gestao-na-pratica-experiencias-geram-conhecimentos-para-o-mercado-de-trabalho\/#breadcrumb"},"inLanguage":"pt-BR","potentialAction":[{"@type":"ReadAction","target":["https:\/\/www.univates.br\/blog\/gestao-na-pratica-experiencias-geram-conhecimentos-para-o-mercado-de-trabalho\/"]}]},{"@type":"ImageObject","inLanguage":"pt-BR","@id":"https:\/\/www.univates.br\/blog\/gestao-na-pratica-experiencias-geram-conhecimentos-para-o-mercado-de-trabalho\/#primaryimage","url":"https:\/\/desenvolvimento.bravo.st\/univatesblog\/wp-content\/uploads\/2022\/05\/1560366913.6868_300_300.jpg","contentUrl":"https:\/\/desenvolvimento.bravo.st\/univatesblog\/wp-content\/uploads\/2022\/05\/1560366913.6868_300_300.jpg"},{"@type":"BreadcrumbList","@id":"https:\/\/www.univates.br\/blog\/gestao-na-pratica-experiencias-geram-conhecimentos-para-o-mercado-de-trabalho\/#breadcrumb","itemListElement":[{"@type":"ListItem","position":1,"name":"Home","item":"https:\/\/www.univates.br\/blog\/"},{"@type":"ListItem","position":2,"name":"Gest\u00e3o na pr\u00e1tica: experi\u00eancias geram conhecimentos para o mercado de trabalho"}]},{"@type":"WebSite","@id":"https:\/\/www.univates.br\/blog\/#website","url":"https:\/\/www.univates.br\/blog\/","name":"Univates Blog","description":"","potentialAction":[{"@type":"SearchAction","target":{"@type":"EntryPoint","urlTemplate":"https:\/\/www.univates.br\/blog\/?s={search_term_string}"},"query-input":{"@type":"PropertyValueSpecification","valueRequired":true,"valueName":"search_term_string"}}],"inLanguage":"pt-BR"},{"@type":"Person","@id":"https:\/\/www.univates.br\/blog\/#\/schema\/person\/15c63917440cc5e70160c247b309af2f","name":"Marketing Univates","image":{"@type":"ImageObject","inLanguage":"pt-BR","@id":"https:\/\/secure.gravatar.com\/avatar\/511f9e77a6a3d0cddd9074f69a722364bc7f787e73d4a0da1f727ba62704eda4?s=96&d=mm&r=g","url":"https:\/\/secure.gravatar.com\/avatar\/511f9e77a6a3d0cddd9074f69a722364bc7f787e73d4a0da1f727ba62704eda4?s=96&d=mm&r=g","contentUrl":"https:\/\/secure.gravatar.com\/avatar\/511f9e77a6a3d0cddd9074f69a722364bc7f787e73d4a0da1f727ba62704eda4?s=96&d=mm&r=g","caption":"Marketing Univates"},"sameAs":["http:\/\/univates.br"],"url":"https:\/\/www.univates.br\/blog\/author\/marketing\/"}]}},"_links":{"self":[{"href":"https:\/\/www.univates.br\/blog\/wp-json\/wp\/v2\/posts\/979","targetHints":{"allow":["GET"]}}],"collection":[{"href":"https:\/\/www.univates.br\/blog\/wp-json\/wp\/v2\/posts"}],"about":[{"href":"https:\/\/www.univates.br\/blog\/wp-json\/wp\/v2\/types\/post"}],"author":[{"embeddable":true,"href":"https:\/\/www.univates.br\/blog\/wp-json\/wp\/v2\/users\/2"}],"replies":[{"embeddable":true,"href":"https:\/\/www.univates.br\/blog\/wp-json\/wp\/v2\/comments?post=979"}],"version-history":[{"count":5,"href":"https:\/\/www.univates.br\/blog\/wp-json\/wp\/v2\/posts\/979\/revisions"}],"predecessor-version":[{"id":2056,"href":"https:\/\/www.univates.br\/blog\/wp-json\/wp\/v2\/posts\/979\/revisions\/2056"}],"wp:attachment":[{"href":"https:\/\/www.univates.br\/blog\/wp-json\/wp\/v2\/media?parent=979"}],"wp:term":[{"taxonomy":"category","embeddable":true,"href":"https:\/\/www.univates.br\/blog\/wp-json\/wp\/v2\/categories?post=979"}],"curies":[{"name":"wp","href":"https:\/\/api.w.org\/{rel}","templated":true}]}}