{"id":995,"date":"2022-05-09T09:03:31","date_gmt":"2022-05-09T12:03:31","guid":{"rendered":"https:\/\/desenvolvimento.bravo.st\/univatesblog\/?p=995"},"modified":"2023-12-20T14:06:08","modified_gmt":"2023-12-20T17:06:08","slug":"aluno-de-design-cria-proposta-de-sinalizacao-para-deficientes-visuais","status":"publish","type":"post","link":"https:\/\/www.univates.br\/blog\/aluno-de-design-cria-proposta-de-sinalizacao-para-deficientes-visuais\/","title":{"rendered":"Aluno de Design cria proposta de sinaliza\u00e7\u00e3o para deficientes visuais"},"content":{"rendered":"\n<p>Voc\u00ea sabia que \u00e9 poss\u00edvel&nbsp;<strong>fazer o bem<\/strong>&nbsp;e&nbsp;<strong>transformar vidas<\/strong>&nbsp;estando na&nbsp;<strong>universidade<\/strong>? Olha que bacana o que nosso diplomado de&nbsp;<a href=\"https:\/\/www.univates.br\/graduacao\/design\">Design<\/a>&nbsp;Josu\u00e9 Pereira Dias realizou em seu&nbsp;<strong>Trabalho de Conclus\u00e3o de Curso (TCC)<\/strong>.<\/p>\n\n\n\n<p>Com o objetivo de&nbsp;<strong>auxiliar deficientes visuais no deslocamento em ambientes escolares<\/strong>, Josu\u00e9 realizou um&nbsp;<strong>projeto de sinal\u00e9tica<\/strong>&nbsp;para esse p\u00fablico. O&nbsp;<strong>TCC<\/strong>&nbsp;\u201c<strong>Projeto<\/strong>&nbsp;de&nbsp;<strong>sinal\u00e9tica<\/strong>&nbsp;para&nbsp;<strong>deficientes visuais<\/strong>&nbsp;focado em escolas de Ensino Fundamental e M\u00e9dio\u201d apresenta um&nbsp;<strong>tema com vi\u00e9s social<\/strong>&nbsp;para trabalhar com a&nbsp;<strong>sinaliza\u00e7\u00e3o de ambientes<\/strong>, uma maneira mais simples de entender o termo&nbsp;<strong>sinal\u00e9tica<\/strong>. O estudo teve a orienta\u00e7\u00e3o do professor Bruno da Silva Teixeira.<\/p>\n\n\n\n<p>A diferen\u00e7a entre a&nbsp;<strong>sinaliza\u00e7\u00e3o urbana<\/strong>&nbsp;e a&nbsp;<strong>sinal\u00e9tica<\/strong>&nbsp;\u00e9 que a primeira \u00e9&nbsp;<strong>voltada para a comunica\u00e7\u00e3o vi\u00e1ria e do tr\u00e2nsito<\/strong>, baseada em acordos internacionais de pa\u00edses, a fim de organizar, controlar e torn\u00e1-lo seguro. J\u00e1 a&nbsp;<strong>sinal\u00e9tica<\/strong>&nbsp;\u00e9 a&nbsp;<strong>comunica\u00e7\u00e3o ambiental espec\u00edfica<\/strong>, diferente em cada caso e que desempenha a fun\u00e7\u00e3o de&nbsp;<strong>tornar o espa\u00e7o entend\u00edvel<\/strong>&nbsp;principalmente onde se presta algum tipo de servi\u00e7o.<\/p>\n\n\n\n<p>O&nbsp;<strong>projeto<\/strong>&nbsp;traz uma&nbsp;<strong>sinal\u00e9tica<\/strong>&nbsp;que permite ao usu\u00e1rio a&nbsp;<strong>associa\u00e7\u00e3o r\u00e1pida e intuitiva<\/strong>, sem que ele dependa de uma segunda pessoa para auxili\u00e1-lo a realizar determinada atividade. Foi usada uma&nbsp;<strong>linguagem simples<\/strong>&nbsp;e de acordo com a realidade desses indiv\u00edduos, n\u00e3o havendo a necessidade de um estudo pr\u00e9vio para entender a&nbsp;<strong>sinal\u00e9tica<\/strong>&nbsp;desenvolvida.<\/p>\n\n\n\n<h2 class=\"wp-block-heading\">Entenda a pesquisa<\/h2>\n\n\n\n<p>Dados de 2015 do Instituto Brasileiro de Geografia e Estat\u00edstica (IBGE) indicam que&nbsp; 6,2% da popula\u00e7\u00e3o brasileira t\u00eam algum tipo de&nbsp;<strong>defici\u00eancia<\/strong>&nbsp;&#8211; resultado revelado por meio da Pesquisa Nacional da Sa\u00fade (PNS, 2013) em parceria com o Minist\u00e9rio da Sa\u00fade. Foram levados em considera\u00e7\u00e3o quatro tipos de&nbsp;<strong>defici\u00eancia<\/strong>: auditiva,&nbsp;<strong>visual<\/strong>, f\u00edsica e intelectual. A que inclui um n\u00famero mais significativo de brasileiros \u00e9 a&nbsp;<strong>visual<\/strong>, chegando a 3,6% da popula\u00e7\u00e3o. A&nbsp;<strong>pesquisa<\/strong>&nbsp;revela ainda que a maioria das pessoas que t\u00eam&nbsp;<strong>defici\u00eancia<\/strong>&nbsp;<strong>visual<\/strong>&nbsp;est\u00e1 na regi\u00e3o Sul do Brasil (5,4%).<\/p>\n\n\n\n<div class=\"wp-block-media-text alignwide is-stacked-on-mobile\"><figure class=\"wp-block-media-text__media\"><img loading=\"lazy\" decoding=\"async\" width=\"291\" height=\"283\" src=\"https:\/\/desenvolvimento.bravo.st\/univatesblog\/wp-content\/uploads\/2022\/05\/1558028929.4119_300_300.jpg\" alt=\"\" class=\"wp-image-996 size-full\" srcset=\"https:\/\/www.univates.br\/blog\/wp-content\/uploads\/2022\/05\/1558028929.4119_300_300.jpg 291w, https:\/\/www.univates.br\/blog\/wp-content\/uploads\/2022\/05\/1558028929.4119_300_300-150x146.jpg 150w\" sizes=\"auto, (max-width: 291px) 100vw, 291px\" \/><\/figure><div class=\"wp-block-media-text__content\">\n<blockquote class=\"wp-block-quote is-layout-flow wp-block-quote-is-layout-flow\"><p>&#8220;Apesar de saber que as pessoas que t\u00eam alguma defici\u00eancia disp\u00f5em de direitos como qualquer outro cidad\u00e3o, percebe-se que essa parcela da popula\u00e7\u00e3o segue desamparada em muitos aspectos. Um deles em espec\u00edfico diz respeito \u00e0 acessibilidade&#8221; (Josu\u00e9 Pereira Dias, diplomado de Design).<\/p><p><em>(Foto: Divulga\u00e7\u00e3o)<\/em><\/p><\/blockquote>\n<\/div><\/div>\n\n\n\n<p>Segundo o diplomado, o&nbsp;<strong><em>designer<\/em><\/strong>&nbsp;pode ser visto como um&nbsp;<strong>resolvedor de problemas<\/strong>, sendo capaz de&nbsp;<strong>desenvolver uma solu\u00e7\u00e3o<\/strong>&nbsp;que possa&nbsp;<strong>melhorar a rela\u00e7\u00e3o humano-ambiente<\/strong>.<\/p>\n\n\n\n<div class=\"bloco-gutenberg\">\n\n    <a href=\"https:\/\/materiais.univates.br\/saiba-qual-profissao-e-a-sua-cara\" target=\"_blank\" class=\"guten-material\" style=\"background-color: #ff5d4a; color: #0a0a0a;\">\n                    <img decoding=\"async\" src=\"https:\/\/www.univates.br\/blog\/wp-content\/uploads\/2022\/05\/Design-sem-nome-4.png\" loading=\"lazy\">\n                <div class=\"texto\">\n                            <span>Saiba qual profiss\u00e3o \u00e9 a sua cara<\/span>\n                            <strong>Baixar e-book<\/strong>\n                    <\/div>\n    <\/a>\n    <\/div>\n\n\n<h2 class=\"wp-block-heading\">Sa\u00eddas de campo<\/h2>\n\n\n\n<p>Dias realizou&nbsp;<strong>sa\u00eddas de campo<\/strong>&nbsp;para realizar a&nbsp;<strong>pesquisa<\/strong>. Na primeira, foi para uma escola estadual de ensino m\u00e9dio da regi\u00e3o com a finalidade de acompanhar a&nbsp;<strong>rotina<\/strong>&nbsp;e o&nbsp;<strong>deslocamento<\/strong>&nbsp;de uma estudante de oito anos com&nbsp;<strong>defici\u00eancia<\/strong>&nbsp;<strong>visual<\/strong>. Na \u00e9poca, a escola contava com mais quatro alunos com essa&nbsp;<strong>defici\u00eancia<\/strong>, mas praticamente n\u00e3o havia investido em&nbsp;<strong>acessibilidade<\/strong>, com exce\u00e7\u00e3o das rampas de acesso em pontos espec\u00edficos.<\/p>\n\n\n\n<p>A segunda etapa da viv\u00eancia ocorreu na&nbsp;<strong>Univates<\/strong>, que apresenta um&nbsp;<a href=\"https:\/\/www.univates.br\/institucional\/acessibilidade\/acessibilidade-na-univates\">padr\u00e3o de acessibilidade<\/a>&nbsp;considerado adequado pela Associa\u00e7\u00e3o Brasileira de Normas T\u00e9cnicas (ABNT), j\u00e1 que tem piso t\u00e1til, rampas de acessibilidade, placas com inscri\u00e7\u00e3o em&nbsp;<em>braile<\/em>, escada projetada com rampa, entre outras adapta\u00e7\u00f5es. Dias acompanhou o&nbsp;<strong>deslocamento<\/strong>&nbsp;de tr\u00eas volunt\u00e1rias com&nbsp;<strong>defici\u00eancia<\/strong>&nbsp;<strong>visual<\/strong>&nbsp;pela&nbsp;<strong>Institui\u00e7\u00e3o<\/strong>.<\/p>\n\n\n\n<blockquote class=\"wp-block-quote is-layout-flow wp-block-quote-is-layout-flow\"><p>&#8220;Falar com diferentes pessoas, com idades distintas, n\u00edveis de defici\u00eancia e graus de instru\u00e7\u00e3o variados foi importante para perceber que cada indiv\u00edduo \u00e9 \u00fanico e entende de diferentes formas a informa\u00e7\u00e3o. Compreender que dentro da defici\u00eancia existem ainda mais diferen\u00e7as e perceber que a funcionalidade de algo para uma pessoa n\u00e3o necessariamente funcionar\u00e1 da mesma forma para outra s\u00e3o an\u00e1lises importantes a serem consideradas no momento de projetar&#8221; (Josu\u00e9 Pereira Dias, diplomado de Design).<\/p><\/blockquote>\n\n\n\n<h2 class=\"wp-block-heading\">\u201cSeria \u00f3timo ver o projeto \u2018ganhar forma\u2019 em alguma escola\u201d<\/h2>\n\n\n\n<div class=\"wp-block-media-text alignwide is-stacked-on-mobile\"><figure class=\"wp-block-media-text__media\"><img loading=\"lazy\" decoding=\"async\" width=\"291\" height=\"219\" src=\"https:\/\/desenvolvimento.bravo.st\/univatesblog\/wp-content\/uploads\/2022\/05\/1558028929.516_300_300.jpg\" alt=\"\" class=\"wp-image-997 size-full\" srcset=\"https:\/\/www.univates.br\/blog\/wp-content\/uploads\/2022\/05\/1558028929.516_300_300.jpg 291w, https:\/\/www.univates.br\/blog\/wp-content\/uploads\/2022\/05\/1558028929.516_300_300-150x113.jpg 150w\" sizes=\"auto, (max-width: 291px) 100vw, 291px\" \/><\/figure><div class=\"wp-block-media-text__content\">\n<p>\u201cEntre tantos aprendizados constru\u00eddos durante a\u00a0<strong>pesquisa<\/strong>, o\u00a0<strong>contato humano<\/strong>\u00a0com o\u00a0<strong>p\u00fablico-alvo<\/strong>\u00a0foi o grande\u00a0<strong>diferencial<\/strong>\u00a0para o desenvolvimento do<strong>\u00a0projeto<\/strong>\u201d, admite Dias. Segundo ele, foi enriquecedor e emocionante ouvir e entender as dificuldades de cada um.<\/p>\n\n\n\n<p><em>(Foto: Divulga\u00e7\u00e3o)<\/em><\/p>\n<\/div><\/div>\n\n\n\n<p>A partir disso, ele compreendeu que definir a&nbsp;<strong>defici\u00eancia visual<\/strong>&nbsp;como um empecilho \u00e9 reduzir a complexidade humana e subestimar a potencialidade do ser. \u201cMesmo com dificuldades, todos s\u00e3o capazes de realizar e de ser o que quiserem\u201d, conclui.<\/p>\n\n\n\n<p>O&nbsp;<strong><em>designer<\/em><\/strong>&nbsp;observa que a escola \u00e9 o segundo lar. \u00c9 nela que o ser humano aprende os princ\u00edpios da vida em sociedade e se desenvolve enquanto cidad\u00e3o. \u201cEsse ambiente deve ser acolhedor, seguro, amig\u00e1vel e estimulante para que o aluno possa desenvolver suas habilidades e aperfei\u00e7o\u00e1-las. Por\u00e9m a falta de&nbsp;<strong>acessibilidade<\/strong>&nbsp;desses locais interfere nos&nbsp;<strong>processos de inclus\u00e3o<\/strong>&nbsp;<strong>e socializa\u00e7\u00e3o<\/strong>&nbsp;dos estudantes. Seria \u00f3timo ver o&nbsp;<strong>projeto<\/strong>&nbsp;\u2018ganhar forma\u2019 em alguma escola da regi\u00e3o\u201d, reconhece. O material pode ser conferido na&nbsp;<a href=\"https:\/\/www.univates.br\/bdu\/\">Biblioteca Digital da Univates<\/a>, na \u00e1rea de&nbsp;<em><strong>Design<\/strong><\/em>.<\/p>\n","protected":false},"excerpt":{"rendered":"<p>Voc\u00ea sabia que \u00e9 poss\u00edvel&nbsp;fazer o bem&nbsp;e&nbsp;transformar vidas&nbsp;estando na&nbsp;universidade? Olha que bacana o que nosso diplomado de&nbsp;Design&nbsp;Josu\u00e9 Pereira Dias realizou em seu&nbsp;Trabalho de Conclus\u00e3o de Curso (TCC). Com o objetivo de&nbsp;auxiliar deficientes visuais no deslocamento em ambientes escolares, Josu\u00e9 realizou\u2026<\/p>\n","protected":false},"author":2,"featured_media":0,"comment_status":"open","ping_status":"open","sticky":false,"template":"","format":"standard","meta":{"_acf_changed":false,"footnotes":""},"categories":[64,7],"class_list":["post-995","post","type-post","status-publish","format-standard","hentry","category-comunicacao-e-economia-criativa","category-univates","curso-design","area-comunicacao-e-economia-criativa"],"acf":[],"yoast_head":"<!-- This site is optimized with the Yoast SEO plugin v27.3 - https:\/\/yoast.com\/product\/yoast-seo-wordpress\/ -->\n<title>Aluno de Design cria proposta de sinaliza\u00e7\u00e3o para deficientes visuais - Univates Blog<\/title>\n<meta name=\"robots\" content=\"index, follow, max-snippet:-1, max-image-preview:large, max-video-preview:-1\" \/>\n<link rel=\"canonical\" href=\"https:\/\/www.univates.br\/blog\/aluno-de-design-cria-proposta-de-sinalizacao-para-deficientes-visuais\/\" \/>\n<meta property=\"og:locale\" content=\"pt_BR\" \/>\n<meta property=\"og:type\" content=\"article\" \/>\n<meta property=\"og:title\" content=\"Aluno de Design cria proposta de sinaliza\u00e7\u00e3o para deficientes visuais - Univates Blog\" \/>\n<meta property=\"og:description\" content=\"Voc\u00ea sabia que \u00e9 poss\u00edvel&nbsp;fazer o bem&nbsp;e&nbsp;transformar vidas&nbsp;estando na&nbsp;universidade? Olha que bacana o que nosso diplomado de&nbsp;Design&nbsp;Josu\u00e9 Pereira Dias realizou em seu&nbsp;Trabalho de Conclus\u00e3o de Curso (TCC). Com o objetivo de&nbsp;auxiliar deficientes visuais no deslocamento em ambientes escolares, Josu\u00e9 realizou\u2026\" \/>\n<meta property=\"og:url\" content=\"https:\/\/www.univates.br\/blog\/aluno-de-design-cria-proposta-de-sinalizacao-para-deficientes-visuais\/\" \/>\n<meta property=\"og:site_name\" content=\"Univates Blog\" \/>\n<meta property=\"article:published_time\" content=\"2022-05-09T12:03:31+00:00\" \/>\n<meta property=\"article:modified_time\" content=\"2023-12-20T17:06:08+00:00\" \/>\n<meta property=\"og:image\" content=\"https:\/\/desenvolvimento.bravo.st\/univatesblog\/wp-content\/uploads\/2022\/05\/1558028929.4119_300_300.jpg\" \/>\n<meta name=\"author\" content=\"Marketing Univates\" \/>\n<meta name=\"twitter:card\" content=\"summary_large_image\" \/>\n<meta name=\"twitter:label1\" content=\"Escrito por\" \/>\n\t<meta name=\"twitter:data1\" content=\"Marketing Univates\" \/>\n\t<meta name=\"twitter:label2\" content=\"Est. tempo de leitura\" \/>\n\t<meta name=\"twitter:data2\" content=\"4 minutos\" \/>\n<script type=\"application\/ld+json\" class=\"yoast-schema-graph\">{\"@context\":\"https:\\\/\\\/schema.org\",\"@graph\":[{\"@type\":\"Article\",\"@id\":\"https:\\\/\\\/www.univates.br\\\/blog\\\/aluno-de-design-cria-proposta-de-sinalizacao-para-deficientes-visuais\\\/#article\",\"isPartOf\":{\"@id\":\"https:\\\/\\\/www.univates.br\\\/blog\\\/aluno-de-design-cria-proposta-de-sinalizacao-para-deficientes-visuais\\\/\"},\"author\":{\"name\":\"Marketing Univates\",\"@id\":\"https:\\\/\\\/www.univates.br\\\/blog\\\/#\\\/schema\\\/person\\\/15c63917440cc5e70160c247b309af2f\"},\"headline\":\"Aluno de Design cria proposta de sinaliza\u00e7\u00e3o para deficientes visuais\",\"datePublished\":\"2022-05-09T12:03:31+00:00\",\"dateModified\":\"2023-12-20T17:06:08+00:00\",\"mainEntityOfPage\":{\"@id\":\"https:\\\/\\\/www.univates.br\\\/blog\\\/aluno-de-design-cria-proposta-de-sinalizacao-para-deficientes-visuais\\\/\"},\"wordCount\":957,\"commentCount\":0,\"image\":{\"@id\":\"https:\\\/\\\/www.univates.br\\\/blog\\\/aluno-de-design-cria-proposta-de-sinalizacao-para-deficientes-visuais\\\/#primaryimage\"},\"thumbnailUrl\":\"https:\\\/\\\/desenvolvimento.bravo.st\\\/univatesblog\\\/wp-content\\\/uploads\\\/2022\\\/05\\\/1558028929.4119_300_300.jpg\",\"articleSection\":[\"Comunica\u00e7\u00e3o e Economia Criativa\",\"Univates\"],\"inLanguage\":\"pt-BR\",\"potentialAction\":[{\"@type\":\"CommentAction\",\"name\":\"Comment\",\"target\":[\"https:\\\/\\\/www.univates.br\\\/blog\\\/aluno-de-design-cria-proposta-de-sinalizacao-para-deficientes-visuais\\\/#respond\"]}]},{\"@type\":\"WebPage\",\"@id\":\"https:\\\/\\\/www.univates.br\\\/blog\\\/aluno-de-design-cria-proposta-de-sinalizacao-para-deficientes-visuais\\\/\",\"url\":\"https:\\\/\\\/www.univates.br\\\/blog\\\/aluno-de-design-cria-proposta-de-sinalizacao-para-deficientes-visuais\\\/\",\"name\":\"Aluno de Design cria proposta de sinaliza\u00e7\u00e3o para deficientes visuais - Univates Blog\",\"isPartOf\":{\"@id\":\"https:\\\/\\\/www.univates.br\\\/blog\\\/#website\"},\"primaryImageOfPage\":{\"@id\":\"https:\\\/\\\/www.univates.br\\\/blog\\\/aluno-de-design-cria-proposta-de-sinalizacao-para-deficientes-visuais\\\/#primaryimage\"},\"image\":{\"@id\":\"https:\\\/\\\/www.univates.br\\\/blog\\\/aluno-de-design-cria-proposta-de-sinalizacao-para-deficientes-visuais\\\/#primaryimage\"},\"thumbnailUrl\":\"https:\\\/\\\/desenvolvimento.bravo.st\\\/univatesblog\\\/wp-content\\\/uploads\\\/2022\\\/05\\\/1558028929.4119_300_300.jpg\",\"datePublished\":\"2022-05-09T12:03:31+00:00\",\"dateModified\":\"2023-12-20T17:06:08+00:00\",\"author\":{\"@id\":\"https:\\\/\\\/www.univates.br\\\/blog\\\/#\\\/schema\\\/person\\\/15c63917440cc5e70160c247b309af2f\"},\"breadcrumb\":{\"@id\":\"https:\\\/\\\/www.univates.br\\\/blog\\\/aluno-de-design-cria-proposta-de-sinalizacao-para-deficientes-visuais\\\/#breadcrumb\"},\"inLanguage\":\"pt-BR\",\"potentialAction\":[{\"@type\":\"ReadAction\",\"target\":[\"https:\\\/\\\/www.univates.br\\\/blog\\\/aluno-de-design-cria-proposta-de-sinalizacao-para-deficientes-visuais\\\/\"]}]},{\"@type\":\"ImageObject\",\"inLanguage\":\"pt-BR\",\"@id\":\"https:\\\/\\\/www.univates.br\\\/blog\\\/aluno-de-design-cria-proposta-de-sinalizacao-para-deficientes-visuais\\\/#primaryimage\",\"url\":\"https:\\\/\\\/desenvolvimento.bravo.st\\\/univatesblog\\\/wp-content\\\/uploads\\\/2022\\\/05\\\/1558028929.4119_300_300.jpg\",\"contentUrl\":\"https:\\\/\\\/desenvolvimento.bravo.st\\\/univatesblog\\\/wp-content\\\/uploads\\\/2022\\\/05\\\/1558028929.4119_300_300.jpg\"},{\"@type\":\"BreadcrumbList\",\"@id\":\"https:\\\/\\\/www.univates.br\\\/blog\\\/aluno-de-design-cria-proposta-de-sinalizacao-para-deficientes-visuais\\\/#breadcrumb\",\"itemListElement\":[{\"@type\":\"ListItem\",\"position\":1,\"name\":\"Home\",\"item\":\"https:\\\/\\\/www.univates.br\\\/blog\\\/\"},{\"@type\":\"ListItem\",\"position\":2,\"name\":\"Aluno de Design cria proposta de sinaliza\u00e7\u00e3o para deficientes visuais\"}]},{\"@type\":\"WebSite\",\"@id\":\"https:\\\/\\\/www.univates.br\\\/blog\\\/#website\",\"url\":\"https:\\\/\\\/www.univates.br\\\/blog\\\/\",\"name\":\"Univates Blog\",\"description\":\"\",\"potentialAction\":[{\"@type\":\"SearchAction\",\"target\":{\"@type\":\"EntryPoint\",\"urlTemplate\":\"https:\\\/\\\/www.univates.br\\\/blog\\\/?s={search_term_string}\"},\"query-input\":{\"@type\":\"PropertyValueSpecification\",\"valueRequired\":true,\"valueName\":\"search_term_string\"}}],\"inLanguage\":\"pt-BR\"},{\"@type\":\"Person\",\"@id\":\"https:\\\/\\\/www.univates.br\\\/blog\\\/#\\\/schema\\\/person\\\/15c63917440cc5e70160c247b309af2f\",\"name\":\"Marketing Univates\",\"image\":{\"@type\":\"ImageObject\",\"inLanguage\":\"pt-BR\",\"@id\":\"https:\\\/\\\/secure.gravatar.com\\\/avatar\\\/511f9e77a6a3d0cddd9074f69a722364bc7f787e73d4a0da1f727ba62704eda4?s=96&d=mm&r=g\",\"url\":\"https:\\\/\\\/secure.gravatar.com\\\/avatar\\\/511f9e77a6a3d0cddd9074f69a722364bc7f787e73d4a0da1f727ba62704eda4?s=96&d=mm&r=g\",\"contentUrl\":\"https:\\\/\\\/secure.gravatar.com\\\/avatar\\\/511f9e77a6a3d0cddd9074f69a722364bc7f787e73d4a0da1f727ba62704eda4?s=96&d=mm&r=g\",\"caption\":\"Marketing Univates\"},\"sameAs\":[\"http:\\\/\\\/univates.br\"],\"url\":\"https:\\\/\\\/www.univates.br\\\/blog\\\/author\\\/marketing\\\/\"}]}<\/script>\n<!-- \/ Yoast SEO plugin. -->","yoast_head_json":{"title":"Aluno de Design cria proposta de sinaliza\u00e7\u00e3o para deficientes visuais - Univates Blog","robots":{"index":"index","follow":"follow","max-snippet":"max-snippet:-1","max-image-preview":"max-image-preview:large","max-video-preview":"max-video-preview:-1"},"canonical":"https:\/\/www.univates.br\/blog\/aluno-de-design-cria-proposta-de-sinalizacao-para-deficientes-visuais\/","og_locale":"pt_BR","og_type":"article","og_title":"Aluno de Design cria proposta de sinaliza\u00e7\u00e3o para deficientes visuais - Univates Blog","og_description":"Voc\u00ea sabia que \u00e9 poss\u00edvel&nbsp;fazer o bem&nbsp;e&nbsp;transformar vidas&nbsp;estando na&nbsp;universidade? Olha que bacana o que nosso diplomado de&nbsp;Design&nbsp;Josu\u00e9 Pereira Dias realizou em seu&nbsp;Trabalho de Conclus\u00e3o de Curso (TCC). Com o objetivo de&nbsp;auxiliar deficientes visuais no deslocamento em ambientes escolares, Josu\u00e9 realizou\u2026","og_url":"https:\/\/www.univates.br\/blog\/aluno-de-design-cria-proposta-de-sinalizacao-para-deficientes-visuais\/","og_site_name":"Univates Blog","article_published_time":"2022-05-09T12:03:31+00:00","article_modified_time":"2023-12-20T17:06:08+00:00","og_image":[{"url":"https:\/\/desenvolvimento.bravo.st\/univatesblog\/wp-content\/uploads\/2022\/05\/1558028929.4119_300_300.jpg","type":"","width":"","height":""}],"author":"Marketing Univates","twitter_card":"summary_large_image","twitter_misc":{"Escrito por":"Marketing Univates","Est. tempo de leitura":"4 minutos"},"schema":{"@context":"https:\/\/schema.org","@graph":[{"@type":"Article","@id":"https:\/\/www.univates.br\/blog\/aluno-de-design-cria-proposta-de-sinalizacao-para-deficientes-visuais\/#article","isPartOf":{"@id":"https:\/\/www.univates.br\/blog\/aluno-de-design-cria-proposta-de-sinalizacao-para-deficientes-visuais\/"},"author":{"name":"Marketing Univates","@id":"https:\/\/www.univates.br\/blog\/#\/schema\/person\/15c63917440cc5e70160c247b309af2f"},"headline":"Aluno de Design cria proposta de sinaliza\u00e7\u00e3o para deficientes visuais","datePublished":"2022-05-09T12:03:31+00:00","dateModified":"2023-12-20T17:06:08+00:00","mainEntityOfPage":{"@id":"https:\/\/www.univates.br\/blog\/aluno-de-design-cria-proposta-de-sinalizacao-para-deficientes-visuais\/"},"wordCount":957,"commentCount":0,"image":{"@id":"https:\/\/www.univates.br\/blog\/aluno-de-design-cria-proposta-de-sinalizacao-para-deficientes-visuais\/#primaryimage"},"thumbnailUrl":"https:\/\/desenvolvimento.bravo.st\/univatesblog\/wp-content\/uploads\/2022\/05\/1558028929.4119_300_300.jpg","articleSection":["Comunica\u00e7\u00e3o e Economia Criativa","Univates"],"inLanguage":"pt-BR","potentialAction":[{"@type":"CommentAction","name":"Comment","target":["https:\/\/www.univates.br\/blog\/aluno-de-design-cria-proposta-de-sinalizacao-para-deficientes-visuais\/#respond"]}]},{"@type":"WebPage","@id":"https:\/\/www.univates.br\/blog\/aluno-de-design-cria-proposta-de-sinalizacao-para-deficientes-visuais\/","url":"https:\/\/www.univates.br\/blog\/aluno-de-design-cria-proposta-de-sinalizacao-para-deficientes-visuais\/","name":"Aluno de Design cria proposta de sinaliza\u00e7\u00e3o para deficientes visuais - Univates Blog","isPartOf":{"@id":"https:\/\/www.univates.br\/blog\/#website"},"primaryImageOfPage":{"@id":"https:\/\/www.univates.br\/blog\/aluno-de-design-cria-proposta-de-sinalizacao-para-deficientes-visuais\/#primaryimage"},"image":{"@id":"https:\/\/www.univates.br\/blog\/aluno-de-design-cria-proposta-de-sinalizacao-para-deficientes-visuais\/#primaryimage"},"thumbnailUrl":"https:\/\/desenvolvimento.bravo.st\/univatesblog\/wp-content\/uploads\/2022\/05\/1558028929.4119_300_300.jpg","datePublished":"2022-05-09T12:03:31+00:00","dateModified":"2023-12-20T17:06:08+00:00","author":{"@id":"https:\/\/www.univates.br\/blog\/#\/schema\/person\/15c63917440cc5e70160c247b309af2f"},"breadcrumb":{"@id":"https:\/\/www.univates.br\/blog\/aluno-de-design-cria-proposta-de-sinalizacao-para-deficientes-visuais\/#breadcrumb"},"inLanguage":"pt-BR","potentialAction":[{"@type":"ReadAction","target":["https:\/\/www.univates.br\/blog\/aluno-de-design-cria-proposta-de-sinalizacao-para-deficientes-visuais\/"]}]},{"@type":"ImageObject","inLanguage":"pt-BR","@id":"https:\/\/www.univates.br\/blog\/aluno-de-design-cria-proposta-de-sinalizacao-para-deficientes-visuais\/#primaryimage","url":"https:\/\/desenvolvimento.bravo.st\/univatesblog\/wp-content\/uploads\/2022\/05\/1558028929.4119_300_300.jpg","contentUrl":"https:\/\/desenvolvimento.bravo.st\/univatesblog\/wp-content\/uploads\/2022\/05\/1558028929.4119_300_300.jpg"},{"@type":"BreadcrumbList","@id":"https:\/\/www.univates.br\/blog\/aluno-de-design-cria-proposta-de-sinalizacao-para-deficientes-visuais\/#breadcrumb","itemListElement":[{"@type":"ListItem","position":1,"name":"Home","item":"https:\/\/www.univates.br\/blog\/"},{"@type":"ListItem","position":2,"name":"Aluno de Design cria proposta de sinaliza\u00e7\u00e3o para deficientes visuais"}]},{"@type":"WebSite","@id":"https:\/\/www.univates.br\/blog\/#website","url":"https:\/\/www.univates.br\/blog\/","name":"Univates Blog","description":"","potentialAction":[{"@type":"SearchAction","target":{"@type":"EntryPoint","urlTemplate":"https:\/\/www.univates.br\/blog\/?s={search_term_string}"},"query-input":{"@type":"PropertyValueSpecification","valueRequired":true,"valueName":"search_term_string"}}],"inLanguage":"pt-BR"},{"@type":"Person","@id":"https:\/\/www.univates.br\/blog\/#\/schema\/person\/15c63917440cc5e70160c247b309af2f","name":"Marketing Univates","image":{"@type":"ImageObject","inLanguage":"pt-BR","@id":"https:\/\/secure.gravatar.com\/avatar\/511f9e77a6a3d0cddd9074f69a722364bc7f787e73d4a0da1f727ba62704eda4?s=96&d=mm&r=g","url":"https:\/\/secure.gravatar.com\/avatar\/511f9e77a6a3d0cddd9074f69a722364bc7f787e73d4a0da1f727ba62704eda4?s=96&d=mm&r=g","contentUrl":"https:\/\/secure.gravatar.com\/avatar\/511f9e77a6a3d0cddd9074f69a722364bc7f787e73d4a0da1f727ba62704eda4?s=96&d=mm&r=g","caption":"Marketing Univates"},"sameAs":["http:\/\/univates.br"],"url":"https:\/\/www.univates.br\/blog\/author\/marketing\/"}]}},"_links":{"self":[{"href":"https:\/\/www.univates.br\/blog\/wp-json\/wp\/v2\/posts\/995","targetHints":{"allow":["GET"]}}],"collection":[{"href":"https:\/\/www.univates.br\/blog\/wp-json\/wp\/v2\/posts"}],"about":[{"href":"https:\/\/www.univates.br\/blog\/wp-json\/wp\/v2\/types\/post"}],"author":[{"embeddable":true,"href":"https:\/\/www.univates.br\/blog\/wp-json\/wp\/v2\/users\/2"}],"replies":[{"embeddable":true,"href":"https:\/\/www.univates.br\/blog\/wp-json\/wp\/v2\/comments?post=995"}],"version-history":[{"count":16,"href":"https:\/\/www.univates.br\/blog\/wp-json\/wp\/v2\/posts\/995\/revisions"}],"predecessor-version":[{"id":4775,"href":"https:\/\/www.univates.br\/blog\/wp-json\/wp\/v2\/posts\/995\/revisions\/4775"}],"wp:attachment":[{"href":"https:\/\/www.univates.br\/blog\/wp-json\/wp\/v2\/media?parent=995"}],"wp:term":[{"taxonomy":"category","embeddable":true,"href":"https:\/\/www.univates.br\/blog\/wp-json\/wp\/v2\/categories?post=995"}],"curies":[{"name":"wp","href":"https:\/\/api.w.org\/{rel}","templated":true}]}}